{"id":382517,"date":"2025-04-19T11:41:12","date_gmt":"2025-04-19T09:41:12","guid":{"rendered":"https:\/\/www.intoscana.it\/it\/?p=382517"},"modified":"2025-04-19T11:41:12","modified_gmt":"2025-04-19T09:41:12","slug":"uffizi-restaurato-e-riaperto-lo-stanzino-delle-matematiche","status":"publish","type":"post","link":"https:\/\/www.intoscana.it\/it\/uffizi-restaurato-e-riaperto-lo-stanzino-delle-matematiche\/","title":{"rendered":"Uffizi, restaurato e riaperto lo &#8220;Stanzino delle matematiche&#8221;"},"content":{"rendered":"<p>Alle <strong>Gallerie degli<\/strong> <strong>Uffizi<\/strong> di Firenze, riaperto e completamente restaurato lo <strong>Stanzino delle matematiche<\/strong>, chiamato cos\u00ec perch\u00e8 gli affreschi illustrano strumenti scientifici e scoperte. Collocato al fianco della <strong>Tribuna del Buontalenti<\/strong>, fu realizzato per volere del granduca Ferdinando I de&#8217; Medici (1549-1609) per accogliere la collezione degli strumenti scientifici iniziata dal padre Cosimo I.<\/p>\n<p>In origine, oveva ospitare <mark>apparecchiature, trattati su vari argomenti scientifici, carte geografiche, piante di citt\u00e0 e modelli lignei di macchine da guerra e fortificazioni.<\/mark> Il soffitto fu affrescato tra il 1599 e il 1600 da Giulio Parigi con scene illustrative di invenzioni e scienziati come Pitagora, Tolomeo, Euclide e Archimede.<\/p>\n<p>Dopo il restauto della Tribuna, nel 2012, lo Stanzino era in pratica diventato uno degli affacci sulla tribuna stessa. Con l&#8217;intervento di recupero, durato due mesi, sono stati <mark>restaurati pavimento e pareti ed \u00e8 stata effettuata un&#8217;operazione di manutenzione dei bronzetti alloggiati nelle nicchie.<\/mark> Installato anche un nuovo sistema di illuminazione per dare risalto alla particolarit\u00e0 delle pitture murali a della decorazione del soffitto.<\/p>\n<figure id=\"post-382535 media-382535\" class=\"align-none\"><img decoding=\"async\" src=\"https:\/\/www.intoscana.it\/wp-content\/uploads\/Matematiche-Uffizi-5-scaled.jpeg\" alt=\"\" \/><\/figure>\n<p>&nbsp;<\/p>\n<p>&#8220;Da quando l&#8217;accesso all&#8217;interno della Tribuna venne precluso per ragioni conservative &#8211; &#8211; spiega il direttore delle Gallerie, <strong>Simone Verde<\/strong> &#8211; per molti anni la sala \u00e8 stata sostanzialmente relegata a svolgere la funzione di affaccio sulla Tribuna e il grande pubblico non ha pi\u00f9 avuto modo di apprezzarne l&#8217;originalit\u00e0 e il pregio n\u00e9 di comprenderne l&#8217;importante ruolo all&#8217;interno dell&#8217;universo collezionistico mediceo\u00a0 Nel nuovo assetto, che peraltro ne esalta i tesori, <mark>lo Stanzino testimonia esemplarmente come dagli Uffizi sia cresciuto l&#8217;albero di tutti i musei europei e lo stretto legame fra questo spazio affrescato con gli strumenti delle scienze, il vicino Terrazzo delle Carte Geografiche e la Sala delle Carte Geografiche di Palazzo Vecchio&#8221;.<\/mark><\/p>\n<p>&nbsp;<\/p>\n","protected":false},"excerpt":{"rendered":"<p>Adiacente alla Tribuna del Buontalenti, lo spazio voluto dal granduca Ferdinando I de&#8217; Medici era diventato un affaccio: dopo gli interventi di recupero sono stati valorizzati gli affreschi e le opere a tema scientifico<\/p>\n","protected":false},"author":525,"featured_media":382532,"comment_status":"open","ping_status":"open","sticky":false,"template":"","format":"standard","meta":{"_acf_changed":false,"footnotes":""},"categories":[493],"tags":[174,207],"class_list":["post-382517","post","type-post","status-publish","format-standard","has-post-thumbnail","hentry","category-cultura","tag-arte","tag-uffizi"],"acf":[],"yoast_head":"<!-- This site is optimized with the Yoast SEO Premium plugin v24.2 (Yoast SEO v25.6) - https:\/\/yoast.com\/wordpress\/plugins\/seo\/ -->\n<title>Uffizi, restaurato e riaperto lo &quot;Stanzino delle matematiche&quot; - intoscana<\/title>\n<meta name=\"description\" content=\"Adiacente alla Tribuna del Buontalenti, lo spazio voluto dal granduca Ferdinando I de&#039; Medici era diventato un affaccio: dopo gli interventi di recupero sono stati valorizzati gli affreschi e le opere a tema scientifico\" \/>\n<meta name=\"robots\" content=\"index, follow, max-snippet:-1, max-image-preview:large, max-video-preview:-1\" \/>\n<link rel=\"canonical\" href=\"https:\/\/www.intoscana.it\/it\/uffizi-restaurato-e-riaperto-lo-stanzino-delle-matematiche\/\" \/>\n<meta property=\"og:locale\" content=\"it_IT\" \/>\n<meta property=\"og:type\" content=\"article\" \/>\n<meta property=\"og:title\" content=\"Uffizi, restaurato e riaperto lo &quot;Stanzino delle matematiche&quot;\" \/>\n<meta property=\"og:description\" content=\"Adiacente alla Tribuna del Buontalenti, lo spazio voluto dal granduca Ferdinando I de&#039; Medici era diventato un affaccio: dopo gli interventi di recupero sono stati valorizzati gli affreschi e le opere a tema scientifico\" \/>\n<meta property=\"og:url\" content=\"https:\/\/www.intoscana.it\/it\/uffizi-restaurato-e-riaperto-lo-stanzino-delle-matematiche\/\" \/>\n<meta property=\"og:site_name\" content=\"intoscana\" \/>\n<meta property=\"article:publisher\" content=\"https:\/\/www.facebook.com\/intoscana.it\" \/>\n<meta property=\"article:published_time\" content=\"2025-04-19T09:41:12+00:00\" \/>\n<meta property=\"og:image\" content=\"https:\/\/www.intoscana.it\/wp-content\/uploads\/Matematiche-Uffizi-2-scaled.jpeg\" \/>\n\t<meta property=\"og:image:width\" content=\"2048\" \/>\n\t<meta property=\"og:image:height\" content=\"1365\" \/>\n\t<meta property=\"og:image:type\" content=\"image\/jpeg\" \/>\n<meta name=\"author\" content=\"Redazione\" \/>\n<meta name=\"twitter:card\" content=\"summary_large_image\" \/>\n<meta name=\"twitter:creator\" content=\"@intoscana\" \/>\n<meta name=\"twitter:site\" content=\"@intoscana\" \/>\n<meta name=\"twitter:label1\" content=\"Written by\" \/>\n\t<meta name=\"twitter:data1\" content=\"Redazione\" \/>\n\t<meta name=\"twitter:label2\" content=\"Est. reading time\" \/>\n\t<meta name=\"twitter:data2\" content=\"2 minuti\" \/>\n<script type=\"application\/ld+json\" class=\"yoast-schema-graph\">{\"@context\":\"https:\/\/schema.org\",\"@graph\":[{\"@type\":\"WebPage\",\"@id\":\"https:\/\/www.intoscana.it\/it\/uffizi-restaurato-e-riaperto-lo-stanzino-delle-matematiche\/\",\"url\":\"https:\/\/www.intoscana.it\/it\/uffizi-restaurato-e-riaperto-lo-stanzino-delle-matematiche\/\",\"name\":\"Uffizi, restaurato e riaperto lo \\\"Stanzino delle matematiche\\\" - intoscana\",\"isPartOf\":{\"@id\":\"https:\/\/www.intoscana.it\/it\/#website\"},\"primaryImageOfPage\":{\"@id\":\"https:\/\/www.intoscana.it\/it\/uffizi-restaurato-e-riaperto-lo-stanzino-delle-matematiche\/#primaryimage\"},\"image\":{\"@id\":\"https:\/\/www.intoscana.it\/it\/uffizi-restaurato-e-riaperto-lo-stanzino-delle-matematiche\/#primaryimage\"},\"thumbnailUrl\":\"https:\/\/www.intoscana.it\/wp-content\/uploads\/Matematiche-Uffizi-2-scaled.jpeg\",\"datePublished\":\"2025-04-19T09:41:12+00:00\",\"author\":{\"@id\":\"https:\/\/www.intoscana.it\/it\/#\/schema\/person\/9223810753230f20bd670fdd322661f8\"},\"description\":\"Adiacente alla Tribuna del Buontalenti, lo spazio voluto dal granduca Ferdinando I de' Medici era diventato un affaccio: dopo gli interventi di recupero sono stati valorizzati gli affreschi e le opere a tema scientifico\",\"breadcrumb\":{\"@id\":\"https:\/\/www.intoscana.it\/it\/uffizi-restaurato-e-riaperto-lo-stanzino-delle-matematiche\/#breadcrumb\"},\"inLanguage\":\"it-IT\",\"potentialAction\":[{\"@type\":\"ReadAction\",\"target\":[\"https:\/\/www.intoscana.it\/it\/uffizi-restaurato-e-riaperto-lo-stanzino-delle-matematiche\/\"]}]},{\"@type\":\"ImageObject\",\"inLanguage\":\"it-IT\",\"@id\":\"https:\/\/www.intoscana.it\/it\/uffizi-restaurato-e-riaperto-lo-stanzino-delle-matematiche\/#primaryimage\",\"url\":\"https:\/\/www.intoscana.it\/wp-content\/uploads\/Matematiche-Uffizi-2-scaled.jpeg\",\"contentUrl\":\"https:\/\/www.intoscana.it\/wp-content\/uploads\/Matematiche-Uffizi-2-scaled.jpeg\",\"width\":2048,\"height\":1365},{\"@type\":\"BreadcrumbList\",\"@id\":\"https:\/\/www.intoscana.it\/it\/uffizi-restaurato-e-riaperto-lo-stanzino-delle-matematiche\/#breadcrumb\",\"itemListElement\":[{\"@type\":\"ListItem\",\"position\":1,\"name\":\"Home\",\"item\":\"https:\/\/www.intoscana.it\/it\/\"},{\"@type\":\"ListItem\",\"position\":2,\"name\":\"Uffizi, restaurato e riaperto lo &#8220;Stanzino delle matematiche&#8221;\"}]},{\"@type\":\"WebSite\",\"@id\":\"https:\/\/www.intoscana.it\/it\/#website\",\"url\":\"https:\/\/www.intoscana.it\/it\/\",\"name\":\"intoscana\",\"description\":\"\",\"potentialAction\":[{\"@type\":\"SearchAction\",\"target\":{\"@type\":\"EntryPoint\",\"urlTemplate\":\"https:\/\/www.intoscana.it\/it\/?s={search_term_string}\"},\"query-input\":{\"@type\":\"PropertyValueSpecification\",\"valueRequired\":true,\"valueName\":\"search_term_string\"}}],\"inLanguage\":\"it-IT\"},{\"@type\":\"Person\",\"@id\":\"https:\/\/www.intoscana.it\/it\/#\/schema\/person\/9223810753230f20bd670fdd322661f8\",\"name\":\"Redazione\",\"url\":\"https:\/\/www.intoscana.it\/it\/author\/redazione\/\"}]}<\/script>\n<!-- \/ Yoast SEO Premium plugin. -->","yoast_head_json":{"title":"Uffizi, restaurato e riaperto lo \"Stanzino delle matematiche\" - intoscana","description":"Adiacente alla Tribuna del Buontalenti, lo spazio voluto dal granduca Ferdinando I de' Medici era diventato un affaccio: dopo gli interventi di recupero sono stati valorizzati gli affreschi e le opere a tema scientifico","robots":{"index":"index","follow":"follow","max-snippet":"max-snippet:-1","max-image-preview":"max-image-preview:large","max-video-preview":"max-video-preview:-1"},"canonical":"https:\/\/www.intoscana.it\/it\/uffizi-restaurato-e-riaperto-lo-stanzino-delle-matematiche\/","og_locale":"it_IT","og_type":"article","og_title":"Uffizi, restaurato e riaperto lo \"Stanzino delle matematiche\"","og_description":"Adiacente alla Tribuna del Buontalenti, lo spazio voluto dal granduca Ferdinando I de' Medici era diventato un affaccio: dopo gli interventi di recupero sono stati valorizzati gli affreschi e le opere a tema scientifico","og_url":"https:\/\/www.intoscana.it\/it\/uffizi-restaurato-e-riaperto-lo-stanzino-delle-matematiche\/","og_site_name":"intoscana","article_publisher":"https:\/\/www.facebook.com\/intoscana.it","article_published_time":"2025-04-19T09:41:12+00:00","og_image":[{"width":2048,"height":1365,"url":"https:\/\/www.intoscana.it\/wp-content\/uploads\/Matematiche-Uffizi-2-scaled.jpeg","type":"image\/jpeg"}],"author":"Redazione","twitter_card":"summary_large_image","twitter_creator":"@intoscana","twitter_site":"@intoscana","twitter_misc":{"Written by":"Redazione","Est. reading time":"2 minuti"},"schema":{"@context":"https:\/\/schema.org","@graph":[{"@type":"WebPage","@id":"https:\/\/www.intoscana.it\/it\/uffizi-restaurato-e-riaperto-lo-stanzino-delle-matematiche\/","url":"https:\/\/www.intoscana.it\/it\/uffizi-restaurato-e-riaperto-lo-stanzino-delle-matematiche\/","name":"Uffizi, restaurato e riaperto lo \"Stanzino delle matematiche\" - intoscana","isPartOf":{"@id":"https:\/\/www.intoscana.it\/it\/#website"},"primaryImageOfPage":{"@id":"https:\/\/www.intoscana.it\/it\/uffizi-restaurato-e-riaperto-lo-stanzino-delle-matematiche\/#primaryimage"},"image":{"@id":"https:\/\/www.intoscana.it\/it\/uffizi-restaurato-e-riaperto-lo-stanzino-delle-matematiche\/#primaryimage"},"thumbnailUrl":"https:\/\/www.intoscana.it\/wp-content\/uploads\/Matematiche-Uffizi-2-scaled.jpeg","datePublished":"2025-04-19T09:41:12+00:00","author":{"@id":"https:\/\/www.intoscana.it\/it\/#\/schema\/person\/9223810753230f20bd670fdd322661f8"},"description":"Adiacente alla Tribuna del Buontalenti, lo spazio voluto dal granduca Ferdinando I de' Medici era diventato un affaccio: dopo gli interventi di recupero sono stati valorizzati gli affreschi e le opere a tema scientifico","breadcrumb":{"@id":"https:\/\/www.intoscana.it\/it\/uffizi-restaurato-e-riaperto-lo-stanzino-delle-matematiche\/#breadcrumb"},"inLanguage":"it-IT","potentialAction":[{"@type":"ReadAction","target":["https:\/\/www.intoscana.it\/it\/uffizi-restaurato-e-riaperto-lo-stanzino-delle-matematiche\/"]}]},{"@type":"ImageObject","inLanguage":"it-IT","@id":"https:\/\/www.intoscana.it\/it\/uffizi-restaurato-e-riaperto-lo-stanzino-delle-matematiche\/#primaryimage","url":"https:\/\/www.intoscana.it\/wp-content\/uploads\/Matematiche-Uffizi-2-scaled.jpeg","contentUrl":"https:\/\/www.intoscana.it\/wp-content\/uploads\/Matematiche-Uffizi-2-scaled.jpeg","width":2048,"height":1365},{"@type":"BreadcrumbList","@id":"https:\/\/www.intoscana.it\/it\/uffizi-restaurato-e-riaperto-lo-stanzino-delle-matematiche\/#breadcrumb","itemListElement":[{"@type":"ListItem","position":1,"name":"Home","item":"https:\/\/www.intoscana.it\/it\/"},{"@type":"ListItem","position":2,"name":"Uffizi, restaurato e riaperto lo &#8220;Stanzino delle matematiche&#8221;"}]},{"@type":"WebSite","@id":"https:\/\/www.intoscana.it\/it\/#website","url":"https:\/\/www.intoscana.it\/it\/","name":"intoscana","description":"","potentialAction":[{"@type":"SearchAction","target":{"@type":"EntryPoint","urlTemplate":"https:\/\/www.intoscana.it\/it\/?s={search_term_string}"},"query-input":{"@type":"PropertyValueSpecification","valueRequired":true,"valueName":"search_term_string"}}],"inLanguage":"it-IT"},{"@type":"Person","@id":"https:\/\/www.intoscana.it\/it\/#\/schema\/person\/9223810753230f20bd670fdd322661f8","name":"Redazione","url":"https:\/\/www.intoscana.it\/it\/author\/redazione\/"}]}},"_links":{"self":[{"href":"https:\/\/www.intoscana.it\/it\/wp-json\/wp\/v2\/posts\/382517","targetHints":{"allow":["GET"]}}],"collection":[{"href":"https:\/\/www.intoscana.it\/it\/wp-json\/wp\/v2\/posts"}],"about":[{"href":"https:\/\/www.intoscana.it\/it\/wp-json\/wp\/v2\/types\/post"}],"author":[{"embeddable":true,"href":"https:\/\/www.intoscana.it\/it\/wp-json\/wp\/v2\/users\/525"}],"replies":[{"embeddable":true,"href":"https:\/\/www.intoscana.it\/it\/wp-json\/wp\/v2\/comments?post=382517"}],"version-history":[{"count":4,"href":"https:\/\/www.intoscana.it\/it\/wp-json\/wp\/v2\/posts\/382517\/revisions"}],"predecessor-version":[{"id":382543,"href":"https:\/\/www.intoscana.it\/it\/wp-json\/wp\/v2\/posts\/382517\/revisions\/382543"}],"wp:featuredmedia":[{"embeddable":true,"href":"https:\/\/www.intoscana.it\/it\/wp-json\/wp\/v2\/media\/382532"}],"wp:attachment":[{"href":"https:\/\/www.intoscana.it\/it\/wp-json\/wp\/v2\/media?parent=382517"}],"wp:term":[{"taxonomy":"category","embeddable":true,"href":"https:\/\/www.intoscana.it\/it\/wp-json\/wp\/v2\/categories?post=382517"},{"taxonomy":"post_tag","embeddable":true,"href":"https:\/\/www.intoscana.it\/it\/wp-json\/wp\/v2\/tags?post=382517"}],"curies":[{"name":"wp","href":"https:\/\/api.w.org\/{rel}","templated":true}]}}