{"id":382588,"date":"2025-04-22T09:48:48","date_gmt":"2025-04-22T07:48:48","guid":{"rendered":"https:\/\/www.intoscana.it\/it\/?p=382588"},"modified":"2025-04-22T10:14:31","modified_gmt":"2025-04-22T08:14:31","slug":"papa-francesco-toscana","status":"publish","type":"post","link":"https:\/\/www.intoscana.it\/it\/papa-francesco-toscana\/","title":{"rendered":"Le visite di Papa Francesco in Toscana: Firenze e Prato, poi Barbiana, Nomadelfia e Loppiano"},"content":{"rendered":"<p><strong>Papa Francesco<\/strong> ha visitato la Toscana in diverse occasioni, portando il suo messaggio di speranza, dialogo e solidariet\u00e0. <strong>Ecco un riepilogo delle principali visite:<\/strong><\/p>\n<h3>1 &#8211; Firenze e Prato, 10 novembre 2015<\/h3>\n<p>La prima visita in Toscana di <strong>Papa Francesco<\/strong> risale al <strong>10 novembre 2015,<\/strong> in occasione del quinto <strong>Convegno ecclesiale nazionale.<\/strong> Bergoglio <strong>fece prima tappa a Prato,<\/strong> con anche un breve giro in &#8216;papamobile&#8217; nel centro storico per raggiungere piazza Duomo. <strong>Poi l&#8217;arrivo a Firenze,<\/strong> il giro in papamobile da piazza San Marco a piazza Duomo dove nella cattedrale tenne un discorso ai delegati del convegno.<\/p>\n<p><strong>Tappa poi alla Santissima Annunziata<\/strong> per una preghiera coi malati e per l&#8217;Angelus e il pranzo alla mensa della Caritas coi poveri. <strong>Francesco raggiunse quindi lo stadio Artemio Franchi<\/strong>, gremito di fedeli e non solo, attraversando le vie cittadine a bordo della &#8216;papamobile&#8217;, dove celebr\u00f2 la messa davanti a<strong> 50mila fedeli.<\/strong><\/p>\n<p><iframe loading=\"lazy\" title=\"YouTube video player\" src=\"https:\/\/www.youtube.com\/embed\/JNJfOTsGKN8?si=55U1VQkulNrSALaN\" width=\"800\" height=\"450\" frameborder=\"0\" allowfullscreen=\"allowfullscreen\"><span data-mce-type=\"bookmark\" style=\"display: inline-block; width: 0px; overflow: hidden; line-height: 0;\" class=\"mce_SELRES_start\">\ufeff<\/span><\/iframe><\/p>\n<h3>2-Barbiana, 20 giugno 2017<\/h3>\n<p>Il <strong>20 giugno 2017<\/strong> Bergoglio ha visitato Barbiana, sopra Vicchio (Firenze), nel Mugello, dove<strong> ha pregato sulla tomba di don Lorenzo Milani,<\/strong> a 50 anni dalla scomparsa, e ha pronunciato un discorso commemorativo nel giardino adiacente alla chiesa di Sant&#8217;Andrea.<\/p>\n<p><em>&#8220;Ringrazio il Signore per averci dato sacerdoti come don Milan<\/em>i&#8221;, scrisse nell&#8217;occasione sul libro degli ospiti di Barbiana e nel suo intervento il pontefice spieg\u00f2 che <em>&#8220;la Chiesa riconosce in quella via&#8221; di don Milani &#8220;un modo esemplare di servire il Vangelo&#8221;<\/em>. Una visita che segn\u00f2<strong> la riabilitazione del &#8216;priore&#8217; di Barbiana<\/strong> e il ritorno ufficiale di don Milani nella Chiesa fiorentina, dalla quale lui mai per\u00f2 era uscito.<\/p>\n<figure id=\"post-382590 media-382590\" class=\"align-none\"><img decoding=\"async\" src=\"https:\/\/www.intoscana.it\/wp-content\/uploads\/IMG_0403-2.jpg\" alt=\"\" \/><\/figure>\n<div class=\"titleimg\">Papa Francesco<\/div>\n<h3>3-Nomadelfia e Loppiano, 10 maggio 2018<\/h3>\n<p>L&#8217;ultima volta di <strong>Papa Francesco<\/strong> in Toscana risale al <strong>10 maggio 2018,<\/strong> con una visita pastorale a<strong> Nomadelfia<\/strong>, nella diocesi di Grosseto, per incontrare la<strong> comunit\u00e0 fondata da don Zeno Saltini,<\/strong> e poi a Loppiano, nella diocesi di Fiesole, alla<strong> Cittadella internazionale del Movimento dei Focolari.<\/strong><\/p>\n<p><em>&#8220;Mi sento in famiglia. Questa comunit\u00e0 \u00e8 una realt\u00e0 profetica sulla fraternit\u00e0 che tutti gli uomini dovrebbero avere&#8221;<\/em>. Sono queste le parole che <strong>Papa Francesco<\/strong> us\u00f2 per definire Nomadelfia.<strong> Il Papa atterr\u00f2 con l&#8217;elicottero intorno alle 7.30,<\/strong> visit\u00f2 la <strong>tomba di Don Zeno<\/strong>, il fondatore della comunit\u00e0, poi concluse la sua visita con un discorso nella sala pentagonale assistendo anche ad uno spettacolo dei bambini della comunit\u00e0.<\/p>\n<p><em>&#8220;Il Papa dimostr\u00f2 di avere un rapporto profondo con Don Zeno<\/em> &#8211; <strong>ricorda Francesco Matterazzo, presidente della comunit\u00e0 l&#8217;anno della visita del Pontefice<\/strong> -.<em> Un&#8217;alchimia che non si era mai vista. Quando entr\u00f2 nella casa, nell&#8217;atto di affidare i due bambini al gruppo familiare, fece un gesto particolarmente caro ai Nomadelfi pronunciando la frase &#8216;Donna ecco tuo figlio, figlio ecco tua madre&#8217;, quello che disse Ges\u00f9 sulla croce. Indicando di fatto la rinascita che si intrinsecava con l&#8217;affidamento&#8221;.<\/em><\/p>\n<p><em>&#8220;Il Pontefice viol\u00f2 il protocollo facendo salire sulla Papa Mobile un bambino che gli tese una mano <\/em><strong>&#8211; aggiunge <\/strong><em>-, un gesto che rimarr\u00e0 nel cuore di tutti noi. Cos\u00ec come il discorso che fece nella sala&#8221;. &#8220;Su Don Zeno &#8211;<\/em><strong> prosegue il ricordo<\/strong><em> &#8211; espresse parole indimenticabili&#8221;. Era colui, disse che di fronte a bambini orfani o segnati dal disagio l&#8217;unico linguaggio che potevano comprendere era quello dell&#8217;amore. Pertanto seppe individuare una peculiare forma di societ\u00e0 dove non c&#8217;\u00e8 spazio per l&#8217;isolamento o la solitudine. Ma vige il principio della collaborazione tra le famiglie&#8217;. E&#8217; per questo &#8211; <\/em><strong>conclude Francesco Matterazzo <\/strong><em>&#8211; che a Nomadelfia si stabiliscono legami ben pi\u00f9 solidi di quella della parentela&#8221;.<\/em><\/p>\n<figure id=\"post-382591 media-382591\" class=\"align-none\"><img decoding=\"async\" src=\"https:\/\/www.intoscana.it\/wp-content\/uploads\/IMG_0403-4.jpg\" alt=\"\" \/><\/figure>\n<div class=\"titleimg\">Papa Francesco a Prato<\/div>\n<h3>4-La visita mancata, 27 febbraio 2022<\/h3>\n<p>Il Papa sarebbe dovuto tornare a Firenze il <strong>27 febbraio 2022<\/strong> in occasione della conferenza internazionale <strong><em>\u201cMediterraneo frontiera di pace\u201d<\/em><\/strong> ma fu costretto a rinunciare per un forte dolore al ginocchio.<\/p>\n<p>Queste visite testimoniano <strong>l&#8217;impegno di Papa Francesco nel rafforzare i legami tra la Chiesa e la comunit\u00e0 toscana<\/strong>, portando un messaggio di pace, accoglienza e dialogo.<\/p>\n","protected":false},"excerpt":{"rendered":"<p>Sono state tre le visite di Papa Francesco nella nostra regione, a testimonianza del suo impegno nel rafforzare i legami tra la Chiesa e la comunit\u00e0 toscana, portando un messaggio di pace, accoglienza e dialogo<\/p>\n","protected":false},"author":525,"featured_media":382589,"comment_status":"open","ping_status":"open","sticky":false,"template":"","format":"standard","meta":{"_acf_changed":false,"footnotes":""},"categories":[494],"tags":[1587],"class_list":["post-382588","post","type-post","status-publish","format-standard","has-post-thumbnail","hentry","category-attualita","tag-papa-francesco-in-toscana"],"acf":[],"yoast_head":"<!-- This site is optimized with the Yoast SEO Premium plugin v24.2 (Yoast SEO v25.6) - https:\/\/yoast.com\/wordpress\/plugins\/seo\/ -->\n<title>Le visite di Papa Francesco in Toscana: Firenze e Prato, poi Barbiana, Nomadelfia e Loppiano - intoscana<\/title>\n<meta name=\"description\" content=\"Sono state tre le visite di Papa Francesco nella nostra regione, a testimonianza del suo impegno nel rafforzare il legame con la Toscana\" \/>\n<meta name=\"robots\" content=\"index, follow, max-snippet:-1, max-image-preview:large, max-video-preview:-1\" \/>\n<link rel=\"canonical\" href=\"https:\/\/www.intoscana.it\/it\/papa-francesco-toscana\/\" \/>\n<meta property=\"og:locale\" content=\"it_IT\" \/>\n<meta property=\"og:type\" content=\"article\" \/>\n<meta property=\"og:title\" content=\"Le visite di Papa Francesco in Toscana: Firenze e Prato, poi Barbiana, Nomadelfia e Loppiano\" \/>\n<meta property=\"og:description\" content=\"Sono state tre le visite di Papa Francesco nella nostra regione, a testimonianza del suo impegno nel rafforzare il legame con la Toscana\" \/>\n<meta property=\"og:url\" content=\"https:\/\/www.intoscana.it\/it\/papa-francesco-toscana\/\" \/>\n<meta property=\"og:site_name\" content=\"intoscana\" \/>\n<meta property=\"article:publisher\" content=\"https:\/\/www.facebook.com\/intoscana.it\" \/>\n<meta property=\"article:published_time\" content=\"2025-04-22T07:48:48+00:00\" \/>\n<meta property=\"article:modified_time\" content=\"2025-04-22T08:14:31+00:00\" \/>\n<meta property=\"og:image\" content=\"https:\/\/www.intoscana.it\/wp-content\/uploads\/IMG_0403-3.jpg\" \/>\n\t<meta property=\"og:image:width\" content=\"1440\" \/>\n\t<meta property=\"og:image:height\" content=\"692\" \/>\n\t<meta property=\"og:image:type\" content=\"image\/jpeg\" \/>\n<meta name=\"author\" content=\"Redazione\" \/>\n<meta name=\"twitter:card\" content=\"summary_large_image\" \/>\n<meta name=\"twitter:creator\" content=\"@intoscana\" \/>\n<meta name=\"twitter:site\" content=\"@intoscana\" \/>\n<meta name=\"twitter:label1\" content=\"Written by\" \/>\n\t<meta name=\"twitter:data1\" content=\"Redazione\" \/>\n\t<meta name=\"twitter:label2\" content=\"Est. reading time\" \/>\n\t<meta name=\"twitter:data2\" content=\"4 minuti\" \/>\n<script type=\"application\/ld+json\" class=\"yoast-schema-graph\">{\"@context\":\"https:\/\/schema.org\",\"@graph\":[{\"@type\":\"WebPage\",\"@id\":\"https:\/\/www.intoscana.it\/it\/papa-francesco-toscana\/\",\"url\":\"https:\/\/www.intoscana.it\/it\/papa-francesco-toscana\/\",\"name\":\"Le visite di Papa Francesco in Toscana: Firenze e Prato, poi Barbiana, Nomadelfia e Loppiano - intoscana\",\"isPartOf\":{\"@id\":\"https:\/\/www.intoscana.it\/it\/#website\"},\"primaryImageOfPage\":{\"@id\":\"https:\/\/www.intoscana.it\/it\/papa-francesco-toscana\/#primaryimage\"},\"image\":{\"@id\":\"https:\/\/www.intoscana.it\/it\/papa-francesco-toscana\/#primaryimage\"},\"thumbnailUrl\":\"https:\/\/www.intoscana.it\/wp-content\/uploads\/IMG_0403-3.jpg\",\"datePublished\":\"2025-04-22T07:48:48+00:00\",\"dateModified\":\"2025-04-22T08:14:31+00:00\",\"author\":{\"@id\":\"https:\/\/www.intoscana.it\/it\/#\/schema\/person\/9223810753230f20bd670fdd322661f8\"},\"description\":\"Sono state tre le visite di Papa Francesco nella nostra regione, a testimonianza del suo impegno nel rafforzare il legame con la Toscana\",\"breadcrumb\":{\"@id\":\"https:\/\/www.intoscana.it\/it\/papa-francesco-toscana\/#breadcrumb\"},\"inLanguage\":\"it-IT\",\"potentialAction\":[{\"@type\":\"ReadAction\",\"target\":[\"https:\/\/www.intoscana.it\/it\/papa-francesco-toscana\/\"]}]},{\"@type\":\"ImageObject\",\"inLanguage\":\"it-IT\",\"@id\":\"https:\/\/www.intoscana.it\/it\/papa-francesco-toscana\/#primaryimage\",\"url\":\"https:\/\/www.intoscana.it\/wp-content\/uploads\/IMG_0403-3.jpg\",\"contentUrl\":\"https:\/\/www.intoscana.it\/wp-content\/uploads\/IMG_0403-3.jpg\",\"width\":1440,\"height\":692,\"caption\":\"Papa Francesco a Firenze\"},{\"@type\":\"BreadcrumbList\",\"@id\":\"https:\/\/www.intoscana.it\/it\/papa-francesco-toscana\/#breadcrumb\",\"itemListElement\":[{\"@type\":\"ListItem\",\"position\":1,\"name\":\"Home\",\"item\":\"https:\/\/www.intoscana.it\/it\/\"},{\"@type\":\"ListItem\",\"position\":2,\"name\":\"Le visite di Papa Francesco in Toscana: Firenze e Prato, poi Barbiana, Nomadelfia e Loppiano\"}]},{\"@type\":\"WebSite\",\"@id\":\"https:\/\/www.intoscana.it\/it\/#website\",\"url\":\"https:\/\/www.intoscana.it\/it\/\",\"name\":\"intoscana\",\"description\":\"\",\"potentialAction\":[{\"@type\":\"SearchAction\",\"target\":{\"@type\":\"EntryPoint\",\"urlTemplate\":\"https:\/\/www.intoscana.it\/it\/?s={search_term_string}\"},\"query-input\":{\"@type\":\"PropertyValueSpecification\",\"valueRequired\":true,\"valueName\":\"search_term_string\"}}],\"inLanguage\":\"it-IT\"},{\"@type\":\"Person\",\"@id\":\"https:\/\/www.intoscana.it\/it\/#\/schema\/person\/9223810753230f20bd670fdd322661f8\",\"name\":\"Redazione\",\"url\":\"https:\/\/www.intoscana.it\/it\/author\/redazione\/\"}]}<\/script>\n<!-- \/ Yoast SEO Premium plugin. -->","yoast_head_json":{"title":"Le visite di Papa Francesco in Toscana: Firenze e Prato, poi Barbiana, Nomadelfia e Loppiano - intoscana","description":"Sono state tre le visite di Papa Francesco nella nostra regione, a testimonianza del suo impegno nel rafforzare il legame con la Toscana","robots":{"index":"index","follow":"follow","max-snippet":"max-snippet:-1","max-image-preview":"max-image-preview:large","max-video-preview":"max-video-preview:-1"},"canonical":"https:\/\/www.intoscana.it\/it\/papa-francesco-toscana\/","og_locale":"it_IT","og_type":"article","og_title":"Le visite di Papa Francesco in Toscana: Firenze e Prato, poi Barbiana, Nomadelfia e Loppiano","og_description":"Sono state tre le visite di Papa Francesco nella nostra regione, a testimonianza del suo impegno nel rafforzare il legame con la Toscana","og_url":"https:\/\/www.intoscana.it\/it\/papa-francesco-toscana\/","og_site_name":"intoscana","article_publisher":"https:\/\/www.facebook.com\/intoscana.it","article_published_time":"2025-04-22T07:48:48+00:00","article_modified_time":"2025-04-22T08:14:31+00:00","og_image":[{"width":1440,"height":692,"url":"https:\/\/www.intoscana.it\/wp-content\/uploads\/IMG_0403-3.jpg","type":"image\/jpeg"}],"author":"Redazione","twitter_card":"summary_large_image","twitter_creator":"@intoscana","twitter_site":"@intoscana","twitter_misc":{"Written by":"Redazione","Est. reading time":"4 minuti"},"schema":{"@context":"https:\/\/schema.org","@graph":[{"@type":"WebPage","@id":"https:\/\/www.intoscana.it\/it\/papa-francesco-toscana\/","url":"https:\/\/www.intoscana.it\/it\/papa-francesco-toscana\/","name":"Le visite di Papa Francesco in Toscana: Firenze e Prato, poi Barbiana, Nomadelfia e Loppiano - intoscana","isPartOf":{"@id":"https:\/\/www.intoscana.it\/it\/#website"},"primaryImageOfPage":{"@id":"https:\/\/www.intoscana.it\/it\/papa-francesco-toscana\/#primaryimage"},"image":{"@id":"https:\/\/www.intoscana.it\/it\/papa-francesco-toscana\/#primaryimage"},"thumbnailUrl":"https:\/\/www.intoscana.it\/wp-content\/uploads\/IMG_0403-3.jpg","datePublished":"2025-04-22T07:48:48+00:00","dateModified":"2025-04-22T08:14:31+00:00","author":{"@id":"https:\/\/www.intoscana.it\/it\/#\/schema\/person\/9223810753230f20bd670fdd322661f8"},"description":"Sono state tre le visite di Papa Francesco nella nostra regione, a testimonianza del suo impegno nel rafforzare il legame con la Toscana","breadcrumb":{"@id":"https:\/\/www.intoscana.it\/it\/papa-francesco-toscana\/#breadcrumb"},"inLanguage":"it-IT","potentialAction":[{"@type":"ReadAction","target":["https:\/\/www.intoscana.it\/it\/papa-francesco-toscana\/"]}]},{"@type":"ImageObject","inLanguage":"it-IT","@id":"https:\/\/www.intoscana.it\/it\/papa-francesco-toscana\/#primaryimage","url":"https:\/\/www.intoscana.it\/wp-content\/uploads\/IMG_0403-3.jpg","contentUrl":"https:\/\/www.intoscana.it\/wp-content\/uploads\/IMG_0403-3.jpg","width":1440,"height":692,"caption":"Papa Francesco a Firenze"},{"@type":"BreadcrumbList","@id":"https:\/\/www.intoscana.it\/it\/papa-francesco-toscana\/#breadcrumb","itemListElement":[{"@type":"ListItem","position":1,"name":"Home","item":"https:\/\/www.intoscana.it\/it\/"},{"@type":"ListItem","position":2,"name":"Le visite di Papa Francesco in Toscana: Firenze e Prato, poi Barbiana, Nomadelfia e Loppiano"}]},{"@type":"WebSite","@id":"https:\/\/www.intoscana.it\/it\/#website","url":"https:\/\/www.intoscana.it\/it\/","name":"intoscana","description":"","potentialAction":[{"@type":"SearchAction","target":{"@type":"EntryPoint","urlTemplate":"https:\/\/www.intoscana.it\/it\/?s={search_term_string}"},"query-input":{"@type":"PropertyValueSpecification","valueRequired":true,"valueName":"search_term_string"}}],"inLanguage":"it-IT"},{"@type":"Person","@id":"https:\/\/www.intoscana.it\/it\/#\/schema\/person\/9223810753230f20bd670fdd322661f8","name":"Redazione","url":"https:\/\/www.intoscana.it\/it\/author\/redazione\/"}]}},"_links":{"self":[{"href":"https:\/\/www.intoscana.it\/it\/wp-json\/wp\/v2\/posts\/382588","targetHints":{"allow":["GET"]}}],"collection":[{"href":"https:\/\/www.intoscana.it\/it\/wp-json\/wp\/v2\/posts"}],"about":[{"href":"https:\/\/www.intoscana.it\/it\/wp-json\/wp\/v2\/types\/post"}],"author":[{"embeddable":true,"href":"https:\/\/www.intoscana.it\/it\/wp-json\/wp\/v2\/users\/525"}],"replies":[{"embeddable":true,"href":"https:\/\/www.intoscana.it\/it\/wp-json\/wp\/v2\/comments?post=382588"}],"version-history":[{"count":5,"href":"https:\/\/www.intoscana.it\/it\/wp-json\/wp\/v2\/posts\/382588\/revisions"}],"predecessor-version":[{"id":382610,"href":"https:\/\/www.intoscana.it\/it\/wp-json\/wp\/v2\/posts\/382588\/revisions\/382610"}],"wp:featuredmedia":[{"embeddable":true,"href":"https:\/\/www.intoscana.it\/it\/wp-json\/wp\/v2\/media\/382589"}],"wp:attachment":[{"href":"https:\/\/www.intoscana.it\/it\/wp-json\/wp\/v2\/media?parent=382588"}],"wp:term":[{"taxonomy":"category","embeddable":true,"href":"https:\/\/www.intoscana.it\/it\/wp-json\/wp\/v2\/categories?post=382588"},{"taxonomy":"post_tag","embeddable":true,"href":"https:\/\/www.intoscana.it\/it\/wp-json\/wp\/v2\/tags?post=382588"}],"curies":[{"name":"wp","href":"https:\/\/api.w.org\/{rel}","templated":true}]}}