{"id":382745,"date":"2025-04-23T11:07:21","date_gmt":"2025-04-23T09:07:21","guid":{"rendered":"https:\/\/www.intoscana.it\/it\/?p=382745"},"modified":"2025-04-23T11:08:57","modified_gmt":"2025-04-23T09:08:57","slug":"a-cavallo-lungo-le-antiche-vie-dei-pellegrini-con-lequiraduno-dellanno-santo","status":"publish","type":"post","link":"https:\/\/www.intoscana.it\/it\/a-cavallo-lungo-le-antiche-vie-dei-pellegrini-con-lequiraduno-dellanno-santo\/","title":{"rendered":"A cavallo lungo le antiche vie dei pellegrini con l&#8217;Equiraduno dell&#8217;Anno Santo"},"content":{"rendered":"<p>Un grande <strong>viaggio a cavallo<\/strong> \u201c<em>da San Piero a San Pietro\u201d<\/em> attraversando le antiche <strong>vie dei pellegrini<\/strong>. <mark>L\u2019Equiraduno dell\u2019Anno Santo 2025, partito il 23 aprile, condurr\u00e0 cavalieri e amazzoni da Pisa fino a Roma<\/mark>. L\u2019iniziativa \u00e8 nata per valorizzare il <strong>turismo lento<\/strong> e la <strong>mobilit\u00e0 dolce<\/strong> attraverso un\u2019esperienza unica tra <strong>natura, cultura e spiritualit\u00e0<\/strong>. L&#8217;arrivo \u00e8 previsto per l&#8217;11 maggio.<\/p>\n<p>L&#8217;<strong>Equiraduno dell&#8217;Anno Santo<\/strong> \u00e8 parte della Horse Green Experience \u2013 Giubileo 2025, un progetto promosso da Final Furlong, patrocinato del Dicastero dell\u2019Evangelizzazione, in collaborazione con Simtur e Associazione Natura a Cavallo. Il tratto toscano del viaggio a cavallo \u00e8 stato presentato nella Sala Baleari di Palazzo Gambacorti a Pisa.<\/p>\n<p>\u201c<i>Pisa <\/i>&#8211; ha sottolineato il sindaco di Pisa <strong>Michele Conti<\/strong> &#8211; <em>\u00e8 storicamente una citt\u00e0 legata al mondo dei cavalli, per la presenza di un importante Ippodromo all\u2019interno del Parco di San Rossore, al punto di fare di Pisa un punto di riferimento nazionale e internazionale. Sono tanti gli eventi legati al cavallo che la nostra citt\u00e0 ospita ogni anno, ma in questa occasione l\u2019Equiraduno ben si lega alla storia dei pellegrini di passaggio dalla via Francigena e dalla nostra citt\u00e0, che \u00e8 sempre stata un crocevia, un punto di partenza e di arrivo di itinerari che venivano dal nord Europa o dall\u2019area del Mediterraneo&#8221;.<\/em><\/p>\n<figure id=\"post-382764 media-382764\" class=\"align-none\"><img decoding=\"async\" src=\"https:\/\/www.intoscana.it\/wp-content\/uploads\/Lippodromo-di-San-Rossore-foto-Ippodromo-San-Rossore.jpg\" alt=\"\" \/><\/figure>\n<div class=\"titleimg\">L\u2019ippodromo di San Rossore \u2013 foto Ippodromo San Rossore<\/div>\n<h3>Pisa terra dei cavalli per eccellenza<\/h3>\n<p><strong>Maurizio Rosellini<\/strong>, presidente di Final Furlong ha aggiunto che &#8220;<em>Pisa \u00e8 la terra dei cavalli per eccellenza. Non \u00e8 un caso che l\u2019Equiraduno dell\u2019Anno Santo attraversi proprio questo territorio straordinario: qui il rapporto millenario tra uomo e cavallo si intreccia con paesaggi iconici, borghi storici e una cultura dell\u2019accoglienza che trova nel turismo lento una delle sue espressioni pi\u00f9 autentiche<\/em>&#8220;.<\/p>\n<p>Rosellini ha spiegato che <em>&#8220;da due anni, grazie alla collaborazione con la Camera di Commercio dell\u2019Area Toscana Nord Ovest, abbiamo avviato uno studio di sviluppo dedicato al turismo con il cavallo, che ci ha permesso di valorizzare il potenziale economico, ambientale e sociale di questo segmento in forte crescita, proseguita poi con la significativa collaborazione del dipartimento di veterinaria dell\u2019Universit\u00e0 di Pisa e del Parco di San Rossore. L\u2019Equiraduno, nel suo passaggio in Toscana, non \u00e8 solo un cammino simbolico verso Roma, ma anche un laboratorio vivente di sostenibilit\u00e0, innovazione e identit\u00e0 territoriale&#8221;<\/em>.<\/p>\n<p>Pisa era <strong>meta invernale per i cavalli<\/strong> provenienti soprattutto dall\u2019Inghilterra. Un luogo di <strong>cura, sosta e accoglienza<\/strong>. Vocazione che si riflette nella <mark>presenza di eccellenze come la Clinica veterinaria universitaria, l\u2019ippodromo di San Rossore, centri di allevamento di cavalli purosangue e il Parco Naturale di Migliarino San Rossore Massaciuccoli<\/mark>.<\/p>\n<figure id=\"post-382747 media-382747\" class=\"align-none\"><img decoding=\"async\" src=\"https:\/\/www.intoscana.it\/wp-content\/uploads\/Lequiraduno-per-lanno-santo-e1745396277456.jpg\" alt=\"\" \/><\/figure>\n<div class=\"titleimg\">L\u2019equiraduno per l\u2019anno santo<\/div>\n<h3>Le tappe dell&#8217;Equiraduno per l&#8217;Anno Santo<\/h3>\n<p>Il <strong>viaggio a cavallo<\/strong> dell&#8217;Equiraduno si snoda lungo tre <strong>percorsi storici<\/strong>: <mark>via Romea Strata, via Francigena e via Romea Germanica<\/mark>. \u00c8 partito mercoled\u00ec 23 aprile da <strong>San Piero a Grado<\/strong>, dove secondo la tradizione approd\u00f2 <strong>San Pietro<\/strong> nel suo viaggio verso Roma. <mark>Il luogo \u00e8 un ponte ideale tra le origini della cristianit\u00e0 e il Giubileo<\/mark>.<\/p>\n<p>Nel pomeriggio, un gruppo di cavalli e cavalieri parteciperanno al \u201c<em>brindisi della staffa<\/em>\u201d in Piazza Vittorio Emanuele, per poi raggiungere in corteo <strong>Piazza dei Miracoli<\/strong>. Il giorno successivo, <strong>24 aprile<\/strong>, l\u2019Equiraduno partir\u00e0 dall\u2019<strong>Ippodromo di San Rossore<\/strong> per dirigersi verso <strong>Lucca<\/strong>.<\/p>\n<p><strong>Da Capannori a Fucecchio<\/strong>, il tracciato percorre il <strong>Padule di Fucecchio<\/strong>, la pi\u00f9 vasta area umida interna italiana. Qui si terr\u00e0 <mark>la firma dell\u2019accordo quadro tra Final Furlong e la Romea Strata<\/mark>. Un atto che rafforza la sinergia tra <strong>cammini e territori<\/strong>.<\/p>\n<p>Dopo <strong>Gambassi<\/strong>, famosa per le sue acque termali e snodo della <strong>rete viaria medievale<\/strong>, il viaggio toccher\u00e0 <strong>San Gimignano <\/strong>con le sue torri. La sosta ad <strong>Abbadia a Isola<\/strong>, antico presidio benedettino e rifugio per viandanti, apre la strada all\u2019arrivo a <strong>Siena<\/strong>. Una realt\u00e0 dove il rapporto tra <strong>citt\u00e0 e cavallo<\/strong> assume un valore culturale profondo.<\/p>\n<figure id=\"post-348102 media-348102\" class=\"align-none\"><img decoding=\"async\" src=\"https:\/\/www.intoscana.it\/wp-content\/uploads\/palio-di-siena-vince-onda-foto-di-andrea-lensini-03.jpg\" alt=\"\" \/><\/figure>\n<div class=\"titleimg\">\u00a9 Comune di Siena- foto Andrea Lensini<\/div>\n<p>Nella <strong>citt\u00e0 del Palio<\/strong> previsti diversi appuntamenti: ci sar\u00e0 il convegno \u201c<em>Horse Green Day<\/em>\u201d, iniziativa itinerante che unisce <strong>tradizione, sostenibilit\u00e0 e innovazione<\/strong> nel turismo slow realizzato in stretta collaborazione con l\u2019Universit\u00e0 di Siena.<\/p>\n<p>Da qui, il viaggio proseguir\u00e0 verso <strong>Monteroni d\u2019Arbia<\/strong>, porta d\u2019ingresso delle <strong>Crete Senesi<\/strong> e della <strong>tenuta di Suvignano<\/strong>, luogo simbolo strappato dalle mani della mafia e restituito alla collettivit\u00e0 dalla Regione Toscana. Si giunger\u00e0 poi a <strong>Montalcino<\/strong>, patria del celebre Brunello e punto d&#8217;incontro tra <strong>viticoltura, arte e spiritualit\u00e0<\/strong>.<\/p>\n<p>L&#8217;Equiraduno proseguir\u00e0 per <strong>Piancastagnaio<\/strong>, che ha deciso di aprirsi al <strong>turismo con il cavallo<\/strong>, dove \u00e8 prevista una conferenza dedicata agli interventi assistiti con animali, testimonianza del valore terapeutico e sociale della <strong>relazione con il cavallo<\/strong>.<\/p>\n<p>L\u2019<strong>ultima tappa toscana<\/strong>, il 4 maggio, sar\u00e0 <strong>Acquapendente<\/strong>, da cui il cammino proseguir\u00e0 nel Lazio, con <mark>arrivo previsto l\u201911 maggio in Piazza San Pietro, cuore pulsante del Giubileo<\/mark>. Informazioni e dettagli sul percorso nel <a href=\"http:\/\/giubileoacavallo.it\" target=\"_blank\" rel=\"noopener\">sito ufficiale<\/a>.<\/p>\n","protected":false},"excerpt":{"rendered":"<p>L\u2019iniziativa, con partenza San Rossore e arrivo a Roma, \u00e8 nata per valorizzare il turismo lento e la mobilit\u00e0 dolce in un mix di natura, cultura e spiritualit\u00e0<\/p>\n","protected":false},"author":554,"featured_media":382748,"comment_status":"open","ping_status":"open","sticky":false,"template":"","format":"standard","meta":{"_acf_changed":false,"footnotes":""},"categories":[6],"tags":[6810,6724,3944],"class_list":["post-382745","post","type-post","status-publish","format-standard","has-post-thumbnail","hentry","category-viaggi","tag-giubileo","tag-roma","tag-turismo-lento"],"acf":[],"yoast_head":"<!-- This site is optimized with the Yoast SEO Premium plugin v24.2 (Yoast SEO v25.6) - https:\/\/yoast.com\/wordpress\/plugins\/seo\/ -->\n<title>A cavallo lungo le antiche vie dei pellegrini con l&#039;Equiraduno dell&#039;Anno Santo - intoscana<\/title>\n<meta name=\"description\" content=\"L\u2019iniziativa, con partenza San Rossore e arrivo a Roma, valorizza turismo lento e mobilit\u00e0 dolce in un mix di natura, cultura e spiritualit\u00e0\" \/>\n<meta name=\"robots\" content=\"index, follow, max-snippet:-1, max-image-preview:large, max-video-preview:-1\" \/>\n<link rel=\"canonical\" href=\"https:\/\/www.intoscana.it\/it\/a-cavallo-lungo-le-antiche-vie-dei-pellegrini-con-lequiraduno-dellanno-santo\/\" \/>\n<meta property=\"og:locale\" content=\"it_IT\" \/>\n<meta property=\"og:type\" content=\"article\" \/>\n<meta property=\"og:title\" content=\"A cavallo lungo le antiche vie dei pellegrini con l&#039;Equiraduno dell&#039;Anno Santo\" \/>\n<meta property=\"og:description\" content=\"L\u2019iniziativa, con partenza San Rossore e arrivo a Roma, valorizza turismo lento e mobilit\u00e0 dolce in un mix di natura, cultura e spiritualit\u00e0\" \/>\n<meta property=\"og:url\" content=\"https:\/\/www.intoscana.it\/it\/a-cavallo-lungo-le-antiche-vie-dei-pellegrini-con-lequiraduno-dellanno-santo\/\" \/>\n<meta property=\"og:site_name\" content=\"intoscana\" \/>\n<meta property=\"article:publisher\" content=\"https:\/\/www.facebook.com\/intoscana.it\" \/>\n<meta property=\"article:published_time\" content=\"2025-04-23T09:07:21+00:00\" \/>\n<meta property=\"article:modified_time\" content=\"2025-04-23T09:08:57+00:00\" \/>\n<meta property=\"og:image\" content=\"https:\/\/www.intoscana.it\/wp-content\/uploads\/Torna-lequiraduno-per-lanno-santo-scaled.jpg\" \/>\n\t<meta property=\"og:image:width\" content=\"2048\" \/>\n\t<meta property=\"og:image:height\" content=\"1268\" \/>\n\t<meta property=\"og:image:type\" content=\"image\/jpeg\" \/>\n<meta name=\"author\" content=\"Raffaella Galamini\" \/>\n<meta name=\"twitter:card\" content=\"summary_large_image\" \/>\n<meta name=\"twitter:creator\" content=\"@orio\" \/>\n<meta name=\"twitter:site\" content=\"@intoscana\" \/>\n<meta name=\"twitter:label1\" content=\"Written by\" \/>\n\t<meta name=\"twitter:data1\" content=\"Raffaella Galamini\" \/>\n\t<meta name=\"twitter:label2\" content=\"Est. reading time\" \/>\n\t<meta name=\"twitter:data2\" content=\"6 minuti\" \/>\n<script type=\"application\/ld+json\" class=\"yoast-schema-graph\">{\"@context\":\"https:\/\/schema.org\",\"@graph\":[{\"@type\":\"WebPage\",\"@id\":\"https:\/\/www.intoscana.it\/it\/a-cavallo-lungo-le-antiche-vie-dei-pellegrini-con-lequiraduno-dellanno-santo\/\",\"url\":\"https:\/\/www.intoscana.it\/it\/a-cavallo-lungo-le-antiche-vie-dei-pellegrini-con-lequiraduno-dellanno-santo\/\",\"name\":\"A cavallo lungo le antiche vie dei pellegrini con l'Equiraduno dell'Anno Santo - intoscana\",\"isPartOf\":{\"@id\":\"https:\/\/www.intoscana.it\/it\/#website\"},\"primaryImageOfPage\":{\"@id\":\"https:\/\/www.intoscana.it\/it\/a-cavallo-lungo-le-antiche-vie-dei-pellegrini-con-lequiraduno-dellanno-santo\/#primaryimage\"},\"image\":{\"@id\":\"https:\/\/www.intoscana.it\/it\/a-cavallo-lungo-le-antiche-vie-dei-pellegrini-con-lequiraduno-dellanno-santo\/#primaryimage\"},\"thumbnailUrl\":\"https:\/\/www.intoscana.it\/wp-content\/uploads\/Torna-lequiraduno-per-lanno-santo-scaled.jpg\",\"datePublished\":\"2025-04-23T09:07:21+00:00\",\"dateModified\":\"2025-04-23T09:08:57+00:00\",\"author\":{\"@id\":\"https:\/\/www.intoscana.it\/it\/#\/schema\/person\/9eb9daa846a49fe51af39a73d9d1986b\"},\"description\":\"L\u2019iniziativa, con partenza San Rossore e arrivo a Roma, valorizza turismo lento e mobilit\u00e0 dolce in un mix di natura, cultura e spiritualit\u00e0\",\"breadcrumb\":{\"@id\":\"https:\/\/www.intoscana.it\/it\/a-cavallo-lungo-le-antiche-vie-dei-pellegrini-con-lequiraduno-dellanno-santo\/#breadcrumb\"},\"inLanguage\":\"it-IT\",\"potentialAction\":[{\"@type\":\"ReadAction\",\"target\":[\"https:\/\/www.intoscana.it\/it\/a-cavallo-lungo-le-antiche-vie-dei-pellegrini-con-lequiraduno-dellanno-santo\/\"]}]},{\"@type\":\"ImageObject\",\"inLanguage\":\"it-IT\",\"@id\":\"https:\/\/www.intoscana.it\/it\/a-cavallo-lungo-le-antiche-vie-dei-pellegrini-con-lequiraduno-dellanno-santo\/#primaryimage\",\"url\":\"https:\/\/www.intoscana.it\/wp-content\/uploads\/Torna-lequiraduno-per-lanno-santo-scaled.jpg\",\"contentUrl\":\"https:\/\/www.intoscana.it\/wp-content\/uploads\/Torna-lequiraduno-per-lanno-santo-scaled.jpg\",\"width\":2048,\"height\":1268},{\"@type\":\"BreadcrumbList\",\"@id\":\"https:\/\/www.intoscana.it\/it\/a-cavallo-lungo-le-antiche-vie-dei-pellegrini-con-lequiraduno-dellanno-santo\/#breadcrumb\",\"itemListElement\":[{\"@type\":\"ListItem\",\"position\":1,\"name\":\"Home\",\"item\":\"https:\/\/www.intoscana.it\/it\/\"},{\"@type\":\"ListItem\",\"position\":2,\"name\":\"A cavallo lungo le antiche vie dei pellegrini con l&#8217;Equiraduno dell&#8217;Anno Santo\"}]},{\"@type\":\"WebSite\",\"@id\":\"https:\/\/www.intoscana.it\/it\/#website\",\"url\":\"https:\/\/www.intoscana.it\/it\/\",\"name\":\"intoscana\",\"description\":\"\",\"potentialAction\":[{\"@type\":\"SearchAction\",\"target\":{\"@type\":\"EntryPoint\",\"urlTemplate\":\"https:\/\/www.intoscana.it\/it\/?s={search_term_string}\"},\"query-input\":{\"@type\":\"PropertyValueSpecification\",\"valueRequired\":true,\"valueName\":\"search_term_string\"}}],\"inLanguage\":\"it-IT\"},{\"@type\":\"Person\",\"@id\":\"https:\/\/www.intoscana.it\/it\/#\/schema\/person\/9eb9daa846a49fe51af39a73d9d1986b\",\"name\":\"Raffaella Galamini\",\"sameAs\":[\"https:\/\/x.com\/orio\"],\"url\":\"https:\/\/www.intoscana.it\/it\/author\/r-galamini\/\"}]}<\/script>\n<!-- \/ Yoast SEO Premium plugin. -->","yoast_head_json":{"title":"A cavallo lungo le antiche vie dei pellegrini con l'Equiraduno dell'Anno Santo - intoscana","description":"L\u2019iniziativa, con partenza San Rossore e arrivo a Roma, valorizza turismo lento e mobilit\u00e0 dolce in un mix di natura, cultura e spiritualit\u00e0","robots":{"index":"index","follow":"follow","max-snippet":"max-snippet:-1","max-image-preview":"max-image-preview:large","max-video-preview":"max-video-preview:-1"},"canonical":"https:\/\/www.intoscana.it\/it\/a-cavallo-lungo-le-antiche-vie-dei-pellegrini-con-lequiraduno-dellanno-santo\/","og_locale":"it_IT","og_type":"article","og_title":"A cavallo lungo le antiche vie dei pellegrini con l'Equiraduno dell'Anno Santo","og_description":"L\u2019iniziativa, con partenza San Rossore e arrivo a Roma, valorizza turismo lento e mobilit\u00e0 dolce in un mix di natura, cultura e spiritualit\u00e0","og_url":"https:\/\/www.intoscana.it\/it\/a-cavallo-lungo-le-antiche-vie-dei-pellegrini-con-lequiraduno-dellanno-santo\/","og_site_name":"intoscana","article_publisher":"https:\/\/www.facebook.com\/intoscana.it","article_published_time":"2025-04-23T09:07:21+00:00","article_modified_time":"2025-04-23T09:08:57+00:00","og_image":[{"width":2048,"height":1268,"url":"https:\/\/www.intoscana.it\/wp-content\/uploads\/Torna-lequiraduno-per-lanno-santo-scaled.jpg","type":"image\/jpeg"}],"author":"Raffaella Galamini","twitter_card":"summary_large_image","twitter_creator":"@orio","twitter_site":"@intoscana","twitter_misc":{"Written by":"Raffaella Galamini","Est. reading time":"6 minuti"},"schema":{"@context":"https:\/\/schema.org","@graph":[{"@type":"WebPage","@id":"https:\/\/www.intoscana.it\/it\/a-cavallo-lungo-le-antiche-vie-dei-pellegrini-con-lequiraduno-dellanno-santo\/","url":"https:\/\/www.intoscana.it\/it\/a-cavallo-lungo-le-antiche-vie-dei-pellegrini-con-lequiraduno-dellanno-santo\/","name":"A cavallo lungo le antiche vie dei pellegrini con l'Equiraduno dell'Anno Santo - intoscana","isPartOf":{"@id":"https:\/\/www.intoscana.it\/it\/#website"},"primaryImageOfPage":{"@id":"https:\/\/www.intoscana.it\/it\/a-cavallo-lungo-le-antiche-vie-dei-pellegrini-con-lequiraduno-dellanno-santo\/#primaryimage"},"image":{"@id":"https:\/\/www.intoscana.it\/it\/a-cavallo-lungo-le-antiche-vie-dei-pellegrini-con-lequiraduno-dellanno-santo\/#primaryimage"},"thumbnailUrl":"https:\/\/www.intoscana.it\/wp-content\/uploads\/Torna-lequiraduno-per-lanno-santo-scaled.jpg","datePublished":"2025-04-23T09:07:21+00:00","dateModified":"2025-04-23T09:08:57+00:00","author":{"@id":"https:\/\/www.intoscana.it\/it\/#\/schema\/person\/9eb9daa846a49fe51af39a73d9d1986b"},"description":"L\u2019iniziativa, con partenza San Rossore e arrivo a Roma, valorizza turismo lento e mobilit\u00e0 dolce in un mix di natura, cultura e spiritualit\u00e0","breadcrumb":{"@id":"https:\/\/www.intoscana.it\/it\/a-cavallo-lungo-le-antiche-vie-dei-pellegrini-con-lequiraduno-dellanno-santo\/#breadcrumb"},"inLanguage":"it-IT","potentialAction":[{"@type":"ReadAction","target":["https:\/\/www.intoscana.it\/it\/a-cavallo-lungo-le-antiche-vie-dei-pellegrini-con-lequiraduno-dellanno-santo\/"]}]},{"@type":"ImageObject","inLanguage":"it-IT","@id":"https:\/\/www.intoscana.it\/it\/a-cavallo-lungo-le-antiche-vie-dei-pellegrini-con-lequiraduno-dellanno-santo\/#primaryimage","url":"https:\/\/www.intoscana.it\/wp-content\/uploads\/Torna-lequiraduno-per-lanno-santo-scaled.jpg","contentUrl":"https:\/\/www.intoscana.it\/wp-content\/uploads\/Torna-lequiraduno-per-lanno-santo-scaled.jpg","width":2048,"height":1268},{"@type":"BreadcrumbList","@id":"https:\/\/www.intoscana.it\/it\/a-cavallo-lungo-le-antiche-vie-dei-pellegrini-con-lequiraduno-dellanno-santo\/#breadcrumb","itemListElement":[{"@type":"ListItem","position":1,"name":"Home","item":"https:\/\/www.intoscana.it\/it\/"},{"@type":"ListItem","position":2,"name":"A cavallo lungo le antiche vie dei pellegrini con l&#8217;Equiraduno dell&#8217;Anno Santo"}]},{"@type":"WebSite","@id":"https:\/\/www.intoscana.it\/it\/#website","url":"https:\/\/www.intoscana.it\/it\/","name":"intoscana","description":"","potentialAction":[{"@type":"SearchAction","target":{"@type":"EntryPoint","urlTemplate":"https:\/\/www.intoscana.it\/it\/?s={search_term_string}"},"query-input":{"@type":"PropertyValueSpecification","valueRequired":true,"valueName":"search_term_string"}}],"inLanguage":"it-IT"},{"@type":"Person","@id":"https:\/\/www.intoscana.it\/it\/#\/schema\/person\/9eb9daa846a49fe51af39a73d9d1986b","name":"Raffaella Galamini","sameAs":["https:\/\/x.com\/orio"],"url":"https:\/\/www.intoscana.it\/it\/author\/r-galamini\/"}]}},"_links":{"self":[{"href":"https:\/\/www.intoscana.it\/it\/wp-json\/wp\/v2\/posts\/382745","targetHints":{"allow":["GET"]}}],"collection":[{"href":"https:\/\/www.intoscana.it\/it\/wp-json\/wp\/v2\/posts"}],"about":[{"href":"https:\/\/www.intoscana.it\/it\/wp-json\/wp\/v2\/types\/post"}],"author":[{"embeddable":true,"href":"https:\/\/www.intoscana.it\/it\/wp-json\/wp\/v2\/users\/554"}],"replies":[{"embeddable":true,"href":"https:\/\/www.intoscana.it\/it\/wp-json\/wp\/v2\/comments?post=382745"}],"version-history":[{"count":5,"href":"https:\/\/www.intoscana.it\/it\/wp-json\/wp\/v2\/posts\/382745\/revisions"}],"predecessor-version":[{"id":382771,"href":"https:\/\/www.intoscana.it\/it\/wp-json\/wp\/v2\/posts\/382745\/revisions\/382771"}],"wp:featuredmedia":[{"embeddable":true,"href":"https:\/\/www.intoscana.it\/it\/wp-json\/wp\/v2\/media\/382748"}],"wp:attachment":[{"href":"https:\/\/www.intoscana.it\/it\/wp-json\/wp\/v2\/media?parent=382745"}],"wp:term":[{"taxonomy":"category","embeddable":true,"href":"https:\/\/www.intoscana.it\/it\/wp-json\/wp\/v2\/categories?post=382745"},{"taxonomy":"post_tag","embeddable":true,"href":"https:\/\/www.intoscana.it\/it\/wp-json\/wp\/v2\/tags?post=382745"}],"curies":[{"name":"wp","href":"https:\/\/api.w.org\/{rel}","templated":true}]}}