{"id":382817,"date":"2025-04-23T15:28:39","date_gmt":"2025-04-23T13:28:39","guid":{"rendered":"https:\/\/www.intoscana.it\/it\/?p=382817"},"modified":"2025-04-23T15:28:39","modified_gmt":"2025-04-23T13:28:39","slug":"galoppocappelli-torna-la-corsa-dellarno-tra-sport-moda-e-solidarieta","status":"publish","type":"post","link":"https:\/\/www.intoscana.it\/it\/galoppocappelli-torna-la-corsa-dellarno-tra-sport-moda-e-solidarieta\/","title":{"rendered":"Galoppo&#038;cappelli: torna la corsa dell&#8217;Arno tra sport, moda e solidariet\u00e0"},"content":{"rendered":"<p><strong>Sport, moda e solidariet\u00e0<\/strong>: tutti insieme all\u2019<strong>Ippodromo del Visarno \u2013 Cesare Meli<\/strong> per la 198esima edizione della <strong>Corsa dell&#8217;Arno<\/strong>. <mark>Venerd\u00ec 25 aprile la competizione di galoppo pi\u00f9 antica d\u2019Italia incontra, come ormai da tradizione, la decima edizione del concorso \u201c<em>Il cappello pi\u00f9 bello per Corri la Vita\u201d<\/em>[mark].<\/p>\n<p>L&#8217;evento organizzato in collaborazione con il Consorzio <strong>Il cappello di Firenze<\/strong> \u00e8 volto a raccogliere fondi per l\u2019associazione <strong>Corri la Vita<\/strong>, guidata da <strong>Eleonora Frescobaldi<\/strong>. [mark]L\u2019associazione \u00e8 impegnata ad aiutare le donne colpite da tumore al seno e a finanziare progetti per la prevenzione, la diagnosi precoce e la cura della malattia<\/mark>.<\/p>\n<figure id=\"post-382845 media-382845\" class=\"align-none\"><img decoding=\"async\" src=\"https:\/\/www.intoscana.it\/wp-content\/uploads\/Frescobaldi-Frasconi-Meli-Perini-e1745414909774.jpeg\" alt=\"\" \/><\/figure>\n<div class=\"titleimg\">Frescobaldi, Frasconi, Meli, Perini<\/div>\n<p>&#8220;<em>Lo scalpito dei cavalli sulla pista in erba, i cappelli estrosi, il pubblico in vibrante attesa della Corsa dell\u2019Arno: una tradizione che si rinnova per il 198\u00b0 anno<\/em> \u2013 ha spiegato <strong>Carlo Meli<\/strong>, amministratore della Sanfelice Srl\u2013 <em>Siamo orgogliosi di presentare questa giornata tanto speciale per Firenze, per il galoppo italiano e per una causa, quella sostenuta da Corri la Vita, che \u00e8 nobile e importante per tutti noi. Insieme a questa, ogni anno cerchiamo di abbracciarne sempre di pi\u00f9. \u00c8 il caso del progetto contro la dipendenza digitale nei giovani o quello dedicato al recupero dei cavalli a fine carriera, che saranno presentati qui proprio il 25 aprile. Il nostro impegno rimane immutato: aprire l\u2019ippodromo alla citt\u00e0 e a un pubblico pi\u00f9 vasto di quello usuale, farne conoscere la storia, la tradizione, ma soprattutto renderlo un luogo dove potersi divertire, rilassare, ma anche approfondire temi importanti grazie alle collaborazioni avviate negli ultimi anni con molte realt\u00e0 diverse<\/em>&#8220;.<\/p>\n<p>L&#8217;assessora allo Sport del Comune di Firenze <strong>Letizia Perini<\/strong> ha sottolineato come <em>&#8220;la Corsa dell&#8217;Arno \u00e8 la prima gara sportiva moderna disputata a Firenze e in questi anni \u00e8 tornata ad essere un appuntamento di rilievo per la nostra citt\u00e0. Il Visarno ha saputo aprirsi alla cittadinanza e non solo agli appassionati di ippica in un evento che mette insieme sport, moda e solidariet\u00e0 e sono certa che anche quest&#8217;anno la nostra citt\u00e0 sapr\u00e0 rispondere al meglio&#8221;.<\/em><\/p>\n<h3>Cappelli, galoppo e solidariet\u00e0 per Corri la vita<\/h3>\n<p>&#8220;<em>Il Consorzio del Cappello di Firenze \u00e8 attivo dal 1986 e raggruppa le pi\u00f9 importanti aziende del settore in territorio toscano. Siamo naturalmente onorati di supportare Corri La Vita Onlus con il concorso del cappello che unisce moda, eleganza e creativit\u00e0, giunto alla decima edizione: un traguardo molto importante e testimonia il successo di questa iniziativa&#8221; <\/em>ha detto <strong>Franco Frasconi<\/strong>, presidente del Consorzio Il Cappello di Firenze.<\/p>\n<p>L&#8217;evento si svolge come gli anni passati: <mark>gli ospiti possono portare il cappello da casa o acquistarlo presso il pop-up shop all&#8217;ippodromo il giorno stesso delle corse<\/mark>. <strong>L&#8217;incasso<\/strong> della giornata, derivante dalla vendita dei cappelli, sar\u00e0 interamente <strong>devoluto a Corri La Vita<\/strong> a supporto dei progetti che la Onlus attiva per sostenere le donne colpite dal tumore al seno.<\/p>\n<p>&#8220;<em>Siamo felici e profondamente grati di vedere come anche quest\u2019anno il concorso \u201cIl Cappello pi\u00f9 bello\u201d si sia trasformato in un\u2019occasione speciale per unire creativit\u00e0, eleganza e solidariet\u00e0<\/em> \u2013 ha dichiarato <strong>Eleonora Frescobaldi<\/strong> \u2013 <em>Questo evento rappresenta perfettamente lo spirito di Corri la Vita: fare del bene con il sorriso, coinvolgendo la comunit\u00e0 in gesti concreti a favore della prevenzione e della cura del tumore al seno. Ogni cappello \u00e8 un simbolo: di partecipazione, di impegno e di speranza. Grazie a tutti coloro che hanno scelto di sostenere la nostra causa con stile e cuore. Il loro entusiasmo ci motiva a continuare con ancora pi\u00f9 forza e passione nel nostro percorso accanto alle donne che affrontano la malattia, e alle strutture che ogni giorno lavorano per dare loro il meglio. Insieme, possiamo davvero fare la differenza<\/em>&#8220;.<\/p>\n<h3>Come partecipare all&#8217;evento al Visarno<\/h3>\n<p>L\u2019apertura dei cancelli \u00e8 fissata per le 13.30 (biglietto di ingresso 5 euro, gratuito per i bambini), mentre le corse avranno inizio alle 15.30, con la <strong>Corsa dell\u2019Arno<\/strong>, il clou della giornata di gare, in programma alle 18.40. In calendario anche la tappa del <strong>Campionato Pony per bambini e ragazzi<\/strong>, oltre ad altri prestigiosi trofei. La Corsa dell\u2019Arno \u00e8 quest\u2019anno l\u2019ultima tappa del <strong>Palio delle Regioni<\/strong> (circuito galoppo).<\/p>\n<p>Il concorso \u201c<em>Il cappello pi\u00f9 bello per Corri la Vita<\/em>\u201d, invece, avr\u00e0 inizio alle 16.30, sulla panoramica <strong>terrazza dell\u2019ippodromo<\/strong> e vedr\u00e0 in gara i <strong>cappelli pi\u00f9 eleganti, fantasiosi ed estrosi<\/strong>. Per partecipare \u00e8 previsto un contributo minimo di 15 euro, interamente devoluto a <em>Corri la Vita<\/em>. Anche parte dell\u2019incasso proveniente dai biglietti di ingresso all\u2019ippodromo andr\u00e0 alla onlus fiorentina. Saranno premiate le prime tre signore e per le categorie &#8220;<em>Eleganza&#8221;, &#8220;Creativit\u00e0&#8221;<\/em> ma anche i pi\u00f9 piccoli per la categoria <em>&#8220;Junior&#8221;<\/em>.<\/p>\n<h3>Gli eventi collaterali all&#8217;ippodromo<\/h3>\n<p>Molto ricco il programma degli <strong>eventi collaterali<\/strong>, dedicati non solo per gli appassionati di galoppo, ma anche a giovani, famiglie e bambini. Madrina della 198esima Corsa dell\u2019Arno sar\u00e0 <strong>Ofelia Passaponti<\/strong>, Miss Italia 2024.<\/p>\n<p>Per i pi\u00f9 grandi, la novit\u00e0 di quest\u2019anno \u00e8 l\u2019hospitality organizzata da <strong>The Lodge Firenze e Colle Bereto<\/strong>: dj set by <strong>EOL Elements of Life + Filippo Totti<\/strong>; cocktail list esclusiva in un\u2019area priv\u00e9 con vista privilegiata sulla pista. Per accedere \u00e8 necessario iscriversi sul portale <a href=\"https:\/\/bit.ly\/thelodgeclubcollebereto\" target=\"_blank\" rel=\"noopener\">Eventbrite<\/a>. Al\u2019ippodromo ci saranno le dolci creazioni della <strong>Pasticceria gelateria Batoni<\/strong>.<\/p>\n<p>Alle 16.25 si terr\u00e0 la presentazione del progetto realizzato in collaborazione con <strong>l\u2019Istituto Europeo Dipendenze e Grande Ippica Italiana<\/strong> per contrastare la <strong>dipendenza digitale<\/strong> negli adolescenti attraverso <strong>l\u2019interazione con il cavallo<\/strong>.<\/p>\n<p>Alle 17.10 momento dedicato al film \u201c<em>Laghat<\/em>\u201d, del regista italo-francese <strong>Michael Zampino<\/strong>. La pellicola narra la storia di un cavallo nato cieco ma in grado di superare la disabilit\u00e0, correre e vincere grazie al rapporto simbiotico con il suo giovane fantino. Saranno presenti l&#8217;attore <strong>Lorenzo Guidi<\/strong>, noto per la serie <em>Braccialetti Rossi<\/em>, che interpreta il jockey di Laghat, e la grande jockette <strong>Jacqueline Freda<\/strong>, da anni impegnata nel recupero dei cavalli a fine carriera.<\/p>\n<p>Alle 17.30 il lancio in anteprima l\u2019esperienza <strong>Equestrian Horse<\/strong>, frutto della collaborazione tra <strong>Trama e M.Art Technology<\/strong>. Un\u2019innovazione che segna un passo decisivo nel mondo dei <strong>simulatori equestri<\/strong>, combinando ingegneria di precisione, camere immersive e tecnologie all\u2019avanguardia.<\/p>\n<p>Durante l\u2019evento saranno distribuiti voucher sconto validi per l\u2019ingresso al <strong>Pinocchio Museum Experience<\/strong>. Animazione del <strong>Mago Marco e D\u2019Artagnan<\/strong> per i pi\u00f9 piccoli che potranno farsi una foto con la cavalla e il suo puledro e provare l\u2019ebbrezza di sentirsi un vero cavaliere con lo speciale cavallo meccanico da rodeo.<\/p>\n<p><strong>In caso di pioggia<\/strong>, il concorso \u201c<em>Il cappello pi\u00f9 bello per Corri la Vita<\/em>&#8221; e tutte le attivit\u00e0 potranno essere svolte <strong>al coperto<\/strong>.<\/p>\n","protected":false},"excerpt":{"rendered":"<p>Venerd\u00ec 25 aprile la competizione al Visarno ospita la decima edizione del concorso \u201cIl cappello pi\u00f9 bello per Corri la Vita\u201d<\/p>\n","protected":false},"author":525,"featured_media":382820,"comment_status":"open","ping_status":"open","sticky":false,"template":"","format":"standard","meta":{"_acf_changed":false,"footnotes":""},"categories":[9],"tags":[6144],"class_list":["post-382817","post","type-post","status-publish","format-standard","has-post-thumbnail","hentry","category-made-in-toscana","tag-corri-la-vita"],"acf":[],"yoast_head":"<!-- This site is optimized with the Yoast SEO Premium plugin v24.2 (Yoast SEO v25.6) - https:\/\/yoast.com\/wordpress\/plugins\/seo\/ -->\n<title>Galoppo&amp;cappelli: torna la corsa dell&#039;Arno tra sport, moda e solidariet\u00e0 - intoscana<\/title>\n<meta name=\"description\" content=\"Venerd\u00ec 25 aprile la competizione al Visarno ospita la decima edizione del concorso \u201cIl cappello pi\u00f9 bello per Corri la Vita\u201d\" \/>\n<meta name=\"robots\" content=\"index, follow, max-snippet:-1, max-image-preview:large, max-video-preview:-1\" \/>\n<link rel=\"canonical\" href=\"https:\/\/www.intoscana.it\/it\/galoppocappelli-torna-la-corsa-dellarno-tra-sport-moda-e-solidarieta\/\" \/>\n<meta property=\"og:locale\" content=\"it_IT\" \/>\n<meta property=\"og:type\" content=\"article\" \/>\n<meta property=\"og:title\" content=\"Galoppo&amp;cappelli: torna la corsa dell&#039;Arno tra sport, moda e solidariet\u00e0\" \/>\n<meta property=\"og:description\" content=\"Venerd\u00ec 25 aprile la competizione al Visarno ospita la decima edizione del concorso \u201cIl cappello pi\u00f9 bello per Corri la Vita\u201d\" \/>\n<meta property=\"og:url\" content=\"https:\/\/www.intoscana.it\/it\/galoppocappelli-torna-la-corsa-dellarno-tra-sport-moda-e-solidarieta\/\" \/>\n<meta property=\"og:site_name\" content=\"intoscana\" \/>\n<meta property=\"article:publisher\" content=\"https:\/\/www.facebook.com\/intoscana.it\" \/>\n<meta property=\"article:published_time\" content=\"2025-04-23T13:28:39+00:00\" \/>\n<meta property=\"og:image\" content=\"https:\/\/www.intoscana.it\/wp-content\/uploads\/Corsa-dellArno_1.jpg\" \/>\n\t<meta property=\"og:image:width\" content=\"800\" \/>\n\t<meta property=\"og:image:height\" content=\"539\" \/>\n\t<meta property=\"og:image:type\" content=\"image\/jpeg\" \/>\n<meta name=\"author\" content=\"Redazione\" \/>\n<meta name=\"twitter:card\" content=\"summary_large_image\" \/>\n<meta name=\"twitter:creator\" content=\"@intoscana\" \/>\n<meta name=\"twitter:site\" content=\"@intoscana\" \/>\n<meta name=\"twitter:label1\" content=\"Written by\" \/>\n\t<meta name=\"twitter:data1\" content=\"Redazione\" \/>\n\t<meta name=\"twitter:label2\" content=\"Est. reading time\" \/>\n\t<meta name=\"twitter:data2\" content=\"7 minuti\" \/>\n<script type=\"application\/ld+json\" class=\"yoast-schema-graph\">{\"@context\":\"https:\/\/schema.org\",\"@graph\":[{\"@type\":\"WebPage\",\"@id\":\"https:\/\/www.intoscana.it\/it\/galoppocappelli-torna-la-corsa-dellarno-tra-sport-moda-e-solidarieta\/\",\"url\":\"https:\/\/www.intoscana.it\/it\/galoppocappelli-torna-la-corsa-dellarno-tra-sport-moda-e-solidarieta\/\",\"name\":\"Galoppo&cappelli: torna la corsa dell'Arno tra sport, moda e solidariet\u00e0 - intoscana\",\"isPartOf\":{\"@id\":\"https:\/\/www.intoscana.it\/it\/#website\"},\"primaryImageOfPage\":{\"@id\":\"https:\/\/www.intoscana.it\/it\/galoppocappelli-torna-la-corsa-dellarno-tra-sport-moda-e-solidarieta\/#primaryimage\"},\"image\":{\"@id\":\"https:\/\/www.intoscana.it\/it\/galoppocappelli-torna-la-corsa-dellarno-tra-sport-moda-e-solidarieta\/#primaryimage\"},\"thumbnailUrl\":\"https:\/\/www.intoscana.it\/wp-content\/uploads\/Corsa-dellArno_1.jpg\",\"datePublished\":\"2025-04-23T13:28:39+00:00\",\"author\":{\"@id\":\"https:\/\/www.intoscana.it\/it\/#\/schema\/person\/9223810753230f20bd670fdd322661f8\"},\"description\":\"Venerd\u00ec 25 aprile la competizione al Visarno ospita la decima edizione del concorso \u201cIl cappello pi\u00f9 bello per Corri la Vita\u201d\",\"breadcrumb\":{\"@id\":\"https:\/\/www.intoscana.it\/it\/galoppocappelli-torna-la-corsa-dellarno-tra-sport-moda-e-solidarieta\/#breadcrumb\"},\"inLanguage\":\"it-IT\",\"potentialAction\":[{\"@type\":\"ReadAction\",\"target\":[\"https:\/\/www.intoscana.it\/it\/galoppocappelli-torna-la-corsa-dellarno-tra-sport-moda-e-solidarieta\/\"]}]},{\"@type\":\"ImageObject\",\"inLanguage\":\"it-IT\",\"@id\":\"https:\/\/www.intoscana.it\/it\/galoppocappelli-torna-la-corsa-dellarno-tra-sport-moda-e-solidarieta\/#primaryimage\",\"url\":\"https:\/\/www.intoscana.it\/wp-content\/uploads\/Corsa-dellArno_1.jpg\",\"contentUrl\":\"https:\/\/www.intoscana.it\/wp-content\/uploads\/Corsa-dellArno_1.jpg\",\"width\":800,\"height\":539},{\"@type\":\"BreadcrumbList\",\"@id\":\"https:\/\/www.intoscana.it\/it\/galoppocappelli-torna-la-corsa-dellarno-tra-sport-moda-e-solidarieta\/#breadcrumb\",\"itemListElement\":[{\"@type\":\"ListItem\",\"position\":1,\"name\":\"Home\",\"item\":\"https:\/\/www.intoscana.it\/it\/\"},{\"@type\":\"ListItem\",\"position\":2,\"name\":\"Galoppo&#038;cappelli: torna la corsa dell&#8217;Arno tra sport, moda e solidariet\u00e0\"}]},{\"@type\":\"WebSite\",\"@id\":\"https:\/\/www.intoscana.it\/it\/#website\",\"url\":\"https:\/\/www.intoscana.it\/it\/\",\"name\":\"intoscana\",\"description\":\"\",\"potentialAction\":[{\"@type\":\"SearchAction\",\"target\":{\"@type\":\"EntryPoint\",\"urlTemplate\":\"https:\/\/www.intoscana.it\/it\/?s={search_term_string}\"},\"query-input\":{\"@type\":\"PropertyValueSpecification\",\"valueRequired\":true,\"valueName\":\"search_term_string\"}}],\"inLanguage\":\"it-IT\"},{\"@type\":\"Person\",\"@id\":\"https:\/\/www.intoscana.it\/it\/#\/schema\/person\/9223810753230f20bd670fdd322661f8\",\"name\":\"Redazione\",\"url\":\"https:\/\/www.intoscana.it\/it\/author\/redazione\/\"}]}<\/script>\n<!-- \/ Yoast SEO Premium plugin. -->","yoast_head_json":{"title":"Galoppo&cappelli: torna la corsa dell'Arno tra sport, moda e solidariet\u00e0 - intoscana","description":"Venerd\u00ec 25 aprile la competizione al Visarno ospita la decima edizione del concorso \u201cIl cappello pi\u00f9 bello per Corri la Vita\u201d","robots":{"index":"index","follow":"follow","max-snippet":"max-snippet:-1","max-image-preview":"max-image-preview:large","max-video-preview":"max-video-preview:-1"},"canonical":"https:\/\/www.intoscana.it\/it\/galoppocappelli-torna-la-corsa-dellarno-tra-sport-moda-e-solidarieta\/","og_locale":"it_IT","og_type":"article","og_title":"Galoppo&cappelli: torna la corsa dell'Arno tra sport, moda e solidariet\u00e0","og_description":"Venerd\u00ec 25 aprile la competizione al Visarno ospita la decima edizione del concorso \u201cIl cappello pi\u00f9 bello per Corri la Vita\u201d","og_url":"https:\/\/www.intoscana.it\/it\/galoppocappelli-torna-la-corsa-dellarno-tra-sport-moda-e-solidarieta\/","og_site_name":"intoscana","article_publisher":"https:\/\/www.facebook.com\/intoscana.it","article_published_time":"2025-04-23T13:28:39+00:00","og_image":[{"width":800,"height":539,"url":"https:\/\/www.intoscana.it\/wp-content\/uploads\/Corsa-dellArno_1.jpg","type":"image\/jpeg"}],"author":"Redazione","twitter_card":"summary_large_image","twitter_creator":"@intoscana","twitter_site":"@intoscana","twitter_misc":{"Written by":"Redazione","Est. reading time":"7 minuti"},"schema":{"@context":"https:\/\/schema.org","@graph":[{"@type":"WebPage","@id":"https:\/\/www.intoscana.it\/it\/galoppocappelli-torna-la-corsa-dellarno-tra-sport-moda-e-solidarieta\/","url":"https:\/\/www.intoscana.it\/it\/galoppocappelli-torna-la-corsa-dellarno-tra-sport-moda-e-solidarieta\/","name":"Galoppo&cappelli: torna la corsa dell'Arno tra sport, moda e solidariet\u00e0 - intoscana","isPartOf":{"@id":"https:\/\/www.intoscana.it\/it\/#website"},"primaryImageOfPage":{"@id":"https:\/\/www.intoscana.it\/it\/galoppocappelli-torna-la-corsa-dellarno-tra-sport-moda-e-solidarieta\/#primaryimage"},"image":{"@id":"https:\/\/www.intoscana.it\/it\/galoppocappelli-torna-la-corsa-dellarno-tra-sport-moda-e-solidarieta\/#primaryimage"},"thumbnailUrl":"https:\/\/www.intoscana.it\/wp-content\/uploads\/Corsa-dellArno_1.jpg","datePublished":"2025-04-23T13:28:39+00:00","author":{"@id":"https:\/\/www.intoscana.it\/it\/#\/schema\/person\/9223810753230f20bd670fdd322661f8"},"description":"Venerd\u00ec 25 aprile la competizione al Visarno ospita la decima edizione del concorso \u201cIl cappello pi\u00f9 bello per Corri la Vita\u201d","breadcrumb":{"@id":"https:\/\/www.intoscana.it\/it\/galoppocappelli-torna-la-corsa-dellarno-tra-sport-moda-e-solidarieta\/#breadcrumb"},"inLanguage":"it-IT","potentialAction":[{"@type":"ReadAction","target":["https:\/\/www.intoscana.it\/it\/galoppocappelli-torna-la-corsa-dellarno-tra-sport-moda-e-solidarieta\/"]}]},{"@type":"ImageObject","inLanguage":"it-IT","@id":"https:\/\/www.intoscana.it\/it\/galoppocappelli-torna-la-corsa-dellarno-tra-sport-moda-e-solidarieta\/#primaryimage","url":"https:\/\/www.intoscana.it\/wp-content\/uploads\/Corsa-dellArno_1.jpg","contentUrl":"https:\/\/www.intoscana.it\/wp-content\/uploads\/Corsa-dellArno_1.jpg","width":800,"height":539},{"@type":"BreadcrumbList","@id":"https:\/\/www.intoscana.it\/it\/galoppocappelli-torna-la-corsa-dellarno-tra-sport-moda-e-solidarieta\/#breadcrumb","itemListElement":[{"@type":"ListItem","position":1,"name":"Home","item":"https:\/\/www.intoscana.it\/it\/"},{"@type":"ListItem","position":2,"name":"Galoppo&#038;cappelli: torna la corsa dell&#8217;Arno tra sport, moda e solidariet\u00e0"}]},{"@type":"WebSite","@id":"https:\/\/www.intoscana.it\/it\/#website","url":"https:\/\/www.intoscana.it\/it\/","name":"intoscana","description":"","potentialAction":[{"@type":"SearchAction","target":{"@type":"EntryPoint","urlTemplate":"https:\/\/www.intoscana.it\/it\/?s={search_term_string}"},"query-input":{"@type":"PropertyValueSpecification","valueRequired":true,"valueName":"search_term_string"}}],"inLanguage":"it-IT"},{"@type":"Person","@id":"https:\/\/www.intoscana.it\/it\/#\/schema\/person\/9223810753230f20bd670fdd322661f8","name":"Redazione","url":"https:\/\/www.intoscana.it\/it\/author\/redazione\/"}]}},"_links":{"self":[{"href":"https:\/\/www.intoscana.it\/it\/wp-json\/wp\/v2\/posts\/382817","targetHints":{"allow":["GET"]}}],"collection":[{"href":"https:\/\/www.intoscana.it\/it\/wp-json\/wp\/v2\/posts"}],"about":[{"href":"https:\/\/www.intoscana.it\/it\/wp-json\/wp\/v2\/types\/post"}],"author":[{"embeddable":true,"href":"https:\/\/www.intoscana.it\/it\/wp-json\/wp\/v2\/users\/525"}],"replies":[{"embeddable":true,"href":"https:\/\/www.intoscana.it\/it\/wp-json\/wp\/v2\/comments?post=382817"}],"version-history":[{"count":5,"href":"https:\/\/www.intoscana.it\/it\/wp-json\/wp\/v2\/posts\/382817\/revisions"}],"predecessor-version":[{"id":382846,"href":"https:\/\/www.intoscana.it\/it\/wp-json\/wp\/v2\/posts\/382817\/revisions\/382846"}],"wp:featuredmedia":[{"embeddable":true,"href":"https:\/\/www.intoscana.it\/it\/wp-json\/wp\/v2\/media\/382820"}],"wp:attachment":[{"href":"https:\/\/www.intoscana.it\/it\/wp-json\/wp\/v2\/media?parent=382817"}],"wp:term":[{"taxonomy":"category","embeddable":true,"href":"https:\/\/www.intoscana.it\/it\/wp-json\/wp\/v2\/categories?post=382817"},{"taxonomy":"post_tag","embeddable":true,"href":"https:\/\/www.intoscana.it\/it\/wp-json\/wp\/v2\/tags?post=382817"}],"curies":[{"name":"wp","href":"https:\/\/api.w.org\/{rel}","templated":true}]}}