{"id":382882,"date":"2025-04-23T17:06:09","date_gmt":"2025-04-23T15:06:09","guid":{"rendered":"https:\/\/www.intoscana.it\/it\/?p=382882"},"modified":"2025-04-29T12:55:16","modified_gmt":"2025-04-29T10:55:16","slug":"economia-in-toscana-lanalisi-dellesperto-qualita-per-vincere-la-sfida-dei-dazi","status":"publish","type":"post","link":"https:\/\/www.intoscana.it\/it\/economia-in-toscana-lanalisi-dellesperto-qualita-per-vincere-la-sfida-dei-dazi\/","title":{"rendered":"Economia in Toscana, l&#8217;analisi di Carlo Cotarelli: &#8220;Qualit\u00e0 per vincere la sfida dei dazi\u201d"},"content":{"rendered":"<p style=\"font-weight: 400;\"><strong>Dal vino all\u2019alta moda<\/strong> \u201c<em>la Toscana e l\u2019area fiorentina possono e devono confidare nell\u2019alta qualit\u00e0 e nell\u2019unicit\u00e0 dei loro prodotti per ridurre l\u2019impatto della guerra dei dazi<\/em>\u201d. \u00c8 l&#8217;analisi di <strong>Carlo Cottarelli<\/strong>, tra gli economisti italiani pi\u00f9 quotati a livello internazionale e direttore dell\u2019Osservatorio conti pubblici italiani dell\u2019Universit\u00e0 Cattolica di Milano.<\/p>\n<p style=\"font-weight: 400;\">L&#8217;occasione per avere <strong>Cottarelli a Firenze<\/strong> \u00e8 stata la presentazione del <strong>Rapporto sull\u2019economia provinciale<\/strong> durante la Giornata dell\u2019economia che si \u00e8 svolta nell\u2019auditorium della <strong>Camera di commercio<\/strong> di Firenze. Il Report delinea un <strong>possibile calo dell\u2019export<\/strong> fiorentino fino a <strong>800 milioni di euro<\/strong> se dovessero essere confermati i <strong>dazi americani<\/strong> nelle percentuali ipotizzate qualche settimana fa.<\/p>\n<p style=\"font-weight: 400;\">\u201c<em>Ieri il Fondo monetario internazionale ha delineato un possibile impatto dei dazi sull\u2019economia mondiale che non \u00e8 cos\u00ec pesante come lo sono stati la crisi finanziaria del 2008 e la pandemia da coronavirus<\/em>\u201d \u00e8 tuttavia la parola di speranza portata da Cottarelli.<\/p>\n<h3>Possibile un accordo Stati Uniti-Europa<\/h3>\n<p style=\"font-weight: 400;\">\u201c<em>Se ci si ferma a questo punto, non pare che i dazi possano essere causa di recessione, non sar\u00e0 un disastro insomma\u201d<\/em> ha aggiunto l\u2019economista, che giudica possibile un <strong>accordo tra Stati Uniti ed Europa<\/strong> senza che quest\u2019ultima debba fare grandi sforzi e vede, piuttosto, nell\u2019aspro confronto tra <strong>Stati Uniti d\u2019America e Cina<\/strong> tensioni che richiamano in modo sinistro analoghe situazioni che dettero origine alle guerre mondiali.<\/p>\n<p style=\"font-weight: 400;\">\u201c<em>La crescita dell\u2019economia cinese rallenta? Per la Cina potrebbe essere un motivo in pi\u00f9, come accaduto nella storia, per accelerare lo scontro prima che sia troppo tardi<\/em>\u201d ha aggiunto l&#8217;esperto.<\/p>\n<h3>Il peso della burocrazia sull&#8217;economia interna<\/h3>\n<p style=\"font-weight: 400;\">Tornando alla situazione interna, <em>\u201cla carenza\u00a0di\u00a0riforme dirette a risolvere i problemi strutturali del Paese\u201d <\/em>\u00e8, secondo Cottarelli, la prima causa\u00a0di\u00a0una crescita italiana insufficiente e sotto i livelli medi.<em> \u201cQualcosa, anche se non abbastanza, \u00e8 stato fatto per semplificare la giustizia. Mentre non fa passi avanti la riforma della burocrazia, che pesa sulle aziende e sul funzionamento della pubblica amministrazione\u201d<\/em>.<\/p>\n<h3>Il ritorno della Giornata dell&#8217;economia<\/h3>\n<p style=\"font-weight: 400;\">L\u2019evento in auditorium \u00e8 stato aperto dai saluti del presidente della\u00a0Camera\u00a0di\u00a0commercio, <strong>Massimo Manetti<\/strong>. \u201c<em>Dopo oltre 10 anni<\/em> \u2013 ha detto Manetti &#8211; <em>per la prima volta la\u00a0Camera\u00a0di\u00a0commercio\u00a0di\u00a0Firenze torna a tenere una \u2018Giornata dell\u2019economia\u2019, appuntamento che vogliamo rilanciare affinch\u00e9 divenga evento\u00a0di\u00a0riferimento per riflettere sull\u2019andamento dell\u2019economia fiorentina nel suo complesso. Ad aiutarci, in questa occasione, abbiamo chiamato uno tra gli economisti italiani pi\u00f9 quotati a livello internazionale, Carlo Cottarelli\u201d<\/em>, ha aggiunto il presidente della Camera, che ha citato alcune delle emergenze per il territorio: <mark>crisi geopolitica e minaccia dazi, caro energia, crisi della moda<\/mark>.<\/p>\n<h3>Nel 2024 l&#8217;economia provinciale tiene<\/h3>\n<p style=\"font-weight: 400;\">L\u2019intervento\u00a0di\u00a0Cottarelli \u00e8 stato introdotto dal <strong>segretario generale Salvini<\/strong>, che ha presentato il Rapporto sull\u2019economia provinciale caratterizzata da una <strong>sostanziale tenuta<\/strong> nel 2024 (+0,6% di valore aggiunto prodotto) e l\u2019attesa di <mark>un biennio 2025-2026 con poche possibilit\u00e0 di accelerazione<\/mark> (+0,4% nel 2025 \u00e8 la previsione).<\/p>\n<p style=\"font-weight: 400;\">\u201c<em>Pesano la crisi della moda (soprattutto pelletteria), e del manifatturiero in generale<\/em> \u2013 ha aggiunto il segretario generale della\u00a0Camera\u00a0di\u00a0commercio\u00a0&#8211; <em>in parte ammortizzata dal terziario, non solo per il positivo andamento del turismo, ma anche per la crescita\u00a0di\u00a0terziario high tech e avanzato, attivit\u00e0 finanziarie e immobiliari, insieme ad una migliore dinamicit\u00e0 delle costruzioni, comparto che per\u00f2 dovrebbe peggiorare nel 2025. Sulle stime \u2018aleggia\u2019 il ciclo internazionale, offuscato dall\u2019introduzione dei dazi statunitensi, che minaccia effetti sulla nostra economia locale, visti i valori dei legami commerciali tra il nostro territorio e gli Usa: negli Stati Uniti le imprese della metrocitt\u00e0 ricavano 6 dei 24 miliardi dell\u2019export totale\u00a0di\u00a0area, 6 miliardi che in pratica rappresentano il 10%\u00a0di\u00a0quanto l\u2019Italia ottiene complessivamente dalle vendite negli Usa<\/em>\u201d.<\/p>\n<p style=\"font-weight: 400;\">Dopo una <strong>crescita del 20% delle esportazioni<\/strong> complessive dall\u2019area fiorentina nel 2024, l\u2019Ufficio studi di Camera di commercio stima cali dello 0,8% nel 2025 e dello 0,4% nel 2026. Ancora pi\u00f9 sensibile la <strong>frenata delle importazioni<\/strong>: si passa dal +13,9% del 2024 al -4,8% previsto nel 2025 e al -4,5% nel 2026.<\/p>\n","protected":false},"excerpt":{"rendered":"<p>L&#8217;imprenditore, tra i nomi pi\u00f9 quotati a livello internazionale, in Camera di Commercio per la presentazione del report provinciale a Firenze<\/p>\n","protected":false},"author":525,"featured_media":382883,"comment_status":"open","ping_status":"open","sticky":false,"template":"","format":"standard","meta":{"_acf_changed":false,"footnotes":""},"categories":[9],"tags":[211,5844],"class_list":["post-382882","post","type-post","status-publish","format-standard","has-post-thumbnail","hentry","category-made-in-toscana","tag-economia","tag-made-in-tuscany"],"acf":[],"yoast_head":"<!-- This site is optimized with the Yoast SEO Premium plugin v24.2 (Yoast SEO v25.6) - https:\/\/yoast.com\/wordpress\/plugins\/seo\/ -->\n<title>Economia in Toscana, l&#039;analisi di Carlo Cotarelli: &quot;Qualit\u00e0 per vincere la sfida dei dazi\u201d - intoscana<\/title>\n<meta name=\"description\" content=\"Carlo Cottarelli, tra i nomi pi\u00f9 quotati a livello internazionale, in Camera di Commercio per la presentazione del report provinciale a Firenze\" \/>\n<meta name=\"robots\" content=\"index, follow, max-snippet:-1, max-image-preview:large, max-video-preview:-1\" \/>\n<link rel=\"canonical\" href=\"https:\/\/www.intoscana.it\/it\/economia-in-toscana-lanalisi-dellesperto-qualita-per-vincere-la-sfida-dei-dazi\/\" \/>\n<meta property=\"og:locale\" content=\"it_IT\" \/>\n<meta property=\"og:type\" content=\"article\" \/>\n<meta property=\"og:title\" content=\"Economia in Toscana, l&#039;analisi di Carlo Cotarelli: &quot;Qualit\u00e0 per vincere la sfida dei dazi\u201d\" \/>\n<meta property=\"og:description\" content=\"Carlo Cottarelli, tra i nomi pi\u00f9 quotati a livello internazionale, in Camera di Commercio per la presentazione del report provinciale a Firenze\" \/>\n<meta property=\"og:url\" content=\"https:\/\/www.intoscana.it\/it\/economia-in-toscana-lanalisi-dellesperto-qualita-per-vincere-la-sfida-dei-dazi\/\" \/>\n<meta property=\"og:site_name\" content=\"intoscana\" \/>\n<meta property=\"article:publisher\" content=\"https:\/\/www.facebook.com\/intoscana.it\" \/>\n<meta property=\"article:published_time\" content=\"2025-04-23T15:06:09+00:00\" \/>\n<meta property=\"article:modified_time\" content=\"2025-04-29T10:55:16+00:00\" \/>\n<meta property=\"og:image\" content=\"https:\/\/www.intoscana.it\/wp-content\/uploads\/aadb2bdd-dd0a-45c1-b238-da75c1a4d6d1.jpg\" \/>\n\t<meta property=\"og:image:width\" content=\"953\" \/>\n\t<meta property=\"og:image:height\" content=\"624\" \/>\n\t<meta property=\"og:image:type\" content=\"image\/jpeg\" \/>\n<meta name=\"author\" content=\"Redazione\" \/>\n<meta name=\"twitter:card\" content=\"summary_large_image\" \/>\n<meta name=\"twitter:creator\" content=\"@intoscana\" \/>\n<meta name=\"twitter:site\" content=\"@intoscana\" \/>\n<meta name=\"twitter:label1\" content=\"Written by\" \/>\n\t<meta name=\"twitter:data1\" content=\"Redazione\" \/>\n\t<meta name=\"twitter:label2\" content=\"Est. reading time\" \/>\n\t<meta name=\"twitter:data2\" content=\"4 minuti\" \/>\n<script type=\"application\/ld+json\" class=\"yoast-schema-graph\">{\"@context\":\"https:\/\/schema.org\",\"@graph\":[{\"@type\":\"WebPage\",\"@id\":\"https:\/\/www.intoscana.it\/it\/economia-in-toscana-lanalisi-dellesperto-qualita-per-vincere-la-sfida-dei-dazi\/\",\"url\":\"https:\/\/www.intoscana.it\/it\/economia-in-toscana-lanalisi-dellesperto-qualita-per-vincere-la-sfida-dei-dazi\/\",\"name\":\"Economia in Toscana, l'analisi di Carlo Cotarelli: \\\"Qualit\u00e0 per vincere la sfida dei dazi\u201d - intoscana\",\"isPartOf\":{\"@id\":\"https:\/\/www.intoscana.it\/it\/#website\"},\"primaryImageOfPage\":{\"@id\":\"https:\/\/www.intoscana.it\/it\/economia-in-toscana-lanalisi-dellesperto-qualita-per-vincere-la-sfida-dei-dazi\/#primaryimage\"},\"image\":{\"@id\":\"https:\/\/www.intoscana.it\/it\/economia-in-toscana-lanalisi-dellesperto-qualita-per-vincere-la-sfida-dei-dazi\/#primaryimage\"},\"thumbnailUrl\":\"https:\/\/www.intoscana.it\/wp-content\/uploads\/aadb2bdd-dd0a-45c1-b238-da75c1a4d6d1.jpg\",\"datePublished\":\"2025-04-23T15:06:09+00:00\",\"dateModified\":\"2025-04-29T10:55:16+00:00\",\"author\":{\"@id\":\"https:\/\/www.intoscana.it\/it\/#\/schema\/person\/9223810753230f20bd670fdd322661f8\"},\"description\":\"Carlo Cottarelli, tra i nomi pi\u00f9 quotati a livello internazionale, in Camera di Commercio per la presentazione del report provinciale a Firenze\",\"breadcrumb\":{\"@id\":\"https:\/\/www.intoscana.it\/it\/economia-in-toscana-lanalisi-dellesperto-qualita-per-vincere-la-sfida-dei-dazi\/#breadcrumb\"},\"inLanguage\":\"it-IT\",\"potentialAction\":[{\"@type\":\"ReadAction\",\"target\":[\"https:\/\/www.intoscana.it\/it\/economia-in-toscana-lanalisi-dellesperto-qualita-per-vincere-la-sfida-dei-dazi\/\"]}]},{\"@type\":\"ImageObject\",\"inLanguage\":\"it-IT\",\"@id\":\"https:\/\/www.intoscana.it\/it\/economia-in-toscana-lanalisi-dellesperto-qualita-per-vincere-la-sfida-dei-dazi\/#primaryimage\",\"url\":\"https:\/\/www.intoscana.it\/wp-content\/uploads\/aadb2bdd-dd0a-45c1-b238-da75c1a4d6d1.jpg\",\"contentUrl\":\"https:\/\/www.intoscana.it\/wp-content\/uploads\/aadb2bdd-dd0a-45c1-b238-da75c1a4d6d1.jpg\",\"width\":953,\"height\":624},{\"@type\":\"BreadcrumbList\",\"@id\":\"https:\/\/www.intoscana.it\/it\/economia-in-toscana-lanalisi-dellesperto-qualita-per-vincere-la-sfida-dei-dazi\/#breadcrumb\",\"itemListElement\":[{\"@type\":\"ListItem\",\"position\":1,\"name\":\"Home\",\"item\":\"https:\/\/www.intoscana.it\/it\/\"},{\"@type\":\"ListItem\",\"position\":2,\"name\":\"Economia in Toscana, l&#8217;analisi di Carlo Cotarelli: &#8220;Qualit\u00e0 per vincere la sfida dei dazi\u201d\"}]},{\"@type\":\"WebSite\",\"@id\":\"https:\/\/www.intoscana.it\/it\/#website\",\"url\":\"https:\/\/www.intoscana.it\/it\/\",\"name\":\"intoscana\",\"description\":\"\",\"potentialAction\":[{\"@type\":\"SearchAction\",\"target\":{\"@type\":\"EntryPoint\",\"urlTemplate\":\"https:\/\/www.intoscana.it\/it\/?s={search_term_string}\"},\"query-input\":{\"@type\":\"PropertyValueSpecification\",\"valueRequired\":true,\"valueName\":\"search_term_string\"}}],\"inLanguage\":\"it-IT\"},{\"@type\":\"Person\",\"@id\":\"https:\/\/www.intoscana.it\/it\/#\/schema\/person\/9223810753230f20bd670fdd322661f8\",\"name\":\"Redazione\",\"url\":\"https:\/\/www.intoscana.it\/it\/author\/redazione\/\"}]}<\/script>\n<!-- \/ Yoast SEO Premium plugin. -->","yoast_head_json":{"title":"Economia in Toscana, l'analisi di Carlo Cotarelli: \"Qualit\u00e0 per vincere la sfida dei dazi\u201d - intoscana","description":"Carlo Cottarelli, tra i nomi pi\u00f9 quotati a livello internazionale, in Camera di Commercio per la presentazione del report provinciale a Firenze","robots":{"index":"index","follow":"follow","max-snippet":"max-snippet:-1","max-image-preview":"max-image-preview:large","max-video-preview":"max-video-preview:-1"},"canonical":"https:\/\/www.intoscana.it\/it\/economia-in-toscana-lanalisi-dellesperto-qualita-per-vincere-la-sfida-dei-dazi\/","og_locale":"it_IT","og_type":"article","og_title":"Economia in Toscana, l'analisi di Carlo Cotarelli: \"Qualit\u00e0 per vincere la sfida dei dazi\u201d","og_description":"Carlo Cottarelli, tra i nomi pi\u00f9 quotati a livello internazionale, in Camera di Commercio per la presentazione del report provinciale a Firenze","og_url":"https:\/\/www.intoscana.it\/it\/economia-in-toscana-lanalisi-dellesperto-qualita-per-vincere-la-sfida-dei-dazi\/","og_site_name":"intoscana","article_publisher":"https:\/\/www.facebook.com\/intoscana.it","article_published_time":"2025-04-23T15:06:09+00:00","article_modified_time":"2025-04-29T10:55:16+00:00","og_image":[{"width":953,"height":624,"url":"https:\/\/www.intoscana.it\/wp-content\/uploads\/aadb2bdd-dd0a-45c1-b238-da75c1a4d6d1.jpg","type":"image\/jpeg"}],"author":"Redazione","twitter_card":"summary_large_image","twitter_creator":"@intoscana","twitter_site":"@intoscana","twitter_misc":{"Written by":"Redazione","Est. reading time":"4 minuti"},"schema":{"@context":"https:\/\/schema.org","@graph":[{"@type":"WebPage","@id":"https:\/\/www.intoscana.it\/it\/economia-in-toscana-lanalisi-dellesperto-qualita-per-vincere-la-sfida-dei-dazi\/","url":"https:\/\/www.intoscana.it\/it\/economia-in-toscana-lanalisi-dellesperto-qualita-per-vincere-la-sfida-dei-dazi\/","name":"Economia in Toscana, l'analisi di Carlo Cotarelli: \"Qualit\u00e0 per vincere la sfida dei dazi\u201d - intoscana","isPartOf":{"@id":"https:\/\/www.intoscana.it\/it\/#website"},"primaryImageOfPage":{"@id":"https:\/\/www.intoscana.it\/it\/economia-in-toscana-lanalisi-dellesperto-qualita-per-vincere-la-sfida-dei-dazi\/#primaryimage"},"image":{"@id":"https:\/\/www.intoscana.it\/it\/economia-in-toscana-lanalisi-dellesperto-qualita-per-vincere-la-sfida-dei-dazi\/#primaryimage"},"thumbnailUrl":"https:\/\/www.intoscana.it\/wp-content\/uploads\/aadb2bdd-dd0a-45c1-b238-da75c1a4d6d1.jpg","datePublished":"2025-04-23T15:06:09+00:00","dateModified":"2025-04-29T10:55:16+00:00","author":{"@id":"https:\/\/www.intoscana.it\/it\/#\/schema\/person\/9223810753230f20bd670fdd322661f8"},"description":"Carlo Cottarelli, tra i nomi pi\u00f9 quotati a livello internazionale, in Camera di Commercio per la presentazione del report provinciale a Firenze","breadcrumb":{"@id":"https:\/\/www.intoscana.it\/it\/economia-in-toscana-lanalisi-dellesperto-qualita-per-vincere-la-sfida-dei-dazi\/#breadcrumb"},"inLanguage":"it-IT","potentialAction":[{"@type":"ReadAction","target":["https:\/\/www.intoscana.it\/it\/economia-in-toscana-lanalisi-dellesperto-qualita-per-vincere-la-sfida-dei-dazi\/"]}]},{"@type":"ImageObject","inLanguage":"it-IT","@id":"https:\/\/www.intoscana.it\/it\/economia-in-toscana-lanalisi-dellesperto-qualita-per-vincere-la-sfida-dei-dazi\/#primaryimage","url":"https:\/\/www.intoscana.it\/wp-content\/uploads\/aadb2bdd-dd0a-45c1-b238-da75c1a4d6d1.jpg","contentUrl":"https:\/\/www.intoscana.it\/wp-content\/uploads\/aadb2bdd-dd0a-45c1-b238-da75c1a4d6d1.jpg","width":953,"height":624},{"@type":"BreadcrumbList","@id":"https:\/\/www.intoscana.it\/it\/economia-in-toscana-lanalisi-dellesperto-qualita-per-vincere-la-sfida-dei-dazi\/#breadcrumb","itemListElement":[{"@type":"ListItem","position":1,"name":"Home","item":"https:\/\/www.intoscana.it\/it\/"},{"@type":"ListItem","position":2,"name":"Economia in Toscana, l&#8217;analisi di Carlo Cotarelli: &#8220;Qualit\u00e0 per vincere la sfida dei dazi\u201d"}]},{"@type":"WebSite","@id":"https:\/\/www.intoscana.it\/it\/#website","url":"https:\/\/www.intoscana.it\/it\/","name":"intoscana","description":"","potentialAction":[{"@type":"SearchAction","target":{"@type":"EntryPoint","urlTemplate":"https:\/\/www.intoscana.it\/it\/?s={search_term_string}"},"query-input":{"@type":"PropertyValueSpecification","valueRequired":true,"valueName":"search_term_string"}}],"inLanguage":"it-IT"},{"@type":"Person","@id":"https:\/\/www.intoscana.it\/it\/#\/schema\/person\/9223810753230f20bd670fdd322661f8","name":"Redazione","url":"https:\/\/www.intoscana.it\/it\/author\/redazione\/"}]}},"_links":{"self":[{"href":"https:\/\/www.intoscana.it\/it\/wp-json\/wp\/v2\/posts\/382882","targetHints":{"allow":["GET"]}}],"collection":[{"href":"https:\/\/www.intoscana.it\/it\/wp-json\/wp\/v2\/posts"}],"about":[{"href":"https:\/\/www.intoscana.it\/it\/wp-json\/wp\/v2\/types\/post"}],"author":[{"embeddable":true,"href":"https:\/\/www.intoscana.it\/it\/wp-json\/wp\/v2\/users\/525"}],"replies":[{"embeddable":true,"href":"https:\/\/www.intoscana.it\/it\/wp-json\/wp\/v2\/comments?post=382882"}],"version-history":[{"count":3,"href":"https:\/\/www.intoscana.it\/it\/wp-json\/wp\/v2\/posts\/382882\/revisions"}],"predecessor-version":[{"id":383309,"href":"https:\/\/www.intoscana.it\/it\/wp-json\/wp\/v2\/posts\/382882\/revisions\/383309"}],"wp:featuredmedia":[{"embeddable":true,"href":"https:\/\/www.intoscana.it\/it\/wp-json\/wp\/v2\/media\/382883"}],"wp:attachment":[{"href":"https:\/\/www.intoscana.it\/it\/wp-json\/wp\/v2\/media?parent=382882"}],"wp:term":[{"taxonomy":"category","embeddable":true,"href":"https:\/\/www.intoscana.it\/it\/wp-json\/wp\/v2\/categories?post=382882"},{"taxonomy":"post_tag","embeddable":true,"href":"https:\/\/www.intoscana.it\/it\/wp-json\/wp\/v2\/tags?post=382882"}],"curies":[{"name":"wp","href":"https:\/\/api.w.org\/{rel}","templated":true}]}}