{"id":382995,"date":"2025-04-24T16:39:35","date_gmt":"2025-04-24T14:39:35","guid":{"rendered":"https:\/\/www.intoscana.it\/it\/?p=382995"},"modified":"2025-04-29T12:35:05","modified_gmt":"2025-04-29T10:35:05","slug":"giardino-dell-iris-firenze-apertura-2025","status":"publish","type":"post","link":"https:\/\/www.intoscana.it\/it\/giardino-dell-iris-firenze-apertura-2025\/","title":{"rendered":"Primavera a Firenze: riapre il Giardino dell&#8217;Iris e per la prima volta sar\u00e0 ampliato"},"content":{"rendered":"<p>Il<strong> Giardino dell&#8217;Iris di Firenze<\/strong> riaprir\u00e0 anche per il 2025 come da tradizione il <strong>25 aprile<\/strong>, quest&#8217;anno con un annuncio straordinario: l&#8217;area verde infatti si prepara per la prima volta nella sua storia ad essere ampliata.<\/p>\n<h3>Aperto dal 25 aprile al 20 maggio<\/h3>\n<p>Nel giardino botanico unico nel suo genere, situato a ridosso del piazzale Michelangelo con una vista mozzafiato sulla citt\u00e0, si potranno cos\u00ec ammirare le fioriture delle oltre <strong>1.500 variet\u00e0 di iris<\/strong> provenienti da tutto il mondo custodite qui.<br \/>\n<mark>Il Giardino dell&#8217;Iris rester\u00e0 aperto fino al 20 maggio, dalle 10 alle 18 con ingresso gratuito (a offerta libera).<\/mark><\/p>\n<p>Dal 5 maggio prossimo comincer\u00e0 poi il lavoro della giuria internazionale che valuter\u00e0 le iris inviate per il<strong> 67esimo Concorso Internazionale<\/strong> che ogni anno premia le migliori piante. I rizomi delle diverse variet\u00e0 vengono inviati a Firenze da ibridatori di tutto il mondo nel periodo che va da giugno a settembre e vengono coltivati dai volontari al<strong> Giardino dell&#8217;Iris<\/strong> per tre anni prima di essere giudicati. I nomi dei vincitori dell&#8217;edizione 2025 si conosceranno il 10 maggio nel corso della cerimonia di premiazione prevista a Palazzo Vecchio.<\/p>\n<figure id=\"post-75891 media-75891\" class=\"align-none\">\n<figure id=\"post-98964 media-98964\" class=\"align-none\">\n<p><figure style=\"width: 1000px\" class=\"wp-caption alignnone\"><img loading=\"lazy\" decoding=\"async\" src=\"https:\/\/www.intoscana.it\/wp-content\/uploads\/giardino-di-boboli-giardino-delliris-245-2.jpg\" alt=\"\" width=\"1000\" height=\"750\" \/><figcaption class=\"wp-caption-text\">Il Giardino dell\u2019Iris<\/figcaption><\/figure><\/figure>\n<\/figure>\n<h3>L&#8217;ampliamento di 3.500 metri quadrati<\/h3>\n<p>Quest&#8217;anno inoltre il Giardino viene ampliato: il Comune di Firenze ha messo a disposizione uno spazio di 3.500 metri quadrati e la Fondazione Cr Firenze ha stanziato un finanziamento triennale per contribuire ai lavori per la realizzazione di<strong> nuove aiuole, prati e un&#8217;area didattica.<\/strong><\/p>\n<p><em>&#8220;Non avevamo pi\u00f9 lo spazio fisico per ospitare le nuove collezioni di iris ibridate<\/em> &#8211; spiega Vincenzo Corti, <strong>presidente della Societ\u00e0 italiana dell&#8217;iris<\/strong> che gestisce lo spazio verde &#8211; <em>l&#8217;ampliamento \u00e8 per noi molto importante e siamo per questo grati al Comune di Firenze per lo spazio in pi\u00f9 che ci mette a disposizione e alla Fondazione CR Firenze per il contributo stanziato per i lavori&#8221;.<\/em><\/p>\n<p class=\"\" data-start=\"0\" data-end=\"241\">Il Giardino dell\u2019Iris di Firenze \u00e8 l\u2019unico al mondo interamente dedicato a<strong> questa particolare specie della famiglia delle iridacee,<\/strong> il cui nome deriva dalla parola greca &#8220;arcobaleno&#8221;, per la vasta gamma di colori che le sue variet\u00e0 offrono. <strong>Fondato nel 1954 nell&#8217;antico podere dei Bastioni,<\/strong> nacque con l&#8217;intento di ospitare le variet\u00e0 pi\u00f9 belle in competizione al Concorso Internazionale dell&#8217;Iris. La sua creazione fu merito di due appassionate ibridatrici, Flaminia Specht e Nita Stross Radicati, che decisero di scegliere Firenze per il suo stretto legame storico con questo fiore.<\/p>\n","protected":false},"excerpt":{"rendered":"<p>Fino al 20 maggio si potr\u00e0 visitare l&#8217;oasi botanica unica al mondo sotto piazzale Michelangelo che diventer\u00e0 pi\u00f9 grande, grazie a 3.500 metri quadrati messi a disposizione dal Comune<\/p>\n","protected":false},"author":502,"featured_media":143578,"comment_status":"open","ping_status":"open","sticky":false,"template":"","format":"standard","meta":{"_acf_changed":false,"footnotes":""},"categories":[19],"tags":[202,4628,5601],"class_list":["post-382995","post","type-post","status-publish","format-standard","has-post-thumbnail","hentry","category-ambiente","tag-firenze","tag-giardini","tag-primavera"],"acf":[],"yoast_head":"<!-- This site is optimized with the Yoast SEO Premium plugin v24.2 (Yoast SEO v25.6) - https:\/\/yoast.com\/wordpress\/plugins\/seo\/ -->\n<title>Primavera a Firenze: riapre il Giardino dell&#039;Iris e per la prima volta sar\u00e0 ampliato - intoscana<\/title>\n<meta name=\"robots\" content=\"index, follow, max-snippet:-1, max-image-preview:large, max-video-preview:-1\" \/>\n<link rel=\"canonical\" href=\"https:\/\/www.intoscana.it\/it\/giardino-dell-iris-firenze-apertura-2025\/\" \/>\n<meta property=\"og:locale\" content=\"it_IT\" \/>\n<meta property=\"og:type\" content=\"article\" \/>\n<meta property=\"og:title\" content=\"Primavera a Firenze: riapre il Giardino dell&#039;Iris e per la prima volta sar\u00e0 ampliato\" \/>\n<meta property=\"og:description\" content=\"Fino al 20 maggio si potr\u00e0 visitare l&#039;oasi botanica unica al mondo sotto piazzale Michelangelo che diventer\u00e0 pi\u00f9 grande, grazie a 3.500 metri quadrati messi a disposizione dal Comune\" \/>\n<meta property=\"og:url\" content=\"https:\/\/www.intoscana.it\/it\/giardino-dell-iris-firenze-apertura-2025\/\" \/>\n<meta property=\"og:site_name\" content=\"intoscana\" \/>\n<meta property=\"article:publisher\" content=\"https:\/\/www.facebook.com\/intoscana.it\" \/>\n<meta property=\"article:published_time\" content=\"2025-04-24T14:39:35+00:00\" \/>\n<meta property=\"article:modified_time\" content=\"2025-04-29T10:35:05+00:00\" \/>\n<meta property=\"og:image\" content=\"https:\/\/www.intoscana.it\/wp-content\/uploads\/612fddcd-6fdd-4fdf-a7e5-1e2290af659f.jpg\" \/>\n\t<meta property=\"og:image:width\" content=\"1440\" \/>\n\t<meta property=\"og:image:height\" content=\"1440\" \/>\n\t<meta property=\"og:image:type\" content=\"image\/jpeg\" \/>\n<meta name=\"author\" content=\"Ilaria Giannini\" \/>\n<meta name=\"twitter:card\" content=\"summary_large_image\" \/>\n<meta name=\"twitter:creator\" content=\"@i.giannini@fst.it\" \/>\n<meta name=\"twitter:site\" content=\"@intoscana\" \/>\n<meta name=\"twitter:label1\" content=\"Written by\" \/>\n\t<meta name=\"twitter:data1\" content=\"Ilaria Giannini\" \/>\n\t<meta name=\"twitter:label2\" content=\"Est. reading time\" \/>\n\t<meta name=\"twitter:data2\" content=\"3 minuti\" \/>\n<script type=\"application\/ld+json\" class=\"yoast-schema-graph\">{\"@context\":\"https:\/\/schema.org\",\"@graph\":[{\"@type\":\"WebPage\",\"@id\":\"https:\/\/www.intoscana.it\/it\/giardino-dell-iris-firenze-apertura-2025\/\",\"url\":\"https:\/\/www.intoscana.it\/it\/giardino-dell-iris-firenze-apertura-2025\/\",\"name\":\"Primavera a Firenze: riapre il Giardino dell'Iris e per la prima volta sar\u00e0 ampliato - intoscana\",\"isPartOf\":{\"@id\":\"https:\/\/www.intoscana.it\/it\/#website\"},\"primaryImageOfPage\":{\"@id\":\"https:\/\/www.intoscana.it\/it\/giardino-dell-iris-firenze-apertura-2025\/#primaryimage\"},\"image\":{\"@id\":\"https:\/\/www.intoscana.it\/it\/giardino-dell-iris-firenze-apertura-2025\/#primaryimage\"},\"thumbnailUrl\":\"https:\/\/www.intoscana.it\/wp-content\/uploads\/612fddcd-6fdd-4fdf-a7e5-1e2290af659f.jpg\",\"datePublished\":\"2025-04-24T14:39:35+00:00\",\"dateModified\":\"2025-04-29T10:35:05+00:00\",\"author\":{\"@id\":\"https:\/\/www.intoscana.it\/it\/#\/schema\/person\/de95e1ed2c1c8c30a6922bbba3a90185\"},\"breadcrumb\":{\"@id\":\"https:\/\/www.intoscana.it\/it\/giardino-dell-iris-firenze-apertura-2025\/#breadcrumb\"},\"inLanguage\":\"it-IT\",\"potentialAction\":[{\"@type\":\"ReadAction\",\"target\":[\"https:\/\/www.intoscana.it\/it\/giardino-dell-iris-firenze-apertura-2025\/\"]}]},{\"@type\":\"ImageObject\",\"inLanguage\":\"it-IT\",\"@id\":\"https:\/\/www.intoscana.it\/it\/giardino-dell-iris-firenze-apertura-2025\/#primaryimage\",\"url\":\"https:\/\/www.intoscana.it\/wp-content\/uploads\/612fddcd-6fdd-4fdf-a7e5-1e2290af659f.jpg\",\"contentUrl\":\"https:\/\/www.intoscana.it\/wp-content\/uploads\/612fddcd-6fdd-4fdf-a7e5-1e2290af659f.jpg\",\"width\":1440,\"height\":1440,\"caption\":\"Il Giardino dell'Iris\"},{\"@type\":\"BreadcrumbList\",\"@id\":\"https:\/\/www.intoscana.it\/it\/giardino-dell-iris-firenze-apertura-2025\/#breadcrumb\",\"itemListElement\":[{\"@type\":\"ListItem\",\"position\":1,\"name\":\"Home\",\"item\":\"https:\/\/www.intoscana.it\/it\/\"},{\"@type\":\"ListItem\",\"position\":2,\"name\":\"Primavera a Firenze: riapre il Giardino dell&#8217;Iris e per la prima volta sar\u00e0 ampliato\"}]},{\"@type\":\"WebSite\",\"@id\":\"https:\/\/www.intoscana.it\/it\/#website\",\"url\":\"https:\/\/www.intoscana.it\/it\/\",\"name\":\"intoscana\",\"description\":\"\",\"potentialAction\":[{\"@type\":\"SearchAction\",\"target\":{\"@type\":\"EntryPoint\",\"urlTemplate\":\"https:\/\/www.intoscana.it\/it\/?s={search_term_string}\"},\"query-input\":{\"@type\":\"PropertyValueSpecification\",\"valueRequired\":true,\"valueName\":\"search_term_string\"}}],\"inLanguage\":\"it-IT\"},{\"@type\":\"Person\",\"@id\":\"https:\/\/www.intoscana.it\/it\/#\/schema\/person\/de95e1ed2c1c8c30a6922bbba3a90185\",\"name\":\"Ilaria Giannini\",\"sameAs\":[\"https:\/\/x.com\/i.giannini@fst.it\"],\"url\":\"https:\/\/www.intoscana.it\/it\/author\/ilaria-giannini\/\"}]}<\/script>\n<!-- \/ Yoast SEO Premium plugin. -->","yoast_head_json":{"title":"Primavera a Firenze: riapre il Giardino dell'Iris e per la prima volta sar\u00e0 ampliato - intoscana","robots":{"index":"index","follow":"follow","max-snippet":"max-snippet:-1","max-image-preview":"max-image-preview:large","max-video-preview":"max-video-preview:-1"},"canonical":"https:\/\/www.intoscana.it\/it\/giardino-dell-iris-firenze-apertura-2025\/","og_locale":"it_IT","og_type":"article","og_title":"Primavera a Firenze: riapre il Giardino dell'Iris e per la prima volta sar\u00e0 ampliato","og_description":"Fino al 20 maggio si potr\u00e0 visitare l'oasi botanica unica al mondo sotto piazzale Michelangelo che diventer\u00e0 pi\u00f9 grande, grazie a 3.500 metri quadrati messi a disposizione dal Comune","og_url":"https:\/\/www.intoscana.it\/it\/giardino-dell-iris-firenze-apertura-2025\/","og_site_name":"intoscana","article_publisher":"https:\/\/www.facebook.com\/intoscana.it","article_published_time":"2025-04-24T14:39:35+00:00","article_modified_time":"2025-04-29T10:35:05+00:00","og_image":[{"width":1440,"height":1440,"url":"https:\/\/www.intoscana.it\/wp-content\/uploads\/612fddcd-6fdd-4fdf-a7e5-1e2290af659f.jpg","type":"image\/jpeg"}],"author":"Ilaria Giannini","twitter_card":"summary_large_image","twitter_creator":"@i.giannini@fst.it","twitter_site":"@intoscana","twitter_misc":{"Written by":"Ilaria Giannini","Est. reading time":"3 minuti"},"schema":{"@context":"https:\/\/schema.org","@graph":[{"@type":"WebPage","@id":"https:\/\/www.intoscana.it\/it\/giardino-dell-iris-firenze-apertura-2025\/","url":"https:\/\/www.intoscana.it\/it\/giardino-dell-iris-firenze-apertura-2025\/","name":"Primavera a Firenze: riapre il Giardino dell'Iris e per la prima volta sar\u00e0 ampliato - intoscana","isPartOf":{"@id":"https:\/\/www.intoscana.it\/it\/#website"},"primaryImageOfPage":{"@id":"https:\/\/www.intoscana.it\/it\/giardino-dell-iris-firenze-apertura-2025\/#primaryimage"},"image":{"@id":"https:\/\/www.intoscana.it\/it\/giardino-dell-iris-firenze-apertura-2025\/#primaryimage"},"thumbnailUrl":"https:\/\/www.intoscana.it\/wp-content\/uploads\/612fddcd-6fdd-4fdf-a7e5-1e2290af659f.jpg","datePublished":"2025-04-24T14:39:35+00:00","dateModified":"2025-04-29T10:35:05+00:00","author":{"@id":"https:\/\/www.intoscana.it\/it\/#\/schema\/person\/de95e1ed2c1c8c30a6922bbba3a90185"},"breadcrumb":{"@id":"https:\/\/www.intoscana.it\/it\/giardino-dell-iris-firenze-apertura-2025\/#breadcrumb"},"inLanguage":"it-IT","potentialAction":[{"@type":"ReadAction","target":["https:\/\/www.intoscana.it\/it\/giardino-dell-iris-firenze-apertura-2025\/"]}]},{"@type":"ImageObject","inLanguage":"it-IT","@id":"https:\/\/www.intoscana.it\/it\/giardino-dell-iris-firenze-apertura-2025\/#primaryimage","url":"https:\/\/www.intoscana.it\/wp-content\/uploads\/612fddcd-6fdd-4fdf-a7e5-1e2290af659f.jpg","contentUrl":"https:\/\/www.intoscana.it\/wp-content\/uploads\/612fddcd-6fdd-4fdf-a7e5-1e2290af659f.jpg","width":1440,"height":1440,"caption":"Il Giardino dell'Iris"},{"@type":"BreadcrumbList","@id":"https:\/\/www.intoscana.it\/it\/giardino-dell-iris-firenze-apertura-2025\/#breadcrumb","itemListElement":[{"@type":"ListItem","position":1,"name":"Home","item":"https:\/\/www.intoscana.it\/it\/"},{"@type":"ListItem","position":2,"name":"Primavera a Firenze: riapre il Giardino dell&#8217;Iris e per la prima volta sar\u00e0 ampliato"}]},{"@type":"WebSite","@id":"https:\/\/www.intoscana.it\/it\/#website","url":"https:\/\/www.intoscana.it\/it\/","name":"intoscana","description":"","potentialAction":[{"@type":"SearchAction","target":{"@type":"EntryPoint","urlTemplate":"https:\/\/www.intoscana.it\/it\/?s={search_term_string}"},"query-input":{"@type":"PropertyValueSpecification","valueRequired":true,"valueName":"search_term_string"}}],"inLanguage":"it-IT"},{"@type":"Person","@id":"https:\/\/www.intoscana.it\/it\/#\/schema\/person\/de95e1ed2c1c8c30a6922bbba3a90185","name":"Ilaria Giannini","sameAs":["https:\/\/x.com\/i.giannini@fst.it"],"url":"https:\/\/www.intoscana.it\/it\/author\/ilaria-giannini\/"}]}},"_links":{"self":[{"href":"https:\/\/www.intoscana.it\/it\/wp-json\/wp\/v2\/posts\/382995","targetHints":{"allow":["GET"]}}],"collection":[{"href":"https:\/\/www.intoscana.it\/it\/wp-json\/wp\/v2\/posts"}],"about":[{"href":"https:\/\/www.intoscana.it\/it\/wp-json\/wp\/v2\/types\/post"}],"author":[{"embeddable":true,"href":"https:\/\/www.intoscana.it\/it\/wp-json\/wp\/v2\/users\/502"}],"replies":[{"embeddable":true,"href":"https:\/\/www.intoscana.it\/it\/wp-json\/wp\/v2\/comments?post=382995"}],"version-history":[{"count":5,"href":"https:\/\/www.intoscana.it\/it\/wp-json\/wp\/v2\/posts\/382995\/revisions"}],"predecessor-version":[{"id":383304,"href":"https:\/\/www.intoscana.it\/it\/wp-json\/wp\/v2\/posts\/382995\/revisions\/383304"}],"wp:featuredmedia":[{"embeddable":true,"href":"https:\/\/www.intoscana.it\/it\/wp-json\/wp\/v2\/media\/143578"}],"wp:attachment":[{"href":"https:\/\/www.intoscana.it\/it\/wp-json\/wp\/v2\/media?parent=382995"}],"wp:term":[{"taxonomy":"category","embeddable":true,"href":"https:\/\/www.intoscana.it\/it\/wp-json\/wp\/v2\/categories?post=382995"},{"taxonomy":"post_tag","embeddable":true,"href":"https:\/\/www.intoscana.it\/it\/wp-json\/wp\/v2\/tags?post=382995"}],"curies":[{"name":"wp","href":"https:\/\/api.w.org\/{rel}","templated":true}]}}