{"id":383048,"date":"2025-04-26T09:40:23","date_gmt":"2025-04-26T07:40:23","guid":{"rendered":"https:\/\/www.intoscana.it\/it\/?p=383048"},"modified":"2025-04-26T09:40:23","modified_gmt":"2025-04-26T07:40:23","slug":"lamiata-piano-festival-festeggia-20-anni-con-un-programma-cameristico-tra-danza-e-jazz","status":"publish","type":"post","link":"https:\/\/www.intoscana.it\/it\/lamiata-piano-festival-festeggia-20-anni-con-un-programma-cameristico-tra-danza-e-jazz\/","title":{"rendered":"L&#8217;Amiata Piano Festival festeggia 20 anni con un programma cameristico tra danza e jazz"},"content":{"rendered":"<p>Con un programma cameristico, contaminato di danza e jazz, torna l&#8217;Amiata Piano Festival, appuntamento alla 20ma edizione in programma al <strong>Forum Fondazione Bertarelli a Cinigiano (Grosseto)<\/strong> con appuntamenti a<strong> giugno, luglio e agosto, e la chiusura il 6 dicembre.\u00a0<\/strong><\/p>\n<p>Tra i molti artisti che si esibiranno: <strong>Maurizio Baglini e Silvia Chiesa,<\/strong> direttori artistici del festival, <strong>Danilo Rea, Beatrice Rana e Massimo Spada, Sergio Bernal, Andrea Griminelli, Mario Brunello, Jean-Marc Luisada e Norma Winstone.\u00a0<\/strong><\/p>\n<p><strong>La rassegna si apre il 27 giugno <\/strong>con una prima parte del festival intitolata &#8216;<em><strong>Baccus&#8217;<\/strong><\/em>, che vedr\u00e0 anche la cantante inglese <strong>Norma Winstone,<\/strong> classe 1941, accompagnata dal pianista e compositore italiano <strong>Glauco Venier.<\/strong><\/p>\n<p>Il giorno successivo l&#8217;acclamato pianista austriaco<strong> David Helbock<\/strong> con la giovanissima bassista e violoncellista <strong>Julia Hofer.\u00a0<\/strong><\/p>\n<figure id=\"post-151223 media-151223\" class=\"align-none\"><img decoding=\"async\" src=\"https:\/\/www.intoscana.it\/wp-content\/uploads\/DANILO-REA-e1659604844194.jpeg\" alt=\"\" \/><\/figure>\n<div class=\"titleimg\">Danilo Rea<\/div>\n<p>Con la tranche intitolata &#8216;<strong><em>Euterpe&#8217;<\/em> <\/strong>a luglio <strong>dal 24 al 27,<\/strong> si esibiranno il duo <strong>Beatrice Rana e Massimo Spada<\/strong> con musiche da Ravel a Stravinsky, e <strong>Mario Brunello<\/strong> su Bach, mentre<strong> Silvia Chiesa e Maurizio Baglini<\/strong> saranno impegnati prima in un appuntamento di danza con <strong>Sergio Bernal,<\/strong> poi in trio con il flautista <strong>Andrea Griminelli.\u00a0<\/strong><\/p>\n<p><strong>Ad agosto dal 21 al 24<\/strong> per la parte intitolata &#8216;<strong><em>Dionisus&#8217;<\/em><\/strong>, un focus sul grande pianismo mondiale con <strong>Fran\u00e7ois Fr\u00e9d\u00e9ric Guy e Jean-Marc Luisada<\/strong> per il repertorio classico e l&#8217;eccellenza italiana<strong> Danilo Rea per il jazz.\u00a0<\/strong><\/p>\n<p>E ancora, il programme \u00e0 la carte di <strong>Maurizio Baglini e Silvia Chiesa.<\/strong> Sabato<strong> 6 dicembre<\/strong> la chiusura di Amiata Piano Festival con il <strong>Coro di Voci e Mani Bianche &#8220;Bonamici&#8221; di Pisa.\u00a0<\/strong><\/p>\n<figure id=\"post-230623 media-230623\" class=\"align-none\"><img decoding=\"async\" src=\"https:\/\/www.intoscana.it\/wp-content\/uploads\/03-Amiata-Piano-Festival-2019-scaled.jpg\" alt=\"\" \/><\/figure>\n<div class=\"titleimg\">Amiata Piano Festival<\/div>\n","protected":false},"excerpt":{"rendered":"<p>Tanti appuntamenti con ospiti internazionali nei mesi di giugno, luglio e agosto per un festival che si divide in tre parti: Baccus, Euterpe e Dionisus. Gran finale il 6 dicembre <\/p>\n","protected":false},"author":525,"featured_media":341926,"comment_status":"open","ping_status":"open","sticky":false,"template":"","format":"standard","meta":{"_acf_changed":false,"footnotes":""},"categories":[14],"tags":[216,228],"class_list":["post-383048","post","type-post","status-publish","format-standard","has-post-thumbnail","hentry","category-musica","tag-concerti","tag-festival"],"acf":[],"yoast_head":"<!-- This site is optimized with the Yoast SEO Premium plugin v24.2 (Yoast SEO v25.6) - https:\/\/yoast.com\/wordpress\/plugins\/seo\/ -->\n<title>L&#039;Amiata Piano Festival festeggia 20 anni con un programma cameristico tra danza e jazz - intoscana<\/title>\n<meta name=\"description\" content=\"Tanti appuntamenti con ospiti internazionali nei mesi di giugno, luglio, agosto, gran finale il 6 dicembre\" \/>\n<meta name=\"robots\" content=\"index, follow, max-snippet:-1, max-image-preview:large, max-video-preview:-1\" \/>\n<link rel=\"canonical\" href=\"https:\/\/www.intoscana.it\/it\/lamiata-piano-festival-festeggia-20-anni-con-un-programma-cameristico-tra-danza-e-jazz\/\" \/>\n<meta property=\"og:locale\" content=\"it_IT\" \/>\n<meta property=\"og:type\" content=\"article\" \/>\n<meta property=\"og:title\" content=\"L&#039;Amiata Piano Festival festeggia 20 anni con un programma cameristico tra danza e jazz\" \/>\n<meta property=\"og:description\" content=\"Tanti appuntamenti con ospiti internazionali nei mesi di giugno, luglio, agosto, gran finale il 6 dicembre\" \/>\n<meta property=\"og:url\" content=\"https:\/\/www.intoscana.it\/it\/lamiata-piano-festival-festeggia-20-anni-con-un-programma-cameristico-tra-danza-e-jazz\/\" \/>\n<meta property=\"og:site_name\" content=\"intoscana\" \/>\n<meta property=\"article:publisher\" content=\"https:\/\/www.facebook.com\/intoscana.it\" \/>\n<meta property=\"article:published_time\" content=\"2025-04-26T07:40:23+00:00\" \/>\n<meta property=\"og:image\" content=\"https:\/\/www.intoscana.it\/wp-content\/uploads\/Amiata-Piano-Festival-6.jpg\" \/>\n\t<meta property=\"og:image:width\" content=\"1600\" \/>\n\t<meta property=\"og:image:height\" content=\"1067\" \/>\n\t<meta property=\"og:image:type\" content=\"image\/jpeg\" \/>\n<meta name=\"author\" content=\"Redazione\" \/>\n<meta name=\"twitter:card\" content=\"summary_large_image\" \/>\n<meta name=\"twitter:creator\" content=\"@intoscana\" \/>\n<meta name=\"twitter:site\" content=\"@intoscana\" \/>\n<meta name=\"twitter:label1\" content=\"Written by\" \/>\n\t<meta name=\"twitter:data1\" content=\"Redazione\" \/>\n\t<meta name=\"twitter:label2\" content=\"Est. reading time\" \/>\n\t<meta name=\"twitter:data2\" content=\"2 minuti\" \/>\n<script type=\"application\/ld+json\" class=\"yoast-schema-graph\">{\"@context\":\"https:\/\/schema.org\",\"@graph\":[{\"@type\":\"WebPage\",\"@id\":\"https:\/\/www.intoscana.it\/it\/lamiata-piano-festival-festeggia-20-anni-con-un-programma-cameristico-tra-danza-e-jazz\/\",\"url\":\"https:\/\/www.intoscana.it\/it\/lamiata-piano-festival-festeggia-20-anni-con-un-programma-cameristico-tra-danza-e-jazz\/\",\"name\":\"L'Amiata Piano Festival festeggia 20 anni con un programma cameristico tra danza e jazz - intoscana\",\"isPartOf\":{\"@id\":\"https:\/\/www.intoscana.it\/it\/#website\"},\"primaryImageOfPage\":{\"@id\":\"https:\/\/www.intoscana.it\/it\/lamiata-piano-festival-festeggia-20-anni-con-un-programma-cameristico-tra-danza-e-jazz\/#primaryimage\"},\"image\":{\"@id\":\"https:\/\/www.intoscana.it\/it\/lamiata-piano-festival-festeggia-20-anni-con-un-programma-cameristico-tra-danza-e-jazz\/#primaryimage\"},\"thumbnailUrl\":\"https:\/\/www.intoscana.it\/wp-content\/uploads\/Amiata-Piano-Festival-6.jpg\",\"datePublished\":\"2025-04-26T07:40:23+00:00\",\"author\":{\"@id\":\"https:\/\/www.intoscana.it\/it\/#\/schema\/person\/9223810753230f20bd670fdd322661f8\"},\"description\":\"Tanti appuntamenti con ospiti internazionali nei mesi di giugno, luglio, agosto, gran finale il 6 dicembre\",\"breadcrumb\":{\"@id\":\"https:\/\/www.intoscana.it\/it\/lamiata-piano-festival-festeggia-20-anni-con-un-programma-cameristico-tra-danza-e-jazz\/#breadcrumb\"},\"inLanguage\":\"it-IT\",\"potentialAction\":[{\"@type\":\"ReadAction\",\"target\":[\"https:\/\/www.intoscana.it\/it\/lamiata-piano-festival-festeggia-20-anni-con-un-programma-cameristico-tra-danza-e-jazz\/\"]}]},{\"@type\":\"ImageObject\",\"inLanguage\":\"it-IT\",\"@id\":\"https:\/\/www.intoscana.it\/it\/lamiata-piano-festival-festeggia-20-anni-con-un-programma-cameristico-tra-danza-e-jazz\/#primaryimage\",\"url\":\"https:\/\/www.intoscana.it\/wp-content\/uploads\/Amiata-Piano-Festival-6.jpg\",\"contentUrl\":\"https:\/\/www.intoscana.it\/wp-content\/uploads\/Amiata-Piano-Festival-6.jpg\",\"width\":1600,\"height\":1067},{\"@type\":\"BreadcrumbList\",\"@id\":\"https:\/\/www.intoscana.it\/it\/lamiata-piano-festival-festeggia-20-anni-con-un-programma-cameristico-tra-danza-e-jazz\/#breadcrumb\",\"itemListElement\":[{\"@type\":\"ListItem\",\"position\":1,\"name\":\"Home\",\"item\":\"https:\/\/www.intoscana.it\/it\/\"},{\"@type\":\"ListItem\",\"position\":2,\"name\":\"L&#8217;Amiata Piano Festival festeggia 20 anni con un programma cameristico tra danza e jazz\"}]},{\"@type\":\"WebSite\",\"@id\":\"https:\/\/www.intoscana.it\/it\/#website\",\"url\":\"https:\/\/www.intoscana.it\/it\/\",\"name\":\"intoscana\",\"description\":\"\",\"potentialAction\":[{\"@type\":\"SearchAction\",\"target\":{\"@type\":\"EntryPoint\",\"urlTemplate\":\"https:\/\/www.intoscana.it\/it\/?s={search_term_string}\"},\"query-input\":{\"@type\":\"PropertyValueSpecification\",\"valueRequired\":true,\"valueName\":\"search_term_string\"}}],\"inLanguage\":\"it-IT\"},{\"@type\":\"Person\",\"@id\":\"https:\/\/www.intoscana.it\/it\/#\/schema\/person\/9223810753230f20bd670fdd322661f8\",\"name\":\"Redazione\",\"url\":\"https:\/\/www.intoscana.it\/it\/author\/redazione\/\"}]}<\/script>\n<!-- \/ Yoast SEO Premium plugin. -->","yoast_head_json":{"title":"L'Amiata Piano Festival festeggia 20 anni con un programma cameristico tra danza e jazz - intoscana","description":"Tanti appuntamenti con ospiti internazionali nei mesi di giugno, luglio, agosto, gran finale il 6 dicembre","robots":{"index":"index","follow":"follow","max-snippet":"max-snippet:-1","max-image-preview":"max-image-preview:large","max-video-preview":"max-video-preview:-1"},"canonical":"https:\/\/www.intoscana.it\/it\/lamiata-piano-festival-festeggia-20-anni-con-un-programma-cameristico-tra-danza-e-jazz\/","og_locale":"it_IT","og_type":"article","og_title":"L'Amiata Piano Festival festeggia 20 anni con un programma cameristico tra danza e jazz","og_description":"Tanti appuntamenti con ospiti internazionali nei mesi di giugno, luglio, agosto, gran finale il 6 dicembre","og_url":"https:\/\/www.intoscana.it\/it\/lamiata-piano-festival-festeggia-20-anni-con-un-programma-cameristico-tra-danza-e-jazz\/","og_site_name":"intoscana","article_publisher":"https:\/\/www.facebook.com\/intoscana.it","article_published_time":"2025-04-26T07:40:23+00:00","og_image":[{"width":1600,"height":1067,"url":"https:\/\/www.intoscana.it\/wp-content\/uploads\/Amiata-Piano-Festival-6.jpg","type":"image\/jpeg"}],"author":"Redazione","twitter_card":"summary_large_image","twitter_creator":"@intoscana","twitter_site":"@intoscana","twitter_misc":{"Written by":"Redazione","Est. reading time":"2 minuti"},"schema":{"@context":"https:\/\/schema.org","@graph":[{"@type":"WebPage","@id":"https:\/\/www.intoscana.it\/it\/lamiata-piano-festival-festeggia-20-anni-con-un-programma-cameristico-tra-danza-e-jazz\/","url":"https:\/\/www.intoscana.it\/it\/lamiata-piano-festival-festeggia-20-anni-con-un-programma-cameristico-tra-danza-e-jazz\/","name":"L'Amiata Piano Festival festeggia 20 anni con un programma cameristico tra danza e jazz - intoscana","isPartOf":{"@id":"https:\/\/www.intoscana.it\/it\/#website"},"primaryImageOfPage":{"@id":"https:\/\/www.intoscana.it\/it\/lamiata-piano-festival-festeggia-20-anni-con-un-programma-cameristico-tra-danza-e-jazz\/#primaryimage"},"image":{"@id":"https:\/\/www.intoscana.it\/it\/lamiata-piano-festival-festeggia-20-anni-con-un-programma-cameristico-tra-danza-e-jazz\/#primaryimage"},"thumbnailUrl":"https:\/\/www.intoscana.it\/wp-content\/uploads\/Amiata-Piano-Festival-6.jpg","datePublished":"2025-04-26T07:40:23+00:00","author":{"@id":"https:\/\/www.intoscana.it\/it\/#\/schema\/person\/9223810753230f20bd670fdd322661f8"},"description":"Tanti appuntamenti con ospiti internazionali nei mesi di giugno, luglio, agosto, gran finale il 6 dicembre","breadcrumb":{"@id":"https:\/\/www.intoscana.it\/it\/lamiata-piano-festival-festeggia-20-anni-con-un-programma-cameristico-tra-danza-e-jazz\/#breadcrumb"},"inLanguage":"it-IT","potentialAction":[{"@type":"ReadAction","target":["https:\/\/www.intoscana.it\/it\/lamiata-piano-festival-festeggia-20-anni-con-un-programma-cameristico-tra-danza-e-jazz\/"]}]},{"@type":"ImageObject","inLanguage":"it-IT","@id":"https:\/\/www.intoscana.it\/it\/lamiata-piano-festival-festeggia-20-anni-con-un-programma-cameristico-tra-danza-e-jazz\/#primaryimage","url":"https:\/\/www.intoscana.it\/wp-content\/uploads\/Amiata-Piano-Festival-6.jpg","contentUrl":"https:\/\/www.intoscana.it\/wp-content\/uploads\/Amiata-Piano-Festival-6.jpg","width":1600,"height":1067},{"@type":"BreadcrumbList","@id":"https:\/\/www.intoscana.it\/it\/lamiata-piano-festival-festeggia-20-anni-con-un-programma-cameristico-tra-danza-e-jazz\/#breadcrumb","itemListElement":[{"@type":"ListItem","position":1,"name":"Home","item":"https:\/\/www.intoscana.it\/it\/"},{"@type":"ListItem","position":2,"name":"L&#8217;Amiata Piano Festival festeggia 20 anni con un programma cameristico tra danza e jazz"}]},{"@type":"WebSite","@id":"https:\/\/www.intoscana.it\/it\/#website","url":"https:\/\/www.intoscana.it\/it\/","name":"intoscana","description":"","potentialAction":[{"@type":"SearchAction","target":{"@type":"EntryPoint","urlTemplate":"https:\/\/www.intoscana.it\/it\/?s={search_term_string}"},"query-input":{"@type":"PropertyValueSpecification","valueRequired":true,"valueName":"search_term_string"}}],"inLanguage":"it-IT"},{"@type":"Person","@id":"https:\/\/www.intoscana.it\/it\/#\/schema\/person\/9223810753230f20bd670fdd322661f8","name":"Redazione","url":"https:\/\/www.intoscana.it\/it\/author\/redazione\/"}]}},"_links":{"self":[{"href":"https:\/\/www.intoscana.it\/it\/wp-json\/wp\/v2\/posts\/383048","targetHints":{"allow":["GET"]}}],"collection":[{"href":"https:\/\/www.intoscana.it\/it\/wp-json\/wp\/v2\/posts"}],"about":[{"href":"https:\/\/www.intoscana.it\/it\/wp-json\/wp\/v2\/types\/post"}],"author":[{"embeddable":true,"href":"https:\/\/www.intoscana.it\/it\/wp-json\/wp\/v2\/users\/525"}],"replies":[{"embeddable":true,"href":"https:\/\/www.intoscana.it\/it\/wp-json\/wp\/v2\/comments?post=383048"}],"version-history":[{"count":1,"href":"https:\/\/www.intoscana.it\/it\/wp-json\/wp\/v2\/posts\/383048\/revisions"}],"predecessor-version":[{"id":383049,"href":"https:\/\/www.intoscana.it\/it\/wp-json\/wp\/v2\/posts\/383048\/revisions\/383049"}],"wp:featuredmedia":[{"embeddable":true,"href":"https:\/\/www.intoscana.it\/it\/wp-json\/wp\/v2\/media\/341926"}],"wp:attachment":[{"href":"https:\/\/www.intoscana.it\/it\/wp-json\/wp\/v2\/media?parent=383048"}],"wp:term":[{"taxonomy":"category","embeddable":true,"href":"https:\/\/www.intoscana.it\/it\/wp-json\/wp\/v2\/categories?post=383048"},{"taxonomy":"post_tag","embeddable":true,"href":"https:\/\/www.intoscana.it\/it\/wp-json\/wp\/v2\/tags?post=383048"}],"curies":[{"name":"wp","href":"https:\/\/api.w.org\/{rel}","templated":true}]}}