{"id":383414,"date":"2025-04-30T09:52:30","date_gmt":"2025-04-30T07:52:30","guid":{"rendered":"https:\/\/www.intoscana.it\/it\/?p=383414"},"modified":"2025-04-30T10:46:03","modified_gmt":"2025-04-30T08:46:03","slug":"a-bagno-a-ripoli-arrivano-i-primi-binari-della-tramvia-unopera-che-cambiera-il-modo-di-vivere-firenze","status":"publish","type":"post","link":"https:\/\/www.intoscana.it\/it\/a-bagno-a-ripoli-arrivano-i-primi-binari-della-tramvia-unopera-che-cambiera-il-modo-di-vivere-firenze\/","title":{"rendered":"A Bagno a Ripoli arrivano i primi binari della tramvia: \u201cUn\u2019opera che cambier\u00e0 il modo di vivere Firenze\u201d"},"content":{"rendered":"<p>Un tratto di rotaie che guarda al futuro. Sono stati posati e saldati i primi binari della nuova<strong> linea tramviaria verso Bagno a Ripoli<\/strong>, precisamente in via Pian di Ripoli, all\u2019altezza del futuro <strong>parcheggio scambiatore accanto al Viola Park<\/strong>. Un passo concreto, visibile, nel cantiere dell\u2019infrastruttura che promette di rivoluzionare la mobilit\u00e0 nell\u2019area sud della citt\u00e0 metropolitana di Firenze.<\/p>\n<p>Alla cerimonia erano presenti la sindaca di Firenze<strong> Sara Funaro<\/strong>, l\u2019assessore alla Mobilit\u00e0 <strong>Andrea Giorgio<\/strong>, il presidente della Regione Toscana<strong> Eugenio Giani<\/strong> e il sindaco di Bagno a Ripoli <strong>Francesco Pignotti.<\/strong> \u201c<em>Una giornata importante<\/em> \u2013 ha detto Funaro \u2013 <em>perch\u00e9<strong> a meno di un anno dall\u2019avvio dei lavori <\/strong>iniziamo a vedere i primi risultati. Sappiamo che i cantieri creano disagi, ma stiamo <strong>procedendo speditamente per rispettare i tempi<\/strong> e restituire al pi\u00f9 presto la citt\u00e0 ai cittadini. Questa linea collega non solo i quartieri di Firenze, ma anche un pezzo fondamentale della citt\u00e0 metropolitana<\/em>\u201d.<\/p>\n<figure id=\"post-383416 media-383416\" class=\"align-none\"><img decoding=\"async\" src=\"https:\/\/www.intoscana.it\/wp-content\/uploads\/posa-binari-tramvia-bagnoaripoli-2.jpg\" alt=\"\" \/><\/figure>\n<div class=\"titleimg\"><\/div>\n<p>I lavori della linea 3.2.1, da piazza della Libert\u00e0 a Bagno a Ripoli, stanno avanzando su pi\u00f9 fronti. La linea si estender\u00e0 per <strong>7,2 chilometri e prevede 17 fermate<\/strong>, pi\u00f9 il deposito al capolinea. Considerando scambi, collegamenti e deposito, si arriver\u00e0 a oltre 30 chilometri di rotaie complessive.<\/p>\n<p>La posa dei binari, simbolica ma significativa, si accompagna all\u2019attivazione dei parcheggi scambiatori, pensati per <strong>incentivare l\u2019intermodalit\u00e0 e ridurre il traffico<\/strong> in ingresso in citt\u00e0. \u201c<em>Il primo parcheggio in viale Europa sar\u00e0 pronto entro maggio, seguiranno quelli al Viola Park e sempre in viale Europa, tra giugno e agosto<\/em> \u2013 ha spiegato l\u2019assessore Giorgio \u2013. <em>Intanto continuiamo a gestire cantieri e viabilit\u00e0 con l\u2019obiettivo di contenere il pi\u00f9 possibile l\u2019impatto per cittadini e attivit\u00e0 economiche. La tramvia \u00e8 un\u2019opera che trasforma non solo la mobilit\u00e0 in superficie, ma anche i sottoservizi: meno perdite, meno interventi futuri, meno strade da rompere. \u00c8 un investimento nel futuro urbano<\/em>\u201d.<\/p>\n<figure id=\"post-383417 media-383417\" class=\"align-none\"><img decoding=\"async\" src=\"https:\/\/www.intoscana.it\/wp-content\/uploads\/posa-binari-tramvia-bagnoaripoli-3.jpg\" alt=\"\" \/><\/figure>\n<div class=\"titleimg\"><\/div>\n<p>Un futuro che, secondo il presidente Giani, va oltre i confini della citt\u00e0: \u201c<em>Questa tramvia non \u00e8 solo di Firenze o di Bagno a Ripoli: \u00e8<strong> un\u2019infrastruttura strategica per tutta la Toscana<\/strong>. Offrir\u00e0 una mobilit\u00e0 pi\u00f9 sostenibile e intelligente anche per i turisti, che potranno lasciare l\u2019auto fuori e raggiungere il centro con un mezzo moderno, efficiente e comodo<\/em>\u201d.<\/p>\n<p><em>\u201c\u00c8 un cambiamento epocale per il nostro territorio<\/em> \u2013 ha aggiunto il sindaco di Bagno a Ripoli Francesco Pignotti \u2013. <em>Per la prima volta il comune sar\u00e0 collegato direttamente con Firenze da un <strong>mezzo pubblico rapido e regolare<\/strong>. Stiamo gi\u00e0 lavorando per ridisegnare il trasporto su gomma e connettere tutte le frazioni al nuovo capolinea. Dove oggi ci sono le auto, domani vedremo i Sirio circolare in mezzo a un viale alberato. Quel futuro \u00e8 pi\u00f9 vicino<\/em>\u201d.<\/p>\n<p>&nbsp;<\/p>\n","protected":false},"excerpt":{"rendered":"<p>Posati in via Pian di Ripoli i primi binari della nuova linea 3.2.1: collegher\u00e0 Firenze a Bagno a Ripoli con 17 fermate e nuovi parcheggi scambiatori<\/p>\n","protected":false},"author":525,"featured_media":383415,"comment_status":"open","ping_status":"open","sticky":false,"template":"","format":"standard","meta":{"_acf_changed":false,"footnotes":""},"categories":[494],"tags":[4937,202,1577,271],"class_list":["post-383414","post","type-post","status-publish","format-standard","has-post-thumbnail","hentry","category-attualita","tag-bagno-a-ripoli","tag-firenze","tag-muoversi-in-toscana","tag-tramvia"],"acf":[],"yoast_head":"<!-- This site is optimized with the Yoast SEO Premium plugin v24.2 (Yoast SEO v25.6) - https:\/\/yoast.com\/wordpress\/plugins\/seo\/ -->\n<title>A Bagno a Ripoli arrivano i primi binari della tramvia: \u201cUn\u2019opera che cambier\u00e0 il modo di vivere Firenze\u201d - intoscana<\/title>\n<meta name=\"robots\" content=\"index, follow, max-snippet:-1, max-image-preview:large, max-video-preview:-1\" \/>\n<link rel=\"canonical\" href=\"https:\/\/www.intoscana.it\/it\/a-bagno-a-ripoli-arrivano-i-primi-binari-della-tramvia-unopera-che-cambiera-il-modo-di-vivere-firenze\/\" \/>\n<meta property=\"og:locale\" content=\"it_IT\" \/>\n<meta property=\"og:type\" content=\"article\" \/>\n<meta property=\"og:title\" content=\"A Bagno a Ripoli arrivano i primi binari della tramvia: \u201cUn\u2019opera che cambier\u00e0 il modo di vivere Firenze\u201d\" \/>\n<meta property=\"og:description\" content=\"Posati in via Pian di Ripoli i primi binari della nuova linea 3.2.1: collegher\u00e0 Firenze a Bagno a Ripoli con 17 fermate e nuovi parcheggi scambiatori\" \/>\n<meta property=\"og:url\" content=\"https:\/\/www.intoscana.it\/it\/a-bagno-a-ripoli-arrivano-i-primi-binari-della-tramvia-unopera-che-cambiera-il-modo-di-vivere-firenze\/\" \/>\n<meta property=\"og:site_name\" content=\"intoscana\" \/>\n<meta property=\"article:publisher\" content=\"https:\/\/www.facebook.com\/intoscana.it\" \/>\n<meta property=\"article:published_time\" content=\"2025-04-30T07:52:30+00:00\" \/>\n<meta property=\"article:modified_time\" content=\"2025-04-30T08:46:03+00:00\" \/>\n<meta property=\"og:image\" content=\"https:\/\/www.intoscana.it\/wp-content\/uploads\/posa-binari-tramvia-bagnoaripoli-1.jpg\" \/>\n\t<meta property=\"og:image:width\" content=\"1080\" \/>\n\t<meta property=\"og:image:height\" content=\"1350\" \/>\n\t<meta property=\"og:image:type\" content=\"image\/jpeg\" \/>\n<meta name=\"author\" content=\"Redazione\" \/>\n<meta name=\"twitter:card\" content=\"summary_large_image\" \/>\n<meta name=\"twitter:creator\" content=\"@intoscana\" \/>\n<meta name=\"twitter:site\" content=\"@intoscana\" \/>\n<meta name=\"twitter:label1\" content=\"Written by\" \/>\n\t<meta name=\"twitter:data1\" content=\"Redazione\" \/>\n\t<meta name=\"twitter:label2\" content=\"Est. reading time\" \/>\n\t<meta name=\"twitter:data2\" content=\"3 minuti\" \/>\n<script type=\"application\/ld+json\" class=\"yoast-schema-graph\">{\"@context\":\"https:\/\/schema.org\",\"@graph\":[{\"@type\":\"WebPage\",\"@id\":\"https:\/\/www.intoscana.it\/it\/a-bagno-a-ripoli-arrivano-i-primi-binari-della-tramvia-unopera-che-cambiera-il-modo-di-vivere-firenze\/\",\"url\":\"https:\/\/www.intoscana.it\/it\/a-bagno-a-ripoli-arrivano-i-primi-binari-della-tramvia-unopera-che-cambiera-il-modo-di-vivere-firenze\/\",\"name\":\"A Bagno a Ripoli arrivano i primi binari della tramvia: \u201cUn\u2019opera che cambier\u00e0 il modo di vivere Firenze\u201d - intoscana\",\"isPartOf\":{\"@id\":\"https:\/\/www.intoscana.it\/it\/#website\"},\"primaryImageOfPage\":{\"@id\":\"https:\/\/www.intoscana.it\/it\/a-bagno-a-ripoli-arrivano-i-primi-binari-della-tramvia-unopera-che-cambiera-il-modo-di-vivere-firenze\/#primaryimage\"},\"image\":{\"@id\":\"https:\/\/www.intoscana.it\/it\/a-bagno-a-ripoli-arrivano-i-primi-binari-della-tramvia-unopera-che-cambiera-il-modo-di-vivere-firenze\/#primaryimage\"},\"thumbnailUrl\":\"https:\/\/www.intoscana.it\/wp-content\/uploads\/posa-binari-tramvia-bagnoaripoli-1.jpg\",\"datePublished\":\"2025-04-30T07:52:30+00:00\",\"dateModified\":\"2025-04-30T08:46:03+00:00\",\"author\":{\"@id\":\"https:\/\/www.intoscana.it\/it\/#\/schema\/person\/9223810753230f20bd670fdd322661f8\"},\"breadcrumb\":{\"@id\":\"https:\/\/www.intoscana.it\/it\/a-bagno-a-ripoli-arrivano-i-primi-binari-della-tramvia-unopera-che-cambiera-il-modo-di-vivere-firenze\/#breadcrumb\"},\"inLanguage\":\"it-IT\",\"potentialAction\":[{\"@type\":\"ReadAction\",\"target\":[\"https:\/\/www.intoscana.it\/it\/a-bagno-a-ripoli-arrivano-i-primi-binari-della-tramvia-unopera-che-cambiera-il-modo-di-vivere-firenze\/\"]}]},{\"@type\":\"ImageObject\",\"inLanguage\":\"it-IT\",\"@id\":\"https:\/\/www.intoscana.it\/it\/a-bagno-a-ripoli-arrivano-i-primi-binari-della-tramvia-unopera-che-cambiera-il-modo-di-vivere-firenze\/#primaryimage\",\"url\":\"https:\/\/www.intoscana.it\/wp-content\/uploads\/posa-binari-tramvia-bagnoaripoli-1.jpg\",\"contentUrl\":\"https:\/\/www.intoscana.it\/wp-content\/uploads\/posa-binari-tramvia-bagnoaripoli-1.jpg\",\"width\":1080,\"height\":1350},{\"@type\":\"BreadcrumbList\",\"@id\":\"https:\/\/www.intoscana.it\/it\/a-bagno-a-ripoli-arrivano-i-primi-binari-della-tramvia-unopera-che-cambiera-il-modo-di-vivere-firenze\/#breadcrumb\",\"itemListElement\":[{\"@type\":\"ListItem\",\"position\":1,\"name\":\"Home\",\"item\":\"https:\/\/www.intoscana.it\/it\/\"},{\"@type\":\"ListItem\",\"position\":2,\"name\":\"A Bagno a Ripoli arrivano i primi binari della tramvia: \u201cUn\u2019opera che cambier\u00e0 il modo di vivere Firenze\u201d\"}]},{\"@type\":\"WebSite\",\"@id\":\"https:\/\/www.intoscana.it\/it\/#website\",\"url\":\"https:\/\/www.intoscana.it\/it\/\",\"name\":\"intoscana\",\"description\":\"\",\"potentialAction\":[{\"@type\":\"SearchAction\",\"target\":{\"@type\":\"EntryPoint\",\"urlTemplate\":\"https:\/\/www.intoscana.it\/it\/?s={search_term_string}\"},\"query-input\":{\"@type\":\"PropertyValueSpecification\",\"valueRequired\":true,\"valueName\":\"search_term_string\"}}],\"inLanguage\":\"it-IT\"},{\"@type\":\"Person\",\"@id\":\"https:\/\/www.intoscana.it\/it\/#\/schema\/person\/9223810753230f20bd670fdd322661f8\",\"name\":\"Redazione\",\"url\":\"https:\/\/www.intoscana.it\/it\/author\/redazione\/\"}]}<\/script>\n<!-- \/ Yoast SEO Premium plugin. -->","yoast_head_json":{"title":"A Bagno a Ripoli arrivano i primi binari della tramvia: \u201cUn\u2019opera che cambier\u00e0 il modo di vivere Firenze\u201d - intoscana","robots":{"index":"index","follow":"follow","max-snippet":"max-snippet:-1","max-image-preview":"max-image-preview:large","max-video-preview":"max-video-preview:-1"},"canonical":"https:\/\/www.intoscana.it\/it\/a-bagno-a-ripoli-arrivano-i-primi-binari-della-tramvia-unopera-che-cambiera-il-modo-di-vivere-firenze\/","og_locale":"it_IT","og_type":"article","og_title":"A Bagno a Ripoli arrivano i primi binari della tramvia: \u201cUn\u2019opera che cambier\u00e0 il modo di vivere Firenze\u201d","og_description":"Posati in via Pian di Ripoli i primi binari della nuova linea 3.2.1: collegher\u00e0 Firenze a Bagno a Ripoli con 17 fermate e nuovi parcheggi scambiatori","og_url":"https:\/\/www.intoscana.it\/it\/a-bagno-a-ripoli-arrivano-i-primi-binari-della-tramvia-unopera-che-cambiera-il-modo-di-vivere-firenze\/","og_site_name":"intoscana","article_publisher":"https:\/\/www.facebook.com\/intoscana.it","article_published_time":"2025-04-30T07:52:30+00:00","article_modified_time":"2025-04-30T08:46:03+00:00","og_image":[{"width":1080,"height":1350,"url":"https:\/\/www.intoscana.it\/wp-content\/uploads\/posa-binari-tramvia-bagnoaripoli-1.jpg","type":"image\/jpeg"}],"author":"Redazione","twitter_card":"summary_large_image","twitter_creator":"@intoscana","twitter_site":"@intoscana","twitter_misc":{"Written by":"Redazione","Est. reading time":"3 minuti"},"schema":{"@context":"https:\/\/schema.org","@graph":[{"@type":"WebPage","@id":"https:\/\/www.intoscana.it\/it\/a-bagno-a-ripoli-arrivano-i-primi-binari-della-tramvia-unopera-che-cambiera-il-modo-di-vivere-firenze\/","url":"https:\/\/www.intoscana.it\/it\/a-bagno-a-ripoli-arrivano-i-primi-binari-della-tramvia-unopera-che-cambiera-il-modo-di-vivere-firenze\/","name":"A Bagno a Ripoli arrivano i primi binari della tramvia: \u201cUn\u2019opera che cambier\u00e0 il modo di vivere Firenze\u201d - intoscana","isPartOf":{"@id":"https:\/\/www.intoscana.it\/it\/#website"},"primaryImageOfPage":{"@id":"https:\/\/www.intoscana.it\/it\/a-bagno-a-ripoli-arrivano-i-primi-binari-della-tramvia-unopera-che-cambiera-il-modo-di-vivere-firenze\/#primaryimage"},"image":{"@id":"https:\/\/www.intoscana.it\/it\/a-bagno-a-ripoli-arrivano-i-primi-binari-della-tramvia-unopera-che-cambiera-il-modo-di-vivere-firenze\/#primaryimage"},"thumbnailUrl":"https:\/\/www.intoscana.it\/wp-content\/uploads\/posa-binari-tramvia-bagnoaripoli-1.jpg","datePublished":"2025-04-30T07:52:30+00:00","dateModified":"2025-04-30T08:46:03+00:00","author":{"@id":"https:\/\/www.intoscana.it\/it\/#\/schema\/person\/9223810753230f20bd670fdd322661f8"},"breadcrumb":{"@id":"https:\/\/www.intoscana.it\/it\/a-bagno-a-ripoli-arrivano-i-primi-binari-della-tramvia-unopera-che-cambiera-il-modo-di-vivere-firenze\/#breadcrumb"},"inLanguage":"it-IT","potentialAction":[{"@type":"ReadAction","target":["https:\/\/www.intoscana.it\/it\/a-bagno-a-ripoli-arrivano-i-primi-binari-della-tramvia-unopera-che-cambiera-il-modo-di-vivere-firenze\/"]}]},{"@type":"ImageObject","inLanguage":"it-IT","@id":"https:\/\/www.intoscana.it\/it\/a-bagno-a-ripoli-arrivano-i-primi-binari-della-tramvia-unopera-che-cambiera-il-modo-di-vivere-firenze\/#primaryimage","url":"https:\/\/www.intoscana.it\/wp-content\/uploads\/posa-binari-tramvia-bagnoaripoli-1.jpg","contentUrl":"https:\/\/www.intoscana.it\/wp-content\/uploads\/posa-binari-tramvia-bagnoaripoli-1.jpg","width":1080,"height":1350},{"@type":"BreadcrumbList","@id":"https:\/\/www.intoscana.it\/it\/a-bagno-a-ripoli-arrivano-i-primi-binari-della-tramvia-unopera-che-cambiera-il-modo-di-vivere-firenze\/#breadcrumb","itemListElement":[{"@type":"ListItem","position":1,"name":"Home","item":"https:\/\/www.intoscana.it\/it\/"},{"@type":"ListItem","position":2,"name":"A Bagno a Ripoli arrivano i primi binari della tramvia: \u201cUn\u2019opera che cambier\u00e0 il modo di vivere Firenze\u201d"}]},{"@type":"WebSite","@id":"https:\/\/www.intoscana.it\/it\/#website","url":"https:\/\/www.intoscana.it\/it\/","name":"intoscana","description":"","potentialAction":[{"@type":"SearchAction","target":{"@type":"EntryPoint","urlTemplate":"https:\/\/www.intoscana.it\/it\/?s={search_term_string}"},"query-input":{"@type":"PropertyValueSpecification","valueRequired":true,"valueName":"search_term_string"}}],"inLanguage":"it-IT"},{"@type":"Person","@id":"https:\/\/www.intoscana.it\/it\/#\/schema\/person\/9223810753230f20bd670fdd322661f8","name":"Redazione","url":"https:\/\/www.intoscana.it\/it\/author\/redazione\/"}]}},"_links":{"self":[{"href":"https:\/\/www.intoscana.it\/it\/wp-json\/wp\/v2\/posts\/383414","targetHints":{"allow":["GET"]}}],"collection":[{"href":"https:\/\/www.intoscana.it\/it\/wp-json\/wp\/v2\/posts"}],"about":[{"href":"https:\/\/www.intoscana.it\/it\/wp-json\/wp\/v2\/types\/post"}],"author":[{"embeddable":true,"href":"https:\/\/www.intoscana.it\/it\/wp-json\/wp\/v2\/users\/525"}],"replies":[{"embeddable":true,"href":"https:\/\/www.intoscana.it\/it\/wp-json\/wp\/v2\/comments?post=383414"}],"version-history":[{"count":2,"href":"https:\/\/www.intoscana.it\/it\/wp-json\/wp\/v2\/posts\/383414\/revisions"}],"predecessor-version":[{"id":383446,"href":"https:\/\/www.intoscana.it\/it\/wp-json\/wp\/v2\/posts\/383414\/revisions\/383446"}],"wp:featuredmedia":[{"embeddable":true,"href":"https:\/\/www.intoscana.it\/it\/wp-json\/wp\/v2\/media\/383415"}],"wp:attachment":[{"href":"https:\/\/www.intoscana.it\/it\/wp-json\/wp\/v2\/media?parent=383414"}],"wp:term":[{"taxonomy":"category","embeddable":true,"href":"https:\/\/www.intoscana.it\/it\/wp-json\/wp\/v2\/categories?post=383414"},{"taxonomy":"post_tag","embeddable":true,"href":"https:\/\/www.intoscana.it\/it\/wp-json\/wp\/v2\/tags?post=383414"}],"curies":[{"name":"wp","href":"https:\/\/api.w.org\/{rel}","templated":true}]}}