{"id":383825,"date":"2025-05-05T10:00:35","date_gmt":"2025-05-05T08:00:35","guid":{"rendered":"https:\/\/www.intoscana.it\/it\/?p=383825"},"modified":"2025-05-05T17:02:06","modified_gmt":"2025-05-05T15:02:06","slug":"pisa-promozione-serie-a","status":"publish","type":"post","link":"https:\/\/www.intoscana.it\/it\/pisa-promozione-serie-a\/","title":{"rendered":"Calcio, l\u2019attesa \u00e8 finita: Pisa riconquista la Serie A"},"content":{"rendered":"<p>Dopo 34 anni di attesa, il <strong>Pisa<\/strong> torna nella massima serie del calcio italiano. La promozione in <strong>Serie A<\/strong>, arrivata con due giornate di anticipo, segna la fine di un lungo percorso fatto di speranze, delusioni e riscatto. Domenica, nonostante la sconfitta per 1-0 contro il Bari, la squadra toscana ha ottenuto la certezza matematica di essere promossa grazie alla concomitante sconfitta dello Spezia contro la Reggiana. Un risultato che sancisce la seconda posizione in classifica e un sogno che si realizza finalmente dopo anni lotte e sacrifici.<\/p>\n<p>Era il <strong>26 maggio 1991<\/strong> quando il Pisa giocava la sua ultima partita in Serie A, perdendo contro la Roma e concludendo una stagione che rimase nella memoria dei tifosi. Poi, il buio. Il club scivol\u00f2 in <strong>difficolt\u00e0 economiche<\/strong> e, dopo essere stato a un passo dalla promozione nel <strong>2022<\/strong>, ha finalmente trovato la chiave per risalire, portato da un allenatore che ha gi\u00e0 fatto la storia del calcio italiano: <strong>Filippo Inzaghi<\/strong>.<\/p>\n<p>Inzaghi, ex attaccante del Milan e fratello dell\u2019attuale tecnico dell\u2019Inter, Simone, \u00e8 alla sua <strong>terza promozione come allenatore<\/strong>, dopo quelle con Venezia e Benevento dalla serie C alla B. In questa stagione, ha costruito una squadra solida, capace di resistere alla pressione e di non mollare mai. La promozione arriva dopo anni difficili, che hanno visto il Pisa scivolare fino in Eccellenza negli anni \u201890, passando per il periodo di presidenza del <strong>cane Gunther nel 2002<\/strong> e risalendo, con sacrificio, fino alla B. Da quando il club \u00e8 passato sotto la propriet\u00e0 del magnate <strong>Alexander Knaster nel 2021<\/strong>, la musica \u00e8 cambiata, e il Pisa \u00e8 tornato a lottare per le posizioni che contano.<\/p>\n<figure id=\"post-383833 media-383833\" class=\"align-none\"><img decoding=\"async\" src=\"https:\/\/www.intoscana.it\/wp-content\/uploads\/festeggiamenti-pisa-serieA.jpeg\" alt=\"\" \/><\/figure>\n<div class=\"titleimg\">\u00a9 Fabiano Catania<\/div>\n<p>Ora, con il campionato ancora da concludere e il secondo posto assicurato, Pisa pu\u00f2 finalmente festeggiare come si deve e domenica su Ponte di Mezzo ne abbiamo avuto un primo assaggio, mentre i suoi tifosi sognano gi\u00e0 le grandi sfide della prossima stagione e il derby con la Fiorentina.<\/p>\n<p>Ai festeggiamenti dei tifosi neroazzuri si \u00e8 aggiunto anche il presidente del Consiglio regionale <strong>Antonio Mazzeo<\/strong>: &#8220;<em>\u00c8 un&#8217;emozione che solo il calore di una citt\u00e0 come Pisa pu\u00f2 regalarti. Un giorno che aspettavo da quando sono arrivato come studente in questa citt\u00e0 e ho imparato, anno dopo anno, a conoscere e a fare mia la passione per i colori nerazzurri di questa squadra. Mi aveva sempre affascinato il Pisa di Anconetani, fin da quando ero piccolo: la sua storia, la sua gente, quell&#8217;attaccamento che non si \u00e8 mai spento nemmeno nei momenti pi\u00f9 difficili della risalita dall&#8217;Eccellenza. Questa Serie A, che mancava dal 1991, \u00e8 il coronamento di un percorso straordinario: un traguardo raggiunto con il lavoro, la determinazione e la visione di una societ\u00e0 che ha saputo guardare lontano, credendoci sempre. Un grazie sincero a mister Pippo Inzaghi, allo staff, ai giocatori e a tutta la dirigenza. Ma il grazie pi\u00f9 grande va ai tifosi: quelli che c\u2019erano quando si giocava nei campi di periferia, quelli che non hanno mai smesso di crederci, di cantare, di sostenere. Pisa torna dove merita di stare. Con l\u2019orgoglio di una citt\u00e0 e di una tifoseria che non ha mai smesso di essere grande<\/em>&#8220;.<\/p>\n<figure id=\"post-383829 media-383829\" class=\"align-none\"><img decoding=\"async\" src=\"https:\/\/www.intoscana.it\/wp-content\/uploads\/mazzeo-pisa-serieA.jpeg\" alt=\"\" \/><\/figure>\n<div class=\"titleimg\"><\/div>\n<div class=\"x11i5rnm xat24cr x1mh8g0r x1vvkbs xtlvy1s x126k92a\">\n<div dir=\"auto\"><\/div>\n<\/div>\n<p>\u201c<em>Il ritorno in Serie A del Pisa fa vivere emozioni forti non solo nella citt\u00e0 della torre ma in tutta la Toscana sportiva. Il Pisa, calcisticamente parlando, \u00e8 una realt\u00e0 storica e la conquista della massima divisione da parte della squadra nerazzurra <strong>arricchisce lo sport toscano<\/strong> confermandone la qualit\u00e0 e il valore. Questa promozione corona un percorso straordinario e rappresenta il punto d\u2019arrivo della determinazione dei giocatori, dello staff tecnico e della dirigenza. \u00c8 bello, in queste ore, vedere generazioni diverse che fanno festa assieme, secondo un clich\u00e9 che solo lo sport sa regalare<\/em>\u201d. Cos\u00ec il presidente della Regione Toscana, <strong>Eugenio Giani,<\/strong> saluta il ritorno del Pisa in Serie A dopo 34 anni. \u201c<em>Il massimo livello del campionato italiano, che a Pisa manca dal 1991, pu\u00f2 essere un volano di sviluppo anche per la citt\u00e0, per il territorio, a livello economico e sociale, dato che il calcio, oggi, muove un indotto che notoriamente travalica i confini dello sport\u201d, <\/em>ha concluso Giani. <em>\u201cCi auguriamo che l\u2019intera Toscana costiera possa trarre profitto da questo successo sportivo<\/em>\u201d.<\/p>\n","protected":false},"excerpt":{"rendered":"<p class=\"\" data-start=\"1138\" data-end=\"1244\">Una festa desiderata da 34 anni: la citt\u00e0 esplode di gioia per il ritorno dei nerazzurri nella massima serie<\/p>\n","protected":false},"author":507,"featured_media":383828,"comment_status":"open","ping_status":"open","sticky":false,"template":"","format":"standard","meta":{"_acf_changed":false,"footnotes":""},"categories":[494],"tags":[290,203],"class_list":["post-383825","post","type-post","status-publish","format-standard","has-post-thumbnail","hentry","category-attualita","tag-calcio","tag-pisa"],"acf":[],"yoast_head":"<!-- This site is optimized with the Yoast SEO Premium plugin v24.2 (Yoast SEO v25.6) - https:\/\/yoast.com\/wordpress\/plugins\/seo\/ -->\n<title>Calcio, l\u2019attesa \u00e8 finita: Pisa riconquista la Serie A - intoscana<\/title>\n<meta name=\"robots\" content=\"index, follow, max-snippet:-1, max-image-preview:large, max-video-preview:-1\" \/>\n<link rel=\"canonical\" href=\"https:\/\/www.intoscana.it\/it\/pisa-promozione-serie-a\/\" \/>\n<meta property=\"og:locale\" content=\"it_IT\" \/>\n<meta property=\"og:type\" content=\"article\" \/>\n<meta property=\"og:title\" content=\"Calcio, l\u2019attesa \u00e8 finita: Pisa riconquista la Serie A\" \/>\n<meta property=\"og:description\" content=\"Una festa desiderata da 34 anni: la citt\u00e0 esplode di gioia per il ritorno dei nerazzurri nella massima serie\" \/>\n<meta property=\"og:url\" content=\"https:\/\/www.intoscana.it\/it\/pisa-promozione-serie-a\/\" \/>\n<meta property=\"og:site_name\" content=\"intoscana\" \/>\n<meta property=\"article:publisher\" content=\"https:\/\/www.facebook.com\/intoscana.it\" \/>\n<meta property=\"article:published_time\" content=\"2025-05-05T08:00:35+00:00\" \/>\n<meta property=\"article:modified_time\" content=\"2025-05-05T15:02:06+00:00\" \/>\n<meta property=\"og:image\" content=\"https:\/\/www.intoscana.it\/wp-content\/uploads\/pisa-serieA.jpg\" \/>\n\t<meta property=\"og:image:width\" content=\"1440\" \/>\n\t<meta property=\"og:image:height\" content=\"959\" \/>\n\t<meta property=\"og:image:type\" content=\"image\/jpeg\" \/>\n<meta name=\"author\" content=\"Chiara Bianchini\" \/>\n<meta name=\"twitter:card\" content=\"summary_large_image\" \/>\n<meta name=\"twitter:creator\" content=\"@intoscana\" \/>\n<meta name=\"twitter:site\" content=\"@intoscana\" \/>\n<meta name=\"twitter:label1\" content=\"Written by\" \/>\n\t<meta name=\"twitter:data1\" content=\"Chiara Bianchini\" \/>\n\t<meta name=\"twitter:label2\" content=\"Est. reading time\" \/>\n\t<meta name=\"twitter:data2\" content=\"5 minuti\" \/>\n<script type=\"application\/ld+json\" class=\"yoast-schema-graph\">{\"@context\":\"https:\/\/schema.org\",\"@graph\":[{\"@type\":\"WebPage\",\"@id\":\"https:\/\/www.intoscana.it\/it\/pisa-promozione-serie-a\/\",\"url\":\"https:\/\/www.intoscana.it\/it\/pisa-promozione-serie-a\/\",\"name\":\"Calcio, l\u2019attesa \u00e8 finita: Pisa riconquista la Serie A - intoscana\",\"isPartOf\":{\"@id\":\"https:\/\/www.intoscana.it\/it\/#website\"},\"primaryImageOfPage\":{\"@id\":\"https:\/\/www.intoscana.it\/it\/pisa-promozione-serie-a\/#primaryimage\"},\"image\":{\"@id\":\"https:\/\/www.intoscana.it\/it\/pisa-promozione-serie-a\/#primaryimage\"},\"thumbnailUrl\":\"https:\/\/www.intoscana.it\/wp-content\/uploads\/pisa-serieA.jpg\",\"datePublished\":\"2025-05-05T08:00:35+00:00\",\"dateModified\":\"2025-05-05T15:02:06+00:00\",\"author\":{\"@id\":\"https:\/\/www.intoscana.it\/it\/#\/schema\/person\/010af92117f50561886339ad5b873a41\"},\"breadcrumb\":{\"@id\":\"https:\/\/www.intoscana.it\/it\/pisa-promozione-serie-a\/#breadcrumb\"},\"inLanguage\":\"it-IT\",\"potentialAction\":[{\"@type\":\"ReadAction\",\"target\":[\"https:\/\/www.intoscana.it\/it\/pisa-promozione-serie-a\/\"]}]},{\"@type\":\"ImageObject\",\"inLanguage\":\"it-IT\",\"@id\":\"https:\/\/www.intoscana.it\/it\/pisa-promozione-serie-a\/#primaryimage\",\"url\":\"https:\/\/www.intoscana.it\/wp-content\/uploads\/pisa-serieA.jpg\",\"contentUrl\":\"https:\/\/www.intoscana.it\/wp-content\/uploads\/pisa-serieA.jpg\",\"width\":1440,\"height\":959},{\"@type\":\"BreadcrumbList\",\"@id\":\"https:\/\/www.intoscana.it\/it\/pisa-promozione-serie-a\/#breadcrumb\",\"itemListElement\":[{\"@type\":\"ListItem\",\"position\":1,\"name\":\"Home\",\"item\":\"https:\/\/www.intoscana.it\/it\/\"},{\"@type\":\"ListItem\",\"position\":2,\"name\":\"Calcio, l\u2019attesa \u00e8 finita: Pisa riconquista la Serie A\"}]},{\"@type\":\"WebSite\",\"@id\":\"https:\/\/www.intoscana.it\/it\/#website\",\"url\":\"https:\/\/www.intoscana.it\/it\/\",\"name\":\"intoscana\",\"description\":\"\",\"potentialAction\":[{\"@type\":\"SearchAction\",\"target\":{\"@type\":\"EntryPoint\",\"urlTemplate\":\"https:\/\/www.intoscana.it\/it\/?s={search_term_string}\"},\"query-input\":{\"@type\":\"PropertyValueSpecification\",\"valueRequired\":true,\"valueName\":\"search_term_string\"}}],\"inLanguage\":\"it-IT\"},{\"@type\":\"Person\",\"@id\":\"https:\/\/www.intoscana.it\/it\/#\/schema\/person\/010af92117f50561886339ad5b873a41\",\"name\":\"Chiara Bianchini\",\"sameAs\":[\"c.bianchini@fst.it\"],\"url\":\"https:\/\/www.intoscana.it\/it\/author\/chiara-bianchini\/\"}]}<\/script>\n<!-- \/ Yoast SEO Premium plugin. -->","yoast_head_json":{"title":"Calcio, l\u2019attesa \u00e8 finita: Pisa riconquista la Serie A - intoscana","robots":{"index":"index","follow":"follow","max-snippet":"max-snippet:-1","max-image-preview":"max-image-preview:large","max-video-preview":"max-video-preview:-1"},"canonical":"https:\/\/www.intoscana.it\/it\/pisa-promozione-serie-a\/","og_locale":"it_IT","og_type":"article","og_title":"Calcio, l\u2019attesa \u00e8 finita: Pisa riconquista la Serie A","og_description":"Una festa desiderata da 34 anni: la citt\u00e0 esplode di gioia per il ritorno dei nerazzurri nella massima serie","og_url":"https:\/\/www.intoscana.it\/it\/pisa-promozione-serie-a\/","og_site_name":"intoscana","article_publisher":"https:\/\/www.facebook.com\/intoscana.it","article_published_time":"2025-05-05T08:00:35+00:00","article_modified_time":"2025-05-05T15:02:06+00:00","og_image":[{"width":1440,"height":959,"url":"https:\/\/www.intoscana.it\/wp-content\/uploads\/pisa-serieA.jpg","type":"image\/jpeg"}],"author":"Chiara Bianchini","twitter_card":"summary_large_image","twitter_creator":"@intoscana","twitter_site":"@intoscana","twitter_misc":{"Written by":"Chiara Bianchini","Est. reading time":"5 minuti"},"schema":{"@context":"https:\/\/schema.org","@graph":[{"@type":"WebPage","@id":"https:\/\/www.intoscana.it\/it\/pisa-promozione-serie-a\/","url":"https:\/\/www.intoscana.it\/it\/pisa-promozione-serie-a\/","name":"Calcio, l\u2019attesa \u00e8 finita: Pisa riconquista la Serie A - intoscana","isPartOf":{"@id":"https:\/\/www.intoscana.it\/it\/#website"},"primaryImageOfPage":{"@id":"https:\/\/www.intoscana.it\/it\/pisa-promozione-serie-a\/#primaryimage"},"image":{"@id":"https:\/\/www.intoscana.it\/it\/pisa-promozione-serie-a\/#primaryimage"},"thumbnailUrl":"https:\/\/www.intoscana.it\/wp-content\/uploads\/pisa-serieA.jpg","datePublished":"2025-05-05T08:00:35+00:00","dateModified":"2025-05-05T15:02:06+00:00","author":{"@id":"https:\/\/www.intoscana.it\/it\/#\/schema\/person\/010af92117f50561886339ad5b873a41"},"breadcrumb":{"@id":"https:\/\/www.intoscana.it\/it\/pisa-promozione-serie-a\/#breadcrumb"},"inLanguage":"it-IT","potentialAction":[{"@type":"ReadAction","target":["https:\/\/www.intoscana.it\/it\/pisa-promozione-serie-a\/"]}]},{"@type":"ImageObject","inLanguage":"it-IT","@id":"https:\/\/www.intoscana.it\/it\/pisa-promozione-serie-a\/#primaryimage","url":"https:\/\/www.intoscana.it\/wp-content\/uploads\/pisa-serieA.jpg","contentUrl":"https:\/\/www.intoscana.it\/wp-content\/uploads\/pisa-serieA.jpg","width":1440,"height":959},{"@type":"BreadcrumbList","@id":"https:\/\/www.intoscana.it\/it\/pisa-promozione-serie-a\/#breadcrumb","itemListElement":[{"@type":"ListItem","position":1,"name":"Home","item":"https:\/\/www.intoscana.it\/it\/"},{"@type":"ListItem","position":2,"name":"Calcio, l\u2019attesa \u00e8 finita: Pisa riconquista la Serie A"}]},{"@type":"WebSite","@id":"https:\/\/www.intoscana.it\/it\/#website","url":"https:\/\/www.intoscana.it\/it\/","name":"intoscana","description":"","potentialAction":[{"@type":"SearchAction","target":{"@type":"EntryPoint","urlTemplate":"https:\/\/www.intoscana.it\/it\/?s={search_term_string}"},"query-input":{"@type":"PropertyValueSpecification","valueRequired":true,"valueName":"search_term_string"}}],"inLanguage":"it-IT"},{"@type":"Person","@id":"https:\/\/www.intoscana.it\/it\/#\/schema\/person\/010af92117f50561886339ad5b873a41","name":"Chiara Bianchini","sameAs":["c.bianchini@fst.it"],"url":"https:\/\/www.intoscana.it\/it\/author\/chiara-bianchini\/"}]}},"_links":{"self":[{"href":"https:\/\/www.intoscana.it\/it\/wp-json\/wp\/v2\/posts\/383825","targetHints":{"allow":["GET"]}}],"collection":[{"href":"https:\/\/www.intoscana.it\/it\/wp-json\/wp\/v2\/posts"}],"about":[{"href":"https:\/\/www.intoscana.it\/it\/wp-json\/wp\/v2\/types\/post"}],"author":[{"embeddable":true,"href":"https:\/\/www.intoscana.it\/it\/wp-json\/wp\/v2\/users\/507"}],"replies":[{"embeddable":true,"href":"https:\/\/www.intoscana.it\/it\/wp-json\/wp\/v2\/comments?post=383825"}],"version-history":[{"count":5,"href":"https:\/\/www.intoscana.it\/it\/wp-json\/wp\/v2\/posts\/383825\/revisions"}],"predecessor-version":[{"id":383924,"href":"https:\/\/www.intoscana.it\/it\/wp-json\/wp\/v2\/posts\/383825\/revisions\/383924"}],"wp:featuredmedia":[{"embeddable":true,"href":"https:\/\/www.intoscana.it\/it\/wp-json\/wp\/v2\/media\/383828"}],"wp:attachment":[{"href":"https:\/\/www.intoscana.it\/it\/wp-json\/wp\/v2\/media?parent=383825"}],"wp:term":[{"taxonomy":"category","embeddable":true,"href":"https:\/\/www.intoscana.it\/it\/wp-json\/wp\/v2\/categories?post=383825"},{"taxonomy":"post_tag","embeddable":true,"href":"https:\/\/www.intoscana.it\/it\/wp-json\/wp\/v2\/tags?post=383825"}],"curies":[{"name":"wp","href":"https:\/\/api.w.org\/{rel}","templated":true}]}}