{"id":384022,"date":"2025-05-06T13:04:37","date_gmt":"2025-05-06T11:04:37","guid":{"rendered":"https:\/\/www.intoscana.it\/it\/?p=384022"},"modified":"2025-05-06T13:05:42","modified_gmt":"2025-05-06T11:05:42","slug":"punti-digitale-facile-cosi-la-toscana-punta-sulle-competenze-digitali-gia-aiutati-75mila-cittadini","status":"publish","type":"post","link":"https:\/\/www.intoscana.it\/it\/punti-digitale-facile-cosi-la-toscana-punta-sulle-competenze-digitali-gia-aiutati-75mila-cittadini\/","title":{"rendered":"Punti Digitale Facile, cos\u00ec la Toscana punta sulle competenze digitali: gi\u00e0 aiutati 75mila cittadini"},"content":{"rendered":"<p>Riflettere sul ruolo chiave delle competenze digitali nella costruzione di comunit\u00e0 pi\u00f9 inclusive e consapevoli e fare il punto sui risultati raggiunti con i <strong>Punti Digitale Facile:<\/strong> \u00e8 stato questo l&#8217;obiettivo del convegno <strong>\u201cAbilitiamo il Futuro: Competenze Digitali per la Valdera\u201d,<\/strong> promosso dall\u2019Unione Valdera in collaborazione con Regione Toscana che si \u00e8 tenuto oggi a Pontedera.<\/p>\n<h3>179 PDF e 564 facilitatori digitali<\/h3>\n<p><em>\u201cPossiamo contare su una rete, diffusa ormai capillarmente in tutte le aree della Toscana, composta da 179 Punti digitale facile e soprattutto su una squadra formata da ben 564 facilitatori digitali &#8211;<\/em> ha detto <strong>l\u2019assessore regionale alla digitalizzazione, Stefano Ciuoffo <\/strong>intervenendo all&#8217;iniziativa a Pontedera &#8211; <em>ecco in che modo riusciamo a sviluppare le competenze digitali dei toscani con un lavoro quotidiano e puntuale di formazione e aiuto per tutti coloro che hanno difficolt\u00e0 a rapportarsi con i dispositivi elettronici\u201d.<\/em><\/p>\n<p>Nel corso del suo intervento l\u2019assessore ha poi precisato che <mark>sono stati finora 75.114 i cittadini che hanno avuto accesso ai Punti Digitale Facile, a cui sono stati erogati 89.501 servizi digitali.<\/mark><\/p>\n<p><img loading=\"lazy\" decoding=\"async\" src=\"https:\/\/www.intoscana.it\/wp-content\/uploads\/IMG_3334-1.jpg\" alt=\"\" width=\"1920\" height=\"1440\" \/><\/p>\n<figure id=\"post-384032 media-384032\" class=\"align-none\">Il convegno sui Punti Digitale Facile a Pontedera<\/figure>\n<p>&nbsp;<\/p>\n<p><em>\u201cSi tratta di numeri \u2013 <\/em>ha aggiunto <strong>l\u2019assessore Ciuoffo<\/strong><em> \u2013 destinati ad incrementare. <\/em><mark><em>L\u2019obiettivo che ci siamo dati \u00e8 di arrivare al loro raddoppio entro la fine del prossimo anno <\/em><\/mark><em>e iniziative come quella di stamani contribuiscono ad accrescere la conoscenza del servizio di alfabetizzazione digitale che offriamo, grazie alla collaborazione attiva e fattiva degli Enti locali della nostra regione, delle organizzazioni sindacali a partire da quelle dei pensionati e delle associazioni del terzo settore. Ringrazio ciascuno di loro perch\u00e9 i buoni risultati raggiunti non sarebbero stati possibili senza la loro collaborazione e il loro supporto\u201d.<\/em><\/p>\n<p>La Regione ha destinato a questa opera di digitalizzazione quasi <strong>7,5 milioni di euro<\/strong>, destinando a chi li ha realizzati fino a 30mila euro per ogni Punto Digitale Facile attivato, oltre ad ulteriori 9mila euro per le dotazioni informatiche.<\/p>\n<figure id=\"post-384032 media-384032\" class=\"align-none\"><\/figure>\n<h3>In Valdera 6 PDF su 26 sedi<\/h3>\n<p>Nel territorio dell&#8217;Unione Valdera sono sei i <b>Punti Digitale Facile attivi,<\/b>\u00a0con <b>26 sedi<\/b> operative e gi\u00e0 4mila cittadini accompagnati nell\u2019utilizzo dei servizi online offerti dall\u2019Unione, ma anche di strumenti digitali e piattaforme pubbliche come SPID, CIE, PagoPA, App IO, nonch\u00e9 di prenotazioni sanitarie e di facilitazioni in merito alla presentazione di domande per accedere a contributi.<\/p>\n<div class=\"rt-btn-wrapper rt-btn-wrapper--right-align\">\n<div class=\"a2a_kit a2a_kit_size_32 a2a_default_style\" data-a2a-title=\"Ciuoffo a Pontedera: \u201cEcco come sviluppiamo le competenze digitali\u201d\"><\/div>\n<\/div>\n","protected":false},"excerpt":{"rendered":"<p>Il punto sul progetto \u00e8 stato fatto dall&#8217;assessore regionale alla digitalizzazione Stefano Ciuoffo oggi a Pontedera al convegno \u201cAbilitiamo il futuro: competenze digitali per la Valdera\u201d<\/p>\n","protected":false},"author":502,"featured_media":382129,"comment_status":"open","ping_status":"open","sticky":false,"template":"","format":"standard","meta":{"_acf_changed":false,"footnotes":""},"categories":[475],"tags":[233,151,1639],"class_list":["post-384022","post","type-post","status-publish","format-standard","has-post-thumbnail","hentry","category-innovazione","tag-pontedera","tag-regione-toscana","tag-toscana-digitale"],"acf":[],"yoast_head":"<!-- This site is optimized with the Yoast SEO Premium plugin v24.2 (Yoast SEO v25.6) - https:\/\/yoast.com\/wordpress\/plugins\/seo\/ -->\n<title>Punti Digitale Facile, cos\u00ec la Toscana punta sulle competenze digitali: gi\u00e0 aiutati 75mila cittadini - intoscana<\/title>\n<meta name=\"robots\" content=\"index, follow, max-snippet:-1, max-image-preview:large, max-video-preview:-1\" \/>\n<link rel=\"canonical\" href=\"https:\/\/www.intoscana.it\/it\/punti-digitale-facile-cosi-la-toscana-punta-sulle-competenze-digitali-gia-aiutati-75mila-cittadini\/\" \/>\n<meta property=\"og:locale\" content=\"it_IT\" \/>\n<meta property=\"og:type\" content=\"article\" \/>\n<meta property=\"og:title\" content=\"Punti Digitale Facile, cos\u00ec la Toscana punta sulle competenze digitali: gi\u00e0 aiutati 75mila cittadini\" \/>\n<meta property=\"og:description\" content=\"Il punto sul progetto \u00e8 stato fatto dall&#039;assessore regionale alla digitalizzazione Stefano Ciuoffo oggi a Pontedera al convegno \u201cAbilitiamo il futuro: competenze digitali per la Valdera\u201d\" \/>\n<meta property=\"og:url\" content=\"https:\/\/www.intoscana.it\/it\/punti-digitale-facile-cosi-la-toscana-punta-sulle-competenze-digitali-gia-aiutati-75mila-cittadini\/\" \/>\n<meta property=\"og:site_name\" content=\"intoscana\" \/>\n<meta property=\"article:publisher\" content=\"https:\/\/www.facebook.com\/intoscana.it\" \/>\n<meta property=\"article:published_time\" content=\"2025-05-06T11:04:37+00:00\" \/>\n<meta property=\"article:modified_time\" content=\"2025-05-06T11:05:42+00:00\" \/>\n<meta property=\"og:image\" content=\"https:\/\/www.intoscana.it\/wp-content\/uploads\/AdobeStock_475975746.jpeg\" \/>\n\t<meta property=\"og:image:width\" content=\"1920\" \/>\n\t<meta property=\"og:image:height\" content=\"1280\" \/>\n\t<meta property=\"og:image:type\" content=\"image\/jpeg\" \/>\n<meta name=\"author\" content=\"Ilaria Giannini\" \/>\n<meta name=\"twitter:card\" content=\"summary_large_image\" \/>\n<meta name=\"twitter:creator\" content=\"@i.giannini@fst.it\" \/>\n<meta name=\"twitter:site\" content=\"@intoscana\" \/>\n<meta name=\"twitter:label1\" content=\"Written by\" \/>\n\t<meta name=\"twitter:data1\" content=\"Ilaria Giannini\" \/>\n\t<meta name=\"twitter:label2\" content=\"Est. reading time\" \/>\n\t<meta name=\"twitter:data2\" content=\"3 minuti\" \/>\n<script type=\"application\/ld+json\" class=\"yoast-schema-graph\">{\"@context\":\"https:\/\/schema.org\",\"@graph\":[{\"@type\":\"WebPage\",\"@id\":\"https:\/\/www.intoscana.it\/it\/punti-digitale-facile-cosi-la-toscana-punta-sulle-competenze-digitali-gia-aiutati-75mila-cittadini\/\",\"url\":\"https:\/\/www.intoscana.it\/it\/punti-digitale-facile-cosi-la-toscana-punta-sulle-competenze-digitali-gia-aiutati-75mila-cittadini\/\",\"name\":\"Punti Digitale Facile, cos\u00ec la Toscana punta sulle competenze digitali: gi\u00e0 aiutati 75mila cittadini - intoscana\",\"isPartOf\":{\"@id\":\"https:\/\/www.intoscana.it\/it\/#website\"},\"primaryImageOfPage\":{\"@id\":\"https:\/\/www.intoscana.it\/it\/punti-digitale-facile-cosi-la-toscana-punta-sulle-competenze-digitali-gia-aiutati-75mila-cittadini\/#primaryimage\"},\"image\":{\"@id\":\"https:\/\/www.intoscana.it\/it\/punti-digitale-facile-cosi-la-toscana-punta-sulle-competenze-digitali-gia-aiutati-75mila-cittadini\/#primaryimage\"},\"thumbnailUrl\":\"https:\/\/www.intoscana.it\/wp-content\/uploads\/AdobeStock_475975746.jpeg\",\"datePublished\":\"2025-05-06T11:04:37+00:00\",\"dateModified\":\"2025-05-06T11:05:42+00:00\",\"author\":{\"@id\":\"https:\/\/www.intoscana.it\/it\/#\/schema\/person\/de95e1ed2c1c8c30a6922bbba3a90185\"},\"breadcrumb\":{\"@id\":\"https:\/\/www.intoscana.it\/it\/punti-digitale-facile-cosi-la-toscana-punta-sulle-competenze-digitali-gia-aiutati-75mila-cittadini\/#breadcrumb\"},\"inLanguage\":\"it-IT\",\"potentialAction\":[{\"@type\":\"ReadAction\",\"target\":[\"https:\/\/www.intoscana.it\/it\/punti-digitale-facile-cosi-la-toscana-punta-sulle-competenze-digitali-gia-aiutati-75mila-cittadini\/\"]}]},{\"@type\":\"ImageObject\",\"inLanguage\":\"it-IT\",\"@id\":\"https:\/\/www.intoscana.it\/it\/punti-digitale-facile-cosi-la-toscana-punta-sulle-competenze-digitali-gia-aiutati-75mila-cittadini\/#primaryimage\",\"url\":\"https:\/\/www.intoscana.it\/wp-content\/uploads\/AdobeStock_475975746.jpeg\",\"contentUrl\":\"https:\/\/www.intoscana.it\/wp-content\/uploads\/AdobeStock_475975746.jpeg\",\"width\":1920,\"height\":1280},{\"@type\":\"BreadcrumbList\",\"@id\":\"https:\/\/www.intoscana.it\/it\/punti-digitale-facile-cosi-la-toscana-punta-sulle-competenze-digitali-gia-aiutati-75mila-cittadini\/#breadcrumb\",\"itemListElement\":[{\"@type\":\"ListItem\",\"position\":1,\"name\":\"Home\",\"item\":\"https:\/\/www.intoscana.it\/it\/\"},{\"@type\":\"ListItem\",\"position\":2,\"name\":\"Punti Digitale Facile, cos\u00ec la Toscana punta sulle competenze digitali: gi\u00e0 aiutati 75mila cittadini\"}]},{\"@type\":\"WebSite\",\"@id\":\"https:\/\/www.intoscana.it\/it\/#website\",\"url\":\"https:\/\/www.intoscana.it\/it\/\",\"name\":\"intoscana\",\"description\":\"\",\"potentialAction\":[{\"@type\":\"SearchAction\",\"target\":{\"@type\":\"EntryPoint\",\"urlTemplate\":\"https:\/\/www.intoscana.it\/it\/?s={search_term_string}\"},\"query-input\":{\"@type\":\"PropertyValueSpecification\",\"valueRequired\":true,\"valueName\":\"search_term_string\"}}],\"inLanguage\":\"it-IT\"},{\"@type\":\"Person\",\"@id\":\"https:\/\/www.intoscana.it\/it\/#\/schema\/person\/de95e1ed2c1c8c30a6922bbba3a90185\",\"name\":\"Ilaria Giannini\",\"sameAs\":[\"https:\/\/x.com\/i.giannini@fst.it\"],\"url\":\"https:\/\/www.intoscana.it\/it\/author\/ilaria-giannini\/\"}]}<\/script>\n<!-- \/ Yoast SEO Premium plugin. -->","yoast_head_json":{"title":"Punti Digitale Facile, cos\u00ec la Toscana punta sulle competenze digitali: gi\u00e0 aiutati 75mila cittadini - intoscana","robots":{"index":"index","follow":"follow","max-snippet":"max-snippet:-1","max-image-preview":"max-image-preview:large","max-video-preview":"max-video-preview:-1"},"canonical":"https:\/\/www.intoscana.it\/it\/punti-digitale-facile-cosi-la-toscana-punta-sulle-competenze-digitali-gia-aiutati-75mila-cittadini\/","og_locale":"it_IT","og_type":"article","og_title":"Punti Digitale Facile, cos\u00ec la Toscana punta sulle competenze digitali: gi\u00e0 aiutati 75mila cittadini","og_description":"Il punto sul progetto \u00e8 stato fatto dall'assessore regionale alla digitalizzazione Stefano Ciuoffo oggi a Pontedera al convegno \u201cAbilitiamo il futuro: competenze digitali per la Valdera\u201d","og_url":"https:\/\/www.intoscana.it\/it\/punti-digitale-facile-cosi-la-toscana-punta-sulle-competenze-digitali-gia-aiutati-75mila-cittadini\/","og_site_name":"intoscana","article_publisher":"https:\/\/www.facebook.com\/intoscana.it","article_published_time":"2025-05-06T11:04:37+00:00","article_modified_time":"2025-05-06T11:05:42+00:00","og_image":[{"width":1920,"height":1280,"url":"https:\/\/www.intoscana.it\/wp-content\/uploads\/AdobeStock_475975746.jpeg","type":"image\/jpeg"}],"author":"Ilaria Giannini","twitter_card":"summary_large_image","twitter_creator":"@i.giannini@fst.it","twitter_site":"@intoscana","twitter_misc":{"Written by":"Ilaria Giannini","Est. reading time":"3 minuti"},"schema":{"@context":"https:\/\/schema.org","@graph":[{"@type":"WebPage","@id":"https:\/\/www.intoscana.it\/it\/punti-digitale-facile-cosi-la-toscana-punta-sulle-competenze-digitali-gia-aiutati-75mila-cittadini\/","url":"https:\/\/www.intoscana.it\/it\/punti-digitale-facile-cosi-la-toscana-punta-sulle-competenze-digitali-gia-aiutati-75mila-cittadini\/","name":"Punti Digitale Facile, cos\u00ec la Toscana punta sulle competenze digitali: gi\u00e0 aiutati 75mila cittadini - intoscana","isPartOf":{"@id":"https:\/\/www.intoscana.it\/it\/#website"},"primaryImageOfPage":{"@id":"https:\/\/www.intoscana.it\/it\/punti-digitale-facile-cosi-la-toscana-punta-sulle-competenze-digitali-gia-aiutati-75mila-cittadini\/#primaryimage"},"image":{"@id":"https:\/\/www.intoscana.it\/it\/punti-digitale-facile-cosi-la-toscana-punta-sulle-competenze-digitali-gia-aiutati-75mila-cittadini\/#primaryimage"},"thumbnailUrl":"https:\/\/www.intoscana.it\/wp-content\/uploads\/AdobeStock_475975746.jpeg","datePublished":"2025-05-06T11:04:37+00:00","dateModified":"2025-05-06T11:05:42+00:00","author":{"@id":"https:\/\/www.intoscana.it\/it\/#\/schema\/person\/de95e1ed2c1c8c30a6922bbba3a90185"},"breadcrumb":{"@id":"https:\/\/www.intoscana.it\/it\/punti-digitale-facile-cosi-la-toscana-punta-sulle-competenze-digitali-gia-aiutati-75mila-cittadini\/#breadcrumb"},"inLanguage":"it-IT","potentialAction":[{"@type":"ReadAction","target":["https:\/\/www.intoscana.it\/it\/punti-digitale-facile-cosi-la-toscana-punta-sulle-competenze-digitali-gia-aiutati-75mila-cittadini\/"]}]},{"@type":"ImageObject","inLanguage":"it-IT","@id":"https:\/\/www.intoscana.it\/it\/punti-digitale-facile-cosi-la-toscana-punta-sulle-competenze-digitali-gia-aiutati-75mila-cittadini\/#primaryimage","url":"https:\/\/www.intoscana.it\/wp-content\/uploads\/AdobeStock_475975746.jpeg","contentUrl":"https:\/\/www.intoscana.it\/wp-content\/uploads\/AdobeStock_475975746.jpeg","width":1920,"height":1280},{"@type":"BreadcrumbList","@id":"https:\/\/www.intoscana.it\/it\/punti-digitale-facile-cosi-la-toscana-punta-sulle-competenze-digitali-gia-aiutati-75mila-cittadini\/#breadcrumb","itemListElement":[{"@type":"ListItem","position":1,"name":"Home","item":"https:\/\/www.intoscana.it\/it\/"},{"@type":"ListItem","position":2,"name":"Punti Digitale Facile, cos\u00ec la Toscana punta sulle competenze digitali: gi\u00e0 aiutati 75mila cittadini"}]},{"@type":"WebSite","@id":"https:\/\/www.intoscana.it\/it\/#website","url":"https:\/\/www.intoscana.it\/it\/","name":"intoscana","description":"","potentialAction":[{"@type":"SearchAction","target":{"@type":"EntryPoint","urlTemplate":"https:\/\/www.intoscana.it\/it\/?s={search_term_string}"},"query-input":{"@type":"PropertyValueSpecification","valueRequired":true,"valueName":"search_term_string"}}],"inLanguage":"it-IT"},{"@type":"Person","@id":"https:\/\/www.intoscana.it\/it\/#\/schema\/person\/de95e1ed2c1c8c30a6922bbba3a90185","name":"Ilaria Giannini","sameAs":["https:\/\/x.com\/i.giannini@fst.it"],"url":"https:\/\/www.intoscana.it\/it\/author\/ilaria-giannini\/"}]}},"_links":{"self":[{"href":"https:\/\/www.intoscana.it\/it\/wp-json\/wp\/v2\/posts\/384022","targetHints":{"allow":["GET"]}}],"collection":[{"href":"https:\/\/www.intoscana.it\/it\/wp-json\/wp\/v2\/posts"}],"about":[{"href":"https:\/\/www.intoscana.it\/it\/wp-json\/wp\/v2\/types\/post"}],"author":[{"embeddable":true,"href":"https:\/\/www.intoscana.it\/it\/wp-json\/wp\/v2\/users\/502"}],"replies":[{"embeddable":true,"href":"https:\/\/www.intoscana.it\/it\/wp-json\/wp\/v2\/comments?post=384022"}],"version-history":[{"count":6,"href":"https:\/\/www.intoscana.it\/it\/wp-json\/wp\/v2\/posts\/384022\/revisions"}],"predecessor-version":[{"id":384079,"href":"https:\/\/www.intoscana.it\/it\/wp-json\/wp\/v2\/posts\/384022\/revisions\/384079"}],"wp:featuredmedia":[{"embeddable":true,"href":"https:\/\/www.intoscana.it\/it\/wp-json\/wp\/v2\/media\/382129"}],"wp:attachment":[{"href":"https:\/\/www.intoscana.it\/it\/wp-json\/wp\/v2\/media?parent=384022"}],"wp:term":[{"taxonomy":"category","embeddable":true,"href":"https:\/\/www.intoscana.it\/it\/wp-json\/wp\/v2\/categories?post=384022"},{"taxonomy":"post_tag","embeddable":true,"href":"https:\/\/www.intoscana.it\/it\/wp-json\/wp\/v2\/tags?post=384022"}],"curies":[{"name":"wp","href":"https:\/\/api.w.org\/{rel}","templated":true}]}}