{"id":384299,"date":"2025-05-08T12:04:36","date_gmt":"2025-05-08T10:04:36","guid":{"rendered":"https:\/\/www.intoscana.it\/it\/?p=384299"},"modified":"2025-05-08T12:41:42","modified_gmt":"2025-05-08T10:41:42","slug":"moda-brad-pitt-stilista-manifattura-toscana","status":"publish","type":"post","link":"https:\/\/www.intoscana.it\/it\/moda-brad-pitt-stilista-manifattura-toscana\/","title":{"rendered":"Dal cinema alla moda: Brad Pitt diventa stilista (e la manifattura \u00e8 toscana)"},"content":{"rendered":"<p>Siamo abituati a vederlo sul set, tra ciak e copioni, vestire i panni dei personaggi pi\u00f9 iconici del cinema. Ma questa volta <strong>Brad Pitt<\/strong> ha scelto di stare dietro le quinte, non per un film, ma per una collezione. L\u2019attore premio Oscar che pu\u00f2 contare su una vastissima filmografia sorprende ancora una volta il pubblico reinventandosi <strong>stilista<\/strong>, portando il suo carisma e la sua visione anche nel mondo della <strong>moda<\/strong>.<\/p>\n<p>Si chiama <a href=\"https:\/\/godstruecashmere.com\/\" target=\"_blank\" rel=\"noopener\">God&#8217;s True Cashmere<\/a>, infatti, il marchio di lusso fondato dall\u2019attore americano con la designer di gioielli <strong>Sat Hari<\/strong>. La mission della produzione \u00e8 semplice: si basa su pochi, anzi pochissimi, pezzi unici, venduti in selezionate boutique. Per dare un\u2019idea del livello di esclusivit\u00e0 del brand, basti sapere che il capo-must \u00e8 una <strong>camicia di tartan<\/strong> disponibile in varie colorazioni a un prezzo di partenza di 2.250 dollari.<\/p>\n<h3>La produzione toscana<\/h3>\n<p>Ma ci\u00f2 che ci rende orgogliosi \u00e8 il fatto che la produzione sia <strong>made in Tuscany<\/strong>: una scelta che i fondatori hanno fatto nel 2019 quando hanno lanciato l\u2019etichetta, e che ritengono rappresenti il futuro anche ora che stanno ampliando ad altre categorie di prodotto come giacche, pantaloni, cappelli.<\/p>\n<blockquote class=\"instagram-media\" style=\"background: #FFF; border: 0; border-radius: 3px; box-shadow: 0 0 1px 0 rgba(0,0,0,0.5),0 1px 10px 0 rgba(0,0,0,0.15); margin: 1px; max-width: 540px; min-width: 326px; padding: 0; width: calc(100% - 2px);\" data-instgrm-permalink=\"https:\/\/www.instagram.com\/p\/DI1lsY4vGt-\/?utm_source=ig_embed&amp;utm_campaign=loading\" data-instgrm-version=\"14\">\n<div style=\"padding: 16px;\">\n<p>&nbsp;<\/p>\n<div style=\"display: flex; flex-direction: row; align-items: center;\">\n<div style=\"background-color: #f4f4f4; border-radius: 50%; flex-grow: 0; height: 40px; margin-right: 14px; width: 40px;\"><\/div>\n<div style=\"display: flex; flex-direction: column; flex-grow: 1; justify-content: center;\">\n<div style=\"background-color: #f4f4f4; border-radius: 4px; flex-grow: 0; height: 14px; margin-bottom: 6px; width: 100px;\"><\/div>\n<div style=\"background-color: #f4f4f4; border-radius: 4px; flex-grow: 0; height: 14px; width: 60px;\"><\/div>\n<\/div>\n<\/div>\n<div style=\"padding: 19% 0;\"><\/div>\n<div style=\"display: block; height: 50px; margin: 0 auto 12px; width: 50px;\"><\/div>\n<div style=\"padding-top: 8px;\">\n<div style=\"color: #3897f0; font-family: Arial,sans-serif; font-size: 14px; font-style: normal; font-weight: 550; line-height: 18px;\">Visualizza questo post su Instagram<\/div>\n<\/div>\n<div style=\"padding: 12.5% 0;\"><\/div>\n<div style=\"display: flex; flex-direction: row; margin-bottom: 14px; align-items: center;\">\n<div>\n<div style=\"background-color: #f4f4f4; border-radius: 50%; height: 12.5px; width: 12.5px; transform: translateX(0px) translateY(7px);\"><\/div>\n<div style=\"background-color: #f4f4f4; height: 12.5px; transform: rotate(-45deg) translateX(3px) translateY(1px); width: 12.5px; flex-grow: 0; margin-right: 14px; margin-left: 2px;\"><\/div>\n<div style=\"background-color: #f4f4f4; border-radius: 50%; height: 12.5px; width: 12.5px; transform: translateX(9px) translateY(-18px);\"><\/div>\n<\/div>\n<div style=\"margin-left: 8px;\">\n<div style=\"background-color: #f4f4f4; border-radius: 50%; flex-grow: 0; height: 20px; width: 20px;\"><\/div>\n<div style=\"width: 0; height: 0; border-top: 2px solid transparent; border-left: 6px solid #f4f4f4; border-bottom: 2px solid transparent; transform: translateX(16px) translateY(-4px) rotate(30deg);\"><\/div>\n<\/div>\n<div style=\"margin-left: auto;\">\n<div style=\"width: 0px; border-top: 8px solid #F4F4F4; border-right: 8px solid transparent; transform: translateY(16px);\"><\/div>\n<div style=\"background-color: #f4f4f4; flex-grow: 0; height: 12px; width: 16px; transform: translateY(-4px);\"><\/div>\n<div style=\"width: 0; height: 0; border-top: 8px solid #F4F4F4; border-left: 8px solid transparent; transform: translateY(-4px) translateX(8px);\"><\/div>\n<\/div>\n<\/div>\n<div style=\"display: flex; flex-direction: column; flex-grow: 1; justify-content: center; margin-bottom: 24px;\">\n<div style=\"background-color: #f4f4f4; border-radius: 4px; flex-grow: 0; height: 14px; margin-bottom: 6px; width: 224px;\"><\/div>\n<div style=\"background-color: #f4f4f4; border-radius: 4px; flex-grow: 0; height: 14px; width: 144px;\"><\/div>\n<\/div>\n<p>&nbsp;<\/p>\n<p style=\"color: #c9c8cd; font-family: Arial,sans-serif; font-size: 14px; line-height: 17px; margin-bottom: 0; margin-top: 8px; overflow: hidden; padding: 8px 0 7px; text-align: center; text-overflow: ellipsis; white-space: nowrap;\"><a style=\"color: #c9c8cd; font-family: Arial,sans-serif; font-size: 14px; font-style: normal; font-weight: normal; line-height: 17px; text-decoration: none;\" href=\"https:\/\/www.instagram.com\/p\/DI1lsY4vGt-\/?utm_source=ig_embed&amp;utm_campaign=loading\" target=\"_blank\" rel=\"noopener\">Un post condiviso da God\u2019s True Cashmere (@godstruecashmere)<\/a><\/p>\n<\/div>\n<\/blockquote>\n<p><script async src=\"\/\/www.instagram.com\/embed.js\"><\/script><\/p>\n<p>&#8220;Siamo un marchio di Los Angeles realizzato in Italia. Non riesco a pensare a nessun&#8217;altra opzione &#8211; spiega la co-fondatrice Sat Hari in un&#8217;intervista rilasciata all&#8217;<a href=\"https:\/\/www.ansa.it\/toscana\/notizie\/2025\/04\/19\/brad-pitt-stilista-con-sat-hari-il-brand-e-made-in-tuscany_26d3b23a-299a-4b9b-badb-f4913ae51f72.html#:~:text=Una%20produzione%20tutta%20italiana%2C%20Toscana,tartan%2C%20costa%202.250%20dollari).\" target=\"_blank\" rel=\"noopener\">ANSA<\/a> -. <mark>Quando abbiamo ideato il marchio, siamo stati attratti dalla bellezza e dalla cultura italiana. L&#8217;artigianalit\u00e0 \u00e8 ineguagliabile nella sua precisione ed esclusivit\u00e0. Produciamo tutto in Italia, in Toscana<\/mark>. Non abbiamo altri piani per l&#8217;azienda. Cerchiamo sempre l&#8217;eccellenza, che si tratti delle materie prime, della tessitura, delle cuciture, delle finiture. <mark>Lavoriamo con piccoli artigiani locali e fabbriche che possono impegnarsi in politiche sostenibili ed etiche<\/mark>&#8220;.<\/p>\n<h3>Sostenibilit\u00e0 del brand<\/h3>\n<p>I capi sono prodotti in Italia, utilizzando principalmente cachemire. Il brand \u00e8 talmente <strong>green<\/strong> che anche i cartellini sono in cotone bio e poliestere riciclato, gli scarti di tessuto sono riutilizzati e non viene usata plastica per le spedizioni.<br \/>\n&#8220;Per fortuna l&#8217;Italia \u00e8 molto competente e aperta a concentrarsi sulla sostenibilit\u00e0- continua Sat Hari, raccontando come crea ogni collezione insieme a Brad Pitt -. <mark>Le nostre collezioni di solito partono da colori e forme. Partiamo da un enorme tavolo di filati, li intrecciamo insieme e li sovrapponiamo<\/mark>. Durante queste sessioni beviamo il t\u00e8 e mettiamo la musica, \u00e8 un momento di gioco e di gioia. Pensiamo alle stagioni, alle persone che indosseranno i capi e iniziamo a selezionare i colori, come potrebbero abbinarsi&#8221;.<\/p>\n<blockquote class=\"instagram-media\" style=\"background: #FFF; border: 0; border-radius: 3px; box-shadow: 0 0 1px 0 rgba(0,0,0,0.5),0 1px 10px 0 rgba(0,0,0,0.15); margin: 1px; max-width: 540px; min-width: 326px; padding: 0; width: calc(100% - 2px);\" data-instgrm-permalink=\"https:\/\/www.instagram.com\/p\/C1SJXc-JYw2\/?utm_source=ig_embed&amp;utm_campaign=loading\" data-instgrm-version=\"14\">\n<div style=\"padding: 16px;\">\n<p>&nbsp;<\/p>\n<div style=\"display: flex; flex-direction: row; align-items: center;\">\n<div style=\"background-color: #f4f4f4; border-radius: 50%; flex-grow: 0; height: 40px; margin-right: 14px; width: 40px;\"><\/div>\n<div style=\"display: flex; flex-direction: column; flex-grow: 1; justify-content: center;\">\n<div style=\"background-color: #f4f4f4; border-radius: 4px; flex-grow: 0; height: 14px; margin-bottom: 6px; width: 100px;\"><\/div>\n<div style=\"background-color: #f4f4f4; border-radius: 4px; flex-grow: 0; height: 14px; width: 60px;\"><\/div>\n<\/div>\n<\/div>\n<div style=\"padding: 19% 0;\"><\/div>\n<div style=\"display: block; height: 50px; margin: 0 auto 12px; width: 50px;\"><\/div>\n<div style=\"padding-top: 8px;\">\n<div style=\"color: #3897f0; font-family: Arial,sans-serif; font-size: 14px; font-style: normal; font-weight: 550; line-height: 18px;\">Visualizza questo post su Instagram<\/div>\n<\/div>\n<div style=\"padding: 12.5% 0;\"><\/div>\n<div style=\"display: flex; flex-direction: row; margin-bottom: 14px; align-items: center;\">\n<div>\n<div style=\"background-color: #f4f4f4; border-radius: 50%; height: 12.5px; width: 12.5px; transform: translateX(0px) translateY(7px);\"><\/div>\n<div style=\"background-color: #f4f4f4; height: 12.5px; transform: rotate(-45deg) translateX(3px) translateY(1px); width: 12.5px; flex-grow: 0; margin-right: 14px; margin-left: 2px;\"><\/div>\n<div style=\"background-color: #f4f4f4; border-radius: 50%; height: 12.5px; width: 12.5px; transform: translateX(9px) translateY(-18px);\"><\/div>\n<\/div>\n<div style=\"margin-left: 8px;\">\n<div style=\"background-color: #f4f4f4; border-radius: 50%; flex-grow: 0; height: 20px; width: 20px;\"><\/div>\n<div style=\"width: 0; height: 0; border-top: 2px solid transparent; border-left: 6px solid #f4f4f4; border-bottom: 2px solid transparent; transform: translateX(16px) translateY(-4px) rotate(30deg);\"><\/div>\n<\/div>\n<div style=\"margin-left: auto;\">\n<div style=\"width: 0px; border-top: 8px solid #F4F4F4; border-right: 8px solid transparent; transform: translateY(16px);\"><\/div>\n<div style=\"background-color: #f4f4f4; flex-grow: 0; height: 12px; width: 16px; transform: translateY(-4px);\"><\/div>\n<div style=\"width: 0; height: 0; border-top: 8px solid #F4F4F4; border-left: 8px solid transparent; transform: translateY(-4px) translateX(8px);\"><\/div>\n<\/div>\n<\/div>\n<div style=\"display: flex; flex-direction: column; flex-grow: 1; justify-content: center; margin-bottom: 24px;\">\n<div style=\"background-color: #f4f4f4; border-radius: 4px; flex-grow: 0; height: 14px; margin-bottom: 6px; width: 224px;\"><\/div>\n<div style=\"background-color: #f4f4f4; border-radius: 4px; flex-grow: 0; height: 14px; width: 144px;\"><\/div>\n<\/div>\n<p>&nbsp;<\/p>\n<p style=\"color: #c9c8cd; font-family: Arial,sans-serif; font-size: 14px; line-height: 17px; margin-bottom: 0; margin-top: 8px; overflow: hidden; padding: 8px 0 7px; text-align: center; text-overflow: ellipsis; white-space: nowrap;\"><a style=\"color: #c9c8cd; font-family: Arial,sans-serif; font-size: 14px; font-style: normal; font-weight: normal; line-height: 17px; text-decoration: none;\" href=\"https:\/\/www.instagram.com\/p\/C1SJXc-JYw2\/?utm_source=ig_embed&amp;utm_campaign=loading\" target=\"_blank\" rel=\"noopener\">Un post condiviso da God\u2019s True Cashmere (@godstruecashmere)<\/a><\/p>\n<\/div>\n<\/blockquote>\n<p><script async src=\"\/\/www.instagram.com\/embed.js\"><\/script><\/p>\n<h3>Filosofia e design<\/h3>\n<p>God\u2019s True Cashmere si basa sull&#8217;idea che il tocco sia una forma tangibile d&#8217;amore. Ogni camicia \u00e8 realizzata in puro cachemire italiano e vanta <strong>7 bottoni-gioiello<\/strong> che rappresentando i chakra. Le pietre, scolpite a mano, sono scelte in base alle <strong>propriet\u00e0 curative<\/strong>. L&#8217;obiettivo \u00e8 offrire un capo che abbracci chi lo indossa, trasmettendo una sensazione di amore e comfort.<\/p>\n<p>&#8220;Non creiamo solo abiti &#8211; conclude Sat Hari &#8211; offriamo un&#8217;esperienza&#8221;.<\/p>\n","protected":false},"excerpt":{"rendered":"<p>L\u2019attore premio Oscar ha fondato insieme alla designer di gioielli Sat Hari il suo marchio di lusso: \u201cSiamo stati attratti dalla bellezza e dalla cultura italiana. L&#8217;artigianalit\u00e0 \u00e8 ineguagliabile nella sua precisione ed esclusivit\u00e0\u201d<\/p>\n","protected":false},"author":483,"featured_media":384301,"comment_status":"open","ping_status":"open","sticky":false,"template":"","format":"standard","meta":{"_acf_changed":false,"footnotes":""},"categories":[9],"tags":[189],"class_list":["post-384299","post","type-post","status-publish","format-standard","has-post-thumbnail","hentry","category-made-in-toscana","tag-moda"],"acf":[],"yoast_head":"<!-- This site is optimized with the Yoast SEO Premium plugin v24.2 (Yoast SEO v25.6) - https:\/\/yoast.com\/wordpress\/plugins\/seo\/ -->\n<title>Dal cinema alla moda: Brad Pitt diventa stilista (e la manifattura \u00e8 toscana) - intoscana<\/title>\n<meta name=\"description\" content=\"Brad Pitt ha fondato insieme alla designer Sat Hari il suo marchio di lusso: \u201cSiamo stati attratti dalla bellezza e dalla cultura italiana&quot;.\" \/>\n<meta name=\"robots\" content=\"index, follow, max-snippet:-1, max-image-preview:large, max-video-preview:-1\" \/>\n<link rel=\"canonical\" href=\"https:\/\/www.intoscana.it\/it\/moda-brad-pitt-stilista-manifattura-toscana\/\" \/>\n<meta property=\"og:locale\" content=\"it_IT\" \/>\n<meta property=\"og:type\" content=\"article\" \/>\n<meta property=\"og:title\" content=\"Dal cinema alla moda: Brad Pitt diventa stilista (e la manifattura \u00e8 toscana)\" \/>\n<meta property=\"og:description\" content=\"Brad Pitt ha fondato insieme alla designer Sat Hari il suo marchio di lusso: \u201cSiamo stati attratti dalla bellezza e dalla cultura italiana&quot;.\" \/>\n<meta property=\"og:url\" content=\"https:\/\/www.intoscana.it\/it\/moda-brad-pitt-stilista-manifattura-toscana\/\" \/>\n<meta property=\"og:site_name\" content=\"intoscana\" \/>\n<meta property=\"article:publisher\" content=\"https:\/\/www.facebook.com\/intoscana.it\" \/>\n<meta property=\"article:published_time\" content=\"2025-05-08T10:04:36+00:00\" \/>\n<meta property=\"article:modified_time\" content=\"2025-05-08T10:41:42+00:00\" \/>\n<meta property=\"og:image\" content=\"https:\/\/www.intoscana.it\/wp-content\/uploads\/Moda-Brad-Pitt-Manifattura-toscana-e1746700897493.jpg\" \/>\n\t<meta property=\"og:image:width\" content=\"1882\" \/>\n\t<meta property=\"og:image:height\" content=\"1168\" \/>\n\t<meta property=\"og:image:type\" content=\"image\/jpeg\" \/>\n<meta name=\"author\" content=\"Marta Mancini\" \/>\n<meta name=\"twitter:card\" content=\"summary_large_image\" \/>\n<meta name=\"twitter:creator\" content=\"@intoscana\" \/>\n<meta name=\"twitter:site\" content=\"@intoscana\" \/>\n<meta name=\"twitter:label1\" content=\"Written by\" \/>\n\t<meta name=\"twitter:data1\" content=\"Marta Mancini\" \/>\n\t<meta name=\"twitter:label2\" content=\"Est. reading time\" \/>\n\t<meta name=\"twitter:data2\" content=\"3 minuti\" \/>\n<script type=\"application\/ld+json\" class=\"yoast-schema-graph\">{\"@context\":\"https:\/\/schema.org\",\"@graph\":[{\"@type\":\"WebPage\",\"@id\":\"https:\/\/www.intoscana.it\/it\/moda-brad-pitt-stilista-manifattura-toscana\/\",\"url\":\"https:\/\/www.intoscana.it\/it\/moda-brad-pitt-stilista-manifattura-toscana\/\",\"name\":\"Dal cinema alla moda: Brad Pitt diventa stilista (e la manifattura \u00e8 toscana) - intoscana\",\"isPartOf\":{\"@id\":\"https:\/\/www.intoscana.it\/it\/#website\"},\"primaryImageOfPage\":{\"@id\":\"https:\/\/www.intoscana.it\/it\/moda-brad-pitt-stilista-manifattura-toscana\/#primaryimage\"},\"image\":{\"@id\":\"https:\/\/www.intoscana.it\/it\/moda-brad-pitt-stilista-manifattura-toscana\/#primaryimage\"},\"thumbnailUrl\":\"https:\/\/www.intoscana.it\/wp-content\/uploads\/Moda-Brad-Pitt-Manifattura-toscana-e1746700897493.jpg\",\"datePublished\":\"2025-05-08T10:04:36+00:00\",\"dateModified\":\"2025-05-08T10:41:42+00:00\",\"author\":{\"@id\":\"https:\/\/www.intoscana.it\/it\/#\/schema\/person\/ba955c49c389f39a8208f182b0652479\"},\"description\":\"Brad Pitt ha fondato insieme alla designer Sat Hari il suo marchio di lusso: \u201cSiamo stati attratti dalla bellezza e dalla cultura italiana\\\".\",\"breadcrumb\":{\"@id\":\"https:\/\/www.intoscana.it\/it\/moda-brad-pitt-stilista-manifattura-toscana\/#breadcrumb\"},\"inLanguage\":\"it-IT\",\"potentialAction\":[{\"@type\":\"ReadAction\",\"target\":[\"https:\/\/www.intoscana.it\/it\/moda-brad-pitt-stilista-manifattura-toscana\/\"]}]},{\"@type\":\"ImageObject\",\"inLanguage\":\"it-IT\",\"@id\":\"https:\/\/www.intoscana.it\/it\/moda-brad-pitt-stilista-manifattura-toscana\/#primaryimage\",\"url\":\"https:\/\/www.intoscana.it\/wp-content\/uploads\/Moda-Brad-Pitt-Manifattura-toscana-e1746700897493.jpg\",\"contentUrl\":\"https:\/\/www.intoscana.it\/wp-content\/uploads\/Moda-Brad-Pitt-Manifattura-toscana-e1746700897493.jpg\",\"width\":1882,\"height\":1168,\"caption\":\"Brad Pitt stilista con Sat Hari, il brand \u00e8 Made in Tuscany\"},{\"@type\":\"BreadcrumbList\",\"@id\":\"https:\/\/www.intoscana.it\/it\/moda-brad-pitt-stilista-manifattura-toscana\/#breadcrumb\",\"itemListElement\":[{\"@type\":\"ListItem\",\"position\":1,\"name\":\"Home\",\"item\":\"https:\/\/www.intoscana.it\/it\/\"},{\"@type\":\"ListItem\",\"position\":2,\"name\":\"Dal cinema alla moda: Brad Pitt diventa stilista (e la manifattura \u00e8 toscana)\"}]},{\"@type\":\"WebSite\",\"@id\":\"https:\/\/www.intoscana.it\/it\/#website\",\"url\":\"https:\/\/www.intoscana.it\/it\/\",\"name\":\"intoscana\",\"description\":\"\",\"potentialAction\":[{\"@type\":\"SearchAction\",\"target\":{\"@type\":\"EntryPoint\",\"urlTemplate\":\"https:\/\/www.intoscana.it\/it\/?s={search_term_string}\"},\"query-input\":{\"@type\":\"PropertyValueSpecification\",\"valueRequired\":true,\"valueName\":\"search_term_string\"}}],\"inLanguage\":\"it-IT\"},{\"@type\":\"Person\",\"@id\":\"https:\/\/www.intoscana.it\/it\/#\/schema\/person\/ba955c49c389f39a8208f182b0652479\",\"name\":\"Marta Mancini\",\"url\":\"https:\/\/www.intoscana.it\/it\/author\/marta-mancini\/\"}]}<\/script>\n<!-- \/ Yoast SEO Premium plugin. -->","yoast_head_json":{"title":"Dal cinema alla moda: Brad Pitt diventa stilista (e la manifattura \u00e8 toscana) - intoscana","description":"Brad Pitt ha fondato insieme alla designer Sat Hari il suo marchio di lusso: \u201cSiamo stati attratti dalla bellezza e dalla cultura italiana\".","robots":{"index":"index","follow":"follow","max-snippet":"max-snippet:-1","max-image-preview":"max-image-preview:large","max-video-preview":"max-video-preview:-1"},"canonical":"https:\/\/www.intoscana.it\/it\/moda-brad-pitt-stilista-manifattura-toscana\/","og_locale":"it_IT","og_type":"article","og_title":"Dal cinema alla moda: Brad Pitt diventa stilista (e la manifattura \u00e8 toscana)","og_description":"Brad Pitt ha fondato insieme alla designer Sat Hari il suo marchio di lusso: \u201cSiamo stati attratti dalla bellezza e dalla cultura italiana\".","og_url":"https:\/\/www.intoscana.it\/it\/moda-brad-pitt-stilista-manifattura-toscana\/","og_site_name":"intoscana","article_publisher":"https:\/\/www.facebook.com\/intoscana.it","article_published_time":"2025-05-08T10:04:36+00:00","article_modified_time":"2025-05-08T10:41:42+00:00","og_image":[{"width":1882,"height":1168,"url":"https:\/\/www.intoscana.it\/wp-content\/uploads\/Moda-Brad-Pitt-Manifattura-toscana-e1746700897493.jpg","type":"image\/jpeg"}],"author":"Marta Mancini","twitter_card":"summary_large_image","twitter_creator":"@intoscana","twitter_site":"@intoscana","twitter_misc":{"Written by":"Marta Mancini","Est. reading time":"3 minuti"},"schema":{"@context":"https:\/\/schema.org","@graph":[{"@type":"WebPage","@id":"https:\/\/www.intoscana.it\/it\/moda-brad-pitt-stilista-manifattura-toscana\/","url":"https:\/\/www.intoscana.it\/it\/moda-brad-pitt-stilista-manifattura-toscana\/","name":"Dal cinema alla moda: Brad Pitt diventa stilista (e la manifattura \u00e8 toscana) - intoscana","isPartOf":{"@id":"https:\/\/www.intoscana.it\/it\/#website"},"primaryImageOfPage":{"@id":"https:\/\/www.intoscana.it\/it\/moda-brad-pitt-stilista-manifattura-toscana\/#primaryimage"},"image":{"@id":"https:\/\/www.intoscana.it\/it\/moda-brad-pitt-stilista-manifattura-toscana\/#primaryimage"},"thumbnailUrl":"https:\/\/www.intoscana.it\/wp-content\/uploads\/Moda-Brad-Pitt-Manifattura-toscana-e1746700897493.jpg","datePublished":"2025-05-08T10:04:36+00:00","dateModified":"2025-05-08T10:41:42+00:00","author":{"@id":"https:\/\/www.intoscana.it\/it\/#\/schema\/person\/ba955c49c389f39a8208f182b0652479"},"description":"Brad Pitt ha fondato insieme alla designer Sat Hari il suo marchio di lusso: \u201cSiamo stati attratti dalla bellezza e dalla cultura italiana\".","breadcrumb":{"@id":"https:\/\/www.intoscana.it\/it\/moda-brad-pitt-stilista-manifattura-toscana\/#breadcrumb"},"inLanguage":"it-IT","potentialAction":[{"@type":"ReadAction","target":["https:\/\/www.intoscana.it\/it\/moda-brad-pitt-stilista-manifattura-toscana\/"]}]},{"@type":"ImageObject","inLanguage":"it-IT","@id":"https:\/\/www.intoscana.it\/it\/moda-brad-pitt-stilista-manifattura-toscana\/#primaryimage","url":"https:\/\/www.intoscana.it\/wp-content\/uploads\/Moda-Brad-Pitt-Manifattura-toscana-e1746700897493.jpg","contentUrl":"https:\/\/www.intoscana.it\/wp-content\/uploads\/Moda-Brad-Pitt-Manifattura-toscana-e1746700897493.jpg","width":1882,"height":1168,"caption":"Brad Pitt stilista con Sat Hari, il brand \u00e8 Made in Tuscany"},{"@type":"BreadcrumbList","@id":"https:\/\/www.intoscana.it\/it\/moda-brad-pitt-stilista-manifattura-toscana\/#breadcrumb","itemListElement":[{"@type":"ListItem","position":1,"name":"Home","item":"https:\/\/www.intoscana.it\/it\/"},{"@type":"ListItem","position":2,"name":"Dal cinema alla moda: Brad Pitt diventa stilista (e la manifattura \u00e8 toscana)"}]},{"@type":"WebSite","@id":"https:\/\/www.intoscana.it\/it\/#website","url":"https:\/\/www.intoscana.it\/it\/","name":"intoscana","description":"","potentialAction":[{"@type":"SearchAction","target":{"@type":"EntryPoint","urlTemplate":"https:\/\/www.intoscana.it\/it\/?s={search_term_string}"},"query-input":{"@type":"PropertyValueSpecification","valueRequired":true,"valueName":"search_term_string"}}],"inLanguage":"it-IT"},{"@type":"Person","@id":"https:\/\/www.intoscana.it\/it\/#\/schema\/person\/ba955c49c389f39a8208f182b0652479","name":"Marta Mancini","url":"https:\/\/www.intoscana.it\/it\/author\/marta-mancini\/"}]}},"_links":{"self":[{"href":"https:\/\/www.intoscana.it\/it\/wp-json\/wp\/v2\/posts\/384299","targetHints":{"allow":["GET"]}}],"collection":[{"href":"https:\/\/www.intoscana.it\/it\/wp-json\/wp\/v2\/posts"}],"about":[{"href":"https:\/\/www.intoscana.it\/it\/wp-json\/wp\/v2\/types\/post"}],"author":[{"embeddable":true,"href":"https:\/\/www.intoscana.it\/it\/wp-json\/wp\/v2\/users\/483"}],"replies":[{"embeddable":true,"href":"https:\/\/www.intoscana.it\/it\/wp-json\/wp\/v2\/comments?post=384299"}],"version-history":[{"count":6,"href":"https:\/\/www.intoscana.it\/it\/wp-json\/wp\/v2\/posts\/384299\/revisions"}],"predecessor-version":[{"id":384324,"href":"https:\/\/www.intoscana.it\/it\/wp-json\/wp\/v2\/posts\/384299\/revisions\/384324"}],"wp:featuredmedia":[{"embeddable":true,"href":"https:\/\/www.intoscana.it\/it\/wp-json\/wp\/v2\/media\/384301"}],"wp:attachment":[{"href":"https:\/\/www.intoscana.it\/it\/wp-json\/wp\/v2\/media?parent=384299"}],"wp:term":[{"taxonomy":"category","embeddable":true,"href":"https:\/\/www.intoscana.it\/it\/wp-json\/wp\/v2\/categories?post=384299"},{"taxonomy":"post_tag","embeddable":true,"href":"https:\/\/www.intoscana.it\/it\/wp-json\/wp\/v2\/tags?post=384299"}],"curies":[{"name":"wp","href":"https:\/\/api.w.org\/{rel}","templated":true}]}}