{"id":384422,"date":"2025-05-09T11:26:52","date_gmt":"2025-05-09T09:26:52","guid":{"rendered":"https:\/\/www.intoscana.it\/it\/?p=384422"},"modified":"2025-05-13T11:35:26","modified_gmt":"2025-05-13T09:35:26","slug":"i-ricordi-fiorentini-di-papa-leone-xiv-tra-la-basilica-di-santo-spirito-e-la-passione-per-la-bistecca","status":"publish","type":"post","link":"https:\/\/www.intoscana.it\/it\/i-ricordi-fiorentini-di-papa-leone-xiv-tra-la-basilica-di-santo-spirito-e-la-passione-per-la-bistecca\/","title":{"rendered":"I ricordi fiorentini di Papa Leone XIV tra basilica di Santo Spirito e passione per la bistecca"},"content":{"rendered":"<p>In Oltrarno ricordano ancora <strong>la sua ultima visita<\/strong> un anno fa da generale dell&#8217;Ordine Agostiniano e la sua <strong>passione per la bistecca<\/strong>. Esultano Firenze e la Toscana per l&#8217;elezione di <strong>Robert Francis Prevost<\/strong>. Il nuovo <strong>papa Leone XIV<\/strong> \u00e8 stato spesso in citt\u00e0. Nella diocesi toscana c&#8217;\u00e8 chi ha studiato con lui, chi lo ha conosciuto quando era missionario in Per\u00f9.<\/p>\n<p>Tutti ne tratteggiano le <strong>qualit\u00e0 umane e morali<\/strong> esaltando le <strong>doti di mediatore<\/strong>. Un pontefice pronto a seguire il cammino tracciato da papa Francesco e a perseguire l&#8217;obiettivo di <em>&#8220;una pace disarmata e una pace disarmante, umile e perseverante&#8221; <\/em>come ha ricordato subito dopo l&#8217;elezione.<\/p>\n<h3>L&#8217;entusiasmo alla Basilica di S. Spirito<\/h3>\n<p>Nel <strong>Convento degli Agostiniani<\/strong> di Santo Spirito a Firenze il nuovo papa Leone XIV si \u00e8 visto spesso. Per celebrare la sua elezione domenica 11 maggio alle ore 10.30, sar\u00e0 celebrata una <strong>messa di ringraziamento<\/strong>.<\/p>\n<p><strong>Padre Giuseppe Pagano<\/strong> ha studiato con lui nel 1983 a Roma e ha lavorato al suo fianco cinque anni nella casa generalizia di Roma. &#8220;<em>\u00c8 il primo di noi agostiniani eletto Papa. Lavorer\u00e0 molto sulla Pace, viene da un cammino sincero di fede, di preghiera che non ha mai abbandonato, ci crede. Si muover\u00e0 molto sui conflitti, cercher\u00e0 nuovi equilibri. L&#8217;ho sentito prima del Conclave, prender\u00e0 bene l&#8217;eredit\u00e0 di Francesco poi lancer\u00e0 la Chiesa in avanti. Nella Chiesa agir\u00e0 affinch\u00e9 si affermi unit\u00e0, comunione interna<\/em>&#8221; assicura <strong>padre Giuseppe Pagano<\/strong>.<\/p>\n<p>&#8220;<em>Leone XIV<\/em> &#8211; spiega il <strong>padre agostiniano<\/strong> fiorentino &#8211; <em>\u00e8 un americano latino, pi\u00f9 che un nord americano. E&#8217; stato tanti anni missionario, lui sa stare con i poveri e sa parlare coi ricchi, sa essere amico di poveri e ricchi, e questo lo credo un notevole vantaggio, lo Spirito Santo mi sa che ha illuminato il Conclave bene anche questa volta&#8221;.<\/em><\/p>\n<p><iframe loading=\"lazy\" style=\"border: none; overflow: hidden;\" src=\"https:\/\/www.facebook.com\/plugins\/video.php?height=314&amp;href=https%3A%2F%2Fwww.facebook.com%2FBasilicaSantoSpirito%2Fvideos%2F1024047058761572%2F&amp;show_text=false&amp;width=560&amp;t=0\" width=\"560\" height=\"314\" frameborder=\"0\" scrolling=\"no\" allowfullscreen=\"allowfullscreen\"><\/iframe><\/p>\n<p><strong>Padre Pagano<\/strong> ha avuto modo di apprezzarne le doti umane pi\u00f9 volte in <strong>40 anni di amicizia<\/strong>. &#8220;<em>Con lui si stabilisce velocemente un rapporto di fiducia reciproca&#8221;<\/em> assicura. &#8220;<em>Quando abbiamo viaggiato insieme ci siamo pure divertiti, \u00e8 una persona che vuole conoscere, si interessa alle cose, ha molti hobby, ama guidare la macchina, lo farebbe per ore, ama gli sport, nel calcio \u00e8 un grande tifoso della Roma. L&#8217;ho sentito dopo la partita Roma-Fiorentina. Mi ha detto scherzando: &#8216;La vittoria della Roma \u00e8 il primo miracolo di Francesco dopo la morte&#8221;&#8221;<\/em> aggiunge.<\/p>\n<p>Da cardinale, come generale dell&#8217;<strong>Ordine Agostiniano<\/strong>, Prevost \u00e8 stato a trovare i confratelli di Firenze appena l&#8217;anno scorso, il 7 aprile 2024 in concomitanza con la presentazione del restauro della <strong>Trasfigurazione di Pier Francesco Foschi<\/strong> (1502-1567), conservata a Santo Spirito. Sui social della Basilica in Oltrarno circola poi <strong>la messa celebrata<\/strong> nell&#8217;ottobre 2023 dall&#8217;allora cardinale Prevost.<\/p>\n<h3>L&#8217;incontro con Prevost in Per\u00f9<\/h3>\n<p>Per <strong>Giovanni Paccosi<\/strong>, vescovo di San Miniato, &#8220;<em>Prevost era uno da tenere presente per l&#8217;elezione a Papa. E cos\u00ec \u00e8 stato&#8221;<\/em>. Paccosi ha conosciuto <strong>Robin Francis Prevost<\/strong> in Per\u00f9, quando il futuro Papa era <strong>vescovo a Chiclayo<\/strong>, &#8220;<em>una diocesi grandissima da un milione e mezzo di persone nel nord del Per\u00f9, dove io l&#8217;ho conosciuto&#8221;<\/em>. Negli ultimi due anni &#8220;<em>ci siamo parlati alcune volte, non \u00e8 una conoscenza stretta di amicizia, per\u00f2 c&#8217;\u00e8 un rapporto di grande stima. Ho visto in lui un grande pastore, capace di stare con la gente pi\u00f9 semplice ma anche con l&#8217;autorit\u00e0 o il mondo della cultura&#8221;. &#8220;Poi ci siamo rivisti in questi ultimi due anni &#8211;<\/em> aggiunge &#8211;<em>, da quando sono stato fatto vescovo perch\u00e9 lui \u00e8 prefetto del dicastero dei vescovi. L&#8217;ho incontrato un paio di volte, ci siamo ricordati di quando eravamo in Per\u00f9. E&#8217; una persona di grande equilibrio con il cuore totalmente donato ai poveri, alla chiesa e a Cristo&#8221;.<\/em><\/p>\n<h3>L&#8217;esperienza delle missioni per guidare la Chiesa<\/h3>\n<p>&#8220;<em>Siamo pieni di gioia e di gratitudine per l&#8217;elezione di papa Leone XIV, ci uniamo da Firenze a tutte le Chiese del mondo che oggi sono in festa. Il Signore ci ha donato un nuovo pastore che guider\u00e0 la Chiesa, il popolo di Dio. La sua esperienza missionaria porter\u00e0 grande ricchezza per condurre e guidare la Chiesa in questa apertura all&#8217;universalit\u00e0. Le sue prime parole ci fanno pensare che porter\u00e0 avanti il magistero di Papa Francesco nell&#8217;attenzione alla sinodalit\u00e0<\/em>&#8221; cos\u00ec l&#8217;arcivescovo di Firenze <strong>Gherardo Gambelli<\/strong>.<\/p>\n<p>&#8220;<em>Significativo il suo primo e insistente richiamo alla pace<\/em> &#8211; aggiunge in una nota &#8211; <em>e poi quella frase che mi ha molto colpito &#8216;Siamo tutti nelle mani di Dio&#8217;. Ho sentito queste parole come un conforto dopo la morte di Papa Francesco e questa sofferenza che abbiamo vissuto. Sono le parole del Vangelo, le parole di Ges\u00f9 che ci consola e che ci spinge ad andare avanti con fiducia nel cammino come suoi discepoli. Accogliamo la sua guida certi che ci sar\u00e0 maestro nella fede e nella testimonianza&#8221;.<\/em><\/p>\n<h3>Le reazioni: Giani, Mazzeo, Funaro<\/h3>\n<p>Il presidente della regione Toscana <strong>Eugenio Giani<\/strong> era in ufficio quando ha sentito suonare le campane della cattedrale di Santa Maria del Fiore che salutavano la nomina di Robert Francis Prevost: &#8220;<em>L&#8217;elezione del nuovo pontefice \u00e8 un momento significativo per tutti, credenti e non credenti. Questa elezione arriva in un contesto geopolitico molto difficile. Sono certo che Papa Leone XIV, primo Papa statunitense della storia, sapr\u00e0 dare il proprio alto contributo alla causa della pace e dell&#8217;amicizia tra i popoli. Particolarmente ricco di significato il primo augurio di pace universale, di pace disarmata, che ha voluto rivolgere a tutti i popoli<\/em>&#8220;.<\/p>\n<p>Per Giani &#8220;<em>il nuovo Papa rappresenter\u00e0 una nuova voce di speranza e un punto di riferimento per milioni di persone nel mondo. Un dono per la comunit\u00e0 cristiana, ma anche per l&#8217;umanit\u00e0 intera. Come toscani porgiamo al Pontefice i migliori auguri di un magistero aperto e ricco di significato&#8221;<\/em>.<\/p>\n<p>&#8220;<em>Sua Santit\u00e0 Robert Francis Prevost \u00e8 il primo pontefice nordamericano della storia e raccoglie un&#8217;eredit\u00e0 straordinaria come quella di Papa Francesco che ha aperto le porte della Chiesa al mondo, abbracciando i pi\u00f9 fragili, dialogando con tutti, costruendo ponti dove c&#8217;erano muri&#8221;<\/em> cos\u00ec il presidente del Consiglio regionale della Toscana <strong>Antonio Mazzeo<\/strong>. &#8220;<em>Ho trovato bello e significativo che proprio a Papa Francesco abbia dedicato le sue prime parole<\/em> &#8211; aggiunge in una nota &#8211; <em>rivolgendosi alla piazza San Pietro gremita: &#8216;Serve una pace disarmata e disarmante. E serve una Chiesa vicina alle persone che soffrono'&#8221;. &#8220;In un mondo dilaniato dai conflitti e scenari internazionali sempre pi\u00f9 drammatici<\/em> &#8211; conclude -, <em>sar\u00e0 un compito difficilissimo ma ne abbiamo straordinariamente bisogno&#8221;<\/em>.<\/p>\n<p>&#8220;<em>Robert Francis Prevost, Papa Leone XIV, raccoglie la grande eredit\u00e0 di Papa Francesco che ha saputo parlare al mondo con forza, umilt\u00e0 e tenerezza. Al nuovo Pontefice l&#8217;augurio di camminare nel solco del dialogo, della giustizia e della pace, in un tempo complesso che chiede ascolto, visione e coraggio. Che possa essere guida capace di unire e di affrontare con determinazione le grandi sfide globali<\/em>&#8221; cos\u00ec la sindaca di Firenze <strong>Sara Funaro<\/strong> su X.<\/p>\n<p>&nbsp;<\/p>\n","protected":false},"excerpt":{"rendered":"<p>In Oltrarno messa di ringraziamento per l&#8217;elezione, l&#8217;amicizia con padre Giuseppe Pagano. Speranze e aspettative per la nomina di Prevost<\/p>\n","protected":false},"author":554,"featured_media":384424,"comment_status":"open","ping_status":"open","sticky":false,"template":"","format":"standard","meta":{"_acf_changed":false,"footnotes":""},"categories":[4],"tags":[4448,202],"class_list":["post-384422","post","type-post","status-publish","format-standard","has-post-thumbnail","hentry","category-storie","tag-chiesa","tag-firenze"],"acf":[],"yoast_head":"<!-- This site is optimized with the Yoast SEO Premium plugin v24.2 (Yoast SEO v25.6) - https:\/\/yoast.com\/wordpress\/plugins\/seo\/ -->\n<title>I ricordi fiorentini di Papa Leone XIV tra basilica di Santo Spirito e passione per la bistecca - intoscana<\/title>\n<meta name=\"description\" content=\"In Oltrarno messa di ringraziamento per l&#039;elezione, l&#039;amicizia con padre Giuseppe Pagano. Speranze e aspettative per la nomina di Prevost\" \/>\n<meta name=\"robots\" content=\"index, follow, max-snippet:-1, max-image-preview:large, max-video-preview:-1\" \/>\n<link rel=\"canonical\" href=\"https:\/\/www.intoscana.it\/it\/i-ricordi-fiorentini-di-papa-leone-xiv-tra-la-basilica-di-santo-spirito-e-la-passione-per-la-bistecca\/\" \/>\n<meta property=\"og:locale\" content=\"it_IT\" \/>\n<meta property=\"og:type\" content=\"article\" \/>\n<meta property=\"og:title\" content=\"I ricordi fiorentini di Papa Leone XIV tra basilica di Santo Spirito e passione per la bistecca\" \/>\n<meta property=\"og:description\" content=\"In Oltrarno messa di ringraziamento per l&#039;elezione, l&#039;amicizia con padre Giuseppe Pagano. Speranze e aspettative per la nomina di Prevost\" \/>\n<meta property=\"og:url\" content=\"https:\/\/www.intoscana.it\/it\/i-ricordi-fiorentini-di-papa-leone-xiv-tra-la-basilica-di-santo-spirito-e-la-passione-per-la-bistecca\/\" \/>\n<meta property=\"og:site_name\" content=\"intoscana\" \/>\n<meta property=\"article:publisher\" content=\"https:\/\/www.facebook.com\/intoscana.it\" \/>\n<meta property=\"article:published_time\" content=\"2025-05-09T09:26:52+00:00\" \/>\n<meta property=\"article:modified_time\" content=\"2025-05-13T09:35:26+00:00\" \/>\n<meta property=\"og:image\" content=\"https:\/\/www.intoscana.it\/wp-content\/uploads\/Papa-Leone-XIV-foto-Vatican-Newsr.jpg\" \/>\n\t<meta property=\"og:image:width\" content=\"1000\" \/>\n\t<meta property=\"og:image:height\" content=\"563\" \/>\n\t<meta property=\"og:image:type\" content=\"image\/jpeg\" \/>\n<meta name=\"author\" content=\"Raffaella Galamini\" \/>\n<meta name=\"twitter:card\" content=\"summary_large_image\" \/>\n<meta name=\"twitter:creator\" content=\"@orio\" \/>\n<meta name=\"twitter:site\" content=\"@intoscana\" \/>\n<meta name=\"twitter:label1\" content=\"Written by\" \/>\n\t<meta name=\"twitter:data1\" content=\"Raffaella Galamini\" \/>\n\t<meta name=\"twitter:label2\" content=\"Est. reading time\" \/>\n\t<meta name=\"twitter:data2\" content=\"7 minuti\" \/>\n<script type=\"application\/ld+json\" class=\"yoast-schema-graph\">{\"@context\":\"https:\/\/schema.org\",\"@graph\":[{\"@type\":\"WebPage\",\"@id\":\"https:\/\/www.intoscana.it\/it\/i-ricordi-fiorentini-di-papa-leone-xiv-tra-la-basilica-di-santo-spirito-e-la-passione-per-la-bistecca\/\",\"url\":\"https:\/\/www.intoscana.it\/it\/i-ricordi-fiorentini-di-papa-leone-xiv-tra-la-basilica-di-santo-spirito-e-la-passione-per-la-bistecca\/\",\"name\":\"I ricordi fiorentini di Papa Leone XIV tra basilica di Santo Spirito e passione per la bistecca - intoscana\",\"isPartOf\":{\"@id\":\"https:\/\/www.intoscana.it\/it\/#website\"},\"primaryImageOfPage\":{\"@id\":\"https:\/\/www.intoscana.it\/it\/i-ricordi-fiorentini-di-papa-leone-xiv-tra-la-basilica-di-santo-spirito-e-la-passione-per-la-bistecca\/#primaryimage\"},\"image\":{\"@id\":\"https:\/\/www.intoscana.it\/it\/i-ricordi-fiorentini-di-papa-leone-xiv-tra-la-basilica-di-santo-spirito-e-la-passione-per-la-bistecca\/#primaryimage\"},\"thumbnailUrl\":\"https:\/\/www.intoscana.it\/wp-content\/uploads\/Papa-Leone-XIV-foto-Vatican-Newsr.jpg\",\"datePublished\":\"2025-05-09T09:26:52+00:00\",\"dateModified\":\"2025-05-13T09:35:26+00:00\",\"author\":{\"@id\":\"https:\/\/www.intoscana.it\/it\/#\/schema\/person\/9eb9daa846a49fe51af39a73d9d1986b\"},\"description\":\"In Oltrarno messa di ringraziamento per l'elezione, l'amicizia con padre Giuseppe Pagano. Speranze e aspettative per la nomina di Prevost\",\"breadcrumb\":{\"@id\":\"https:\/\/www.intoscana.it\/it\/i-ricordi-fiorentini-di-papa-leone-xiv-tra-la-basilica-di-santo-spirito-e-la-passione-per-la-bistecca\/#breadcrumb\"},\"inLanguage\":\"it-IT\",\"potentialAction\":[{\"@type\":\"ReadAction\",\"target\":[\"https:\/\/www.intoscana.it\/it\/i-ricordi-fiorentini-di-papa-leone-xiv-tra-la-basilica-di-santo-spirito-e-la-passione-per-la-bistecca\/\"]}]},{\"@type\":\"ImageObject\",\"inLanguage\":\"it-IT\",\"@id\":\"https:\/\/www.intoscana.it\/it\/i-ricordi-fiorentini-di-papa-leone-xiv-tra-la-basilica-di-santo-spirito-e-la-passione-per-la-bistecca\/#primaryimage\",\"url\":\"https:\/\/www.intoscana.it\/wp-content\/uploads\/Papa-Leone-XIV-foto-Vatican-Newsr.jpg\",\"contentUrl\":\"https:\/\/www.intoscana.it\/wp-content\/uploads\/Papa-Leone-XIV-foto-Vatican-Newsr.jpg\",\"width\":1000,\"height\":563},{\"@type\":\"BreadcrumbList\",\"@id\":\"https:\/\/www.intoscana.it\/it\/i-ricordi-fiorentini-di-papa-leone-xiv-tra-la-basilica-di-santo-spirito-e-la-passione-per-la-bistecca\/#breadcrumb\",\"itemListElement\":[{\"@type\":\"ListItem\",\"position\":1,\"name\":\"Home\",\"item\":\"https:\/\/www.intoscana.it\/it\/\"},{\"@type\":\"ListItem\",\"position\":2,\"name\":\"I ricordi fiorentini di Papa Leone XIV tra basilica di Santo Spirito e passione per la bistecca\"}]},{\"@type\":\"WebSite\",\"@id\":\"https:\/\/www.intoscana.it\/it\/#website\",\"url\":\"https:\/\/www.intoscana.it\/it\/\",\"name\":\"intoscana\",\"description\":\"\",\"potentialAction\":[{\"@type\":\"SearchAction\",\"target\":{\"@type\":\"EntryPoint\",\"urlTemplate\":\"https:\/\/www.intoscana.it\/it\/?s={search_term_string}\"},\"query-input\":{\"@type\":\"PropertyValueSpecification\",\"valueRequired\":true,\"valueName\":\"search_term_string\"}}],\"inLanguage\":\"it-IT\"},{\"@type\":\"Person\",\"@id\":\"https:\/\/www.intoscana.it\/it\/#\/schema\/person\/9eb9daa846a49fe51af39a73d9d1986b\",\"name\":\"Raffaella Galamini\",\"sameAs\":[\"https:\/\/x.com\/orio\"],\"url\":\"https:\/\/www.intoscana.it\/it\/author\/r-galamini\/\"}]}<\/script>\n<!-- \/ Yoast SEO Premium plugin. -->","yoast_head_json":{"title":"I ricordi fiorentini di Papa Leone XIV tra basilica di Santo Spirito e passione per la bistecca - intoscana","description":"In Oltrarno messa di ringraziamento per l'elezione, l'amicizia con padre Giuseppe Pagano. Speranze e aspettative per la nomina di Prevost","robots":{"index":"index","follow":"follow","max-snippet":"max-snippet:-1","max-image-preview":"max-image-preview:large","max-video-preview":"max-video-preview:-1"},"canonical":"https:\/\/www.intoscana.it\/it\/i-ricordi-fiorentini-di-papa-leone-xiv-tra-la-basilica-di-santo-spirito-e-la-passione-per-la-bistecca\/","og_locale":"it_IT","og_type":"article","og_title":"I ricordi fiorentini di Papa Leone XIV tra basilica di Santo Spirito e passione per la bistecca","og_description":"In Oltrarno messa di ringraziamento per l'elezione, l'amicizia con padre Giuseppe Pagano. Speranze e aspettative per la nomina di Prevost","og_url":"https:\/\/www.intoscana.it\/it\/i-ricordi-fiorentini-di-papa-leone-xiv-tra-la-basilica-di-santo-spirito-e-la-passione-per-la-bistecca\/","og_site_name":"intoscana","article_publisher":"https:\/\/www.facebook.com\/intoscana.it","article_published_time":"2025-05-09T09:26:52+00:00","article_modified_time":"2025-05-13T09:35:26+00:00","og_image":[{"width":1000,"height":563,"url":"https:\/\/www.intoscana.it\/wp-content\/uploads\/Papa-Leone-XIV-foto-Vatican-Newsr.jpg","type":"image\/jpeg"}],"author":"Raffaella Galamini","twitter_card":"summary_large_image","twitter_creator":"@orio","twitter_site":"@intoscana","twitter_misc":{"Written by":"Raffaella Galamini","Est. reading time":"7 minuti"},"schema":{"@context":"https:\/\/schema.org","@graph":[{"@type":"WebPage","@id":"https:\/\/www.intoscana.it\/it\/i-ricordi-fiorentini-di-papa-leone-xiv-tra-la-basilica-di-santo-spirito-e-la-passione-per-la-bistecca\/","url":"https:\/\/www.intoscana.it\/it\/i-ricordi-fiorentini-di-papa-leone-xiv-tra-la-basilica-di-santo-spirito-e-la-passione-per-la-bistecca\/","name":"I ricordi fiorentini di Papa Leone XIV tra basilica di Santo Spirito e passione per la bistecca - intoscana","isPartOf":{"@id":"https:\/\/www.intoscana.it\/it\/#website"},"primaryImageOfPage":{"@id":"https:\/\/www.intoscana.it\/it\/i-ricordi-fiorentini-di-papa-leone-xiv-tra-la-basilica-di-santo-spirito-e-la-passione-per-la-bistecca\/#primaryimage"},"image":{"@id":"https:\/\/www.intoscana.it\/it\/i-ricordi-fiorentini-di-papa-leone-xiv-tra-la-basilica-di-santo-spirito-e-la-passione-per-la-bistecca\/#primaryimage"},"thumbnailUrl":"https:\/\/www.intoscana.it\/wp-content\/uploads\/Papa-Leone-XIV-foto-Vatican-Newsr.jpg","datePublished":"2025-05-09T09:26:52+00:00","dateModified":"2025-05-13T09:35:26+00:00","author":{"@id":"https:\/\/www.intoscana.it\/it\/#\/schema\/person\/9eb9daa846a49fe51af39a73d9d1986b"},"description":"In Oltrarno messa di ringraziamento per l'elezione, l'amicizia con padre Giuseppe Pagano. Speranze e aspettative per la nomina di Prevost","breadcrumb":{"@id":"https:\/\/www.intoscana.it\/it\/i-ricordi-fiorentini-di-papa-leone-xiv-tra-la-basilica-di-santo-spirito-e-la-passione-per-la-bistecca\/#breadcrumb"},"inLanguage":"it-IT","potentialAction":[{"@type":"ReadAction","target":["https:\/\/www.intoscana.it\/it\/i-ricordi-fiorentini-di-papa-leone-xiv-tra-la-basilica-di-santo-spirito-e-la-passione-per-la-bistecca\/"]}]},{"@type":"ImageObject","inLanguage":"it-IT","@id":"https:\/\/www.intoscana.it\/it\/i-ricordi-fiorentini-di-papa-leone-xiv-tra-la-basilica-di-santo-spirito-e-la-passione-per-la-bistecca\/#primaryimage","url":"https:\/\/www.intoscana.it\/wp-content\/uploads\/Papa-Leone-XIV-foto-Vatican-Newsr.jpg","contentUrl":"https:\/\/www.intoscana.it\/wp-content\/uploads\/Papa-Leone-XIV-foto-Vatican-Newsr.jpg","width":1000,"height":563},{"@type":"BreadcrumbList","@id":"https:\/\/www.intoscana.it\/it\/i-ricordi-fiorentini-di-papa-leone-xiv-tra-la-basilica-di-santo-spirito-e-la-passione-per-la-bistecca\/#breadcrumb","itemListElement":[{"@type":"ListItem","position":1,"name":"Home","item":"https:\/\/www.intoscana.it\/it\/"},{"@type":"ListItem","position":2,"name":"I ricordi fiorentini di Papa Leone XIV tra basilica di Santo Spirito e passione per la bistecca"}]},{"@type":"WebSite","@id":"https:\/\/www.intoscana.it\/it\/#website","url":"https:\/\/www.intoscana.it\/it\/","name":"intoscana","description":"","potentialAction":[{"@type":"SearchAction","target":{"@type":"EntryPoint","urlTemplate":"https:\/\/www.intoscana.it\/it\/?s={search_term_string}"},"query-input":{"@type":"PropertyValueSpecification","valueRequired":true,"valueName":"search_term_string"}}],"inLanguage":"it-IT"},{"@type":"Person","@id":"https:\/\/www.intoscana.it\/it\/#\/schema\/person\/9eb9daa846a49fe51af39a73d9d1986b","name":"Raffaella Galamini","sameAs":["https:\/\/x.com\/orio"],"url":"https:\/\/www.intoscana.it\/it\/author\/r-galamini\/"}]}},"_links":{"self":[{"href":"https:\/\/www.intoscana.it\/it\/wp-json\/wp\/v2\/posts\/384422","targetHints":{"allow":["GET"]}}],"collection":[{"href":"https:\/\/www.intoscana.it\/it\/wp-json\/wp\/v2\/posts"}],"about":[{"href":"https:\/\/www.intoscana.it\/it\/wp-json\/wp\/v2\/types\/post"}],"author":[{"embeddable":true,"href":"https:\/\/www.intoscana.it\/it\/wp-json\/wp\/v2\/users\/554"}],"replies":[{"embeddable":true,"href":"https:\/\/www.intoscana.it\/it\/wp-json\/wp\/v2\/comments?post=384422"}],"version-history":[{"count":5,"href":"https:\/\/www.intoscana.it\/it\/wp-json\/wp\/v2\/posts\/384422\/revisions"}],"predecessor-version":[{"id":384549,"href":"https:\/\/www.intoscana.it\/it\/wp-json\/wp\/v2\/posts\/384422\/revisions\/384549"}],"wp:featuredmedia":[{"embeddable":true,"href":"https:\/\/www.intoscana.it\/it\/wp-json\/wp\/v2\/media\/384424"}],"wp:attachment":[{"href":"https:\/\/www.intoscana.it\/it\/wp-json\/wp\/v2\/media?parent=384422"}],"wp:term":[{"taxonomy":"category","embeddable":true,"href":"https:\/\/www.intoscana.it\/it\/wp-json\/wp\/v2\/categories?post=384422"},{"taxonomy":"post_tag","embeddable":true,"href":"https:\/\/www.intoscana.it\/it\/wp-json\/wp\/v2\/tags?post=384422"}],"curies":[{"name":"wp","href":"https:\/\/api.w.org\/{rel}","templated":true}]}}