{"id":384651,"date":"2025-05-12T10:31:01","date_gmt":"2025-05-12T08:31:01","guid":{"rendered":"https:\/\/www.intoscana.it\/it\/?p=384651"},"modified":"2025-05-12T10:31:01","modified_gmt":"2025-05-12T08:31:01","slug":"in-toscana-cresce-il-numero-di-bambini-e-adolescenti-vaccinati","status":"publish","type":"post","link":"https:\/\/www.intoscana.it\/it\/in-toscana-cresce-il-numero-di-bambini-e-adolescenti-vaccinati\/","title":{"rendered":"In Toscana cresce il numero di bambini e adolescenti vaccinati"},"content":{"rendered":"<p>Aumenta in <strong>Toscana<\/strong> il numero di ragazze e ragazzi che si vaccinano contro il papillomavirus. Alta anche la copertura delle vaccinazioni previste dal calendario regionale dei bambini e bambine, quindi esavalente, morbillo, parotite, rosolia e varicella, meningococco C e pneumococco.<\/p>\n<p>&#8220;La prevenzione &#8211; commenta il presidente <strong>Eugenio Giani<\/strong> &#8211; \u00e8 importantissima nel preservare le persone dai rischi di patologie molto gravi. In Toscana ci investiamo molto&#8221;. &#8220;E i dati che registriamo &#8211; dichiara l&#8217;assessore al diritto alla salute <strong>Simone Bezzini<\/strong>, esprimendo soddisfazione &#8212; sono il segno di un\u2019attenzione crescente alla prevenzione, resa ancora pi\u00f9 solida grazie anche alle campagne di sensibilizzazione mirate, nelle quali crediamo fortemente&#8221;.\u00a0 <mark>&#8220;Le vaccinazioni &#8211; peosegue l&#8217;assessore &#8211; non solo proteggono i bambini da malattie potenzialmente gravi, ma contribuiscono in modo determinante al benessere dell\u2019intera comunit\u00e0.<\/mark> Per questo desidero ringraziare i pediatri di libera scelta, i dipartimenti di prevenzione delle Asl e i medici di medicina generale: il loro ruolo \u00e8 fondamentale per il raggiungimento di questi risultati, che ogni anno continuano a migliorare e che auspichiamo possano crescere ancora&#8221;.<\/p>\n<h3><em>I vaccini in Toscana<\/em><\/h3>\n<p>Il vaccino contro il <strong>papillomavirus<\/strong> \u00e8 offerto gratuitamente alle ragazze e ai ragazzi che hanno compiuto undici anni, ma la somministrazione \u00e8 possibile gi\u00e0 a partire dai nove anni. <mark>Per le ragazze la gratuit\u00e0 \u00e8 stata estesa fino all\u2019et\u00e0 di trenta anni. E\u2019 un vaccino estremamente efficace nella prevenzione dell\u2019infezione da Hpv,<\/mark> causa di lesioni che lentamente, negli anni, possono trasformarsi in tumori al collo dell\u2019utero nelle donne e al pene, all\u2019ano e dell\u2019orofaringe negli uomini.<\/p>\n<p>Nel 2024 in Toscana il <strong>75,5 per cento<\/strong> delle ragazze nate nel 2012 ha ricevuto almeno la prima dose e il 69,4 per cento ha completato l\u2019intero ciclo. Tra i ragazzi il 69,1 per cento ha ricevuto la prima dose di vaccino e il 60,6 \u00a0ha completato l\u2019intero ciclo.<\/p>\n<p>Nel 2023, nell\u2019ultima rilevazione disponibile a livello nazionale, la Toscana aveva gi\u00e0 raggiunto buoni risultati con una copertura vaccinale superiore alla media italiana: infatti <mark>il 74,6 per cento delle ragazze nate nel 2011 aveva ricevuto la prima dose e il 65,2 per cento aveva completato l\u2019intero ciclo a fronte di una media nazionale rispettivamente del 62,7 e del 45,4 per cento.<\/mark> Tra i ragazzi, popolazione dove storicamente l\u2019adesione \u00e8 sempre stata inferiore, nel 2023 il 66,6 per cento aveva ricevuto la prima dose di vaccino e il 54,9 per cento aveva completato l\u2019intero ciclo, mentre il dato italiano si attesta rispettivamente al 55,4 e al 39,3 per cento.<\/p>\n<p>Anche per le vaccinazioni dell\u2019<strong>infanzia<\/strong> sono stati registrati valori positivi. Nel 2024 i dati di copertura mostrano che oltre il 97 per cento dei bambini nati nel 2022 ha ricevuto il vaccino esavalente (anti difterite, tetano, pertosse, poliomielite, epatite B ed emofilo) e quello anti morbillo, parotite e rosolia. <mark>Il 96,4 per cento si \u00e8 vaccinato contro la varicella, il 94 per cento contro il meningococco C e il 94,5 per cento contro il pneumococco.<\/mark><\/p>\n","protected":false},"excerpt":{"rendered":"<p>Copertura bel oltre la media nazionale sia per l&#8217;immunizzazione contro il papillomavirus che per le vaccinazioni infantili previste dal calendario regionale<\/p>\n","protected":false},"author":525,"featured_media":99813,"comment_status":"open","ping_status":"open","sticky":false,"template":"","format":"standard","meta":{"_acf_changed":false,"footnotes":""},"categories":[494],"tags":[158,349,4883,5467],"class_list":["post-384651","post","type-post","status-publish","format-standard","has-post-thumbnail","hentry","category-attualita","tag-eugenio-giani","tag-sanita","tag-simone-bezzini","tag-vaccinazioni"],"acf":[],"yoast_head":"<!-- This site is optimized with the Yoast SEO Premium plugin v24.2 (Yoast SEO v25.6) - https:\/\/yoast.com\/wordpress\/plugins\/seo\/ -->\n<title>In Toscana cresce il numero di bambini e adolescenti vaccinati - intoscana<\/title>\n<meta name=\"description\" content=\"Copertura bel oltre la media nazionale sia per l&#039;immunizzazione contro il papillomavirus che per le vaccinazioni infantili previste dal calendario regionale\u00a0\" \/>\n<meta name=\"robots\" content=\"index, follow, max-snippet:-1, max-image-preview:large, max-video-preview:-1\" \/>\n<link rel=\"canonical\" href=\"https:\/\/www.intoscana.it\/it\/in-toscana-cresce-il-numero-di-bambini-e-adolescenti-vaccinati\/\" \/>\n<meta property=\"og:locale\" content=\"it_IT\" \/>\n<meta property=\"og:type\" content=\"article\" \/>\n<meta property=\"og:title\" content=\"In Toscana cresce il numero di bambini e adolescenti vaccinati\" \/>\n<meta property=\"og:description\" content=\"Copertura bel oltre la media nazionale sia per l&#039;immunizzazione contro il papillomavirus che per le vaccinazioni infantili previste dal calendario regionale\u00a0\" \/>\n<meta property=\"og:url\" content=\"https:\/\/www.intoscana.it\/it\/in-toscana-cresce-il-numero-di-bambini-e-adolescenti-vaccinati\/\" \/>\n<meta property=\"og:site_name\" content=\"intoscana\" \/>\n<meta property=\"article:publisher\" content=\"https:\/\/www.facebook.com\/intoscana.it\" \/>\n<meta property=\"article:published_time\" content=\"2025-05-12T08:31:01+00:00\" \/>\n<meta property=\"og:image\" content=\"https:\/\/www.intoscana.it\/wp-content\/uploads\/808f4e4e-9580-407c-8f9f-3cd2c58fa4eb_xl.jpg\" \/>\n\t<meta property=\"og:image:width\" content=\"1920\" \/>\n\t<meta property=\"og:image:height\" content=\"1080\" \/>\n\t<meta property=\"og:image:type\" content=\"image\/jpeg\" \/>\n<meta name=\"author\" content=\"Redazione\" \/>\n<meta name=\"twitter:card\" content=\"summary_large_image\" \/>\n<meta name=\"twitter:creator\" content=\"@intoscana\" \/>\n<meta name=\"twitter:site\" content=\"@intoscana\" \/>\n<meta name=\"twitter:label1\" content=\"Written by\" \/>\n\t<meta name=\"twitter:data1\" content=\"Redazione\" \/>\n\t<meta name=\"twitter:label2\" content=\"Est. reading time\" \/>\n\t<meta name=\"twitter:data2\" content=\"3 minuti\" \/>\n<script type=\"application\/ld+json\" class=\"yoast-schema-graph\">{\"@context\":\"https:\/\/schema.org\",\"@graph\":[{\"@type\":\"WebPage\",\"@id\":\"https:\/\/www.intoscana.it\/it\/in-toscana-cresce-il-numero-di-bambini-e-adolescenti-vaccinati\/\",\"url\":\"https:\/\/www.intoscana.it\/it\/in-toscana-cresce-il-numero-di-bambini-e-adolescenti-vaccinati\/\",\"name\":\"In Toscana cresce il numero di bambini e adolescenti vaccinati - intoscana\",\"isPartOf\":{\"@id\":\"https:\/\/www.intoscana.it\/it\/#website\"},\"primaryImageOfPage\":{\"@id\":\"https:\/\/www.intoscana.it\/it\/in-toscana-cresce-il-numero-di-bambini-e-adolescenti-vaccinati\/#primaryimage\"},\"image\":{\"@id\":\"https:\/\/www.intoscana.it\/it\/in-toscana-cresce-il-numero-di-bambini-e-adolescenti-vaccinati\/#primaryimage\"},\"thumbnailUrl\":\"https:\/\/www.intoscana.it\/wp-content\/uploads\/808f4e4e-9580-407c-8f9f-3cd2c58fa4eb_xl.jpg\",\"datePublished\":\"2025-05-12T08:31:01+00:00\",\"author\":{\"@id\":\"https:\/\/www.intoscana.it\/it\/#\/schema\/person\/9223810753230f20bd670fdd322661f8\"},\"description\":\"Copertura bel oltre la media nazionale sia per l'immunizzazione contro il papillomavirus che per le vaccinazioni infantili previste dal calendario regionale\u00a0\",\"breadcrumb\":{\"@id\":\"https:\/\/www.intoscana.it\/it\/in-toscana-cresce-il-numero-di-bambini-e-adolescenti-vaccinati\/#breadcrumb\"},\"inLanguage\":\"it-IT\",\"potentialAction\":[{\"@type\":\"ReadAction\",\"target\":[\"https:\/\/www.intoscana.it\/it\/in-toscana-cresce-il-numero-di-bambini-e-adolescenti-vaccinati\/\"]}]},{\"@type\":\"ImageObject\",\"inLanguage\":\"it-IT\",\"@id\":\"https:\/\/www.intoscana.it\/it\/in-toscana-cresce-il-numero-di-bambini-e-adolescenti-vaccinati\/#primaryimage\",\"url\":\"https:\/\/www.intoscana.it\/wp-content\/uploads\/808f4e4e-9580-407c-8f9f-3cd2c58fa4eb_xl.jpg\",\"contentUrl\":\"https:\/\/www.intoscana.it\/wp-content\/uploads\/808f4e4e-9580-407c-8f9f-3cd2c58fa4eb_xl.jpg\",\"width\":1920,\"height\":1080},{\"@type\":\"BreadcrumbList\",\"@id\":\"https:\/\/www.intoscana.it\/it\/in-toscana-cresce-il-numero-di-bambini-e-adolescenti-vaccinati\/#breadcrumb\",\"itemListElement\":[{\"@type\":\"ListItem\",\"position\":1,\"name\":\"Home\",\"item\":\"https:\/\/www.intoscana.it\/it\/\"},{\"@type\":\"ListItem\",\"position\":2,\"name\":\"In Toscana cresce il numero di bambini e adolescenti vaccinati\"}]},{\"@type\":\"WebSite\",\"@id\":\"https:\/\/www.intoscana.it\/it\/#website\",\"url\":\"https:\/\/www.intoscana.it\/it\/\",\"name\":\"intoscana\",\"description\":\"\",\"potentialAction\":[{\"@type\":\"SearchAction\",\"target\":{\"@type\":\"EntryPoint\",\"urlTemplate\":\"https:\/\/www.intoscana.it\/it\/?s={search_term_string}\"},\"query-input\":{\"@type\":\"PropertyValueSpecification\",\"valueRequired\":true,\"valueName\":\"search_term_string\"}}],\"inLanguage\":\"it-IT\"},{\"@type\":\"Person\",\"@id\":\"https:\/\/www.intoscana.it\/it\/#\/schema\/person\/9223810753230f20bd670fdd322661f8\",\"name\":\"Redazione\",\"url\":\"https:\/\/www.intoscana.it\/it\/author\/redazione\/\"}]}<\/script>\n<!-- \/ Yoast SEO Premium plugin. -->","yoast_head_json":{"title":"In Toscana cresce il numero di bambini e adolescenti vaccinati - intoscana","description":"Copertura bel oltre la media nazionale sia per l'immunizzazione contro il papillomavirus che per le vaccinazioni infantili previste dal calendario regionale\u00a0","robots":{"index":"index","follow":"follow","max-snippet":"max-snippet:-1","max-image-preview":"max-image-preview:large","max-video-preview":"max-video-preview:-1"},"canonical":"https:\/\/www.intoscana.it\/it\/in-toscana-cresce-il-numero-di-bambini-e-adolescenti-vaccinati\/","og_locale":"it_IT","og_type":"article","og_title":"In Toscana cresce il numero di bambini e adolescenti vaccinati","og_description":"Copertura bel oltre la media nazionale sia per l'immunizzazione contro il papillomavirus che per le vaccinazioni infantili previste dal calendario regionale\u00a0","og_url":"https:\/\/www.intoscana.it\/it\/in-toscana-cresce-il-numero-di-bambini-e-adolescenti-vaccinati\/","og_site_name":"intoscana","article_publisher":"https:\/\/www.facebook.com\/intoscana.it","article_published_time":"2025-05-12T08:31:01+00:00","og_image":[{"width":1920,"height":1080,"url":"https:\/\/www.intoscana.it\/wp-content\/uploads\/808f4e4e-9580-407c-8f9f-3cd2c58fa4eb_xl.jpg","type":"image\/jpeg"}],"author":"Redazione","twitter_card":"summary_large_image","twitter_creator":"@intoscana","twitter_site":"@intoscana","twitter_misc":{"Written by":"Redazione","Est. reading time":"3 minuti"},"schema":{"@context":"https:\/\/schema.org","@graph":[{"@type":"WebPage","@id":"https:\/\/www.intoscana.it\/it\/in-toscana-cresce-il-numero-di-bambini-e-adolescenti-vaccinati\/","url":"https:\/\/www.intoscana.it\/it\/in-toscana-cresce-il-numero-di-bambini-e-adolescenti-vaccinati\/","name":"In Toscana cresce il numero di bambini e adolescenti vaccinati - intoscana","isPartOf":{"@id":"https:\/\/www.intoscana.it\/it\/#website"},"primaryImageOfPage":{"@id":"https:\/\/www.intoscana.it\/it\/in-toscana-cresce-il-numero-di-bambini-e-adolescenti-vaccinati\/#primaryimage"},"image":{"@id":"https:\/\/www.intoscana.it\/it\/in-toscana-cresce-il-numero-di-bambini-e-adolescenti-vaccinati\/#primaryimage"},"thumbnailUrl":"https:\/\/www.intoscana.it\/wp-content\/uploads\/808f4e4e-9580-407c-8f9f-3cd2c58fa4eb_xl.jpg","datePublished":"2025-05-12T08:31:01+00:00","author":{"@id":"https:\/\/www.intoscana.it\/it\/#\/schema\/person\/9223810753230f20bd670fdd322661f8"},"description":"Copertura bel oltre la media nazionale sia per l'immunizzazione contro il papillomavirus che per le vaccinazioni infantili previste dal calendario regionale\u00a0","breadcrumb":{"@id":"https:\/\/www.intoscana.it\/it\/in-toscana-cresce-il-numero-di-bambini-e-adolescenti-vaccinati\/#breadcrumb"},"inLanguage":"it-IT","potentialAction":[{"@type":"ReadAction","target":["https:\/\/www.intoscana.it\/it\/in-toscana-cresce-il-numero-di-bambini-e-adolescenti-vaccinati\/"]}]},{"@type":"ImageObject","inLanguage":"it-IT","@id":"https:\/\/www.intoscana.it\/it\/in-toscana-cresce-il-numero-di-bambini-e-adolescenti-vaccinati\/#primaryimage","url":"https:\/\/www.intoscana.it\/wp-content\/uploads\/808f4e4e-9580-407c-8f9f-3cd2c58fa4eb_xl.jpg","contentUrl":"https:\/\/www.intoscana.it\/wp-content\/uploads\/808f4e4e-9580-407c-8f9f-3cd2c58fa4eb_xl.jpg","width":1920,"height":1080},{"@type":"BreadcrumbList","@id":"https:\/\/www.intoscana.it\/it\/in-toscana-cresce-il-numero-di-bambini-e-adolescenti-vaccinati\/#breadcrumb","itemListElement":[{"@type":"ListItem","position":1,"name":"Home","item":"https:\/\/www.intoscana.it\/it\/"},{"@type":"ListItem","position":2,"name":"In Toscana cresce il numero di bambini e adolescenti vaccinati"}]},{"@type":"WebSite","@id":"https:\/\/www.intoscana.it\/it\/#website","url":"https:\/\/www.intoscana.it\/it\/","name":"intoscana","description":"","potentialAction":[{"@type":"SearchAction","target":{"@type":"EntryPoint","urlTemplate":"https:\/\/www.intoscana.it\/it\/?s={search_term_string}"},"query-input":{"@type":"PropertyValueSpecification","valueRequired":true,"valueName":"search_term_string"}}],"inLanguage":"it-IT"},{"@type":"Person","@id":"https:\/\/www.intoscana.it\/it\/#\/schema\/person\/9223810753230f20bd670fdd322661f8","name":"Redazione","url":"https:\/\/www.intoscana.it\/it\/author\/redazione\/"}]}},"_links":{"self":[{"href":"https:\/\/www.intoscana.it\/it\/wp-json\/wp\/v2\/posts\/384651","targetHints":{"allow":["GET"]}}],"collection":[{"href":"https:\/\/www.intoscana.it\/it\/wp-json\/wp\/v2\/posts"}],"about":[{"href":"https:\/\/www.intoscana.it\/it\/wp-json\/wp\/v2\/types\/post"}],"author":[{"embeddable":true,"href":"https:\/\/www.intoscana.it\/it\/wp-json\/wp\/v2\/users\/525"}],"replies":[{"embeddable":true,"href":"https:\/\/www.intoscana.it\/it\/wp-json\/wp\/v2\/comments?post=384651"}],"version-history":[{"count":4,"href":"https:\/\/www.intoscana.it\/it\/wp-json\/wp\/v2\/posts\/384651\/revisions"}],"predecessor-version":[{"id":384665,"href":"https:\/\/www.intoscana.it\/it\/wp-json\/wp\/v2\/posts\/384651\/revisions\/384665"}],"wp:featuredmedia":[{"embeddable":true,"href":"https:\/\/www.intoscana.it\/it\/wp-json\/wp\/v2\/media\/99813"}],"wp:attachment":[{"href":"https:\/\/www.intoscana.it\/it\/wp-json\/wp\/v2\/media?parent=384651"}],"wp:term":[{"taxonomy":"category","embeddable":true,"href":"https:\/\/www.intoscana.it\/it\/wp-json\/wp\/v2\/categories?post=384651"},{"taxonomy":"post_tag","embeddable":true,"href":"https:\/\/www.intoscana.it\/it\/wp-json\/wp\/v2\/tags?post=384651"}],"curies":[{"name":"wp","href":"https:\/\/api.w.org\/{rel}","templated":true}]}}