{"id":384928,"date":"2025-05-13T15:28:12","date_gmt":"2025-05-13T13:28:12","guid":{"rendered":"https:\/\/www.intoscana.it\/it\/?p=384928"},"modified":"2025-05-14T14:18:52","modified_gmt":"2025-05-14T12:18:52","slug":"ambiente-e-sostenibilita-al-via-la-biennale-dellacqua-e-del-mare-a-livorno","status":"publish","type":"post","link":"https:\/\/www.intoscana.it\/it\/ambiente-e-sostenibilita-al-via-la-biennale-dellacqua-e-del-mare-a-livorno\/","title":{"rendered":"Ambiente e sostenibilit\u00e0: al via la Biennale dell\u2019acqua e del mare a Livorno"},"content":{"rendered":"<p>Mettere al centro la <strong>vocazione marittima di Livorno<\/strong> per affrontare temi e prospettive di attualit\u00e0 in grado di influire sulle comunit\u00e0 costiere. Cos\u00ec nasce la prima edizione della<strong> Biennale del Mare e dell\u2019Acqua, in programma dal 14 al 17 maggio,<\/strong> che \u00e8 stata presentata oggi dal presidente Eugenio Giani insieme al sindaco di Livorno Luca Salvetti.<\/p>\n<p>Al centro dell\u2019iniziativa, ideata e organizzata dal Comune di Livorno, <strong>l\u2019ambiente, la sostenibilit\u00e0 e l\u2019economia declinati sul tema del mare e dell\u2019acqua.<\/strong> Quattro giorni di convegni scientifici, iniziative culturali, turistiche sportive per affrontare in modo efficace le criticit\u00e0 comuni a tante aree costiere, aiutando a rendere pi\u00f9 sostenibile il rapporto fra uomo, mare e acqua.<\/p>\n<p><em>&#8220;Una bella idea, destinata a diventare un punto di riferimento per valorizzare ci\u00f2 che il mare rappresenta per tutta la Toscana, e in particolare per Livorno, che incarna il simbolo dell\u2019approccio toscano al mare, sia dal punto di vista commerciale che dello sviluppo portuale\u201d<\/em> ha detto il presidente Giani che ha ricordato la <a href=\"http:\/\/intoscana.it\/it\/darsena-europa-posa-della-prima-pietra-giani-opera-per-lo-sviluppo-di-livorno-e-della-toscana\/\" target=\"_blank\" rel=\"noopener\" class=\"broken_link\">prima posa della pietra della Darsena Europa avvenuta ieri<\/a>. \u201c<em>\u00c8 stato emozionante \u2013 <\/em>ha aggiunto <em>&#8211; partecipare al varo di un progetto europeo che rivoluzioner\u00e0 gli scambi e i rapporti commerciali con il mondo intero, valorizzando Livorno non solo sotto l\u2019aspetto turistico e balneare, ma anche per il suo straordinario patrimonio storico, che sempre pi\u00f9 la rende fonte di attrazione.\u201d<\/em><\/p>\n<h3>In programma anche mostre, food e visite guidate<\/h3>\n<p>L\u2019iniziativa ha potuto contare anche sul contributo delle due co-ideatrici Barbara La Comba e Anna De Biasi e sull\u2019essenziale sostegno di importanti stakeholder pubblici e privati che hanno creduto nella sua realizzazione. A seconda dei contesti, il taglio sar\u00e0 scientifico, tecnico o promozionale. Ma Blu Livorno guarda da subito al grande pubblico con un\u2019importante attivit\u00e0 culturale, divulgativa e di intrattenimento sul tema che si espliciter\u00e0 attraverso<mark> mostre, iniziative di spettacolo, proposte food sostenibili, attivit\u00e0 sportive e di scoperta del territorio in chiave turistica<\/mark> con visite alle attrazioni storico-architettoniche legate al mare e all\u2019acqua.<\/p>\n<p><em>\u201cIn questi anni \u2013<\/em> ha spiegato il<strong> sindaco Salvetti<\/strong> <em>&#8211; abbiamo inteso lavorare su due aspetti: identit\u00e0 della citt\u00e0 e visione del futuro. Identit\u00e0 e visione per Livorno naturalmente non possono prescindere dal mare e dall&#8217;acqua da qui parte l&#8217;idea della Biennale del mare.Abbiamo voluto creare qualcosa di livello che riguardasse due degli aspetti fondamentali che sono nel dna della citt\u00e0 di Livorno:<strong> il rapporto con il mare e l&#8217;importanza dell&#8217;acqua.<\/strong> Il lungomare, dai cantieri Benetti all&#8217; Accademia Navale sar\u00e0 un brulicare di iniziative per tutti i gusti. La tensostruttura alla Terrazza Mascagni ospiter\u00e0<a href=\"https:\/\/www.intoscana.it\/it\/antani-il-festival-della-satira-e-dellumorismo-porta-il-meglio-della-comicita-italiana-a-livorno\/\" target=\"_blank\" rel=\"noopener\"> Antani, il Festival dell&#8217;umorismo<\/a> diretto da Luca Bottura e gli hangar creativi stand degli stakeholder e un palco per gli spettacoli.&#8221;<\/em><\/p>\n<p><strong>L\u2019inaugurazione si terr\u00e0 il 14 maggio alle 9<\/strong> presso l\u2019ingresso del Villaggio del Mare alla Terrazza Mascagni, con il benvenuto dell\u2019Orchestra del Teatro Goldoni diretta dal Maestro Eric Lederhandler. Alle 9.30, cerimonia d\u2019apertura e saluti istituzionali, con il sindaco di Livorno e presidente Autorit\u00e0 Idrica Toscana Luca Salvetti, il commissario europeo per il Mediterraneo Dubravka \u0160uica, il Prefetto di Livorno Giancarlo Dionisi, il presidente Regione Toscana Eugenio Giani, il comandante dell&#8217;Accademia navale di Livorno Lorenzano Di Renzo, il sottosegretario di Stato al ministero delle Infrastrutture e dei Trasporti (MIT) On. Tullio Ferrante.<br \/>\nI temi della Biennale del Mare e dell\u2019Acqua verranno introdotti dall\u2019assessora all\u2019ambiente Monia Monni, dal direttore ANCI Toscana Simone Gheri, dal commissario autorit\u00e0 di Sistema portuale del Mar Tirreno settentrionale Luciano Guerrieri e dal direttore marittimo della Toscana e comandante del porto di Livorno Giovanni Canu.<\/p>\n<footer id=\"footer\" class=\"rt-footer\" role=\"contentinfo\">\n<section class=\"rt-footer__main-area\">\n<div class=\"rt-container\">\n<section class=\"rt-footer__logo-area\">\n<div class=\"rt-footer__logo-primary\"><\/div>\n<\/section>\n<\/div>\n<\/section>\n<\/footer>\n","protected":false},"excerpt":{"rendered":"<p>Dal 14 al 17 maggio in programma convegni scientifici, iniziative culturali, turistiche e sportive sul tema delle comunit\u00e0 costiere<\/p>\n","protected":false},"author":525,"featured_media":384937,"comment_status":"open","ping_status":"open","sticky":false,"template":"","format":"standard","meta":{"_acf_changed":false,"footnotes":""},"categories":[19],"tags":[273,359,371],"class_list":["post-384928","post","type-post","status-publish","format-standard","has-post-thumbnail","hentry","category-ambiente","tag-livorno","tag-mare","tag-sostenibilita"],"acf":[],"yoast_head":"<!-- This site is optimized with the Yoast SEO Premium plugin v24.2 (Yoast SEO v25.6) - https:\/\/yoast.com\/wordpress\/plugins\/seo\/ -->\n<title>Ambiente e sostenibilit\u00e0: al via la Biennale dell\u2019acqua e del mare a Livorno - intoscana<\/title>\n<meta name=\"robots\" content=\"index, follow, max-snippet:-1, max-image-preview:large, max-video-preview:-1\" \/>\n<link rel=\"canonical\" href=\"https:\/\/www.intoscana.it\/it\/ambiente-e-sostenibilita-al-via-la-biennale-dellacqua-e-del-mare-a-livorno\/\" \/>\n<meta property=\"og:locale\" content=\"it_IT\" \/>\n<meta property=\"og:type\" content=\"article\" \/>\n<meta property=\"og:title\" content=\"Ambiente e sostenibilit\u00e0: al via la Biennale dell\u2019acqua e del mare a Livorno\" \/>\n<meta property=\"og:description\" content=\"Dal 14 al 17 maggio in programma convegni scientifici, iniziative culturali, turistiche e sportive sul tema delle comunit\u00e0 costiere\" \/>\n<meta property=\"og:url\" content=\"https:\/\/www.intoscana.it\/it\/ambiente-e-sostenibilita-al-via-la-biennale-dellacqua-e-del-mare-a-livorno\/\" \/>\n<meta property=\"og:site_name\" content=\"intoscana\" \/>\n<meta property=\"article:publisher\" content=\"https:\/\/www.facebook.com\/intoscana.it\" \/>\n<meta property=\"article:published_time\" content=\"2025-05-13T13:28:12+00:00\" \/>\n<meta property=\"article:modified_time\" content=\"2025-05-14T12:18:52+00:00\" \/>\n<meta property=\"og:image\" content=\"https:\/\/www.intoscana.it\/wp-content\/uploads\/fondale_video.jpg\" \/>\n\t<meta property=\"og:image:width\" content=\"1920\" \/>\n\t<meta property=\"og:image:height\" content=\"1080\" \/>\n\t<meta property=\"og:image:type\" content=\"image\/jpeg\" \/>\n<meta name=\"author\" content=\"Redazione\" \/>\n<meta name=\"twitter:card\" content=\"summary_large_image\" \/>\n<meta name=\"twitter:creator\" content=\"@intoscana\" \/>\n<meta name=\"twitter:site\" content=\"@intoscana\" \/>\n<meta name=\"twitter:label1\" content=\"Written by\" \/>\n\t<meta name=\"twitter:data1\" content=\"Redazione\" \/>\n\t<meta name=\"twitter:label2\" content=\"Est. reading time\" \/>\n\t<meta name=\"twitter:data2\" content=\"4 minuti\" \/>\n<script type=\"application\/ld+json\" class=\"yoast-schema-graph\">{\"@context\":\"https:\/\/schema.org\",\"@graph\":[{\"@type\":\"WebPage\",\"@id\":\"https:\/\/www.intoscana.it\/it\/ambiente-e-sostenibilita-al-via-la-biennale-dellacqua-e-del-mare-a-livorno\/\",\"url\":\"https:\/\/www.intoscana.it\/it\/ambiente-e-sostenibilita-al-via-la-biennale-dellacqua-e-del-mare-a-livorno\/\",\"name\":\"Ambiente e sostenibilit\u00e0: al via la Biennale dell\u2019acqua e del mare a Livorno - intoscana\",\"isPartOf\":{\"@id\":\"https:\/\/www.intoscana.it\/it\/#website\"},\"primaryImageOfPage\":{\"@id\":\"https:\/\/www.intoscana.it\/it\/ambiente-e-sostenibilita-al-via-la-biennale-dellacqua-e-del-mare-a-livorno\/#primaryimage\"},\"image\":{\"@id\":\"https:\/\/www.intoscana.it\/it\/ambiente-e-sostenibilita-al-via-la-biennale-dellacqua-e-del-mare-a-livorno\/#primaryimage\"},\"thumbnailUrl\":\"https:\/\/www.intoscana.it\/wp-content\/uploads\/fondale_video.jpg\",\"datePublished\":\"2025-05-13T13:28:12+00:00\",\"dateModified\":\"2025-05-14T12:18:52+00:00\",\"author\":{\"@id\":\"https:\/\/www.intoscana.it\/it\/#\/schema\/person\/9223810753230f20bd670fdd322661f8\"},\"breadcrumb\":{\"@id\":\"https:\/\/www.intoscana.it\/it\/ambiente-e-sostenibilita-al-via-la-biennale-dellacqua-e-del-mare-a-livorno\/#breadcrumb\"},\"inLanguage\":\"it-IT\",\"potentialAction\":[{\"@type\":\"ReadAction\",\"target\":[\"https:\/\/www.intoscana.it\/it\/ambiente-e-sostenibilita-al-via-la-biennale-dellacqua-e-del-mare-a-livorno\/\"]}]},{\"@type\":\"ImageObject\",\"inLanguage\":\"it-IT\",\"@id\":\"https:\/\/www.intoscana.it\/it\/ambiente-e-sostenibilita-al-via-la-biennale-dellacqua-e-del-mare-a-livorno\/#primaryimage\",\"url\":\"https:\/\/www.intoscana.it\/wp-content\/uploads\/fondale_video.jpg\",\"contentUrl\":\"https:\/\/www.intoscana.it\/wp-content\/uploads\/fondale_video.jpg\",\"width\":1920,\"height\":1080},{\"@type\":\"BreadcrumbList\",\"@id\":\"https:\/\/www.intoscana.it\/it\/ambiente-e-sostenibilita-al-via-la-biennale-dellacqua-e-del-mare-a-livorno\/#breadcrumb\",\"itemListElement\":[{\"@type\":\"ListItem\",\"position\":1,\"name\":\"Home\",\"item\":\"https:\/\/www.intoscana.it\/it\/\"},{\"@type\":\"ListItem\",\"position\":2,\"name\":\"Ambiente e sostenibilit\u00e0: al via la Biennale dell\u2019acqua e del mare a Livorno\"}]},{\"@type\":\"WebSite\",\"@id\":\"https:\/\/www.intoscana.it\/it\/#website\",\"url\":\"https:\/\/www.intoscana.it\/it\/\",\"name\":\"intoscana\",\"description\":\"\",\"potentialAction\":[{\"@type\":\"SearchAction\",\"target\":{\"@type\":\"EntryPoint\",\"urlTemplate\":\"https:\/\/www.intoscana.it\/it\/?s={search_term_string}\"},\"query-input\":{\"@type\":\"PropertyValueSpecification\",\"valueRequired\":true,\"valueName\":\"search_term_string\"}}],\"inLanguage\":\"it-IT\"},{\"@type\":\"Person\",\"@id\":\"https:\/\/www.intoscana.it\/it\/#\/schema\/person\/9223810753230f20bd670fdd322661f8\",\"name\":\"Redazione\",\"url\":\"https:\/\/www.intoscana.it\/it\/author\/redazione\/\"}]}<\/script>\n<!-- \/ Yoast SEO Premium plugin. -->","yoast_head_json":{"title":"Ambiente e sostenibilit\u00e0: al via la Biennale dell\u2019acqua e del mare a Livorno - intoscana","robots":{"index":"index","follow":"follow","max-snippet":"max-snippet:-1","max-image-preview":"max-image-preview:large","max-video-preview":"max-video-preview:-1"},"canonical":"https:\/\/www.intoscana.it\/it\/ambiente-e-sostenibilita-al-via-la-biennale-dellacqua-e-del-mare-a-livorno\/","og_locale":"it_IT","og_type":"article","og_title":"Ambiente e sostenibilit\u00e0: al via la Biennale dell\u2019acqua e del mare a Livorno","og_description":"Dal 14 al 17 maggio in programma convegni scientifici, iniziative culturali, turistiche e sportive sul tema delle comunit\u00e0 costiere","og_url":"https:\/\/www.intoscana.it\/it\/ambiente-e-sostenibilita-al-via-la-biennale-dellacqua-e-del-mare-a-livorno\/","og_site_name":"intoscana","article_publisher":"https:\/\/www.facebook.com\/intoscana.it","article_published_time":"2025-05-13T13:28:12+00:00","article_modified_time":"2025-05-14T12:18:52+00:00","og_image":[{"width":1920,"height":1080,"url":"https:\/\/www.intoscana.it\/wp-content\/uploads\/fondale_video.jpg","type":"image\/jpeg"}],"author":"Redazione","twitter_card":"summary_large_image","twitter_creator":"@intoscana","twitter_site":"@intoscana","twitter_misc":{"Written by":"Redazione","Est. reading time":"4 minuti"},"schema":{"@context":"https:\/\/schema.org","@graph":[{"@type":"WebPage","@id":"https:\/\/www.intoscana.it\/it\/ambiente-e-sostenibilita-al-via-la-biennale-dellacqua-e-del-mare-a-livorno\/","url":"https:\/\/www.intoscana.it\/it\/ambiente-e-sostenibilita-al-via-la-biennale-dellacqua-e-del-mare-a-livorno\/","name":"Ambiente e sostenibilit\u00e0: al via la Biennale dell\u2019acqua e del mare a Livorno - intoscana","isPartOf":{"@id":"https:\/\/www.intoscana.it\/it\/#website"},"primaryImageOfPage":{"@id":"https:\/\/www.intoscana.it\/it\/ambiente-e-sostenibilita-al-via-la-biennale-dellacqua-e-del-mare-a-livorno\/#primaryimage"},"image":{"@id":"https:\/\/www.intoscana.it\/it\/ambiente-e-sostenibilita-al-via-la-biennale-dellacqua-e-del-mare-a-livorno\/#primaryimage"},"thumbnailUrl":"https:\/\/www.intoscana.it\/wp-content\/uploads\/fondale_video.jpg","datePublished":"2025-05-13T13:28:12+00:00","dateModified":"2025-05-14T12:18:52+00:00","author":{"@id":"https:\/\/www.intoscana.it\/it\/#\/schema\/person\/9223810753230f20bd670fdd322661f8"},"breadcrumb":{"@id":"https:\/\/www.intoscana.it\/it\/ambiente-e-sostenibilita-al-via-la-biennale-dellacqua-e-del-mare-a-livorno\/#breadcrumb"},"inLanguage":"it-IT","potentialAction":[{"@type":"ReadAction","target":["https:\/\/www.intoscana.it\/it\/ambiente-e-sostenibilita-al-via-la-biennale-dellacqua-e-del-mare-a-livorno\/"]}]},{"@type":"ImageObject","inLanguage":"it-IT","@id":"https:\/\/www.intoscana.it\/it\/ambiente-e-sostenibilita-al-via-la-biennale-dellacqua-e-del-mare-a-livorno\/#primaryimage","url":"https:\/\/www.intoscana.it\/wp-content\/uploads\/fondale_video.jpg","contentUrl":"https:\/\/www.intoscana.it\/wp-content\/uploads\/fondale_video.jpg","width":1920,"height":1080},{"@type":"BreadcrumbList","@id":"https:\/\/www.intoscana.it\/it\/ambiente-e-sostenibilita-al-via-la-biennale-dellacqua-e-del-mare-a-livorno\/#breadcrumb","itemListElement":[{"@type":"ListItem","position":1,"name":"Home","item":"https:\/\/www.intoscana.it\/it\/"},{"@type":"ListItem","position":2,"name":"Ambiente e sostenibilit\u00e0: al via la Biennale dell\u2019acqua e del mare a Livorno"}]},{"@type":"WebSite","@id":"https:\/\/www.intoscana.it\/it\/#website","url":"https:\/\/www.intoscana.it\/it\/","name":"intoscana","description":"","potentialAction":[{"@type":"SearchAction","target":{"@type":"EntryPoint","urlTemplate":"https:\/\/www.intoscana.it\/it\/?s={search_term_string}"},"query-input":{"@type":"PropertyValueSpecification","valueRequired":true,"valueName":"search_term_string"}}],"inLanguage":"it-IT"},{"@type":"Person","@id":"https:\/\/www.intoscana.it\/it\/#\/schema\/person\/9223810753230f20bd670fdd322661f8","name":"Redazione","url":"https:\/\/www.intoscana.it\/it\/author\/redazione\/"}]}},"_links":{"self":[{"href":"https:\/\/www.intoscana.it\/it\/wp-json\/wp\/v2\/posts\/384928","targetHints":{"allow":["GET"]}}],"collection":[{"href":"https:\/\/www.intoscana.it\/it\/wp-json\/wp\/v2\/posts"}],"about":[{"href":"https:\/\/www.intoscana.it\/it\/wp-json\/wp\/v2\/types\/post"}],"author":[{"embeddable":true,"href":"https:\/\/www.intoscana.it\/it\/wp-json\/wp\/v2\/users\/525"}],"replies":[{"embeddable":true,"href":"https:\/\/www.intoscana.it\/it\/wp-json\/wp\/v2\/comments?post=384928"}],"version-history":[{"count":5,"href":"https:\/\/www.intoscana.it\/it\/wp-json\/wp\/v2\/posts\/384928\/revisions"}],"predecessor-version":[{"id":384947,"href":"https:\/\/www.intoscana.it\/it\/wp-json\/wp\/v2\/posts\/384928\/revisions\/384947"}],"wp:featuredmedia":[{"embeddable":true,"href":"https:\/\/www.intoscana.it\/it\/wp-json\/wp\/v2\/media\/384937"}],"wp:attachment":[{"href":"https:\/\/www.intoscana.it\/it\/wp-json\/wp\/v2\/media?parent=384928"}],"wp:term":[{"taxonomy":"category","embeddable":true,"href":"https:\/\/www.intoscana.it\/it\/wp-json\/wp\/v2\/categories?post=384928"},{"taxonomy":"post_tag","embeddable":true,"href":"https:\/\/www.intoscana.it\/it\/wp-json\/wp\/v2\/tags?post=384928"}],"curies":[{"name":"wp","href":"https:\/\/api.w.org\/{rel}","templated":true}]}}