{"id":386396,"date":"2025-06-12T15:04:19","date_gmt":"2025-06-12T13:04:19","guid":{"rendered":"https:\/\/www.intoscana.it\/it\/?p=386396"},"modified":"2025-06-16T13:43:55","modified_gmt":"2025-06-16T11:43:55","slug":"berte-vecchioni-diodato-allevi-nino-dangelo-gatti-mezzi-in-concerto-al-musart-festival-2025","status":"publish","type":"post","link":"https:\/\/www.intoscana.it\/it\/berte-vecchioni-diodato-allevi-nino-dangelo-gatti-mezzi-in-concerto-al-musart-festival-2025\/","title":{"rendered":"Bert\u00e8, Vecchioni, Diodato, Allevi, Nino D&#8217;Angelo, Gatti Mezzi in concerto al Musart Festival 2025"},"content":{"rendered":"<p>Dal <em>&#8216;prof&#8217;<\/em> <strong>Roberto Vecchioni<\/strong> alla ribelle <strong>Loredana Bert\u00e8,<\/strong> dal pop di <strong>Nino D\u2019Angelo<\/strong> al cantautorato raffinato di <strong>Diodato,<\/strong> dalla classica di <strong>Giovanni Allevi<\/strong> con l\u2019Orchestra Sinfonica Italiana e l\u2019attesa reunion dei <strong>Gatti M\u00e9zzi.<\/strong><\/p>\n<p>Tutto questo e molto altro sar\u00e0 nel cartellone del <strong>Musart Festival dal 17 al 26 luglio<\/strong> per <strong>sei serate di grande musica<\/strong> nella splendida cornice del <strong>parco Mediceo di Pratolino<\/strong>, sito UNESCO, parte del complesso di Ville e Giardini Medicei in Toscana, riconosciuto come <strong>Patrimonio Mondiale dell&#8217;Umanit\u00e0.<\/strong><\/p>\n<p><strong>Gioved\u00ec 17 luglio<\/strong> (ore 21,15) sar\u00e0 <strong>Nino D\u2019Angelo<\/strong> a inaugurare la grande arena del <strong>Musart Festival<\/strong>: l\u2019eterno scugnizzo celebrer\u00e0 oltre <strong>40 anni di carriera<\/strong> ripercorrendo i grandi successi, da \u201cPopcorn\u201d a Patatine, da \u201cA\u2019 Discoteca\u201d a \u201cMaledetto Treno\u201d.<\/p>\n<p><strong>Diodato<\/strong> sar\u00e0 in concerto <strong>venerd\u00ec 18 luglio<\/strong> (ore 21,15) sempre al Parco Mediceo di Pratolino: cantautore intenso e ricercato, tra i pi\u00f9 apprezzati del nuovo pop italiano, proporr\u00e0 un concerto che \u00e8 un climax ascendente in cui l\u2019artista vibra con il suo pubblico, fino a diventare un corpo unico.<\/p>\n<p>Far\u00e0 tappa al Musart Festival sabato 19 luglio <strong>Giovanni Allevi,<\/strong> affiancato in questo tour \u201cSummer MMXXV\u201d dall\u2019<strong>Orchestra Sinfonica Italiana<\/strong>.<\/p>\n<p><strong><em>\u201c50 da ribelle\u201d<\/em> <\/strong>\u00e8 invece il tour che riporter\u00e0 dal vivo <strong>Loredana Bert\u00e8:<\/strong> l\u2019artista sar\u00e0 in concerto<strong> luned\u00ec 21 luglio<\/strong> al Parco Mediceo di Pratolino. \u201c<em>Credevate che i festeggiamenti per i miei 50 anni di carriera fossero finiti? La festa continua anche nel 2025 con un nuovissimo tour: libero, sincero, ribelle come sono sempre stata \u2013<\/em><strong> ha scritto Loredana sui suoi social <\/strong><em>&#8211; sul palco con me la mia inseparabile e potente super band Bandabert\u00e8. Quest\u2019anno ci saranno anche tante altre sorprese\u201d.<\/em><\/p>\n<p>Dopo il successo dello scorso anno <a href=\"https:\/\/www.intoscana.it\/it\/dettaglio-video\/a-roberto-vecchioni-il-pegaso-doro-della-regione-tre-i-concerti-in-toscana\/\" target=\"_blank\" rel=\"noopener\"><strong>Roberto Vecchioni<\/strong> <\/a>torner\u00e0 a Pratolino<strong> mercoled\u00ec 23 luglio<\/strong>, nell\u2019ambito del tour estivo \u201cTra il silenzio e il tuono\u201d: un grande spettacolo di canti, immagini e monologhi, in cui i brani del nuovo album \u201cL\u2019Infinito\u201d si intrecceranno ai classici del cantautore.<\/p>\n<p>I concerti di Musart proseguono\u00a0 <strong>gioved\u00ec 24 luglio<\/strong> con la reunion dei <a href=\"https:\/\/www.intoscana.it\/it\/dettaglio-video\/il-ritorno-dei-gatti-mezzi-in-concerto-al-parco-di-pratolino-il-25-luglio-al-musart-festival\/\" target=\"_blank\" rel=\"noopener\"><strong>Gatti M\u00e9zzi.<\/strong><\/a> Dopo 7 anni di stop, <strong>Francesco Bottai e Tommaso Novi<\/strong> torneranno a inebriarci con il loro cantautorato irriverente e colto, un sound intriso di jazz e swing su cui galleggiano personaggi e leggende di una Toscana d\u2019antan.<\/p>\n<p>Confermata la presenza di <strong>Manu Chao<\/strong>: icona e voce di una generazione, Manu Chao sar\u00e0<strong> sabato 26 luglio<\/strong> sul palco del Parco Mediceo di Pratolino con un live \u201cUltra Acoustic\u201d, per ripercorrere i grandi inni della sua carriera: da \u201cMala Vida\u201d a \u201cClandestino\u201d, passando per \u201cKing Kong Five\u201d e \u201cPr\u00f3xima Estaci\u00f3n: Esperanza\u201d fino all\u2019ultimo album \u201cViva Tu\u201d. Tra rock, reggae, ska, salsa e ra\u00ef, sempre con un occhio all\u2019attivismo e al sociale.<\/p>\n<p><strong>Musart Festival<\/strong> si chiuder\u00e0 <strong>domenica 27 luglio<\/strong> (ore 4,45) con il <strong>concerto all\u2019alba<\/strong> del pianista <strong>Alessandro Galati<\/strong>. A far da cornice sar\u00e0, solo per questa occasione, il Cortile degli Uomini dell\u2019Istituto degli Innocenti, in <strong>piazza della Santissima Annunziata,<\/strong> a pochi passi dal Duomo di Firenze.<\/p>\n<div class=\"titleimg\">\n<figure id=\"post-386406 media-386406\" class=\"align-none\"><img decoding=\"async\" src=\"https:\/\/www.intoscana.it\/wp-content\/uploads\/Roberto-Vecchioni-Musart-2025-pic.jpg\" alt=\"\" \/><\/figure>\n<div class=\"titleimg\">Roberto Vecchioni Musart 2025<\/div>\n<\/div>\n<h3>Tutte le novit\u00e0 di Musart Festival 2025: arrivano le golf car<\/h3>\n<p>Tra le novit\u00e0 di <strong>Musart Festival 2025, le navette gratuite, con golf-car,<\/strong> che collegheranno gli ingressi del Parco all\u2019area concerti.\u00a0<div class=\"focuson\"><a href=\"https:\/\/www.intoscana.it\/it\/un-2025-in-musica-tutti-i-concerti-e-i-festival-da-non-perdere-in-toscana\/\"><img decoding=\"async\" class=\"lazy\" src=\"https:\/\/www.intoscana.it\/wp-content\/uploads\/firenze-rocks-day-3-15-giugno-2019-prandoni-5012-1.jpg\" style=\"\">\n                <div class=\"cat\">Estate in musica<\/div>\n                <h4>Tutti i festival in Toscana<\/h4><\/a>\n              <\/div><\/p>\n<p>Prima degli spettacoli si potranno visitare, seguendo un percorso studiato e coordinato da guide turistiche, <strong>gli angoli pi\u00f9 suggestivi del parco<\/strong>, a partire dal <strong>Colosso dell\u2019Appennino<\/strong>, l\u2019opera del Giambologna per la quale il Parco \u00e8 conosciuto.<\/p>\n<p>Particolare attenzione sar\u00e0 riservata al <strong>rispetto dell\u2019ecosistema<\/strong>. In occasione dei concerti del <strong>Musart Festival,<\/strong> sar\u00e0 possibile acquistare in prevendita su TicketOne i posti auto\/moto nei parcheggi allestiti in prossimit\u00e0 del parco e collegati a questo dalle navette di at \u2013 autolinee toscane, prima e dopo gli spettacoli.<\/p>\n<p>I biglietti sono disponibili sul sito ufficiale <a href=\"http:\/\/www.musartfestival.it\" target=\"_blank\" rel=\"noopener\"><strong>www.musartfestival.it<\/strong><\/a>, su <a href=\"http:\/\/www.ticketone.it\" target=\"_blank\" rel=\"noopener\" class=\"broken_link\"><strong>www.ticketone.it<\/strong><\/a> e nei punti Boxoffice Toscana.<\/p>\n<figure id=\"post-386400 media-386400\" class=\"align-none\"><img decoding=\"async\" src=\"https:\/\/www.intoscana.it\/wp-content\/uploads\/Gatti-Mezzi-foto-Andrea-Dani-IMG_1479-pic.jpg\" alt=\"\" \/><\/figure>\n<div class=\"titleimg\">Gatti Mezzi foto Andrea Dani IMG_1479 pic<\/div>\n<p>&nbsp;<\/p>\n","protected":false},"excerpt":{"rendered":"<p>Dal 17 al 26 luglio torna la rassegna che riempir\u00e0 con sei serate di grande musica il Parco Mediceo di Pratolino alle porte di Firenze, oltre ai concerti sar\u00e0 possibile anche visitare gli angoli pi\u00f9 suggestivi del luogo<\/p>\n","protected":false},"author":518,"featured_media":386401,"comment_status":"open","ping_status":"open","sticky":false,"template":"","format":"standard","meta":{"_acf_changed":false,"footnotes":""},"categories":[14],"tags":[216,235,399,228],"class_list":["post-386396","post","type-post","status-publish","format-standard","has-post-thumbnail","hentry","category-musica","tag-concerti","tag-estate","tag-estate-in-toscana","tag-festival"],"acf":[],"yoast_head":"<!-- This site is optimized with the Yoast SEO Premium plugin v24.2 (Yoast SEO v25.6) - https:\/\/yoast.com\/wordpress\/plugins\/seo\/ -->\n<title>Bert\u00e8, Vecchioni, Diodato, Allevi, Nino D&#039;Angelo, Gatti Mezzi in concerto al Musart Festival 2025 - intoscana<\/title>\n<meta name=\"description\" content=\"Dal 17 al 26 luglio torna la rassegna che riempir\u00e0 con sei serate di grande musica il Parco Mediceo di Pratolino alle porte di Firenze, oltre ai concerti sar\u00e0 possibile anche visitare gli angoli pi\u00f9 suggestivi del luogo\" \/>\n<meta name=\"robots\" content=\"index, follow, max-snippet:-1, max-image-preview:large, max-video-preview:-1\" \/>\n<link rel=\"canonical\" href=\"https:\/\/www.intoscana.it\/it\/berte-vecchioni-diodato-allevi-nino-dangelo-gatti-mezzi-in-concerto-al-musart-festival-2025\/\" \/>\n<meta property=\"og:locale\" content=\"it_IT\" \/>\n<meta property=\"og:type\" content=\"article\" \/>\n<meta property=\"og:title\" content=\"Bert\u00e8, Vecchioni, Diodato, Allevi, Nino D&#039;Angelo, Gatti Mezzi in concerto al Musart Festival 2025\" \/>\n<meta property=\"og:description\" content=\"Dal 17 al 26 luglio torna la rassegna che riempir\u00e0 con sei serate di grande musica il Parco Mediceo di Pratolino alle porte di Firenze, oltre ai concerti sar\u00e0 possibile anche visitare gli angoli pi\u00f9 suggestivi del luogo\" \/>\n<meta property=\"og:url\" content=\"https:\/\/www.intoscana.it\/it\/berte-vecchioni-diodato-allevi-nino-dangelo-gatti-mezzi-in-concerto-al-musart-festival-2025\/\" \/>\n<meta property=\"og:site_name\" content=\"intoscana\" \/>\n<meta property=\"article:publisher\" content=\"https:\/\/www.facebook.com\/intoscana.it\" \/>\n<meta property=\"article:published_time\" content=\"2025-06-12T13:04:19+00:00\" \/>\n<meta property=\"article:modified_time\" content=\"2025-06-16T11:43:55+00:00\" \/>\n<meta property=\"og:image\" content=\"https:\/\/www.intoscana.it\/wp-content\/uploads\/Loredana-Berte-2025-ufficiale.jpg\" \/>\n\t<meta property=\"og:image:width\" content=\"1600\" \/>\n\t<meta property=\"og:image:height\" content=\"1067\" \/>\n\t<meta property=\"og:image:type\" content=\"image\/jpeg\" \/>\n<meta name=\"author\" content=\"Costanza Baldini\" \/>\n<meta name=\"twitter:card\" content=\"summary_large_image\" \/>\n<meta name=\"twitter:creator\" content=\"@intoscana\" \/>\n<meta name=\"twitter:site\" content=\"@intoscana\" \/>\n<meta name=\"twitter:label1\" content=\"Written by\" \/>\n\t<meta name=\"twitter:data1\" content=\"Costanza Baldini\" \/>\n\t<meta name=\"twitter:label2\" content=\"Est. reading time\" \/>\n\t<meta name=\"twitter:data2\" content=\"4 minuti\" \/>\n<script type=\"application\/ld+json\" class=\"yoast-schema-graph\">{\"@context\":\"https:\/\/schema.org\",\"@graph\":[{\"@type\":\"WebPage\",\"@id\":\"https:\/\/www.intoscana.it\/it\/berte-vecchioni-diodato-allevi-nino-dangelo-gatti-mezzi-in-concerto-al-musart-festival-2025\/\",\"url\":\"https:\/\/www.intoscana.it\/it\/berte-vecchioni-diodato-allevi-nino-dangelo-gatti-mezzi-in-concerto-al-musart-festival-2025\/\",\"name\":\"Bert\u00e8, Vecchioni, Diodato, Allevi, Nino D'Angelo, Gatti Mezzi in concerto al Musart Festival 2025 - intoscana\",\"isPartOf\":{\"@id\":\"https:\/\/www.intoscana.it\/it\/#website\"},\"primaryImageOfPage\":{\"@id\":\"https:\/\/www.intoscana.it\/it\/berte-vecchioni-diodato-allevi-nino-dangelo-gatti-mezzi-in-concerto-al-musart-festival-2025\/#primaryimage\"},\"image\":{\"@id\":\"https:\/\/www.intoscana.it\/it\/berte-vecchioni-diodato-allevi-nino-dangelo-gatti-mezzi-in-concerto-al-musart-festival-2025\/#primaryimage\"},\"thumbnailUrl\":\"https:\/\/www.intoscana.it\/wp-content\/uploads\/Loredana-Berte-2025-ufficiale.jpg\",\"datePublished\":\"2025-06-12T13:04:19+00:00\",\"dateModified\":\"2025-06-16T11:43:55+00:00\",\"author\":{\"@id\":\"https:\/\/www.intoscana.it\/it\/#\/schema\/person\/d469f35f09739bdf00bf5dd3f0647a82\"},\"description\":\"Dal 17 al 26 luglio torna la rassegna che riempir\u00e0 con sei serate di grande musica il Parco Mediceo di Pratolino alle porte di Firenze, oltre ai concerti sar\u00e0 possibile anche visitare gli angoli pi\u00f9 suggestivi del luogo\",\"breadcrumb\":{\"@id\":\"https:\/\/www.intoscana.it\/it\/berte-vecchioni-diodato-allevi-nino-dangelo-gatti-mezzi-in-concerto-al-musart-festival-2025\/#breadcrumb\"},\"inLanguage\":\"it-IT\",\"potentialAction\":[{\"@type\":\"ReadAction\",\"target\":[\"https:\/\/www.intoscana.it\/it\/berte-vecchioni-diodato-allevi-nino-dangelo-gatti-mezzi-in-concerto-al-musart-festival-2025\/\"]}]},{\"@type\":\"ImageObject\",\"inLanguage\":\"it-IT\",\"@id\":\"https:\/\/www.intoscana.it\/it\/berte-vecchioni-diodato-allevi-nino-dangelo-gatti-mezzi-in-concerto-al-musart-festival-2025\/#primaryimage\",\"url\":\"https:\/\/www.intoscana.it\/wp-content\/uploads\/Loredana-Berte-2025-ufficiale.jpg\",\"contentUrl\":\"https:\/\/www.intoscana.it\/wp-content\/uploads\/Loredana-Berte-2025-ufficiale.jpg\",\"width\":1600,\"height\":1067},{\"@type\":\"BreadcrumbList\",\"@id\":\"https:\/\/www.intoscana.it\/it\/berte-vecchioni-diodato-allevi-nino-dangelo-gatti-mezzi-in-concerto-al-musart-festival-2025\/#breadcrumb\",\"itemListElement\":[{\"@type\":\"ListItem\",\"position\":1,\"name\":\"Home\",\"item\":\"https:\/\/www.intoscana.it\/it\/\"},{\"@type\":\"ListItem\",\"position\":2,\"name\":\"Bert\u00e8, Vecchioni, Diodato, Allevi, Nino D&#8217;Angelo, Gatti Mezzi in concerto al Musart Festival 2025\"}]},{\"@type\":\"WebSite\",\"@id\":\"https:\/\/www.intoscana.it\/it\/#website\",\"url\":\"https:\/\/www.intoscana.it\/it\/\",\"name\":\"intoscana\",\"description\":\"\",\"potentialAction\":[{\"@type\":\"SearchAction\",\"target\":{\"@type\":\"EntryPoint\",\"urlTemplate\":\"https:\/\/www.intoscana.it\/it\/?s={search_term_string}\"},\"query-input\":{\"@type\":\"PropertyValueSpecification\",\"valueRequired\":true,\"valueName\":\"search_term_string\"}}],\"inLanguage\":\"it-IT\"},{\"@type\":\"Person\",\"@id\":\"https:\/\/www.intoscana.it\/it\/#\/schema\/person\/d469f35f09739bdf00bf5dd3f0647a82\",\"name\":\"Costanza Baldini\",\"url\":\"https:\/\/www.intoscana.it\/it\/author\/costanza-baldini\/\"}]}<\/script>\n<!-- \/ Yoast SEO Premium plugin. -->","yoast_head_json":{"title":"Bert\u00e8, Vecchioni, Diodato, Allevi, Nino D'Angelo, Gatti Mezzi in concerto al Musart Festival 2025 - intoscana","description":"Dal 17 al 26 luglio torna la rassegna che riempir\u00e0 con sei serate di grande musica il Parco Mediceo di Pratolino alle porte di Firenze, oltre ai concerti sar\u00e0 possibile anche visitare gli angoli pi\u00f9 suggestivi del luogo","robots":{"index":"index","follow":"follow","max-snippet":"max-snippet:-1","max-image-preview":"max-image-preview:large","max-video-preview":"max-video-preview:-1"},"canonical":"https:\/\/www.intoscana.it\/it\/berte-vecchioni-diodato-allevi-nino-dangelo-gatti-mezzi-in-concerto-al-musart-festival-2025\/","og_locale":"it_IT","og_type":"article","og_title":"Bert\u00e8, Vecchioni, Diodato, Allevi, Nino D'Angelo, Gatti Mezzi in concerto al Musart Festival 2025","og_description":"Dal 17 al 26 luglio torna la rassegna che riempir\u00e0 con sei serate di grande musica il Parco Mediceo di Pratolino alle porte di Firenze, oltre ai concerti sar\u00e0 possibile anche visitare gli angoli pi\u00f9 suggestivi del luogo","og_url":"https:\/\/www.intoscana.it\/it\/berte-vecchioni-diodato-allevi-nino-dangelo-gatti-mezzi-in-concerto-al-musart-festival-2025\/","og_site_name":"intoscana","article_publisher":"https:\/\/www.facebook.com\/intoscana.it","article_published_time":"2025-06-12T13:04:19+00:00","article_modified_time":"2025-06-16T11:43:55+00:00","og_image":[{"width":1600,"height":1067,"url":"https:\/\/www.intoscana.it\/wp-content\/uploads\/Loredana-Berte-2025-ufficiale.jpg","type":"image\/jpeg"}],"author":"Costanza Baldini","twitter_card":"summary_large_image","twitter_creator":"@intoscana","twitter_site":"@intoscana","twitter_misc":{"Written by":"Costanza Baldini","Est. reading time":"4 minuti"},"schema":{"@context":"https:\/\/schema.org","@graph":[{"@type":"WebPage","@id":"https:\/\/www.intoscana.it\/it\/berte-vecchioni-diodato-allevi-nino-dangelo-gatti-mezzi-in-concerto-al-musart-festival-2025\/","url":"https:\/\/www.intoscana.it\/it\/berte-vecchioni-diodato-allevi-nino-dangelo-gatti-mezzi-in-concerto-al-musart-festival-2025\/","name":"Bert\u00e8, Vecchioni, Diodato, Allevi, Nino D'Angelo, Gatti Mezzi in concerto al Musart Festival 2025 - intoscana","isPartOf":{"@id":"https:\/\/www.intoscana.it\/it\/#website"},"primaryImageOfPage":{"@id":"https:\/\/www.intoscana.it\/it\/berte-vecchioni-diodato-allevi-nino-dangelo-gatti-mezzi-in-concerto-al-musart-festival-2025\/#primaryimage"},"image":{"@id":"https:\/\/www.intoscana.it\/it\/berte-vecchioni-diodato-allevi-nino-dangelo-gatti-mezzi-in-concerto-al-musart-festival-2025\/#primaryimage"},"thumbnailUrl":"https:\/\/www.intoscana.it\/wp-content\/uploads\/Loredana-Berte-2025-ufficiale.jpg","datePublished":"2025-06-12T13:04:19+00:00","dateModified":"2025-06-16T11:43:55+00:00","author":{"@id":"https:\/\/www.intoscana.it\/it\/#\/schema\/person\/d469f35f09739bdf00bf5dd3f0647a82"},"description":"Dal 17 al 26 luglio torna la rassegna che riempir\u00e0 con sei serate di grande musica il Parco Mediceo di Pratolino alle porte di Firenze, oltre ai concerti sar\u00e0 possibile anche visitare gli angoli pi\u00f9 suggestivi del luogo","breadcrumb":{"@id":"https:\/\/www.intoscana.it\/it\/berte-vecchioni-diodato-allevi-nino-dangelo-gatti-mezzi-in-concerto-al-musart-festival-2025\/#breadcrumb"},"inLanguage":"it-IT","potentialAction":[{"@type":"ReadAction","target":["https:\/\/www.intoscana.it\/it\/berte-vecchioni-diodato-allevi-nino-dangelo-gatti-mezzi-in-concerto-al-musart-festival-2025\/"]}]},{"@type":"ImageObject","inLanguage":"it-IT","@id":"https:\/\/www.intoscana.it\/it\/berte-vecchioni-diodato-allevi-nino-dangelo-gatti-mezzi-in-concerto-al-musart-festival-2025\/#primaryimage","url":"https:\/\/www.intoscana.it\/wp-content\/uploads\/Loredana-Berte-2025-ufficiale.jpg","contentUrl":"https:\/\/www.intoscana.it\/wp-content\/uploads\/Loredana-Berte-2025-ufficiale.jpg","width":1600,"height":1067},{"@type":"BreadcrumbList","@id":"https:\/\/www.intoscana.it\/it\/berte-vecchioni-diodato-allevi-nino-dangelo-gatti-mezzi-in-concerto-al-musart-festival-2025\/#breadcrumb","itemListElement":[{"@type":"ListItem","position":1,"name":"Home","item":"https:\/\/www.intoscana.it\/it\/"},{"@type":"ListItem","position":2,"name":"Bert\u00e8, Vecchioni, Diodato, Allevi, Nino D&#8217;Angelo, Gatti Mezzi in concerto al Musart Festival 2025"}]},{"@type":"WebSite","@id":"https:\/\/www.intoscana.it\/it\/#website","url":"https:\/\/www.intoscana.it\/it\/","name":"intoscana","description":"","potentialAction":[{"@type":"SearchAction","target":{"@type":"EntryPoint","urlTemplate":"https:\/\/www.intoscana.it\/it\/?s={search_term_string}"},"query-input":{"@type":"PropertyValueSpecification","valueRequired":true,"valueName":"search_term_string"}}],"inLanguage":"it-IT"},{"@type":"Person","@id":"https:\/\/www.intoscana.it\/it\/#\/schema\/person\/d469f35f09739bdf00bf5dd3f0647a82","name":"Costanza Baldini","url":"https:\/\/www.intoscana.it\/it\/author\/costanza-baldini\/"}]}},"_links":{"self":[{"href":"https:\/\/www.intoscana.it\/it\/wp-json\/wp\/v2\/posts\/386396","targetHints":{"allow":["GET"]}}],"collection":[{"href":"https:\/\/www.intoscana.it\/it\/wp-json\/wp\/v2\/posts"}],"about":[{"href":"https:\/\/www.intoscana.it\/it\/wp-json\/wp\/v2\/types\/post"}],"author":[{"embeddable":true,"href":"https:\/\/www.intoscana.it\/it\/wp-json\/wp\/v2\/users\/518"}],"replies":[{"embeddable":true,"href":"https:\/\/www.intoscana.it\/it\/wp-json\/wp\/v2\/comments?post=386396"}],"version-history":[{"count":6,"href":"https:\/\/www.intoscana.it\/it\/wp-json\/wp\/v2\/posts\/386396\/revisions"}],"predecessor-version":[{"id":389208,"href":"https:\/\/www.intoscana.it\/it\/wp-json\/wp\/v2\/posts\/386396\/revisions\/389208"}],"wp:featuredmedia":[{"embeddable":true,"href":"https:\/\/www.intoscana.it\/it\/wp-json\/wp\/v2\/media\/386401"}],"wp:attachment":[{"href":"https:\/\/www.intoscana.it\/it\/wp-json\/wp\/v2\/media?parent=386396"}],"wp:term":[{"taxonomy":"category","embeddable":true,"href":"https:\/\/www.intoscana.it\/it\/wp-json\/wp\/v2\/categories?post=386396"},{"taxonomy":"post_tag","embeddable":true,"href":"https:\/\/www.intoscana.it\/it\/wp-json\/wp\/v2\/tags?post=386396"}],"curies":[{"name":"wp","href":"https:\/\/api.w.org\/{rel}","templated":true}]}}