{"id":386475,"date":"2025-05-23T16:28:13","date_gmt":"2025-05-23T14:28:13","guid":{"rendered":"https:\/\/www.intoscana.it\/it\/?p=386475"},"modified":"2025-05-26T12:27:45","modified_gmt":"2025-05-26T10:27:45","slug":"next-generation-fest-si-presenta-la-grande-squadra-regione-toscana","status":"publish","type":"post","link":"https:\/\/www.intoscana.it\/it\/next-generation-fest-si-presenta-la-grande-squadra-regione-toscana\/","title":{"rendered":"Next Generation Fest, si presenta la grande squadra \u201cRegione Toscana\u201d"},"content":{"rendered":"<p>Al <strong>Next Generation Fest<\/strong> si riunisce l\u2019intero sistema di progetti e enti della <strong>Regione Toscana<\/strong>. Il prossimo 2 giugno al <strong>Teatro del Maggio<\/strong>, i giovani partecipanti all\u2019evento della Generazione Z pi\u00f9 grande d\u2019Italia, promosso da <strong>Regione Toscana &#8211; Giovanis\u00ec<\/strong>, potranno scoprire le molteplici attivit\u00e0 che l\u2019istituzione riserva loro in numerosi ambiti della vita.<\/p>\n<p>Oltre allo stand di<strong> Regione Toscana<\/strong> con le opportunit\u00e0 di <strong>Giovanis\u00ec<\/strong> e dei Fondi europei, ci sar\u00e0 un mondo di servizi offerti dalla Regione che potranno essere conosciuti da vicino sistema sia nell\u2019<strong>area Expo<\/strong>, lo spazio degli stand di istituzioni regionali, nazionali e europei, sia nel <strong>Village all\u2019esterno<\/strong> al Teatro allestito con angoli ristoro, play e tanti altri stand.<\/p>\n<p>Sar\u00e0 attivo il <strong>camper Ispro<\/strong>, l\u2019Istituto per lo Studio e la Prevenzione Oncologica, che grazie ai professionisti dell&#8217;Istituto fornir\u00e0, durante tutta la giornata, informazioni e materiale divulgativo su stili di vita e prevenzione oncologica.<\/p>\n<p>A Ngf torna <strong>Slow Life Slow Games<\/strong> il progetto di Usl Toscana Nord Ovest dedicato alla prevenzione primaria nei confronti del <strong>Gioco d\u2019Azzardo Patologico<\/strong>.<\/p>\n<p>All\u2019Ngf saranno presenti anche i servizi per i diritti e il miglioramento della qualit\u00e0 della vita delle <strong>persone ipovedenti<\/strong>: la <strong>Stamperia Braille<\/strong> e la <strong>scuola nazionale cani guida<\/strong> di Scandicci con i suoi labrador.<\/p>\n<p>Il <strong>consorzio Lamma<\/strong> &#8211; sempre pi\u00f9 riconosciuto come eccellenza di livello internazionale nel campo delle previsioni meteorologiche e del monitoraggio dei cambiamenti climatici- realizzer\u00e0 all\u2019interno del suo stand collegamenti con la sala Meteo.<\/p>\n<p>Parteciper\u00e0 anche il sistema di protezione civile regionale con <strong>Io Non Rischio<\/strong>, la campagna nazionale di comunicazione dedicata alle buone pratiche di <strong>protezione civile<\/strong>.<\/p>\n<p>Sul fronte formazione, accanto all\u2019<strong>Agenzia regionale Toscana per l\u2019impiego<\/strong>, sar\u00e0 in funzione lo stand del <strong>progetto Trio<\/strong>, storica piattaforma on line per l\u2019apprendimento da remoto.<\/p>\n<p>\u201c<em>In questi anni, con Giovanis\u00ec,<\/em> &#8211; afferma il presidente Eugenio Giani &#8211;<em> abbiamo cercato di portare un\u2019istituzione come la Regione Toscana al di fuori delle proprie mura e il pi\u00f9 vicino possibile a ragazze e ragazzi. Se il Next Generation Fest \u00e8 il segno principale di questo impegno, \u00e8 un processo naturale portare al Maggio il numero pi\u00f9 ampio di attivit\u00e0 che svolgiamo ogni giorno grazie anche alla professionalit\u00e0 di uomini e donne della Regione Toscana. La Toscana \u00e8 una grande squadra ed \u00e8 bello vederla mettersi a disposizione delle giovani generazioni, che volgiamo sempre pi\u00f9 protagoniste\u201d.<\/em><\/p>\n","protected":false},"excerpt":{"rendered":"<p>Luned\u00ec 2 giugno al Teatro del Maggio progetti ed enti con le loro attivit\u00e0: dall&#8217;Ispro al Lamma, dalla Scuola cani guida al progetto Trio<\/p>\n","protected":false},"author":525,"featured_media":382411,"comment_status":"open","ping_status":"open","sticky":false,"template":"","format":"standard","meta":{"_acf_changed":false,"footnotes":""},"categories":[494],"tags":[158,244,6547,151],"class_list":["post-386475","post","type-post","status-publish","format-standard","has-post-thumbnail","hentry","category-attualita","tag-eugenio-giani","tag-giovanisi","tag-next-generation-fest","tag-regione-toscana"],"acf":[],"yoast_head":"<!-- This site is optimized with the Yoast SEO Premium plugin v24.2 (Yoast SEO v25.6) - https:\/\/yoast.com\/wordpress\/plugins\/seo\/ -->\n<title>Next Generation Fest, si presenta la grande squadra \u201cRegione Toscana\u201d - intoscana<\/title>\n<meta name=\"description\" content=\"Luned\u00ec 2 giugno al Teatro del Maggio progetti ed enti con le loro attivit\u00e0: dall&#039;Ispro al Lamma, dalla Scuola cani guida al progetto Trio\" \/>\n<meta name=\"robots\" content=\"index, follow, max-snippet:-1, max-image-preview:large, max-video-preview:-1\" \/>\n<link rel=\"canonical\" href=\"https:\/\/www.intoscana.it\/it\/next-generation-fest-si-presenta-la-grande-squadra-regione-toscana\/\" \/>\n<meta property=\"og:locale\" content=\"it_IT\" \/>\n<meta property=\"og:type\" content=\"article\" \/>\n<meta property=\"og:title\" content=\"Next Generation Fest, si presenta la grande squadra \u201cRegione Toscana\u201d\" \/>\n<meta property=\"og:description\" content=\"Luned\u00ec 2 giugno al Teatro del Maggio progetti ed enti con le loro attivit\u00e0: dall&#039;Ispro al Lamma, dalla Scuola cani guida al progetto Trio\" \/>\n<meta property=\"og:url\" content=\"https:\/\/www.intoscana.it\/it\/next-generation-fest-si-presenta-la-grande-squadra-regione-toscana\/\" \/>\n<meta property=\"og:site_name\" content=\"intoscana\" \/>\n<meta property=\"article:publisher\" content=\"https:\/\/www.facebook.com\/intoscana.it\" \/>\n<meta property=\"article:published_time\" content=\"2025-05-23T14:28:13+00:00\" \/>\n<meta property=\"article:modified_time\" content=\"2025-05-26T10:27:45+00:00\" \/>\n<meta property=\"og:image\" content=\"https:\/\/www.intoscana.it\/wp-content\/uploads\/IMG_0286.jpg\" \/>\n\t<meta property=\"og:image:width\" content=\"1200\" \/>\n\t<meta property=\"og:image:height\" content=\"800\" \/>\n\t<meta property=\"og:image:type\" content=\"image\/jpeg\" \/>\n<meta name=\"author\" content=\"Redazione\" \/>\n<meta name=\"twitter:card\" content=\"summary_large_image\" \/>\n<meta name=\"twitter:creator\" content=\"@intoscana\" \/>\n<meta name=\"twitter:site\" content=\"@intoscana\" \/>\n<meta name=\"twitter:label1\" content=\"Written by\" \/>\n\t<meta name=\"twitter:data1\" content=\"Redazione\" \/>\n\t<meta name=\"twitter:label2\" content=\"Est. reading time\" \/>\n\t<meta name=\"twitter:data2\" content=\"3 minuti\" \/>\n<script type=\"application\/ld+json\" class=\"yoast-schema-graph\">{\"@context\":\"https:\/\/schema.org\",\"@graph\":[{\"@type\":\"WebPage\",\"@id\":\"https:\/\/www.intoscana.it\/it\/next-generation-fest-si-presenta-la-grande-squadra-regione-toscana\/\",\"url\":\"https:\/\/www.intoscana.it\/it\/next-generation-fest-si-presenta-la-grande-squadra-regione-toscana\/\",\"name\":\"Next Generation Fest, si presenta la grande squadra \u201cRegione Toscana\u201d - intoscana\",\"isPartOf\":{\"@id\":\"https:\/\/www.intoscana.it\/it\/#website\"},\"primaryImageOfPage\":{\"@id\":\"https:\/\/www.intoscana.it\/it\/next-generation-fest-si-presenta-la-grande-squadra-regione-toscana\/#primaryimage\"},\"image\":{\"@id\":\"https:\/\/www.intoscana.it\/it\/next-generation-fest-si-presenta-la-grande-squadra-regione-toscana\/#primaryimage\"},\"thumbnailUrl\":\"https:\/\/www.intoscana.it\/wp-content\/uploads\/IMG_0286.jpg\",\"datePublished\":\"2025-05-23T14:28:13+00:00\",\"dateModified\":\"2025-05-26T10:27:45+00:00\",\"author\":{\"@id\":\"https:\/\/www.intoscana.it\/it\/#\/schema\/person\/9223810753230f20bd670fdd322661f8\"},\"description\":\"Luned\u00ec 2 giugno al Teatro del Maggio progetti ed enti con le loro attivit\u00e0: dall'Ispro al Lamma, dalla Scuola cani guida al progetto Trio\",\"breadcrumb\":{\"@id\":\"https:\/\/www.intoscana.it\/it\/next-generation-fest-si-presenta-la-grande-squadra-regione-toscana\/#breadcrumb\"},\"inLanguage\":\"it-IT\",\"potentialAction\":[{\"@type\":\"ReadAction\",\"target\":[\"https:\/\/www.intoscana.it\/it\/next-generation-fest-si-presenta-la-grande-squadra-regione-toscana\/\"]}]},{\"@type\":\"ImageObject\",\"inLanguage\":\"it-IT\",\"@id\":\"https:\/\/www.intoscana.it\/it\/next-generation-fest-si-presenta-la-grande-squadra-regione-toscana\/#primaryimage\",\"url\":\"https:\/\/www.intoscana.it\/wp-content\/uploads\/IMG_0286.jpg\",\"contentUrl\":\"https:\/\/www.intoscana.it\/wp-content\/uploads\/IMG_0286.jpg\",\"width\":1200,\"height\":800,\"caption\":\"Next Generation Fest 2025\"},{\"@type\":\"BreadcrumbList\",\"@id\":\"https:\/\/www.intoscana.it\/it\/next-generation-fest-si-presenta-la-grande-squadra-regione-toscana\/#breadcrumb\",\"itemListElement\":[{\"@type\":\"ListItem\",\"position\":1,\"name\":\"Home\",\"item\":\"https:\/\/www.intoscana.it\/it\/\"},{\"@type\":\"ListItem\",\"position\":2,\"name\":\"Next Generation Fest, si presenta la grande squadra \u201cRegione Toscana\u201d\"}]},{\"@type\":\"WebSite\",\"@id\":\"https:\/\/www.intoscana.it\/it\/#website\",\"url\":\"https:\/\/www.intoscana.it\/it\/\",\"name\":\"intoscana\",\"description\":\"\",\"potentialAction\":[{\"@type\":\"SearchAction\",\"target\":{\"@type\":\"EntryPoint\",\"urlTemplate\":\"https:\/\/www.intoscana.it\/it\/?s={search_term_string}\"},\"query-input\":{\"@type\":\"PropertyValueSpecification\",\"valueRequired\":true,\"valueName\":\"search_term_string\"}}],\"inLanguage\":\"it-IT\"},{\"@type\":\"Person\",\"@id\":\"https:\/\/www.intoscana.it\/it\/#\/schema\/person\/9223810753230f20bd670fdd322661f8\",\"name\":\"Redazione\",\"url\":\"https:\/\/www.intoscana.it\/it\/author\/redazione\/\"}]}<\/script>\n<!-- \/ Yoast SEO Premium plugin. -->","yoast_head_json":{"title":"Next Generation Fest, si presenta la grande squadra \u201cRegione Toscana\u201d - intoscana","description":"Luned\u00ec 2 giugno al Teatro del Maggio progetti ed enti con le loro attivit\u00e0: dall'Ispro al Lamma, dalla Scuola cani guida al progetto Trio","robots":{"index":"index","follow":"follow","max-snippet":"max-snippet:-1","max-image-preview":"max-image-preview:large","max-video-preview":"max-video-preview:-1"},"canonical":"https:\/\/www.intoscana.it\/it\/next-generation-fest-si-presenta-la-grande-squadra-regione-toscana\/","og_locale":"it_IT","og_type":"article","og_title":"Next Generation Fest, si presenta la grande squadra \u201cRegione Toscana\u201d","og_description":"Luned\u00ec 2 giugno al Teatro del Maggio progetti ed enti con le loro attivit\u00e0: dall'Ispro al Lamma, dalla Scuola cani guida al progetto Trio","og_url":"https:\/\/www.intoscana.it\/it\/next-generation-fest-si-presenta-la-grande-squadra-regione-toscana\/","og_site_name":"intoscana","article_publisher":"https:\/\/www.facebook.com\/intoscana.it","article_published_time":"2025-05-23T14:28:13+00:00","article_modified_time":"2025-05-26T10:27:45+00:00","og_image":[{"width":1200,"height":800,"url":"https:\/\/www.intoscana.it\/wp-content\/uploads\/IMG_0286.jpg","type":"image\/jpeg"}],"author":"Redazione","twitter_card":"summary_large_image","twitter_creator":"@intoscana","twitter_site":"@intoscana","twitter_misc":{"Written by":"Redazione","Est. reading time":"3 minuti"},"schema":{"@context":"https:\/\/schema.org","@graph":[{"@type":"WebPage","@id":"https:\/\/www.intoscana.it\/it\/next-generation-fest-si-presenta-la-grande-squadra-regione-toscana\/","url":"https:\/\/www.intoscana.it\/it\/next-generation-fest-si-presenta-la-grande-squadra-regione-toscana\/","name":"Next Generation Fest, si presenta la grande squadra \u201cRegione Toscana\u201d - intoscana","isPartOf":{"@id":"https:\/\/www.intoscana.it\/it\/#website"},"primaryImageOfPage":{"@id":"https:\/\/www.intoscana.it\/it\/next-generation-fest-si-presenta-la-grande-squadra-regione-toscana\/#primaryimage"},"image":{"@id":"https:\/\/www.intoscana.it\/it\/next-generation-fest-si-presenta-la-grande-squadra-regione-toscana\/#primaryimage"},"thumbnailUrl":"https:\/\/www.intoscana.it\/wp-content\/uploads\/IMG_0286.jpg","datePublished":"2025-05-23T14:28:13+00:00","dateModified":"2025-05-26T10:27:45+00:00","author":{"@id":"https:\/\/www.intoscana.it\/it\/#\/schema\/person\/9223810753230f20bd670fdd322661f8"},"description":"Luned\u00ec 2 giugno al Teatro del Maggio progetti ed enti con le loro attivit\u00e0: dall'Ispro al Lamma, dalla Scuola cani guida al progetto Trio","breadcrumb":{"@id":"https:\/\/www.intoscana.it\/it\/next-generation-fest-si-presenta-la-grande-squadra-regione-toscana\/#breadcrumb"},"inLanguage":"it-IT","potentialAction":[{"@type":"ReadAction","target":["https:\/\/www.intoscana.it\/it\/next-generation-fest-si-presenta-la-grande-squadra-regione-toscana\/"]}]},{"@type":"ImageObject","inLanguage":"it-IT","@id":"https:\/\/www.intoscana.it\/it\/next-generation-fest-si-presenta-la-grande-squadra-regione-toscana\/#primaryimage","url":"https:\/\/www.intoscana.it\/wp-content\/uploads\/IMG_0286.jpg","contentUrl":"https:\/\/www.intoscana.it\/wp-content\/uploads\/IMG_0286.jpg","width":1200,"height":800,"caption":"Next Generation Fest 2025"},{"@type":"BreadcrumbList","@id":"https:\/\/www.intoscana.it\/it\/next-generation-fest-si-presenta-la-grande-squadra-regione-toscana\/#breadcrumb","itemListElement":[{"@type":"ListItem","position":1,"name":"Home","item":"https:\/\/www.intoscana.it\/it\/"},{"@type":"ListItem","position":2,"name":"Next Generation Fest, si presenta la grande squadra \u201cRegione Toscana\u201d"}]},{"@type":"WebSite","@id":"https:\/\/www.intoscana.it\/it\/#website","url":"https:\/\/www.intoscana.it\/it\/","name":"intoscana","description":"","potentialAction":[{"@type":"SearchAction","target":{"@type":"EntryPoint","urlTemplate":"https:\/\/www.intoscana.it\/it\/?s={search_term_string}"},"query-input":{"@type":"PropertyValueSpecification","valueRequired":true,"valueName":"search_term_string"}}],"inLanguage":"it-IT"},{"@type":"Person","@id":"https:\/\/www.intoscana.it\/it\/#\/schema\/person\/9223810753230f20bd670fdd322661f8","name":"Redazione","url":"https:\/\/www.intoscana.it\/it\/author\/redazione\/"}]}},"_links":{"self":[{"href":"https:\/\/www.intoscana.it\/it\/wp-json\/wp\/v2\/posts\/386475","targetHints":{"allow":["GET"]}}],"collection":[{"href":"https:\/\/www.intoscana.it\/it\/wp-json\/wp\/v2\/posts"}],"about":[{"href":"https:\/\/www.intoscana.it\/it\/wp-json\/wp\/v2\/types\/post"}],"author":[{"embeddable":true,"href":"https:\/\/www.intoscana.it\/it\/wp-json\/wp\/v2\/users\/525"}],"replies":[{"embeddable":true,"href":"https:\/\/www.intoscana.it\/it\/wp-json\/wp\/v2\/comments?post=386475"}],"version-history":[{"count":4,"href":"https:\/\/www.intoscana.it\/it\/wp-json\/wp\/v2\/posts\/386475\/revisions"}],"predecessor-version":[{"id":386622,"href":"https:\/\/www.intoscana.it\/it\/wp-json\/wp\/v2\/posts\/386475\/revisions\/386622"}],"wp:featuredmedia":[{"embeddable":true,"href":"https:\/\/www.intoscana.it\/it\/wp-json\/wp\/v2\/media\/382411"}],"wp:attachment":[{"href":"https:\/\/www.intoscana.it\/it\/wp-json\/wp\/v2\/media?parent=386475"}],"wp:term":[{"taxonomy":"category","embeddable":true,"href":"https:\/\/www.intoscana.it\/it\/wp-json\/wp\/v2\/categories?post=386475"},{"taxonomy":"post_tag","embeddable":true,"href":"https:\/\/www.intoscana.it\/it\/wp-json\/wp\/v2\/tags?post=386475"}],"curies":[{"name":"wp","href":"https:\/\/api.w.org\/{rel}","templated":true}]}}