{"id":386769,"date":"2025-05-27T12:40:20","date_gmt":"2025-05-27T10:40:20","guid":{"rendered":"https:\/\/www.intoscana.it\/it\/?p=386769"},"modified":"2025-05-27T12:55:57","modified_gmt":"2025-05-27T10:55:57","slug":"tra-sogno-e-psichedelia-il-viaggio-sonoro-dei-vov-vov-con-sunbathing-in-a-magnetic-field","status":"publish","type":"post","link":"https:\/\/www.intoscana.it\/it\/tra-sogno-e-psichedelia-il-viaggio-sonoro-dei-vov-vov-con-sunbathing-in-a-magnetic-field\/","title":{"rendered":"Tra sogno e psichedelia: il viaggio sonoro dei VOV VOV! con &#8220;Sunbathing in a Magnetic Field&#8221;"},"content":{"rendered":"<p>Nuove onde sonore si propagano dalla Toscana psichedelica: i<strong> VOV VOV!,<\/strong> finalisti dell\u2019edizione 2024 del <strong>Rock Contest di Controradio<\/strong> hanno appena pubblicato l\u2019EP<strong><em> \u201cSunbathing in a Magnetic Field\u201d<\/em><\/strong>, cinque nuove tracce uscite con l\u2019etichetta <strong>Factory Flaws.<\/strong><\/p>\n<p>La band nata nel 2023 \u00e8 formata da: <strong>Francesca Contrino<\/strong> (vocals, keyboards, lyrics),<strong> \u00a0Giulio Da Rin<\/strong> (drums, synths and electronics), \u00a0<strong>Pier Paolo Giovacchini<\/strong> (guitar, bass, synths and electronics), <strong>Giovanni Michelucci<\/strong> (guitar), <strong>Zoe Bertini<\/strong> (backing vocals, bass).<\/p>\n<p>Il loro sound si aggira dalle parti del <strong>kraut-rock<\/strong>, dello <strong>shoegaze<\/strong>, del <strong>dream pop<\/strong> e del<strong> retrofuturismo<\/strong>, fin alla <strong>psichedelia o al surf<\/strong> sotto il nume tutelare degli <strong>Stereolab.<\/strong><\/p>\n<p><iframe loading=\"lazy\" title=\"YouTube video player\" src=\"https:\/\/www.youtube.com\/embed\/9d6CvqLbZUc?si=9xJxYl1hbsHxenTk\" width=\"800\" height=\"450\" frameborder=\"0\" allowfullscreen=\"allowfullscreen\"><span data-mce-type=\"bookmark\" style=\"display: inline-block; width: 0px; overflow: hidden; line-height: 0;\" class=\"mce_SELRES_start\">\ufeff<\/span><\/iframe><\/p>\n<p>&#8220;Siamo nati nel 2023 &#8211; <strong>ci ha raccontato Francesca Contrino<\/strong> &#8211; all&#8217;inizio eravamo io, Giulio alla batteria e Pier Paolo alla chitarra. Abbiamo iniziato a lavorare ai primi pezzi. Dopo si \u00e8 aggiunto Giovanni alla chitarra e Zoe alla batteria e abbiamo iniziato a lavorare all&#8217;album.<strong> Ancora non avevamo mai suonato dal vivo e abbiamo deciso durante l&#8217;estate di provare a partecipare al Rock Contest<\/strong> che \u00e8 stata la prima occasione per esibirci live.&#8221; <p><span class=\"citazione\">Il nostro workflow \u00e8 molto libero, nasce da jam o nuclei di melodie su cui lavoriamo, proviamo tantissimo in studio, anche senza un obiettivo ben preciso, solo per divertirci<\/span><\/p><\/p>\n<p><strong>Aver partecipato alla finale del Rock Contest come ha cambiato il vostro percorso?<\/strong><\/p>\n<p>Di sicuro ci ha messo davanti degli obiettivi precisi. Abbiamo portato i primi tre pezzi dal vivo, questo<strong> ci ha spinti a chiudere l&#8217;album, programmare l&#8217;uscita dei primi singoli<\/strong> e organizzare i live. Quindi <strong>il Rock Contest per noi \u00e8 stato un input per aprirci al pubblico,<\/strong> prima non esistevamo neanche sui social.<\/p>\n<p><strong>Mi ha colpito il fatto che anche se siete una band giovane, degli esordienti, avete gi\u00e0 un suono molto ben definito, io vi vedo un po&#8217; come i &#8220;Belle and Sebastian toscani&#8221;<\/strong><\/p>\n<p>Di sicuro <strong>gli Stereolab sono la nostra band di riferimento,<\/strong> ma andiamo anche fuori dal loro genere, perch\u00e9 i nostri pezzi hanno elementi di<strong> shoegaze e kraut-rock<\/strong>. Prendiamo ispirazione da pi\u00f9 generi, ma ci fa piacere che dall&#8217;esterno riceviamo feedback di questo tipo. <strong>Il nostro workflow \u00e8 molto libero<\/strong>, nasce da jam o nuclei di melodie su cui lavoriamo,<strong> proviamo tantissimo in studio, anche senza un obiettivo ben preciso, solo per divertirci<\/strong>. Tutti questi elementi convergono nella nostra identit\u00e0 sonora.<\/p>\n<p><strong>Da poco \u00e8 uscito il vostro primo Ep <em>&#8220;Sunbathing in a Magnetic Field&#8221;<\/em> che mi \u00e8 piaciuto moltissimo, se l&#8217;avessi ascoltato ad occhi chiusi non avrei mai pensato che veniva da una band italiana, avete un sound molto internazionale<\/strong><\/p>\n<p><strong>L&#8217;Ep \u00e8 composto da cinque pezzi,<\/strong> ognuno \u00e8 nato in maniera diversa. Ad esempio <strong><em>&#8220;Dialogue Between Two Silly Thinkers&#8221;<\/em> <\/strong>era una specie di chitarra, provando in studio \u00e8 diventato pi\u00f9 ricco, si \u00e8 aggiunto il <strong>vibrafono<\/strong>. Gli altri sono pezzi a cui abbiamo lavorato a partire da una melodia centrale. Le parti pi\u00f9 aperte di shoegaze e con i cori, i grandi arpeggi di chitarra<strong> sono tutte state improvvisate<\/strong>. Dopo mesi ci siamo ritrovati con cinque pezzi diversi tra loro, per\u00f2<strong> ci siamo resi conto che era il momento di riunirli in un Ep.\u00a0<\/strong><\/p>\n<h3>VOV VOV! in concerto<\/h3>\n<p><strong>5 giugno Lumen, Firenze<\/strong><br \/>\n<strong>24 giugno <a href=\"https:\/\/www.intoscana.it\/it\/a-prato-riapre-lo-spazio-estivo-dellex-fabrica-in-programma-concerti-cinema-libri-e-spettacoli-per-bambini\/\" target=\"_blank\" rel=\"noopener\">Ex Fabrica, Prato<\/a><\/strong><br \/>\n<strong>5 luglio Carlo.Ne Festival, Marche<\/strong><br \/>\n<strong>10 luglio, Cascina Nascosta, Milano<\/strong><\/p>\n<figure id=\"post-386778 media-386778\" class=\"align-none\"><img decoding=\"async\" src=\"https:\/\/www.intoscana.it\/wp-content\/uploads\/IMG_1150-1.jpg\" alt=\"\" \/><\/figure>\n<div class=\"titleimg\"><strong><em>VOV VOV!, Sunbathing In A Magnetic Field<\/em><\/strong><\/div>\n","protected":false},"excerpt":{"rendered":"<p>La band finalista al Rock Contest 2024 ha pubblicato il primo Ep e sar\u00e0 in concerto il 5 giugno al Lumen di Firenze e il 24 giugno allo spazio Ex Fabrica di Prato. Ecco la nostra intervista a Francesca Contrino<\/p>\n","protected":false},"author":518,"featured_media":386777,"comment_status":"open","ping_status":"open","sticky":false,"template":"","format":"standard","meta":{"_acf_changed":false,"footnotes":""},"categories":[14],"tags":[216,3138],"class_list":["post-386769","post","type-post","status-publish","format-standard","has-post-thumbnail","hentry","category-musica","tag-concerti","tag-interviste-agli-artisti"],"acf":[],"yoast_head":"<!-- This site is optimized with the Yoast SEO Premium plugin v24.2 (Yoast SEO v25.6) - https:\/\/yoast.com\/wordpress\/plugins\/seo\/ -->\n<title>Tra sogno e psichedelia: il viaggio sonoro dei VOV VOV! con &quot;Sunbathing in a Magnetic Field&quot; - intoscana<\/title>\n<meta name=\"description\" content=\"La band finalista al Rock Contest ha pubblicato il primo Ep e sar\u00e0 in concerto il 5 giugno al Lumen di Firenze e il 24 giugno a Ex Fabrica\" \/>\n<meta name=\"robots\" content=\"index, follow, max-snippet:-1, max-image-preview:large, max-video-preview:-1\" \/>\n<link rel=\"canonical\" href=\"https:\/\/www.intoscana.it\/it\/tra-sogno-e-psichedelia-il-viaggio-sonoro-dei-vov-vov-con-sunbathing-in-a-magnetic-field\/\" \/>\n<meta property=\"og:locale\" content=\"it_IT\" \/>\n<meta property=\"og:type\" content=\"article\" \/>\n<meta property=\"og:title\" content=\"Tra sogno e psichedelia: il viaggio sonoro dei VOV VOV! con &quot;Sunbathing in a Magnetic Field&quot;\" \/>\n<meta property=\"og:description\" content=\"La band finalista al Rock Contest ha pubblicato il primo Ep e sar\u00e0 in concerto il 5 giugno al Lumen di Firenze e il 24 giugno a Ex Fabrica\" \/>\n<meta property=\"og:url\" content=\"https:\/\/www.intoscana.it\/it\/tra-sogno-e-psichedelia-il-viaggio-sonoro-dei-vov-vov-con-sunbathing-in-a-magnetic-field\/\" \/>\n<meta property=\"og:site_name\" content=\"intoscana\" \/>\n<meta property=\"article:publisher\" content=\"https:\/\/www.facebook.com\/intoscana.it\" \/>\n<meta property=\"article:published_time\" content=\"2025-05-27T10:40:20+00:00\" \/>\n<meta property=\"article:modified_time\" content=\"2025-05-27T10:55:57+00:00\" \/>\n<meta property=\"og:image\" content=\"https:\/\/www.intoscana.it\/wp-content\/uploads\/VOVVOV-Bobolino-17-di-21-scaled.jpeg\" \/>\n\t<meta property=\"og:image:width\" content=\"2048\" \/>\n\t<meta property=\"og:image:height\" content=\"1358\" \/>\n\t<meta property=\"og:image:type\" content=\"image\/jpeg\" \/>\n<meta name=\"author\" content=\"Costanza Baldini\" \/>\n<meta name=\"twitter:card\" content=\"summary_large_image\" \/>\n<meta name=\"twitter:creator\" content=\"@intoscana\" \/>\n<meta name=\"twitter:site\" content=\"@intoscana\" \/>\n<meta name=\"twitter:label1\" content=\"Written by\" \/>\n\t<meta name=\"twitter:data1\" content=\"Costanza Baldini\" \/>\n\t<meta name=\"twitter:label2\" content=\"Est. reading time\" \/>\n\t<meta name=\"twitter:data2\" content=\"4 minuti\" \/>\n<script type=\"application\/ld+json\" class=\"yoast-schema-graph\">{\"@context\":\"https:\/\/schema.org\",\"@graph\":[{\"@type\":\"WebPage\",\"@id\":\"https:\/\/www.intoscana.it\/it\/tra-sogno-e-psichedelia-il-viaggio-sonoro-dei-vov-vov-con-sunbathing-in-a-magnetic-field\/\",\"url\":\"https:\/\/www.intoscana.it\/it\/tra-sogno-e-psichedelia-il-viaggio-sonoro-dei-vov-vov-con-sunbathing-in-a-magnetic-field\/\",\"name\":\"Tra sogno e psichedelia: il viaggio sonoro dei VOV VOV! con \\\"Sunbathing in a Magnetic Field\\\" - intoscana\",\"isPartOf\":{\"@id\":\"https:\/\/www.intoscana.it\/it\/#website\"},\"primaryImageOfPage\":{\"@id\":\"https:\/\/www.intoscana.it\/it\/tra-sogno-e-psichedelia-il-viaggio-sonoro-dei-vov-vov-con-sunbathing-in-a-magnetic-field\/#primaryimage\"},\"image\":{\"@id\":\"https:\/\/www.intoscana.it\/it\/tra-sogno-e-psichedelia-il-viaggio-sonoro-dei-vov-vov-con-sunbathing-in-a-magnetic-field\/#primaryimage\"},\"thumbnailUrl\":\"https:\/\/www.intoscana.it\/wp-content\/uploads\/VOVVOV-Bobolino-17-di-21-scaled.jpeg\",\"datePublished\":\"2025-05-27T10:40:20+00:00\",\"dateModified\":\"2025-05-27T10:55:57+00:00\",\"author\":{\"@id\":\"https:\/\/www.intoscana.it\/it\/#\/schema\/person\/d469f35f09739bdf00bf5dd3f0647a82\"},\"description\":\"La band finalista al Rock Contest ha pubblicato il primo Ep e sar\u00e0 in concerto il 5 giugno al Lumen di Firenze e il 24 giugno a Ex Fabrica\",\"breadcrumb\":{\"@id\":\"https:\/\/www.intoscana.it\/it\/tra-sogno-e-psichedelia-il-viaggio-sonoro-dei-vov-vov-con-sunbathing-in-a-magnetic-field\/#breadcrumb\"},\"inLanguage\":\"it-IT\",\"potentialAction\":[{\"@type\":\"ReadAction\",\"target\":[\"https:\/\/www.intoscana.it\/it\/tra-sogno-e-psichedelia-il-viaggio-sonoro-dei-vov-vov-con-sunbathing-in-a-magnetic-field\/\"]}]},{\"@type\":\"ImageObject\",\"inLanguage\":\"it-IT\",\"@id\":\"https:\/\/www.intoscana.it\/it\/tra-sogno-e-psichedelia-il-viaggio-sonoro-dei-vov-vov-con-sunbathing-in-a-magnetic-field\/#primaryimage\",\"url\":\"https:\/\/www.intoscana.it\/wp-content\/uploads\/VOVVOV-Bobolino-17-di-21-scaled.jpeg\",\"contentUrl\":\"https:\/\/www.intoscana.it\/wp-content\/uploads\/VOVVOV-Bobolino-17-di-21-scaled.jpeg\",\"width\":2048,\"height\":1358,\"caption\":\"VOV VOV!\"},{\"@type\":\"BreadcrumbList\",\"@id\":\"https:\/\/www.intoscana.it\/it\/tra-sogno-e-psichedelia-il-viaggio-sonoro-dei-vov-vov-con-sunbathing-in-a-magnetic-field\/#breadcrumb\",\"itemListElement\":[{\"@type\":\"ListItem\",\"position\":1,\"name\":\"Home\",\"item\":\"https:\/\/www.intoscana.it\/it\/\"},{\"@type\":\"ListItem\",\"position\":2,\"name\":\"Tra sogno e psichedelia: il viaggio sonoro dei VOV VOV! con &#8220;Sunbathing in a Magnetic Field&#8221;\"}]},{\"@type\":\"WebSite\",\"@id\":\"https:\/\/www.intoscana.it\/it\/#website\",\"url\":\"https:\/\/www.intoscana.it\/it\/\",\"name\":\"intoscana\",\"description\":\"\",\"potentialAction\":[{\"@type\":\"SearchAction\",\"target\":{\"@type\":\"EntryPoint\",\"urlTemplate\":\"https:\/\/www.intoscana.it\/it\/?s={search_term_string}\"},\"query-input\":{\"@type\":\"PropertyValueSpecification\",\"valueRequired\":true,\"valueName\":\"search_term_string\"}}],\"inLanguage\":\"it-IT\"},{\"@type\":\"Person\",\"@id\":\"https:\/\/www.intoscana.it\/it\/#\/schema\/person\/d469f35f09739bdf00bf5dd3f0647a82\",\"name\":\"Costanza Baldini\",\"url\":\"https:\/\/www.intoscana.it\/it\/author\/costanza-baldini\/\"}]}<\/script>\n<!-- \/ Yoast SEO Premium plugin. -->","yoast_head_json":{"title":"Tra sogno e psichedelia: il viaggio sonoro dei VOV VOV! con \"Sunbathing in a Magnetic Field\" - intoscana","description":"La band finalista al Rock Contest ha pubblicato il primo Ep e sar\u00e0 in concerto il 5 giugno al Lumen di Firenze e il 24 giugno a Ex Fabrica","robots":{"index":"index","follow":"follow","max-snippet":"max-snippet:-1","max-image-preview":"max-image-preview:large","max-video-preview":"max-video-preview:-1"},"canonical":"https:\/\/www.intoscana.it\/it\/tra-sogno-e-psichedelia-il-viaggio-sonoro-dei-vov-vov-con-sunbathing-in-a-magnetic-field\/","og_locale":"it_IT","og_type":"article","og_title":"Tra sogno e psichedelia: il viaggio sonoro dei VOV VOV! con \"Sunbathing in a Magnetic Field\"","og_description":"La band finalista al Rock Contest ha pubblicato il primo Ep e sar\u00e0 in concerto il 5 giugno al Lumen di Firenze e il 24 giugno a Ex Fabrica","og_url":"https:\/\/www.intoscana.it\/it\/tra-sogno-e-psichedelia-il-viaggio-sonoro-dei-vov-vov-con-sunbathing-in-a-magnetic-field\/","og_site_name":"intoscana","article_publisher":"https:\/\/www.facebook.com\/intoscana.it","article_published_time":"2025-05-27T10:40:20+00:00","article_modified_time":"2025-05-27T10:55:57+00:00","og_image":[{"width":2048,"height":1358,"url":"https:\/\/www.intoscana.it\/wp-content\/uploads\/VOVVOV-Bobolino-17-di-21-scaled.jpeg","type":"image\/jpeg"}],"author":"Costanza Baldini","twitter_card":"summary_large_image","twitter_creator":"@intoscana","twitter_site":"@intoscana","twitter_misc":{"Written by":"Costanza Baldini","Est. reading time":"4 minuti"},"schema":{"@context":"https:\/\/schema.org","@graph":[{"@type":"WebPage","@id":"https:\/\/www.intoscana.it\/it\/tra-sogno-e-psichedelia-il-viaggio-sonoro-dei-vov-vov-con-sunbathing-in-a-magnetic-field\/","url":"https:\/\/www.intoscana.it\/it\/tra-sogno-e-psichedelia-il-viaggio-sonoro-dei-vov-vov-con-sunbathing-in-a-magnetic-field\/","name":"Tra sogno e psichedelia: il viaggio sonoro dei VOV VOV! con \"Sunbathing in a Magnetic Field\" - intoscana","isPartOf":{"@id":"https:\/\/www.intoscana.it\/it\/#website"},"primaryImageOfPage":{"@id":"https:\/\/www.intoscana.it\/it\/tra-sogno-e-psichedelia-il-viaggio-sonoro-dei-vov-vov-con-sunbathing-in-a-magnetic-field\/#primaryimage"},"image":{"@id":"https:\/\/www.intoscana.it\/it\/tra-sogno-e-psichedelia-il-viaggio-sonoro-dei-vov-vov-con-sunbathing-in-a-magnetic-field\/#primaryimage"},"thumbnailUrl":"https:\/\/www.intoscana.it\/wp-content\/uploads\/VOVVOV-Bobolino-17-di-21-scaled.jpeg","datePublished":"2025-05-27T10:40:20+00:00","dateModified":"2025-05-27T10:55:57+00:00","author":{"@id":"https:\/\/www.intoscana.it\/it\/#\/schema\/person\/d469f35f09739bdf00bf5dd3f0647a82"},"description":"La band finalista al Rock Contest ha pubblicato il primo Ep e sar\u00e0 in concerto il 5 giugno al Lumen di Firenze e il 24 giugno a Ex Fabrica","breadcrumb":{"@id":"https:\/\/www.intoscana.it\/it\/tra-sogno-e-psichedelia-il-viaggio-sonoro-dei-vov-vov-con-sunbathing-in-a-magnetic-field\/#breadcrumb"},"inLanguage":"it-IT","potentialAction":[{"@type":"ReadAction","target":["https:\/\/www.intoscana.it\/it\/tra-sogno-e-psichedelia-il-viaggio-sonoro-dei-vov-vov-con-sunbathing-in-a-magnetic-field\/"]}]},{"@type":"ImageObject","inLanguage":"it-IT","@id":"https:\/\/www.intoscana.it\/it\/tra-sogno-e-psichedelia-il-viaggio-sonoro-dei-vov-vov-con-sunbathing-in-a-magnetic-field\/#primaryimage","url":"https:\/\/www.intoscana.it\/wp-content\/uploads\/VOVVOV-Bobolino-17-di-21-scaled.jpeg","contentUrl":"https:\/\/www.intoscana.it\/wp-content\/uploads\/VOVVOV-Bobolino-17-di-21-scaled.jpeg","width":2048,"height":1358,"caption":"VOV VOV!"},{"@type":"BreadcrumbList","@id":"https:\/\/www.intoscana.it\/it\/tra-sogno-e-psichedelia-il-viaggio-sonoro-dei-vov-vov-con-sunbathing-in-a-magnetic-field\/#breadcrumb","itemListElement":[{"@type":"ListItem","position":1,"name":"Home","item":"https:\/\/www.intoscana.it\/it\/"},{"@type":"ListItem","position":2,"name":"Tra sogno e psichedelia: il viaggio sonoro dei VOV VOV! con &#8220;Sunbathing in a Magnetic Field&#8221;"}]},{"@type":"WebSite","@id":"https:\/\/www.intoscana.it\/it\/#website","url":"https:\/\/www.intoscana.it\/it\/","name":"intoscana","description":"","potentialAction":[{"@type":"SearchAction","target":{"@type":"EntryPoint","urlTemplate":"https:\/\/www.intoscana.it\/it\/?s={search_term_string}"},"query-input":{"@type":"PropertyValueSpecification","valueRequired":true,"valueName":"search_term_string"}}],"inLanguage":"it-IT"},{"@type":"Person","@id":"https:\/\/www.intoscana.it\/it\/#\/schema\/person\/d469f35f09739bdf00bf5dd3f0647a82","name":"Costanza Baldini","url":"https:\/\/www.intoscana.it\/it\/author\/costanza-baldini\/"}]}},"_links":{"self":[{"href":"https:\/\/www.intoscana.it\/it\/wp-json\/wp\/v2\/posts\/386769","targetHints":{"allow":["GET"]}}],"collection":[{"href":"https:\/\/www.intoscana.it\/it\/wp-json\/wp\/v2\/posts"}],"about":[{"href":"https:\/\/www.intoscana.it\/it\/wp-json\/wp\/v2\/types\/post"}],"author":[{"embeddable":true,"href":"https:\/\/www.intoscana.it\/it\/wp-json\/wp\/v2\/users\/518"}],"replies":[{"embeddable":true,"href":"https:\/\/www.intoscana.it\/it\/wp-json\/wp\/v2\/comments?post=386769"}],"version-history":[{"count":5,"href":"https:\/\/www.intoscana.it\/it\/wp-json\/wp\/v2\/posts\/386769\/revisions"}],"predecessor-version":[{"id":386863,"href":"https:\/\/www.intoscana.it\/it\/wp-json\/wp\/v2\/posts\/386769\/revisions\/386863"}],"wp:featuredmedia":[{"embeddable":true,"href":"https:\/\/www.intoscana.it\/it\/wp-json\/wp\/v2\/media\/386777"}],"wp:attachment":[{"href":"https:\/\/www.intoscana.it\/it\/wp-json\/wp\/v2\/media?parent=386769"}],"wp:term":[{"taxonomy":"category","embeddable":true,"href":"https:\/\/www.intoscana.it\/it\/wp-json\/wp\/v2\/categories?post=386769"},{"taxonomy":"post_tag","embeddable":true,"href":"https:\/\/www.intoscana.it\/it\/wp-json\/wp\/v2\/tags?post=386769"}],"curies":[{"name":"wp","href":"https:\/\/api.w.org\/{rel}","templated":true}]}}