{"id":386897,"date":"2025-05-27T14:54:42","date_gmt":"2025-05-27T12:54:42","guid":{"rendered":"https:\/\/www.intoscana.it\/it\/?p=386897"},"modified":"2025-06-02T15:32:07","modified_gmt":"2025-06-02T13:32:07","slug":"lungo-la-via-francigena-a-cavallo-a-camaiore-per-il-giubileo","status":"publish","type":"post","link":"https:\/\/www.intoscana.it\/it\/lungo-la-via-francigena-a-cavallo-a-camaiore-per-il-giubileo\/","title":{"rendered":"Lungo la Via Francigena a cavallo a Camaiore per il Giubileo"},"content":{"rendered":"<p>La <strong>Via Francigena,<\/strong> storico itinerario di pellegrinaggio oggi riconosciuto come Itinerario Culturale dal Consiglio d&#8217;Europa, torna al centro dell&#8217;attenzione in occasione del <strong>Giubileo Straordinario della Misericordia<\/strong> con due iniziative speciali a <strong>Camaiore,<\/strong> che sono state presentate oggi a Firenze nella sede della Regione.<\/p>\n<h3>La passeggiata lungo la Francigena<\/h3>\n<p>Nel primo fine settimana di luglio infatti <strong>Camaiore<\/strong> sar\u00e0 teatro di un evento suggestivo: <mark>una passeggiata a cavallo lungo la Via Francigena, due giornate immerse nella natura e nella storia<\/mark> che concluderanno il ciclo di iniziative &#8220;La Toscana a cavallo&#8221;.<br \/>\nIn programma anche <strong>un convegno sabato 31 maggio<\/strong>\u00a0presso il cinema Borsalino di Camaiore in cui si parler\u00e0 della situazione del <strong>turismo equestre in Italia<\/strong>, attraverso il confronto con varie esperienze, fornendo spunti e proposte per lo sviluppo e la sua diffusione in toscana, con particolare riferimento proprio agli itinerari della Francigena.<\/p>\n<p><em>\u201cToscana a Cavallo \u2013 <\/em>ha detto <strong>l&#8217;assessore regionale alla mobilit\u00e0 Stefano Baccelli<\/strong><em> &#8211; \u00e8 un nuovo brand, ma anche una nuova, importante occasione di promozione turistica. Si inserisce in quel filone che definiamo turismo lento, esperienziale, e soprattutto di qualit\u00e0. Parliamo di un turismo diffuso, che coinvolge l&#8217;intero territorio regionale \u2014 in questo caso il comune di Camaiore lungo il tratto della Via Francigena \u2014 e che valorizza le esperienze culturali, naturali e relazionali.&#8221;<\/em><\/p>\n<h3>Il programma dell&#8217;iniziativa<\/h3>\n<p>A Camaiore l\u2019arrivo dei cavalieri \u00e8 previsto per <strong>sabato 5 luglio<\/strong>. Dopo l\u2019accoglienza e la sistemazione, i partecipanti avranno l\u2019opportunit\u00e0 di visitare il borgo della Versilia e scoprire le bellezze del suo territorio. La domenica mattina, la partenza avverr\u00e0 dall\u2019Ostello della Via Francigena, situato nel suggestivo complesso monastico della Badia di San Pietro,<strong> presso la Badia della Piet\u00e0.<\/strong> Un luogo carico di storia, che nei secoli ha accolto viandanti e pellegrini, continuando ancora oggi a offrire ospitalit\u00e0 e ristoro.<\/p>\n<p><strong> Il percorso condurr\u00e0 i cavalieri verso Lucca,<\/strong> attraversando la tappa di Valpromaro, dove \u00e8 previsto il pranzo. Nel pomeriggio, si far\u00e0 ritorno a Camaiore. La Via Francigena si conferma cos\u00ec strada maestra di un\u2019esperienza unica, dove cultura, spiritualit\u00e0 e paesaggio si intrecciano. Il cavallo diventa il tramite ideale per riscoprire un ritmo lento, in sintonia con la natura, in un viaggio che \u00e8 anche riconnessione profonda tra uomo e ambiente.<\/p>\n","protected":false},"excerpt":{"rendered":"<p>Il tratto versiliese dell&#8217;antica strada di pellegrinaggio si anima con un convegno sul turismo equestre il 31 maggio e passeggiate a cavallo nel primo weekend di luglio<\/p>\n","protected":false},"author":525,"featured_media":81141,"comment_status":"open","ping_status":"open","sticky":false,"template":"","format":"standard","meta":{"_acf_changed":false,"footnotes":""},"categories":[6],"tags":[5580,6810,173],"class_list":["post-386897","post","type-post","status-publish","format-standard","has-post-thumbnail","hentry","category-viaggi","tag-camaiore","tag-giubileo","tag-via-francigena"],"acf":[],"yoast_head":"<!-- This site is optimized with the Yoast SEO Premium plugin v24.2 (Yoast SEO v25.6) - https:\/\/yoast.com\/wordpress\/plugins\/seo\/ -->\n<title>Lungo la Via Francigena a cavallo a Camaiore per il Giubileo - intoscana<\/title>\n<meta name=\"robots\" content=\"index, follow, max-snippet:-1, max-image-preview:large, max-video-preview:-1\" \/>\n<link rel=\"canonical\" href=\"https:\/\/www.intoscana.it\/it\/lungo-la-via-francigena-a-cavallo-a-camaiore-per-il-giubileo\/\" \/>\n<meta property=\"og:locale\" content=\"it_IT\" \/>\n<meta property=\"og:type\" content=\"article\" \/>\n<meta property=\"og:title\" content=\"Lungo la Via Francigena a cavallo a Camaiore per il Giubileo\" \/>\n<meta property=\"og:description\" content=\"Il tratto versiliese dell&#039;antica strada di pellegrinaggio si anima con un convegno sul turismo equestre il 31 maggio e passeggiate a cavallo nel primo weekend di luglio\" \/>\n<meta property=\"og:url\" content=\"https:\/\/www.intoscana.it\/it\/lungo-la-via-francigena-a-cavallo-a-camaiore-per-il-giubileo\/\" \/>\n<meta property=\"og:site_name\" content=\"intoscana\" \/>\n<meta property=\"article:publisher\" content=\"https:\/\/www.facebook.com\/intoscana.it\" \/>\n<meta property=\"article:published_time\" content=\"2025-05-27T12:54:42+00:00\" \/>\n<meta property=\"article:modified_time\" content=\"2025-06-02T13:32:07+00:00\" \/>\n<meta property=\"og:image\" content=\"https:\/\/www.intoscana.it\/wp-content\/uploads\/francigena_toscana_a_cavallo-1.jpg\" \/>\n\t<meta property=\"og:image:width\" content=\"1000\" \/>\n\t<meta property=\"og:image:height\" content=\"679\" \/>\n\t<meta property=\"og:image:type\" content=\"image\/jpeg\" \/>\n<meta name=\"author\" content=\"Redazione\" \/>\n<meta name=\"twitter:card\" content=\"summary_large_image\" \/>\n<meta name=\"twitter:creator\" content=\"@intoscana\" \/>\n<meta name=\"twitter:site\" content=\"@intoscana\" \/>\n<meta name=\"twitter:label1\" content=\"Written by\" \/>\n\t<meta name=\"twitter:data1\" content=\"Redazione\" \/>\n\t<meta name=\"twitter:label2\" content=\"Est. reading time\" \/>\n\t<meta name=\"twitter:data2\" content=\"3 minuti\" \/>\n<script type=\"application\/ld+json\" class=\"yoast-schema-graph\">{\"@context\":\"https:\/\/schema.org\",\"@graph\":[{\"@type\":\"WebPage\",\"@id\":\"https:\/\/www.intoscana.it\/it\/lungo-la-via-francigena-a-cavallo-a-camaiore-per-il-giubileo\/\",\"url\":\"https:\/\/www.intoscana.it\/it\/lungo-la-via-francigena-a-cavallo-a-camaiore-per-il-giubileo\/\",\"name\":\"Lungo la Via Francigena a cavallo a Camaiore per il Giubileo - intoscana\",\"isPartOf\":{\"@id\":\"https:\/\/www.intoscana.it\/it\/#website\"},\"primaryImageOfPage\":{\"@id\":\"https:\/\/www.intoscana.it\/it\/lungo-la-via-francigena-a-cavallo-a-camaiore-per-il-giubileo\/#primaryimage\"},\"image\":{\"@id\":\"https:\/\/www.intoscana.it\/it\/lungo-la-via-francigena-a-cavallo-a-camaiore-per-il-giubileo\/#primaryimage\"},\"thumbnailUrl\":\"https:\/\/www.intoscana.it\/wp-content\/uploads\/francigena_toscana_a_cavallo-1.jpg\",\"datePublished\":\"2025-05-27T12:54:42+00:00\",\"dateModified\":\"2025-06-02T13:32:07+00:00\",\"author\":{\"@id\":\"https:\/\/www.intoscana.it\/it\/#\/schema\/person\/9223810753230f20bd670fdd322661f8\"},\"breadcrumb\":{\"@id\":\"https:\/\/www.intoscana.it\/it\/lungo-la-via-francigena-a-cavallo-a-camaiore-per-il-giubileo\/#breadcrumb\"},\"inLanguage\":\"it-IT\",\"potentialAction\":[{\"@type\":\"ReadAction\",\"target\":[\"https:\/\/www.intoscana.it\/it\/lungo-la-via-francigena-a-cavallo-a-camaiore-per-il-giubileo\/\"]}]},{\"@type\":\"ImageObject\",\"inLanguage\":\"it-IT\",\"@id\":\"https:\/\/www.intoscana.it\/it\/lungo-la-via-francigena-a-cavallo-a-camaiore-per-il-giubileo\/#primaryimage\",\"url\":\"https:\/\/www.intoscana.it\/wp-content\/uploads\/francigena_toscana_a_cavallo-1.jpg\",\"contentUrl\":\"https:\/\/www.intoscana.it\/wp-content\/uploads\/francigena_toscana_a_cavallo-1.jpg\",\"width\":1000,\"height\":679,\"caption\":\"A cavallo sulla Via Francigena\"},{\"@type\":\"BreadcrumbList\",\"@id\":\"https:\/\/www.intoscana.it\/it\/lungo-la-via-francigena-a-cavallo-a-camaiore-per-il-giubileo\/#breadcrumb\",\"itemListElement\":[{\"@type\":\"ListItem\",\"position\":1,\"name\":\"Home\",\"item\":\"https:\/\/www.intoscana.it\/it\/\"},{\"@type\":\"ListItem\",\"position\":2,\"name\":\"Lungo la Via Francigena a cavallo a Camaiore per il Giubileo\"}]},{\"@type\":\"WebSite\",\"@id\":\"https:\/\/www.intoscana.it\/it\/#website\",\"url\":\"https:\/\/www.intoscana.it\/it\/\",\"name\":\"intoscana\",\"description\":\"\",\"potentialAction\":[{\"@type\":\"SearchAction\",\"target\":{\"@type\":\"EntryPoint\",\"urlTemplate\":\"https:\/\/www.intoscana.it\/it\/?s={search_term_string}\"},\"query-input\":{\"@type\":\"PropertyValueSpecification\",\"valueRequired\":true,\"valueName\":\"search_term_string\"}}],\"inLanguage\":\"it-IT\"},{\"@type\":\"Person\",\"@id\":\"https:\/\/www.intoscana.it\/it\/#\/schema\/person\/9223810753230f20bd670fdd322661f8\",\"name\":\"Redazione\",\"url\":\"https:\/\/www.intoscana.it\/it\/author\/redazione\/\"}]}<\/script>\n<!-- \/ Yoast SEO Premium plugin. -->","yoast_head_json":{"title":"Lungo la Via Francigena a cavallo a Camaiore per il Giubileo - intoscana","robots":{"index":"index","follow":"follow","max-snippet":"max-snippet:-1","max-image-preview":"max-image-preview:large","max-video-preview":"max-video-preview:-1"},"canonical":"https:\/\/www.intoscana.it\/it\/lungo-la-via-francigena-a-cavallo-a-camaiore-per-il-giubileo\/","og_locale":"it_IT","og_type":"article","og_title":"Lungo la Via Francigena a cavallo a Camaiore per il Giubileo","og_description":"Il tratto versiliese dell'antica strada di pellegrinaggio si anima con un convegno sul turismo equestre il 31 maggio e passeggiate a cavallo nel primo weekend di luglio","og_url":"https:\/\/www.intoscana.it\/it\/lungo-la-via-francigena-a-cavallo-a-camaiore-per-il-giubileo\/","og_site_name":"intoscana","article_publisher":"https:\/\/www.facebook.com\/intoscana.it","article_published_time":"2025-05-27T12:54:42+00:00","article_modified_time":"2025-06-02T13:32:07+00:00","og_image":[{"width":1000,"height":679,"url":"https:\/\/www.intoscana.it\/wp-content\/uploads\/francigena_toscana_a_cavallo-1.jpg","type":"image\/jpeg"}],"author":"Redazione","twitter_card":"summary_large_image","twitter_creator":"@intoscana","twitter_site":"@intoscana","twitter_misc":{"Written by":"Redazione","Est. reading time":"3 minuti"},"schema":{"@context":"https:\/\/schema.org","@graph":[{"@type":"WebPage","@id":"https:\/\/www.intoscana.it\/it\/lungo-la-via-francigena-a-cavallo-a-camaiore-per-il-giubileo\/","url":"https:\/\/www.intoscana.it\/it\/lungo-la-via-francigena-a-cavallo-a-camaiore-per-il-giubileo\/","name":"Lungo la Via Francigena a cavallo a Camaiore per il Giubileo - intoscana","isPartOf":{"@id":"https:\/\/www.intoscana.it\/it\/#website"},"primaryImageOfPage":{"@id":"https:\/\/www.intoscana.it\/it\/lungo-la-via-francigena-a-cavallo-a-camaiore-per-il-giubileo\/#primaryimage"},"image":{"@id":"https:\/\/www.intoscana.it\/it\/lungo-la-via-francigena-a-cavallo-a-camaiore-per-il-giubileo\/#primaryimage"},"thumbnailUrl":"https:\/\/www.intoscana.it\/wp-content\/uploads\/francigena_toscana_a_cavallo-1.jpg","datePublished":"2025-05-27T12:54:42+00:00","dateModified":"2025-06-02T13:32:07+00:00","author":{"@id":"https:\/\/www.intoscana.it\/it\/#\/schema\/person\/9223810753230f20bd670fdd322661f8"},"breadcrumb":{"@id":"https:\/\/www.intoscana.it\/it\/lungo-la-via-francigena-a-cavallo-a-camaiore-per-il-giubileo\/#breadcrumb"},"inLanguage":"it-IT","potentialAction":[{"@type":"ReadAction","target":["https:\/\/www.intoscana.it\/it\/lungo-la-via-francigena-a-cavallo-a-camaiore-per-il-giubileo\/"]}]},{"@type":"ImageObject","inLanguage":"it-IT","@id":"https:\/\/www.intoscana.it\/it\/lungo-la-via-francigena-a-cavallo-a-camaiore-per-il-giubileo\/#primaryimage","url":"https:\/\/www.intoscana.it\/wp-content\/uploads\/francigena_toscana_a_cavallo-1.jpg","contentUrl":"https:\/\/www.intoscana.it\/wp-content\/uploads\/francigena_toscana_a_cavallo-1.jpg","width":1000,"height":679,"caption":"A cavallo sulla Via Francigena"},{"@type":"BreadcrumbList","@id":"https:\/\/www.intoscana.it\/it\/lungo-la-via-francigena-a-cavallo-a-camaiore-per-il-giubileo\/#breadcrumb","itemListElement":[{"@type":"ListItem","position":1,"name":"Home","item":"https:\/\/www.intoscana.it\/it\/"},{"@type":"ListItem","position":2,"name":"Lungo la Via Francigena a cavallo a Camaiore per il Giubileo"}]},{"@type":"WebSite","@id":"https:\/\/www.intoscana.it\/it\/#website","url":"https:\/\/www.intoscana.it\/it\/","name":"intoscana","description":"","potentialAction":[{"@type":"SearchAction","target":{"@type":"EntryPoint","urlTemplate":"https:\/\/www.intoscana.it\/it\/?s={search_term_string}"},"query-input":{"@type":"PropertyValueSpecification","valueRequired":true,"valueName":"search_term_string"}}],"inLanguage":"it-IT"},{"@type":"Person","@id":"https:\/\/www.intoscana.it\/it\/#\/schema\/person\/9223810753230f20bd670fdd322661f8","name":"Redazione","url":"https:\/\/www.intoscana.it\/it\/author\/redazione\/"}]}},"_links":{"self":[{"href":"https:\/\/www.intoscana.it\/it\/wp-json\/wp\/v2\/posts\/386897","targetHints":{"allow":["GET"]}}],"collection":[{"href":"https:\/\/www.intoscana.it\/it\/wp-json\/wp\/v2\/posts"}],"about":[{"href":"https:\/\/www.intoscana.it\/it\/wp-json\/wp\/v2\/types\/post"}],"author":[{"embeddable":true,"href":"https:\/\/www.intoscana.it\/it\/wp-json\/wp\/v2\/users\/525"}],"replies":[{"embeddable":true,"href":"https:\/\/www.intoscana.it\/it\/wp-json\/wp\/v2\/comments?post=386897"}],"version-history":[{"count":5,"href":"https:\/\/www.intoscana.it\/it\/wp-json\/wp\/v2\/posts\/386897\/revisions"}],"predecessor-version":[{"id":386909,"href":"https:\/\/www.intoscana.it\/it\/wp-json\/wp\/v2\/posts\/386897\/revisions\/386909"}],"wp:featuredmedia":[{"embeddable":true,"href":"https:\/\/www.intoscana.it\/it\/wp-json\/wp\/v2\/media\/81141"}],"wp:attachment":[{"href":"https:\/\/www.intoscana.it\/it\/wp-json\/wp\/v2\/media?parent=386897"}],"wp:term":[{"taxonomy":"category","embeddable":true,"href":"https:\/\/www.intoscana.it\/it\/wp-json\/wp\/v2\/categories?post=386897"},{"taxonomy":"post_tag","embeddable":true,"href":"https:\/\/www.intoscana.it\/it\/wp-json\/wp\/v2\/tags?post=386897"}],"curies":[{"name":"wp","href":"https:\/\/api.w.org\/{rel}","templated":true}]}}