{"id":386998,"date":"2025-05-28T13:08:44","date_gmt":"2025-05-28T11:08:44","guid":{"rendered":"https:\/\/www.intoscana.it\/it\/?p=386998"},"modified":"2025-05-28T16:26:41","modified_gmt":"2025-05-28T14:26:41","slug":"i-capolavori-del-settecento-in-mostra-agli-uffizi-150-opere-raccontano-larte-del-secolo-dei-lumi","status":"publish","type":"post","link":"https:\/\/www.intoscana.it\/it\/i-capolavori-del-settecento-in-mostra-agli-uffizi-150-opere-raccontano-larte-del-secolo-dei-lumi\/","title":{"rendered":"I capolavori del Settecento in mostra agli Uffizi: 150 opere raccontano l&#8217;arte del Secolo dei Lumi"},"content":{"rendered":"<p><strong>Gli Uffizi celebrano il Settecento<\/strong> con una grande esposizione,<strong><em> \u201cFirenze e l\u2019Europa. Arti del Settecento agli Uffizi\u201d,<\/em> <\/strong>curata dal direttore <strong>Simone Verde e da Alessandra Griffo,<\/strong> aperta<strong> fino al 28 novembre nelle sale al piano terreno della Galleria.<\/strong><\/p>\n<p>Circa<strong> 150 opere, tra dipinti, sculture, arredi, porcellane, stampe e arazzi,<\/strong> molte delle quali inedite o non pi\u00f9 visibili da oltre un decennio, raccontano un secolo cruciale per la cultura europea e per la nascita del museo moderno.<\/p>\n<p>Tra i protagonisti della mostra, capolavori di <strong>Goya, Tiepolo, Canaletto, Elisabeth Vig\u00e9e Le Brun, Liotard e Mengs<\/strong>, affiancati da pezzi simbolici come il <strong><em>\u201cMatrimonio mistico di Santa Caterina de&#8217; Ricci\u201d<\/em><\/strong> di <strong>Pierre Subleyras<\/strong>\u00a0restaurato in diretta<strong> sotto gli occhi del pubblico<\/strong> e il <strong>gabinetto di &#8220;Antichit\u00e0 Erotiche&#8221;.<\/strong><\/p>\n<p><strong>Il direttore delle Gallerie degli Uffizi Simone Verde<\/strong> ha dichiarato: <em>\u201c \u2018Firenze e l\u2019Europa\u2019 ha lo scopo di ripercorrere attraverso la sua cultura estetica un secolo estremamente sfaccettato, intrecciando la narrazione generale del contesto alla gestazione degli Uffizi quale primo museo moderno europeo. Un racconto complesso e ricco di sottotesti e sfumature che abbiamo costruito con pazienza e dedizione, mettendo a disposizione del pubblico opere della collezione non visti da molti anni o addirittura mai esposti\u201d.<\/em><\/p>\n<div class=\"titleimg\">\n<figure id=\"post-387027 media-387027\" class=\"align-none\"><img decoding=\"async\" src=\"https:\/\/www.intoscana.it\/wp-content\/uploads\/Mostra-Settecento-Uffizi-28-scaled.jpeg\" alt=\"\" \/><\/figure>\n<div class=\"titleimg\"><em>L\u2019Ermafrodito<\/em><\/div>\n<\/div>\n<h3>La mostra<\/h3>\n<p>Il percorso espositivo si apre con le <strong>arti della tarda stagione medicea<\/strong>, tra religiosit\u00e0 barocca e ritratti dinastici, per poi seguire l\u2019affermazione dei Lorena e lo sviluppo della sensibilit\u00e0 illuminista. Il Settecento segna anche la trasformazione degli Uffizi da collezione dinastica a <strong>primo museo moderno d\u2019Europa,<\/strong> grazie a figure come <strong>Anna Maria Luisa de\u2019 Medici e Pietro Leopoldo.<\/strong><\/p>\n<p>Ampio spazio \u00e8 dedicato al rinnovato interesse per le<strong> scuole pittoriche italiane, all\u2019esotismo, alla riscoperta dei Primitivi, al tema del Sublime e alle suggestioni del Grand Tour.<\/strong><\/p>\n<p style=\"font-weight: 400;\"><strong>La curatrice della Pittura del Settecento delle Gallerie degli Uffizi Alessandra Griffo<\/strong><em>: \u201cLe opere in mostra, oltre ad essere di grande qualit\u00e0, hanno il pregio di offrire spunti per conoscere un secolo cruciale per la formazione della mentalit\u00e0, della sensibilit\u00e0 e persino del gusto moderno. Oggi a Firenze arrivano ogni anno milioni di persone, attratte dal mito del primo Rinascimento; ecco, la riscoperta di questo periodo avvenne proprio nel corso del Settecento\u201d.<\/em><\/p>\n<h3>Il gabinetto delle Antichit\u00e0 Erotiche<\/h3>\n<p>Particolare rilievo ha la sala del <strong>Gabinetto delle Antichit\u00e0 Erotiche,<\/strong> con le <strong>sculture di nudo e a tema erotico<\/strong>, categoria artistica che ha vissuto grandi momenti di fortuna durante il Settecento.<\/p>\n<p>La selezione esposta, in particolare, ricalca la composizione dell&#8217;immaginario gabinetto erotico che il <strong>marchese De Sade<\/strong> sul finire del XVIII secolo descrisse nel suo romanzo <strong>\u201c<em>Juliette\u201d<\/em>,<\/strong> sintesi efficace della seduzione carnale che i marmi classici esercitavano sull\u2019immaginario dei suoi contemporanei, e che vengono adesso riuniti in una sala a esprimere, secondo la lettura data dal marchese<strong>, l\u2019amore virile (il fallo leonino), l\u2019amore contro natura (l\u2019Ermafrodito) e l\u2019amore incestuoso (il gruppo di Caligola e Drusilla).<\/strong><\/p>\n<p style=\"font-weight: 400;\">Proseguendo nel percorso oltre la met\u00e0 del secolo, ci si imbatte in una sala che esplora la nascente categoria estetica del <strong>Sublime<\/strong>: il bello \u00e8 \u2018superato\u201d da <strong>un senso di stupore e sgomento,<\/strong> qui declinato in iconografie di picchi innevati, rovine e cascate.<\/p>\n<p style=\"font-weight: 400;\">Tutto questo si evolver\u00e0 di l\u00ec a pochi anni nella forma pi\u00f9 compiuta del<strong> Romanticismo,<\/strong> prestandosi al racconto di una modernit\u00e0 incalzante e dagli esiti talvolta sconvolgenti, come nel caso della Rivoluzione Francese.<\/p>\n<p style=\"font-weight: 400;\">Conclusione dell\u2019itinerario \u00e8 affidata una serie di opere legate al <strong>Grand Tour<\/strong>, tra le quali due<strong> vedute di Venezia del Canaletto,<\/strong> una<strong> spettacolare visione del Vesuvio in Eruzione<\/strong> di Thomas Patch e souvenir a tema.<\/p>\n<div class=\"titleimg\">\n<figure id=\"post-386987 media-386987\" class=\"align-none\"><img decoding=\"async\" src=\"https:\/\/www.intoscana.it\/wp-content\/uploads\/Patch-Vesuvio-in-eruzione-scaled.jpg\" alt=\"\" \/><\/figure>\n<div class=\"titleimg\"><em>Patch \u2013 Vesuvio in eruzione<\/em><\/div>\n<\/div>\n","protected":false},"excerpt":{"rendered":"<p>Tra i protagonisti della mostra, capolavori di Goya, Tiepolo, Canaletto, Elisabeth Vig\u00e9e Le Brun, Liotard e Mengs, affiancati da pezzi simbolici come il Matrimonio mistico di Santa Caterina de&#8217; Ricci di Pierre Subleyras restaurato davanti agli occhi del pubblico e il gabinetto di \u201cAntichit\u00e0 Erotiche\u201d<\/p>\n","protected":false},"author":525,"featured_media":386996,"comment_status":"open","ping_status":"open","sticky":false,"template":"","format":"standard","meta":{"_acf_changed":false,"footnotes":""},"categories":[493],"tags":[202,222,207],"class_list":["post-386998","post","type-post","status-publish","format-standard","has-post-thumbnail","hentry","category-cultura","tag-firenze","tag-mostre","tag-uffizi"],"acf":[],"yoast_head":"<!-- This site is optimized with the Yoast SEO Premium plugin v24.2 (Yoast SEO v25.6) - https:\/\/yoast.com\/wordpress\/plugins\/seo\/ -->\n<title>I capolavori del Settecento in mostra agli Uffizi: 150 opere raccontano l&#039;arte del Secolo dei Lumi - intoscana<\/title>\n<meta name=\"description\" content=\"Tra i protagonisti della mostra aperta fin a novembre: capolavori di Goya, Tiepolo, Canaletto, Elisabeth Vig\u00e9e Le Brun, Liotard e Mengs\" \/>\n<meta name=\"robots\" content=\"index, follow, max-snippet:-1, max-image-preview:large, max-video-preview:-1\" \/>\n<link rel=\"canonical\" href=\"https:\/\/www.intoscana.it\/it\/i-capolavori-del-settecento-in-mostra-agli-uffizi-150-opere-raccontano-larte-del-secolo-dei-lumi\/\" \/>\n<meta property=\"og:locale\" content=\"it_IT\" \/>\n<meta property=\"og:type\" content=\"article\" \/>\n<meta property=\"og:title\" content=\"I capolavori del Settecento in mostra agli Uffizi: 150 opere raccontano l&#039;arte del Secolo dei Lumi\" \/>\n<meta property=\"og:description\" content=\"Tra i protagonisti della mostra aperta fin a novembre: capolavori di Goya, Tiepolo, Canaletto, Elisabeth Vig\u00e9e Le Brun, Liotard e Mengs\" \/>\n<meta property=\"og:url\" content=\"https:\/\/www.intoscana.it\/it\/i-capolavori-del-settecento-in-mostra-agli-uffizi-150-opere-raccontano-larte-del-secolo-dei-lumi\/\" \/>\n<meta property=\"og:site_name\" content=\"intoscana\" \/>\n<meta property=\"article:publisher\" content=\"https:\/\/www.facebook.com\/intoscana.it\" \/>\n<meta property=\"article:published_time\" content=\"2025-05-28T11:08:44+00:00\" \/>\n<meta property=\"article:modified_time\" content=\"2025-05-28T14:26:41+00:00\" \/>\n<meta property=\"og:image\" content=\"https:\/\/www.intoscana.it\/wp-content\/uploads\/Liotard-Ritratto-di-Maria-Adelaide-di-Francia-vestita-alla-turca-scaled-e1748425376971.jpeg\" \/>\n\t<meta property=\"og:image:width\" content=\"1628\" \/>\n\t<meta property=\"og:image:height\" content=\"1157\" \/>\n\t<meta property=\"og:image:type\" content=\"image\/jpeg\" \/>\n<meta name=\"author\" content=\"Redazione\" \/>\n<meta name=\"twitter:card\" content=\"summary_large_image\" \/>\n<meta name=\"twitter:creator\" content=\"@intoscana\" \/>\n<meta name=\"twitter:site\" content=\"@intoscana\" \/>\n<meta name=\"twitter:label1\" content=\"Written by\" \/>\n\t<meta name=\"twitter:data1\" content=\"Redazione\" \/>\n\t<meta name=\"twitter:label2\" content=\"Est. reading time\" \/>\n\t<meta name=\"twitter:data2\" content=\"4 minuti\" \/>\n<script type=\"application\/ld+json\" class=\"yoast-schema-graph\">{\"@context\":\"https:\/\/schema.org\",\"@graph\":[{\"@type\":\"WebPage\",\"@id\":\"https:\/\/www.intoscana.it\/it\/i-capolavori-del-settecento-in-mostra-agli-uffizi-150-opere-raccontano-larte-del-secolo-dei-lumi\/\",\"url\":\"https:\/\/www.intoscana.it\/it\/i-capolavori-del-settecento-in-mostra-agli-uffizi-150-opere-raccontano-larte-del-secolo-dei-lumi\/\",\"name\":\"I capolavori del Settecento in mostra agli Uffizi: 150 opere raccontano l'arte del Secolo dei Lumi - intoscana\",\"isPartOf\":{\"@id\":\"https:\/\/www.intoscana.it\/it\/#website\"},\"primaryImageOfPage\":{\"@id\":\"https:\/\/www.intoscana.it\/it\/i-capolavori-del-settecento-in-mostra-agli-uffizi-150-opere-raccontano-larte-del-secolo-dei-lumi\/#primaryimage\"},\"image\":{\"@id\":\"https:\/\/www.intoscana.it\/it\/i-capolavori-del-settecento-in-mostra-agli-uffizi-150-opere-raccontano-larte-del-secolo-dei-lumi\/#primaryimage\"},\"thumbnailUrl\":\"https:\/\/www.intoscana.it\/wp-content\/uploads\/Liotard-Ritratto-di-Maria-Adelaide-di-Francia-vestita-alla-turca-scaled-e1748425376971.jpeg\",\"datePublished\":\"2025-05-28T11:08:44+00:00\",\"dateModified\":\"2025-05-28T14:26:41+00:00\",\"author\":{\"@id\":\"https:\/\/www.intoscana.it\/it\/#\/schema\/person\/9223810753230f20bd670fdd322661f8\"},\"description\":\"Tra i protagonisti della mostra aperta fin a novembre: capolavori di Goya, Tiepolo, Canaletto, Elisabeth Vig\u00e9e Le Brun, Liotard e Mengs\",\"breadcrumb\":{\"@id\":\"https:\/\/www.intoscana.it\/it\/i-capolavori-del-settecento-in-mostra-agli-uffizi-150-opere-raccontano-larte-del-secolo-dei-lumi\/#breadcrumb\"},\"inLanguage\":\"it-IT\",\"potentialAction\":[{\"@type\":\"ReadAction\",\"target\":[\"https:\/\/www.intoscana.it\/it\/i-capolavori-del-settecento-in-mostra-agli-uffizi-150-opere-raccontano-larte-del-secolo-dei-lumi\/\"]}]},{\"@type\":\"ImageObject\",\"inLanguage\":\"it-IT\",\"@id\":\"https:\/\/www.intoscana.it\/it\/i-capolavori-del-settecento-in-mostra-agli-uffizi-150-opere-raccontano-larte-del-secolo-dei-lumi\/#primaryimage\",\"url\":\"https:\/\/www.intoscana.it\/wp-content\/uploads\/Liotard-Ritratto-di-Maria-Adelaide-di-Francia-vestita-alla-turca-scaled-e1748425376971.jpeg\",\"contentUrl\":\"https:\/\/www.intoscana.it\/wp-content\/uploads\/Liotard-Ritratto-di-Maria-Adelaide-di-Francia-vestita-alla-turca-scaled-e1748425376971.jpeg\",\"width\":1628,\"height\":1157},{\"@type\":\"BreadcrumbList\",\"@id\":\"https:\/\/www.intoscana.it\/it\/i-capolavori-del-settecento-in-mostra-agli-uffizi-150-opere-raccontano-larte-del-secolo-dei-lumi\/#breadcrumb\",\"itemListElement\":[{\"@type\":\"ListItem\",\"position\":1,\"name\":\"Home\",\"item\":\"https:\/\/www.intoscana.it\/it\/\"},{\"@type\":\"ListItem\",\"position\":2,\"name\":\"I capolavori del Settecento in mostra agli Uffizi: 150 opere raccontano l&#8217;arte del Secolo dei Lumi\"}]},{\"@type\":\"WebSite\",\"@id\":\"https:\/\/www.intoscana.it\/it\/#website\",\"url\":\"https:\/\/www.intoscana.it\/it\/\",\"name\":\"intoscana\",\"description\":\"\",\"potentialAction\":[{\"@type\":\"SearchAction\",\"target\":{\"@type\":\"EntryPoint\",\"urlTemplate\":\"https:\/\/www.intoscana.it\/it\/?s={search_term_string}\"},\"query-input\":{\"@type\":\"PropertyValueSpecification\",\"valueRequired\":true,\"valueName\":\"search_term_string\"}}],\"inLanguage\":\"it-IT\"},{\"@type\":\"Person\",\"@id\":\"https:\/\/www.intoscana.it\/it\/#\/schema\/person\/9223810753230f20bd670fdd322661f8\",\"name\":\"Redazione\",\"url\":\"https:\/\/www.intoscana.it\/it\/author\/redazione\/\"}]}<\/script>\n<!-- \/ Yoast SEO Premium plugin. -->","yoast_head_json":{"title":"I capolavori del Settecento in mostra agli Uffizi: 150 opere raccontano l'arte del Secolo dei Lumi - intoscana","description":"Tra i protagonisti della mostra aperta fin a novembre: capolavori di Goya, Tiepolo, Canaletto, Elisabeth Vig\u00e9e Le Brun, Liotard e Mengs","robots":{"index":"index","follow":"follow","max-snippet":"max-snippet:-1","max-image-preview":"max-image-preview:large","max-video-preview":"max-video-preview:-1"},"canonical":"https:\/\/www.intoscana.it\/it\/i-capolavori-del-settecento-in-mostra-agli-uffizi-150-opere-raccontano-larte-del-secolo-dei-lumi\/","og_locale":"it_IT","og_type":"article","og_title":"I capolavori del Settecento in mostra agli Uffizi: 150 opere raccontano l'arte del Secolo dei Lumi","og_description":"Tra i protagonisti della mostra aperta fin a novembre: capolavori di Goya, Tiepolo, Canaletto, Elisabeth Vig\u00e9e Le Brun, Liotard e Mengs","og_url":"https:\/\/www.intoscana.it\/it\/i-capolavori-del-settecento-in-mostra-agli-uffizi-150-opere-raccontano-larte-del-secolo-dei-lumi\/","og_site_name":"intoscana","article_publisher":"https:\/\/www.facebook.com\/intoscana.it","article_published_time":"2025-05-28T11:08:44+00:00","article_modified_time":"2025-05-28T14:26:41+00:00","og_image":[{"width":1628,"height":1157,"url":"https:\/\/www.intoscana.it\/wp-content\/uploads\/Liotard-Ritratto-di-Maria-Adelaide-di-Francia-vestita-alla-turca-scaled-e1748425376971.jpeg","type":"image\/jpeg"}],"author":"Redazione","twitter_card":"summary_large_image","twitter_creator":"@intoscana","twitter_site":"@intoscana","twitter_misc":{"Written by":"Redazione","Est. reading time":"4 minuti"},"schema":{"@context":"https:\/\/schema.org","@graph":[{"@type":"WebPage","@id":"https:\/\/www.intoscana.it\/it\/i-capolavori-del-settecento-in-mostra-agli-uffizi-150-opere-raccontano-larte-del-secolo-dei-lumi\/","url":"https:\/\/www.intoscana.it\/it\/i-capolavori-del-settecento-in-mostra-agli-uffizi-150-opere-raccontano-larte-del-secolo-dei-lumi\/","name":"I capolavori del Settecento in mostra agli Uffizi: 150 opere raccontano l'arte del Secolo dei Lumi - intoscana","isPartOf":{"@id":"https:\/\/www.intoscana.it\/it\/#website"},"primaryImageOfPage":{"@id":"https:\/\/www.intoscana.it\/it\/i-capolavori-del-settecento-in-mostra-agli-uffizi-150-opere-raccontano-larte-del-secolo-dei-lumi\/#primaryimage"},"image":{"@id":"https:\/\/www.intoscana.it\/it\/i-capolavori-del-settecento-in-mostra-agli-uffizi-150-opere-raccontano-larte-del-secolo-dei-lumi\/#primaryimage"},"thumbnailUrl":"https:\/\/www.intoscana.it\/wp-content\/uploads\/Liotard-Ritratto-di-Maria-Adelaide-di-Francia-vestita-alla-turca-scaled-e1748425376971.jpeg","datePublished":"2025-05-28T11:08:44+00:00","dateModified":"2025-05-28T14:26:41+00:00","author":{"@id":"https:\/\/www.intoscana.it\/it\/#\/schema\/person\/9223810753230f20bd670fdd322661f8"},"description":"Tra i protagonisti della mostra aperta fin a novembre: capolavori di Goya, Tiepolo, Canaletto, Elisabeth Vig\u00e9e Le Brun, Liotard e Mengs","breadcrumb":{"@id":"https:\/\/www.intoscana.it\/it\/i-capolavori-del-settecento-in-mostra-agli-uffizi-150-opere-raccontano-larte-del-secolo-dei-lumi\/#breadcrumb"},"inLanguage":"it-IT","potentialAction":[{"@type":"ReadAction","target":["https:\/\/www.intoscana.it\/it\/i-capolavori-del-settecento-in-mostra-agli-uffizi-150-opere-raccontano-larte-del-secolo-dei-lumi\/"]}]},{"@type":"ImageObject","inLanguage":"it-IT","@id":"https:\/\/www.intoscana.it\/it\/i-capolavori-del-settecento-in-mostra-agli-uffizi-150-opere-raccontano-larte-del-secolo-dei-lumi\/#primaryimage","url":"https:\/\/www.intoscana.it\/wp-content\/uploads\/Liotard-Ritratto-di-Maria-Adelaide-di-Francia-vestita-alla-turca-scaled-e1748425376971.jpeg","contentUrl":"https:\/\/www.intoscana.it\/wp-content\/uploads\/Liotard-Ritratto-di-Maria-Adelaide-di-Francia-vestita-alla-turca-scaled-e1748425376971.jpeg","width":1628,"height":1157},{"@type":"BreadcrumbList","@id":"https:\/\/www.intoscana.it\/it\/i-capolavori-del-settecento-in-mostra-agli-uffizi-150-opere-raccontano-larte-del-secolo-dei-lumi\/#breadcrumb","itemListElement":[{"@type":"ListItem","position":1,"name":"Home","item":"https:\/\/www.intoscana.it\/it\/"},{"@type":"ListItem","position":2,"name":"I capolavori del Settecento in mostra agli Uffizi: 150 opere raccontano l&#8217;arte del Secolo dei Lumi"}]},{"@type":"WebSite","@id":"https:\/\/www.intoscana.it\/it\/#website","url":"https:\/\/www.intoscana.it\/it\/","name":"intoscana","description":"","potentialAction":[{"@type":"SearchAction","target":{"@type":"EntryPoint","urlTemplate":"https:\/\/www.intoscana.it\/it\/?s={search_term_string}"},"query-input":{"@type":"PropertyValueSpecification","valueRequired":true,"valueName":"search_term_string"}}],"inLanguage":"it-IT"},{"@type":"Person","@id":"https:\/\/www.intoscana.it\/it\/#\/schema\/person\/9223810753230f20bd670fdd322661f8","name":"Redazione","url":"https:\/\/www.intoscana.it\/it\/author\/redazione\/"}]}},"_links":{"self":[{"href":"https:\/\/www.intoscana.it\/it\/wp-json\/wp\/v2\/posts\/386998","targetHints":{"allow":["GET"]}}],"collection":[{"href":"https:\/\/www.intoscana.it\/it\/wp-json\/wp\/v2\/posts"}],"about":[{"href":"https:\/\/www.intoscana.it\/it\/wp-json\/wp\/v2\/types\/post"}],"author":[{"embeddable":true,"href":"https:\/\/www.intoscana.it\/it\/wp-json\/wp\/v2\/users\/525"}],"replies":[{"embeddable":true,"href":"https:\/\/www.intoscana.it\/it\/wp-json\/wp\/v2\/comments?post=386998"}],"version-history":[{"count":5,"href":"https:\/\/www.intoscana.it\/it\/wp-json\/wp\/v2\/posts\/386998\/revisions"}],"predecessor-version":[{"id":387025,"href":"https:\/\/www.intoscana.it\/it\/wp-json\/wp\/v2\/posts\/386998\/revisions\/387025"}],"wp:featuredmedia":[{"embeddable":true,"href":"https:\/\/www.intoscana.it\/it\/wp-json\/wp\/v2\/media\/386996"}],"wp:attachment":[{"href":"https:\/\/www.intoscana.it\/it\/wp-json\/wp\/v2\/media?parent=386998"}],"wp:term":[{"taxonomy":"category","embeddable":true,"href":"https:\/\/www.intoscana.it\/it\/wp-json\/wp\/v2\/categories?post=386998"},{"taxonomy":"post_tag","embeddable":true,"href":"https:\/\/www.intoscana.it\/it\/wp-json\/wp\/v2\/tags?post=386998"}],"curies":[{"name":"wp","href":"https:\/\/api.w.org\/{rel}","templated":true}]}}