{"id":387005,"date":"2025-06-17T12:16:41","date_gmt":"2025-06-17T10:16:41","guid":{"rendered":"https:\/\/www.intoscana.it\/it\/?p=387005"},"modified":"2025-06-17T16:53:42","modified_gmt":"2025-06-17T14:53:42","slug":"cantieri-estivi-ferrovie-2025","status":"publish","type":"post","link":"https:\/\/www.intoscana.it\/it\/cantieri-estivi-ferrovie-2025\/","title":{"rendered":"Estate di cantieri per le ferrovie toscane: interruzioni per lavori di potenziamento e manutenzione"},"content":{"rendered":"<p>Un\u2019estate di cantieri per le ferrovie toscane. Da inizio <strong>giugno a settembre<\/strong>, Rete Ferroviaria Italiana (Gruppo FS) dar\u00e0 il via a importanti interventi su <strong>quattro linee regionali<\/strong>: la <strong>Faentina<\/strong> (Firenze \u2013 Borgo San Lorenzo \u2013 Faenza), la <strong>Lucca \u2013 Aulla<\/strong> Lunigiana, la <strong>Firenze-Siena<\/strong> e la <strong>Firenze \u2013 Pistoia \u2013 Viareggio<\/strong>. I lavori comporteranno sospensioni della circolazione ferroviaria e la riprogrammazione dei servizi di Trenitalia Regionale, con corse sostitutive su gomma e modifiche significative per gli utenti.<\/p>\n<h3>Linea Faentina: nuova tecnologia e ripristino post-alluvione<\/h3>\n<p>Sulla linea Firenze \u2013 Faenza via Borgo San Lorenzo, i lavori si svolgeranno in due fasi: dall\u201911 giugno al 7 settembre, interruzione tra Borgo San Lorenzo e Faenza. Dal 2 agosto al 7 settembre, stop anche tra Firenze e Borgo San Lorenzo via Vaglia.<\/p>\n<p>Il cantiere principale riguarda l\u2019installazione del <strong>sistema ERTMS<\/strong>, il pi\u00f9 moderno sistema europeo per il controllo e la supervisione della circolazione ferroviaria, che promette maggiore affidabilit\u00e0, velocit\u00e0 e sicurezza. L\u2019investimento complessivo \u00e8 di 140 milioni di euro nell\u2019ambito del PNRR.<\/p>\n<p>Proseguono inoltre gli interventi di ripristino infrastrutturale dopo <strong>l\u2019alluvione<\/strong> di marzo, in particolare tra Marradi e Borgo San Lorenzo, e le opere di mitigazione del rischio idrogeologico lungo il tracciato.<\/p>\n<p>Durante l\u2019interruzione, Trenitalia Regionale ha previsto un <strong>servizio sostitutivo con bus<\/strong> tra le tratte coinvolte. La circolazione rimane regolare sulla direttrice Firenze \u2013 Borgo San Lorenzo via Pontassieve. Gli autobus avranno fermate dedicate lungo la SR302.<\/p>\n<h3>Linea Lucca \u2013 Aulla Lunigiana: lavori su gallerie, ponti e viadotti<\/h3>\n<p>Dal 9 giugno al 31 agosto, sar\u00e0 sospesa la circolazione ferroviaria tra<strong> Castelnuovo Garfagnana e Aulla Lunigiana<\/strong>, per consentire una vasta campagna di manutenzione straordinaria, del valore di 15 milioni di euro.<\/p>\n<p>Gli interventi pi\u00f9 rilevanti riguardano: la galleria e il ponte sul Rio Cavo, il viadotto Acquabianca e il ponte sul Rio Tassonaro, le opere di consolidamento idrogeologico e la realizzazione di piazzali di emergenza.<\/p>\n<p>Anche in questo caso \u00e8 previsto, dove possibile, un servizio con autobus sostitutivi.<\/p>\n<h3>Linea Firenze \u2013 Viareggio: ultimi cantieri per il raddoppio Pistoia \u2013 Montecatini<\/h3>\n<p>Infine, da domenica 8 giugno a domenica 7 settembre, i treni tra <strong>Pistoia e Montecatini Terme<\/strong> saranno sospesi per consentire il completamento del raddoppio ferroviario, un\u2019opera attesa da anni che migliorer\u00e0 la regolarit\u00e0 del servizio e la capacit\u00e0 della linea Firenze \u2013 Viareggio.<\/p>\n<p>I lavori includono: la messa in servizio della nuova galleria di Serravalle e dei sistemi di sicurezza annessi, il completamento del ponte a doppio binario sul fiume Nievole, opere civili e tecnologiche per il collegamento con i tratti gi\u00e0 completati.<\/p>\n<p>Per ridurre i disagi, Trenitalia Regionale ha attivato corse bus tra Pistoia e Montecatini via autostrada, senza fermate intermedie, con servizi aggiuntivi nelle fasce pendolari.<\/p>\n<h3>Linea Firenze-Siena, lavori per il raddoppio tra Empoli e Granaiolo<\/h3>\n<p>Sono in programma dal <strong>1\u00b0 luglio al 31 agosto<\/strong> gli interventi di Rete Ferroviaria Italiana (Gruppo FS) attivit\u00e0 di cantiere per il raddoppio ferroviario tra Empoli e Granaiolo, sulla linea Firenze-Empoli-Siena. Il<strong> raddoppio dei 10 chilometri della tratta Empoli-Granaiolo<\/strong>, una volta ultimato, dar\u00e0 continuit\u00e0 alla linea gi\u00e0 a doppio binario tra Granaiolo e Poggibonsi, consentendo cos\u00ec la realizzazione dell\u2019intero collegamento a doppio binario tra Empoli e Poggibonsi, i due maggiori centri abitati dell\u2019area.<\/p>\n<p>L\u2019intervento garantir\u00e0 una maggiore regolarit\u00e0 e affidabilit\u00e0 della circolazione ferroviaria, nonch\u00e9 la possibilit\u00e0 di aumentare il servizio offerto.<br \/>\nPer consentire l\u2019operativit\u00e0 dei cantieri, la circolazione dei treni tra Empoli e Granaiolo sar\u00e0 sospesa da marted\u00ec 1\u00b0 luglio a domenica 31 agosto 2025. I canali di acquisto di Trenitalia sono aggiornati con il programma straordinario di treni e bus.<\/p>\n<h3>Informazioni e assistenza<\/h3>\n<p>I canali di vendita Trenitalia sono aggiornati con i programmi straordinari di treni e bus. Ulteriori dettagli sono disponibili nella sezione Infomobilit\u00e0 di www.trenitalia.com e tramite l\u2019App Trenitalia. Attivo anche il call center gratuito 800 89 20 21. Per maggiori informazioni sono a disposizione anche i canali regionali di Muoversi in Toscana.<\/p>\n","protected":false},"excerpt":{"rendered":"<p>Quattro grandi interventi estivi interesseranno la rete ferroviaria toscana tra giugno e settembre: coinvolte la Faentina, la Lucca\u2013Aulla, la Firenze-Siena e la Firenze\u2013Viareggio. Previsti bus sostitutivi e modifiche alla circolazione dei treni<\/p>\n","protected":false},"author":507,"featured_media":275754,"comment_status":"open","ping_status":"open","sticky":false,"template":"","format":"standard","meta":{"_acf_changed":false,"footnotes":""},"categories":[494],"tags":[235,1577,183,5795],"class_list":["post-387005","post","type-post","status-publish","format-standard","has-post-thumbnail","hentry","category-attualita","tag-estate","tag-muoversi-in-toscana","tag-treni","tag-treni-regionali"],"acf":[],"yoast_head":"<!-- This site is optimized with the Yoast SEO Premium plugin v24.2 (Yoast SEO v25.6) - https:\/\/yoast.com\/wordpress\/plugins\/seo\/ -->\n<title>Estate di cantieri per le ferrovie toscane: interruzioni per lavori di potenziamento e manutenzione - intoscana<\/title>\n<meta name=\"robots\" content=\"index, follow, max-snippet:-1, max-image-preview:large, max-video-preview:-1\" \/>\n<link rel=\"canonical\" href=\"https:\/\/www.intoscana.it\/it\/cantieri-estivi-ferrovie-2025\/\" \/>\n<meta property=\"og:locale\" content=\"it_IT\" \/>\n<meta property=\"og:type\" content=\"article\" \/>\n<meta property=\"og:title\" content=\"Estate di cantieri per le ferrovie toscane: interruzioni per lavori di potenziamento e manutenzione\" \/>\n<meta property=\"og:description\" content=\"Quattro grandi interventi estivi interesseranno la rete ferroviaria toscana tra giugno e settembre: coinvolte la Faentina, la Lucca\u2013Aulla, la Firenze-Siena e la Firenze\u2013Viareggio. Previsti bus sostitutivi e modifiche alla circolazione dei treni\" \/>\n<meta property=\"og:url\" content=\"https:\/\/www.intoscana.it\/it\/cantieri-estivi-ferrovie-2025\/\" \/>\n<meta property=\"og:site_name\" content=\"intoscana\" \/>\n<meta property=\"article:publisher\" content=\"https:\/\/www.facebook.com\/intoscana.it\" \/>\n<meta property=\"article:published_time\" content=\"2025-06-17T10:16:41+00:00\" \/>\n<meta property=\"article:modified_time\" content=\"2025-06-17T14:53:42+00:00\" \/>\n<meta property=\"og:image\" content=\"https:\/\/www.intoscana.it\/wp-content\/uploads\/treno-pop4.jpeg\" \/>\n\t<meta property=\"og:image:width\" content=\"1280\" \/>\n\t<meta property=\"og:image:height\" content=\"960\" \/>\n\t<meta property=\"og:image:type\" content=\"image\/jpeg\" \/>\n<meta name=\"author\" content=\"Chiara Bianchini\" \/>\n<meta name=\"twitter:card\" content=\"summary_large_image\" \/>\n<meta name=\"twitter:creator\" content=\"@intoscana\" \/>\n<meta name=\"twitter:site\" content=\"@intoscana\" \/>\n<meta name=\"twitter:label1\" content=\"Written by\" \/>\n\t<meta name=\"twitter:data1\" content=\"Chiara Bianchini\" \/>\n\t<meta name=\"twitter:label2\" content=\"Est. reading time\" \/>\n\t<meta name=\"twitter:data2\" content=\"4 minuti\" \/>\n<script type=\"application\/ld+json\" class=\"yoast-schema-graph\">{\"@context\":\"https:\/\/schema.org\",\"@graph\":[{\"@type\":\"WebPage\",\"@id\":\"https:\/\/www.intoscana.it\/it\/cantieri-estivi-ferrovie-2025\/\",\"url\":\"https:\/\/www.intoscana.it\/it\/cantieri-estivi-ferrovie-2025\/\",\"name\":\"Estate di cantieri per le ferrovie toscane: interruzioni per lavori di potenziamento e manutenzione - intoscana\",\"isPartOf\":{\"@id\":\"https:\/\/www.intoscana.it\/it\/#website\"},\"primaryImageOfPage\":{\"@id\":\"https:\/\/www.intoscana.it\/it\/cantieri-estivi-ferrovie-2025\/#primaryimage\"},\"image\":{\"@id\":\"https:\/\/www.intoscana.it\/it\/cantieri-estivi-ferrovie-2025\/#primaryimage\"},\"thumbnailUrl\":\"https:\/\/www.intoscana.it\/wp-content\/uploads\/treno-pop4.jpeg\",\"datePublished\":\"2025-06-17T10:16:41+00:00\",\"dateModified\":\"2025-06-17T14:53:42+00:00\",\"author\":{\"@id\":\"https:\/\/www.intoscana.it\/it\/#\/schema\/person\/010af92117f50561886339ad5b873a41\"},\"breadcrumb\":{\"@id\":\"https:\/\/www.intoscana.it\/it\/cantieri-estivi-ferrovie-2025\/#breadcrumb\"},\"inLanguage\":\"it-IT\",\"potentialAction\":[{\"@type\":\"ReadAction\",\"target\":[\"https:\/\/www.intoscana.it\/it\/cantieri-estivi-ferrovie-2025\/\"]}]},{\"@type\":\"ImageObject\",\"inLanguage\":\"it-IT\",\"@id\":\"https:\/\/www.intoscana.it\/it\/cantieri-estivi-ferrovie-2025\/#primaryimage\",\"url\":\"https:\/\/www.intoscana.it\/wp-content\/uploads\/treno-pop4.jpeg\",\"contentUrl\":\"https:\/\/www.intoscana.it\/wp-content\/uploads\/treno-pop4.jpeg\",\"width\":1280,\"height\":960},{\"@type\":\"BreadcrumbList\",\"@id\":\"https:\/\/www.intoscana.it\/it\/cantieri-estivi-ferrovie-2025\/#breadcrumb\",\"itemListElement\":[{\"@type\":\"ListItem\",\"position\":1,\"name\":\"Home\",\"item\":\"https:\/\/www.intoscana.it\/it\/\"},{\"@type\":\"ListItem\",\"position\":2,\"name\":\"Estate di cantieri per le ferrovie toscane: interruzioni per lavori di potenziamento e manutenzione\"}]},{\"@type\":\"WebSite\",\"@id\":\"https:\/\/www.intoscana.it\/it\/#website\",\"url\":\"https:\/\/www.intoscana.it\/it\/\",\"name\":\"intoscana\",\"description\":\"\",\"potentialAction\":[{\"@type\":\"SearchAction\",\"target\":{\"@type\":\"EntryPoint\",\"urlTemplate\":\"https:\/\/www.intoscana.it\/it\/?s={search_term_string}\"},\"query-input\":{\"@type\":\"PropertyValueSpecification\",\"valueRequired\":true,\"valueName\":\"search_term_string\"}}],\"inLanguage\":\"it-IT\"},{\"@type\":\"Person\",\"@id\":\"https:\/\/www.intoscana.it\/it\/#\/schema\/person\/010af92117f50561886339ad5b873a41\",\"name\":\"Chiara Bianchini\",\"sameAs\":[\"c.bianchini@fst.it\"],\"url\":\"https:\/\/www.intoscana.it\/it\/author\/chiara-bianchini\/\"}]}<\/script>\n<!-- \/ Yoast SEO Premium plugin. -->","yoast_head_json":{"title":"Estate di cantieri per le ferrovie toscane: interruzioni per lavori di potenziamento e manutenzione - intoscana","robots":{"index":"index","follow":"follow","max-snippet":"max-snippet:-1","max-image-preview":"max-image-preview:large","max-video-preview":"max-video-preview:-1"},"canonical":"https:\/\/www.intoscana.it\/it\/cantieri-estivi-ferrovie-2025\/","og_locale":"it_IT","og_type":"article","og_title":"Estate di cantieri per le ferrovie toscane: interruzioni per lavori di potenziamento e manutenzione","og_description":"Quattro grandi interventi estivi interesseranno la rete ferroviaria toscana tra giugno e settembre: coinvolte la Faentina, la Lucca\u2013Aulla, la Firenze-Siena e la Firenze\u2013Viareggio. Previsti bus sostitutivi e modifiche alla circolazione dei treni","og_url":"https:\/\/www.intoscana.it\/it\/cantieri-estivi-ferrovie-2025\/","og_site_name":"intoscana","article_publisher":"https:\/\/www.facebook.com\/intoscana.it","article_published_time":"2025-06-17T10:16:41+00:00","article_modified_time":"2025-06-17T14:53:42+00:00","og_image":[{"width":1280,"height":960,"url":"https:\/\/www.intoscana.it\/wp-content\/uploads\/treno-pop4.jpeg","type":"image\/jpeg"}],"author":"Chiara Bianchini","twitter_card":"summary_large_image","twitter_creator":"@intoscana","twitter_site":"@intoscana","twitter_misc":{"Written by":"Chiara Bianchini","Est. reading time":"4 minuti"},"schema":{"@context":"https:\/\/schema.org","@graph":[{"@type":"WebPage","@id":"https:\/\/www.intoscana.it\/it\/cantieri-estivi-ferrovie-2025\/","url":"https:\/\/www.intoscana.it\/it\/cantieri-estivi-ferrovie-2025\/","name":"Estate di cantieri per le ferrovie toscane: interruzioni per lavori di potenziamento e manutenzione - intoscana","isPartOf":{"@id":"https:\/\/www.intoscana.it\/it\/#website"},"primaryImageOfPage":{"@id":"https:\/\/www.intoscana.it\/it\/cantieri-estivi-ferrovie-2025\/#primaryimage"},"image":{"@id":"https:\/\/www.intoscana.it\/it\/cantieri-estivi-ferrovie-2025\/#primaryimage"},"thumbnailUrl":"https:\/\/www.intoscana.it\/wp-content\/uploads\/treno-pop4.jpeg","datePublished":"2025-06-17T10:16:41+00:00","dateModified":"2025-06-17T14:53:42+00:00","author":{"@id":"https:\/\/www.intoscana.it\/it\/#\/schema\/person\/010af92117f50561886339ad5b873a41"},"breadcrumb":{"@id":"https:\/\/www.intoscana.it\/it\/cantieri-estivi-ferrovie-2025\/#breadcrumb"},"inLanguage":"it-IT","potentialAction":[{"@type":"ReadAction","target":["https:\/\/www.intoscana.it\/it\/cantieri-estivi-ferrovie-2025\/"]}]},{"@type":"ImageObject","inLanguage":"it-IT","@id":"https:\/\/www.intoscana.it\/it\/cantieri-estivi-ferrovie-2025\/#primaryimage","url":"https:\/\/www.intoscana.it\/wp-content\/uploads\/treno-pop4.jpeg","contentUrl":"https:\/\/www.intoscana.it\/wp-content\/uploads\/treno-pop4.jpeg","width":1280,"height":960},{"@type":"BreadcrumbList","@id":"https:\/\/www.intoscana.it\/it\/cantieri-estivi-ferrovie-2025\/#breadcrumb","itemListElement":[{"@type":"ListItem","position":1,"name":"Home","item":"https:\/\/www.intoscana.it\/it\/"},{"@type":"ListItem","position":2,"name":"Estate di cantieri per le ferrovie toscane: interruzioni per lavori di potenziamento e manutenzione"}]},{"@type":"WebSite","@id":"https:\/\/www.intoscana.it\/it\/#website","url":"https:\/\/www.intoscana.it\/it\/","name":"intoscana","description":"","potentialAction":[{"@type":"SearchAction","target":{"@type":"EntryPoint","urlTemplate":"https:\/\/www.intoscana.it\/it\/?s={search_term_string}"},"query-input":{"@type":"PropertyValueSpecification","valueRequired":true,"valueName":"search_term_string"}}],"inLanguage":"it-IT"},{"@type":"Person","@id":"https:\/\/www.intoscana.it\/it\/#\/schema\/person\/010af92117f50561886339ad5b873a41","name":"Chiara Bianchini","sameAs":["c.bianchini@fst.it"],"url":"https:\/\/www.intoscana.it\/it\/author\/chiara-bianchini\/"}]}},"_links":{"self":[{"href":"https:\/\/www.intoscana.it\/it\/wp-json\/wp\/v2\/posts\/387005","targetHints":{"allow":["GET"]}}],"collection":[{"href":"https:\/\/www.intoscana.it\/it\/wp-json\/wp\/v2\/posts"}],"about":[{"href":"https:\/\/www.intoscana.it\/it\/wp-json\/wp\/v2\/types\/post"}],"author":[{"embeddable":true,"href":"https:\/\/www.intoscana.it\/it\/wp-json\/wp\/v2\/users\/507"}],"replies":[{"embeddable":true,"href":"https:\/\/www.intoscana.it\/it\/wp-json\/wp\/v2\/comments?post=387005"}],"version-history":[{"count":4,"href":"https:\/\/www.intoscana.it\/it\/wp-json\/wp\/v2\/posts\/387005\/revisions"}],"predecessor-version":[{"id":389435,"href":"https:\/\/www.intoscana.it\/it\/wp-json\/wp\/v2\/posts\/387005\/revisions\/389435"}],"wp:featuredmedia":[{"embeddable":true,"href":"https:\/\/www.intoscana.it\/it\/wp-json\/wp\/v2\/media\/275754"}],"wp:attachment":[{"href":"https:\/\/www.intoscana.it\/it\/wp-json\/wp\/v2\/media?parent=387005"}],"wp:term":[{"taxonomy":"category","embeddable":true,"href":"https:\/\/www.intoscana.it\/it\/wp-json\/wp\/v2\/categories?post=387005"},{"taxonomy":"post_tag","embeddable":true,"href":"https:\/\/www.intoscana.it\/it\/wp-json\/wp\/v2\/tags?post=387005"}],"curies":[{"name":"wp","href":"https:\/\/api.w.org\/{rel}","templated":true}]}}