{"id":387140,"date":"2025-05-29T12:06:46","date_gmt":"2025-05-29T10:06:46","guid":{"rendered":"https:\/\/www.intoscana.it\/it\/?p=387140"},"modified":"2025-05-29T12:06:46","modified_gmt":"2025-05-29T10:06:46","slug":"lavoro-a-casole-delsa-aperto-un-nuovo-sportello-per-limpiego","status":"publish","type":"post","link":"https:\/\/www.intoscana.it\/it\/lavoro-a-casole-delsa-aperto-un-nuovo-sportello-per-limpiego\/","title":{"rendered":"Lavoro, a Casole d&#8217;Elsa aperto un nuovo sportello per l&#8217;impiego"},"content":{"rendered":"<div class=\"rt-page__content rt-page-content--left\">\n<div class=\"rt-page__content-text\">\n<p>Dopo quelli di Gaiole in Chianti, Sovicille, Montalcino e Chiusi, apre a <strong>Casole d\u2019Elsa<\/strong> il quinto sportello decentrato dell\u2019Agenzia Regionale Toscana per l&#8217;Impiego nella provincia di Siena negli spazi della Biblioteca comunale di via Casolani 48. <mark>A tagliare il nastro l\u2019assessore regionale Simone Bezzini, e il sindaco Andrea Pieragnoli, assieme all\u2019assessora comunale a bilancio e societ\u00e0 partecipate Valentina Ciolfi.<\/mark><\/p>\n<p>Il nuovo punto di accesso per i servizi al lavoro di Arti sar\u00e0 attivo il secondo e quarto mercoled\u00ec del mese dalle ore 9 alle ore 13. Lo sportello, che afferisce al Centro per l&#8217;Impiego di Poggibonsi, rientra nell\u2019ambito della strategia di rafforzamento della rete dei servizi pubblici per l&#8217;impiego realizzata anche grazie a Gol (Garanzia occupabilit\u00e0 lavoratori), il programma di riforma delle politiche attive del lavoro finanziato dal Pnrr. \u201cRestiamo determinati\u00a0 &#8211; ha detto il presidente <strong>Eugenio Giani<\/strong> &#8211; a far avanzare il nostro piano di rafforzamento dei servizi per l\u2019impiego, con un\u2019attenzione particolare alla Toscana diffusa. <mark>I servizi per il lavoro e la formazione sono al centro dell\u2019azione del governo regionale e in questi anni stanno conoscendo uno sviluppo rilevante. La loro efficienza e prossimit\u00e0 svolgono un ruolo importante soprattutto in questa complessa fase economica\u201d.<\/mark><\/p>\n<p>Di dare concretezza al principio della <strong>Toscana diffusa<\/strong> parla\u00a0 l\u2019assessore <strong>Simone Bezzini<\/strong>, \u201cUn modo per dare concretezza al principio della Toscana diffusa con l\u2019obiettivo di garantire prossimit\u00e0 dei servizi per le persone, le imprese e le comunit\u00e0. \u00a0\u2013 ha aggiunto Bezzini -. Casole d&#8217;Elsa e l&#8217;intera area potranno beneficiare di questo presidio che contribuir\u00e0 a ridurre il divario tra domanda e offerta di lavoro, valorizzando le competenze locali e attraendo nuove opportunit\u00e0&#8221;.<\/p>\n<p>Il punto sugli sportelli lo fa l\u2019assessora al lavoro e alla formazione <strong>Alessandra Nardini<\/strong>: \u201cCon l\u2019apertura dello sportello di Casole d\u2019Elsa, abbiamo oggi <mark>28 sportelli decentrati che vanno ad arricchire la presenza capillare su tutti i territori della nostra rete regionale dei servizi pubblici per l\u2019impiego, che oggi conta pi\u00f9 di 50 Centri per l&#8217;Impiego a cui si sono aggiunti, appunto, questo tipo di sportelli. Da oggi nel territorio senese operano cinque Centri per l\u2019Impiego e cinque sportelli decentrati\u201d.<\/mark> \u201cL&#8217;obiettivo di Regione Toscana \u2013 ha proseguito Nardini &#8211; \u00e8 quello di rendere sempre pi\u00f9 capillare e diffusa la possibilit\u00e0 di accesso alle politiche attive del lavoro per cittadine, cittadini e imprese\u201d.<\/p>\n<p>Lo <strong>sportello<\/strong> offrir\u00e0 servizi per cittadine, cittadini e imprese: accoglienza e informazione sui servizi del Centro per l&#8217;Impiego, iscrizioni allo stato di disoccupazione e al collocamento mirato ex lege 68\/99, percorsi di orientamento individualizzato, incrocio domanda-offerta di lavoro. Faciliter\u00e0 la collaborazione con l\u2019Amministrazione ospitante su determinati progetti e target di utenti, dai giovani Neet, alle donne vittime di violenza, a utenti con necessit\u00e0 di presa in carico integrata con i servizi sociali territoriali.<\/p>\n<p>&nbsp;<\/p>\n<\/div>\n<\/div>\n<div class=\"rt-btn-wrapper rt-btn-wrapper--right-align\">\n<div class=\"a2a_kit a2a_kit_size_32 a2a_default_style\" data-a2a-title=\"Lavoro, Bezzini inaugura a Casole d\u2019Elsa il quinto sportello Arti in provincia di Siena\"><\/div>\n<\/div>\n","protected":false},"excerpt":{"rendered":"<p>In tutta la Toscana, sono 28 gli sportelli decentrati che vanno a rafforzare la rete regionale dei servizi pubblici dedicati composta da pi\u00f9 di 50 centri<\/p>\n","protected":false},"author":525,"featured_media":387152,"comment_status":"open","ping_status":"open","sticky":false,"template":"","format":"standard","meta":{"_acf_changed":false,"footnotes":""},"categories":[494],"tags":[6226,158,260,4883],"class_list":["post-387140","post","type-post","status-publish","format-standard","has-post-thumbnail","hentry","category-attualita","tag-alessandra-nardini","tag-eugenio-giani","tag-lavoro","tag-simone-bezzini"],"acf":[],"yoast_head":"<!-- This site is optimized with the Yoast SEO Premium plugin v24.2 (Yoast SEO v25.6) - https:\/\/yoast.com\/wordpress\/plugins\/seo\/ -->\n<title>Lavoro, a Casole d&#039;Elsa aperto un nuovo sportello per l&#039;impiego - intoscana<\/title>\n<meta name=\"description\" content=\"In tutta la Toscana, sono 28 gli sportelli decentrati che vanno a rafforzare la rete regionale dei servizi pubblici dedicati composta da pi\u00f9 di 50 centri\u00a0\" \/>\n<meta name=\"robots\" content=\"index, follow, max-snippet:-1, max-image-preview:large, max-video-preview:-1\" \/>\n<link rel=\"canonical\" href=\"https:\/\/www.intoscana.it\/it\/lavoro-a-casole-delsa-aperto-un-nuovo-sportello-per-limpiego\/\" \/>\n<meta property=\"og:locale\" content=\"it_IT\" \/>\n<meta property=\"og:type\" content=\"article\" \/>\n<meta property=\"og:title\" content=\"Lavoro, a Casole d&#039;Elsa aperto un nuovo sportello per l&#039;impiego\" \/>\n<meta property=\"og:description\" content=\"In tutta la Toscana, sono 28 gli sportelli decentrati che vanno a rafforzare la rete regionale dei servizi pubblici dedicati composta da pi\u00f9 di 50 centri\u00a0\" \/>\n<meta property=\"og:url\" content=\"https:\/\/www.intoscana.it\/it\/lavoro-a-casole-delsa-aperto-un-nuovo-sportello-per-limpiego\/\" \/>\n<meta property=\"og:site_name\" content=\"intoscana\" \/>\n<meta property=\"article:publisher\" content=\"https:\/\/www.facebook.com\/intoscana.it\" \/>\n<meta property=\"article:published_time\" content=\"2025-05-29T10:06:46+00:00\" \/>\n<meta property=\"og:image\" content=\"https:\/\/www.intoscana.it\/wp-content\/uploads\/casole-elsa-inaugurazione-sportello-arti-2.jpg\" \/>\n\t<meta property=\"og:image:width\" content=\"1280\" \/>\n\t<meta property=\"og:image:height\" content=\"1106\" \/>\n\t<meta property=\"og:image:type\" content=\"image\/jpeg\" \/>\n<meta name=\"author\" content=\"Redazione\" \/>\n<meta name=\"twitter:card\" content=\"summary_large_image\" \/>\n<meta name=\"twitter:creator\" content=\"@intoscana\" \/>\n<meta name=\"twitter:site\" content=\"@intoscana\" \/>\n<meta name=\"twitter:label1\" content=\"Written by\" \/>\n\t<meta name=\"twitter:data1\" content=\"Redazione\" \/>\n\t<meta name=\"twitter:label2\" content=\"Est. reading time\" \/>\n\t<meta name=\"twitter:data2\" content=\"3 minuti\" \/>\n<script type=\"application\/ld+json\" class=\"yoast-schema-graph\">{\"@context\":\"https:\/\/schema.org\",\"@graph\":[{\"@type\":\"WebPage\",\"@id\":\"https:\/\/www.intoscana.it\/it\/lavoro-a-casole-delsa-aperto-un-nuovo-sportello-per-limpiego\/\",\"url\":\"https:\/\/www.intoscana.it\/it\/lavoro-a-casole-delsa-aperto-un-nuovo-sportello-per-limpiego\/\",\"name\":\"Lavoro, a Casole d'Elsa aperto un nuovo sportello per l'impiego - intoscana\",\"isPartOf\":{\"@id\":\"https:\/\/www.intoscana.it\/it\/#website\"},\"primaryImageOfPage\":{\"@id\":\"https:\/\/www.intoscana.it\/it\/lavoro-a-casole-delsa-aperto-un-nuovo-sportello-per-limpiego\/#primaryimage\"},\"image\":{\"@id\":\"https:\/\/www.intoscana.it\/it\/lavoro-a-casole-delsa-aperto-un-nuovo-sportello-per-limpiego\/#primaryimage\"},\"thumbnailUrl\":\"https:\/\/www.intoscana.it\/wp-content\/uploads\/casole-elsa-inaugurazione-sportello-arti-2.jpg\",\"datePublished\":\"2025-05-29T10:06:46+00:00\",\"author\":{\"@id\":\"https:\/\/www.intoscana.it\/it\/#\/schema\/person\/9223810753230f20bd670fdd322661f8\"},\"description\":\"In tutta la Toscana, sono 28 gli sportelli decentrati che vanno a rafforzare la rete regionale dei servizi pubblici dedicati composta da pi\u00f9 di 50 centri\u00a0\",\"breadcrumb\":{\"@id\":\"https:\/\/www.intoscana.it\/it\/lavoro-a-casole-delsa-aperto-un-nuovo-sportello-per-limpiego\/#breadcrumb\"},\"inLanguage\":\"it-IT\",\"potentialAction\":[{\"@type\":\"ReadAction\",\"target\":[\"https:\/\/www.intoscana.it\/it\/lavoro-a-casole-delsa-aperto-un-nuovo-sportello-per-limpiego\/\"]}]},{\"@type\":\"ImageObject\",\"inLanguage\":\"it-IT\",\"@id\":\"https:\/\/www.intoscana.it\/it\/lavoro-a-casole-delsa-aperto-un-nuovo-sportello-per-limpiego\/#primaryimage\",\"url\":\"https:\/\/www.intoscana.it\/wp-content\/uploads\/casole-elsa-inaugurazione-sportello-arti-2.jpg\",\"contentUrl\":\"https:\/\/www.intoscana.it\/wp-content\/uploads\/casole-elsa-inaugurazione-sportello-arti-2.jpg\",\"width\":1280,\"height\":1106},{\"@type\":\"BreadcrumbList\",\"@id\":\"https:\/\/www.intoscana.it\/it\/lavoro-a-casole-delsa-aperto-un-nuovo-sportello-per-limpiego\/#breadcrumb\",\"itemListElement\":[{\"@type\":\"ListItem\",\"position\":1,\"name\":\"Home\",\"item\":\"https:\/\/www.intoscana.it\/it\/\"},{\"@type\":\"ListItem\",\"position\":2,\"name\":\"Lavoro, a Casole d&#8217;Elsa aperto un nuovo sportello per l&#8217;impiego\"}]},{\"@type\":\"WebSite\",\"@id\":\"https:\/\/www.intoscana.it\/it\/#website\",\"url\":\"https:\/\/www.intoscana.it\/it\/\",\"name\":\"intoscana\",\"description\":\"\",\"potentialAction\":[{\"@type\":\"SearchAction\",\"target\":{\"@type\":\"EntryPoint\",\"urlTemplate\":\"https:\/\/www.intoscana.it\/it\/?s={search_term_string}\"},\"query-input\":{\"@type\":\"PropertyValueSpecification\",\"valueRequired\":true,\"valueName\":\"search_term_string\"}}],\"inLanguage\":\"it-IT\"},{\"@type\":\"Person\",\"@id\":\"https:\/\/www.intoscana.it\/it\/#\/schema\/person\/9223810753230f20bd670fdd322661f8\",\"name\":\"Redazione\",\"url\":\"https:\/\/www.intoscana.it\/it\/author\/redazione\/\"}]}<\/script>\n<!-- \/ Yoast SEO Premium plugin. -->","yoast_head_json":{"title":"Lavoro, a Casole d'Elsa aperto un nuovo sportello per l'impiego - intoscana","description":"In tutta la Toscana, sono 28 gli sportelli decentrati che vanno a rafforzare la rete regionale dei servizi pubblici dedicati composta da pi\u00f9 di 50 centri\u00a0","robots":{"index":"index","follow":"follow","max-snippet":"max-snippet:-1","max-image-preview":"max-image-preview:large","max-video-preview":"max-video-preview:-1"},"canonical":"https:\/\/www.intoscana.it\/it\/lavoro-a-casole-delsa-aperto-un-nuovo-sportello-per-limpiego\/","og_locale":"it_IT","og_type":"article","og_title":"Lavoro, a Casole d'Elsa aperto un nuovo sportello per l'impiego","og_description":"In tutta la Toscana, sono 28 gli sportelli decentrati che vanno a rafforzare la rete regionale dei servizi pubblici dedicati composta da pi\u00f9 di 50 centri\u00a0","og_url":"https:\/\/www.intoscana.it\/it\/lavoro-a-casole-delsa-aperto-un-nuovo-sportello-per-limpiego\/","og_site_name":"intoscana","article_publisher":"https:\/\/www.facebook.com\/intoscana.it","article_published_time":"2025-05-29T10:06:46+00:00","og_image":[{"width":1280,"height":1106,"url":"https:\/\/www.intoscana.it\/wp-content\/uploads\/casole-elsa-inaugurazione-sportello-arti-2.jpg","type":"image\/jpeg"}],"author":"Redazione","twitter_card":"summary_large_image","twitter_creator":"@intoscana","twitter_site":"@intoscana","twitter_misc":{"Written by":"Redazione","Est. reading time":"3 minuti"},"schema":{"@context":"https:\/\/schema.org","@graph":[{"@type":"WebPage","@id":"https:\/\/www.intoscana.it\/it\/lavoro-a-casole-delsa-aperto-un-nuovo-sportello-per-limpiego\/","url":"https:\/\/www.intoscana.it\/it\/lavoro-a-casole-delsa-aperto-un-nuovo-sportello-per-limpiego\/","name":"Lavoro, a Casole d'Elsa aperto un nuovo sportello per l'impiego - intoscana","isPartOf":{"@id":"https:\/\/www.intoscana.it\/it\/#website"},"primaryImageOfPage":{"@id":"https:\/\/www.intoscana.it\/it\/lavoro-a-casole-delsa-aperto-un-nuovo-sportello-per-limpiego\/#primaryimage"},"image":{"@id":"https:\/\/www.intoscana.it\/it\/lavoro-a-casole-delsa-aperto-un-nuovo-sportello-per-limpiego\/#primaryimage"},"thumbnailUrl":"https:\/\/www.intoscana.it\/wp-content\/uploads\/casole-elsa-inaugurazione-sportello-arti-2.jpg","datePublished":"2025-05-29T10:06:46+00:00","author":{"@id":"https:\/\/www.intoscana.it\/it\/#\/schema\/person\/9223810753230f20bd670fdd322661f8"},"description":"In tutta la Toscana, sono 28 gli sportelli decentrati che vanno a rafforzare la rete regionale dei servizi pubblici dedicati composta da pi\u00f9 di 50 centri\u00a0","breadcrumb":{"@id":"https:\/\/www.intoscana.it\/it\/lavoro-a-casole-delsa-aperto-un-nuovo-sportello-per-limpiego\/#breadcrumb"},"inLanguage":"it-IT","potentialAction":[{"@type":"ReadAction","target":["https:\/\/www.intoscana.it\/it\/lavoro-a-casole-delsa-aperto-un-nuovo-sportello-per-limpiego\/"]}]},{"@type":"ImageObject","inLanguage":"it-IT","@id":"https:\/\/www.intoscana.it\/it\/lavoro-a-casole-delsa-aperto-un-nuovo-sportello-per-limpiego\/#primaryimage","url":"https:\/\/www.intoscana.it\/wp-content\/uploads\/casole-elsa-inaugurazione-sportello-arti-2.jpg","contentUrl":"https:\/\/www.intoscana.it\/wp-content\/uploads\/casole-elsa-inaugurazione-sportello-arti-2.jpg","width":1280,"height":1106},{"@type":"BreadcrumbList","@id":"https:\/\/www.intoscana.it\/it\/lavoro-a-casole-delsa-aperto-un-nuovo-sportello-per-limpiego\/#breadcrumb","itemListElement":[{"@type":"ListItem","position":1,"name":"Home","item":"https:\/\/www.intoscana.it\/it\/"},{"@type":"ListItem","position":2,"name":"Lavoro, a Casole d&#8217;Elsa aperto un nuovo sportello per l&#8217;impiego"}]},{"@type":"WebSite","@id":"https:\/\/www.intoscana.it\/it\/#website","url":"https:\/\/www.intoscana.it\/it\/","name":"intoscana","description":"","potentialAction":[{"@type":"SearchAction","target":{"@type":"EntryPoint","urlTemplate":"https:\/\/www.intoscana.it\/it\/?s={search_term_string}"},"query-input":{"@type":"PropertyValueSpecification","valueRequired":true,"valueName":"search_term_string"}}],"inLanguage":"it-IT"},{"@type":"Person","@id":"https:\/\/www.intoscana.it\/it\/#\/schema\/person\/9223810753230f20bd670fdd322661f8","name":"Redazione","url":"https:\/\/www.intoscana.it\/it\/author\/redazione\/"}]}},"_links":{"self":[{"href":"https:\/\/www.intoscana.it\/it\/wp-json\/wp\/v2\/posts\/387140","targetHints":{"allow":["GET"]}}],"collection":[{"href":"https:\/\/www.intoscana.it\/it\/wp-json\/wp\/v2\/posts"}],"about":[{"href":"https:\/\/www.intoscana.it\/it\/wp-json\/wp\/v2\/types\/post"}],"author":[{"embeddable":true,"href":"https:\/\/www.intoscana.it\/it\/wp-json\/wp\/v2\/users\/525"}],"replies":[{"embeddable":true,"href":"https:\/\/www.intoscana.it\/it\/wp-json\/wp\/v2\/comments?post=387140"}],"version-history":[{"count":5,"href":"https:\/\/www.intoscana.it\/it\/wp-json\/wp\/v2\/posts\/387140\/revisions"}],"predecessor-version":[{"id":387156,"href":"https:\/\/www.intoscana.it\/it\/wp-json\/wp\/v2\/posts\/387140\/revisions\/387156"}],"wp:featuredmedia":[{"embeddable":true,"href":"https:\/\/www.intoscana.it\/it\/wp-json\/wp\/v2\/media\/387152"}],"wp:attachment":[{"href":"https:\/\/www.intoscana.it\/it\/wp-json\/wp\/v2\/media?parent=387140"}],"wp:term":[{"taxonomy":"category","embeddable":true,"href":"https:\/\/www.intoscana.it\/it\/wp-json\/wp\/v2\/categories?post=387140"},{"taxonomy":"post_tag","embeddable":true,"href":"https:\/\/www.intoscana.it\/it\/wp-json\/wp\/v2\/tags?post=387140"}],"curies":[{"name":"wp","href":"https:\/\/api.w.org\/{rel}","templated":true}]}}