{"id":387523,"date":"2025-05-31T13:38:05","date_gmt":"2025-05-31T11:38:05","guid":{"rendered":"https:\/\/www.intoscana.it\/it\/?p=387523"},"modified":"2025-06-02T15:14:49","modified_gmt":"2025-06-02T13:14:49","slug":"al-via-a-firenze-il-piano-notte-del-comune-piu-servizi-con-polizia-stewart-e-volontari","status":"publish","type":"post","link":"https:\/\/www.intoscana.it\/it\/al-via-a-firenze-il-piano-notte-del-comune-piu-servizi-con-polizia-stewart-e-volontari\/","title":{"rendered":"Al via a Firenze il &#8220;piano notte&#8221; del Comune: pi\u00f9 servizi con polizia, stewart e volontari"},"content":{"rendered":"<p>Partir\u00e0 dalla prossima settimana <strong>il piano notte del Comune di Firenze<\/strong>, con <strong>pi\u00f9 pattuglie della polizia municipale, steward e volontari<\/strong> per aumentare la sicurezza in citt\u00e0.<\/p>\n<p>L&#8217;<strong>assunzione di 200 nuovi vigili urbani<\/strong>, spiega Palazzo vecchio, consentir\u00e0 di mettere in campo 19 pattuglie, +25% rispetto ad oggi.<\/p>\n<p>A queste nel fine settimana (da gioved\u00ec a domenica) <strong>se ne aggiungeranno altre quattro, dedicate in particolare alla movida<\/strong> che effettueranno controlli sul territorio.<\/p>\n<p>Previsto anche il ritorno degli steward, <strong>24 operatori riconoscibili dalla pettorina e presenti nei weekend nelle piazze<\/strong> maggiormente frequentate, da concordare con la prefettura; <strong>squadre composte di 3-4 persone<\/strong>, affiancate da agenti della polizia municipale e in contatto le forze dell&#8217;ordine impegnati nei servizi disposti dalla questura.<\/p>\n<p>Infine i <strong>volontari per la sicurezza dell&#8217;Associazione nazionale carabinieri 181 Pegaso<\/strong> in servizio anche in orario serale (fino alle 24), squadre di 2-3 addetti collegati con la polizia municipale, in servizio su dieci itinerari (due per Quartiere) toccando giardini e piazze.<\/p>\n<p><em>&#8220;Per noi la sicurezza \u00e8 una priorit\u00e0 e siamo al lavoro giorno e notte per aumentarla nei nostri quartieri &#8211; <\/em><strong>le parole della sindaca Sara Funaro<\/strong><em> &#8211; grazie alle nuove assunzioni potenziamo la presenza notturna della polizia municipale cui affianchiamo gli steward e i volontari dei carabinieri: un sistema integrato che si coordiner\u00e0 con le forze dell&#8217;ordine per un presidio del territorio pi\u00f9 efficace. La citt\u00e0 &#8211;<\/em><strong> aggiunge<\/strong><em> &#8211; sta facendo il massimo per dare risposte ai cittadini, tenendo assieme la spinta per avere una maggiore vitalit\u00e0 degli spazi pubblici, come con l&#8217;estate fiorentina, e il presidio del territorio&#8221;. <\/em><\/p>\n<p><strong>Anche l&#8217;assessore alla sicurezza Andrea Giorgio sottolinea l&#8217;impegno<\/strong><em> &#8220;per dare una risposta alle richieste dei cittadini, mettendo al centro del nostro lavoro tutti i quartieri della citt\u00e0. Ci incontreremo infatti con i presidenti dei Quartieri per condividere le aree su cui puntare e porteremo le nostre proposte al tavolo del Cosp in Prefettura per individuare le zone operative e integrarle con le forze dell&#8217;ordine&#8221;.<\/em><\/p>\n","protected":false},"excerpt":{"rendered":"<p>L&#8217;assunzione di 200 nuovi vigili urbani, spiega Palazzo vecchio, consentir\u00e0 di mettere in campo 19 pattuglie, +25% rispetto ad oggi<\/p>\n","protected":false},"author":525,"featured_media":145479,"comment_status":"open","ping_status":"open","sticky":false,"template":"","format":"standard","meta":{"_acf_changed":false,"footnotes":""},"categories":[494],"tags":[235,202],"class_list":["post-387523","post","type-post","status-publish","format-standard","has-post-thumbnail","hentry","category-attualita","tag-estate","tag-firenze"],"acf":[],"yoast_head":"<!-- This site is optimized with the Yoast SEO Premium plugin v24.2 (Yoast SEO v25.6) - https:\/\/yoast.com\/wordpress\/plugins\/seo\/ -->\n<title>Al via a Firenze il &quot;piano notte&quot; del Comune: pi\u00f9 servizi con polizia, stewart e volontari - intoscana<\/title>\n<meta name=\"description\" content=\"L&#039;assunzione di 200 nuovi vigili urbani, spiega Palazzo vecchio, consentir\u00e0 di mettere in campo 19 pattuglie, +25% rispetto ad oggi\" \/>\n<meta name=\"robots\" content=\"index, follow, max-snippet:-1, max-image-preview:large, max-video-preview:-1\" \/>\n<link rel=\"canonical\" href=\"https:\/\/www.intoscana.it\/it\/al-via-a-firenze-il-piano-notte-del-comune-piu-servizi-con-polizia-stewart-e-volontari\/\" \/>\n<meta property=\"og:locale\" content=\"it_IT\" \/>\n<meta property=\"og:type\" content=\"article\" \/>\n<meta property=\"og:title\" content=\"Al via a Firenze il &quot;piano notte&quot; del Comune: pi\u00f9 servizi con polizia, stewart e volontari\" \/>\n<meta property=\"og:description\" content=\"L&#039;assunzione di 200 nuovi vigili urbani, spiega Palazzo vecchio, consentir\u00e0 di mettere in campo 19 pattuglie, +25% rispetto ad oggi\" \/>\n<meta property=\"og:url\" content=\"https:\/\/www.intoscana.it\/it\/al-via-a-firenze-il-piano-notte-del-comune-piu-servizi-con-polizia-stewart-e-volontari\/\" \/>\n<meta property=\"og:site_name\" content=\"intoscana\" \/>\n<meta property=\"article:publisher\" content=\"https:\/\/www.facebook.com\/intoscana.it\" \/>\n<meta property=\"article:published_time\" content=\"2025-05-31T11:38:05+00:00\" \/>\n<meta property=\"article:modified_time\" content=\"2025-06-02T13:14:49+00:00\" \/>\n<meta property=\"og:image\" content=\"https:\/\/www.intoscana.it\/wp-content\/uploads\/Firenze-notte-panorama-4.jpg\" \/>\n\t<meta property=\"og:image:width\" content=\"901\" \/>\n\t<meta property=\"og:image:height\" content=\"600\" \/>\n\t<meta property=\"og:image:type\" content=\"image\/jpeg\" \/>\n<meta name=\"author\" content=\"Redazione\" \/>\n<meta name=\"twitter:card\" content=\"summary_large_image\" \/>\n<meta name=\"twitter:creator\" content=\"@intoscana\" \/>\n<meta name=\"twitter:site\" content=\"@intoscana\" \/>\n<meta name=\"twitter:label1\" content=\"Written by\" \/>\n\t<meta name=\"twitter:data1\" content=\"Redazione\" \/>\n\t<meta name=\"twitter:label2\" content=\"Est. reading time\" \/>\n\t<meta name=\"twitter:data2\" content=\"2 minuti\" \/>\n<script type=\"application\/ld+json\" class=\"yoast-schema-graph\">{\"@context\":\"https:\/\/schema.org\",\"@graph\":[{\"@type\":\"WebPage\",\"@id\":\"https:\/\/www.intoscana.it\/it\/al-via-a-firenze-il-piano-notte-del-comune-piu-servizi-con-polizia-stewart-e-volontari\/\",\"url\":\"https:\/\/www.intoscana.it\/it\/al-via-a-firenze-il-piano-notte-del-comune-piu-servizi-con-polizia-stewart-e-volontari\/\",\"name\":\"Al via a Firenze il \\\"piano notte\\\" del Comune: pi\u00f9 servizi con polizia, stewart e volontari - intoscana\",\"isPartOf\":{\"@id\":\"https:\/\/www.intoscana.it\/it\/#website\"},\"primaryImageOfPage\":{\"@id\":\"https:\/\/www.intoscana.it\/it\/al-via-a-firenze-il-piano-notte-del-comune-piu-servizi-con-polizia-stewart-e-volontari\/#primaryimage\"},\"image\":{\"@id\":\"https:\/\/www.intoscana.it\/it\/al-via-a-firenze-il-piano-notte-del-comune-piu-servizi-con-polizia-stewart-e-volontari\/#primaryimage\"},\"thumbnailUrl\":\"https:\/\/www.intoscana.it\/wp-content\/uploads\/Firenze-notte-panorama-4.jpg\",\"datePublished\":\"2025-05-31T11:38:05+00:00\",\"dateModified\":\"2025-06-02T13:14:49+00:00\",\"author\":{\"@id\":\"https:\/\/www.intoscana.it\/it\/#\/schema\/person\/9223810753230f20bd670fdd322661f8\"},\"description\":\"L'assunzione di 200 nuovi vigili urbani, spiega Palazzo vecchio, consentir\u00e0 di mettere in campo 19 pattuglie, +25% rispetto ad oggi\",\"breadcrumb\":{\"@id\":\"https:\/\/www.intoscana.it\/it\/al-via-a-firenze-il-piano-notte-del-comune-piu-servizi-con-polizia-stewart-e-volontari\/#breadcrumb\"},\"inLanguage\":\"it-IT\",\"potentialAction\":[{\"@type\":\"ReadAction\",\"target\":[\"https:\/\/www.intoscana.it\/it\/al-via-a-firenze-il-piano-notte-del-comune-piu-servizi-con-polizia-stewart-e-volontari\/\"]}]},{\"@type\":\"ImageObject\",\"inLanguage\":\"it-IT\",\"@id\":\"https:\/\/www.intoscana.it\/it\/al-via-a-firenze-il-piano-notte-del-comune-piu-servizi-con-polizia-stewart-e-volontari\/#primaryimage\",\"url\":\"https:\/\/www.intoscana.it\/wp-content\/uploads\/Firenze-notte-panorama-4.jpg\",\"contentUrl\":\"https:\/\/www.intoscana.it\/wp-content\/uploads\/Firenze-notte-panorama-4.jpg\",\"width\":901,\"height\":600,\"caption\":\"Estate Fiorentina: cinema sotto le stelle e musica 'itinerante'\"},{\"@type\":\"BreadcrumbList\",\"@id\":\"https:\/\/www.intoscana.it\/it\/al-via-a-firenze-il-piano-notte-del-comune-piu-servizi-con-polizia-stewart-e-volontari\/#breadcrumb\",\"itemListElement\":[{\"@type\":\"ListItem\",\"position\":1,\"name\":\"Home\",\"item\":\"https:\/\/www.intoscana.it\/it\/\"},{\"@type\":\"ListItem\",\"position\":2,\"name\":\"Al via a Firenze il &#8220;piano notte&#8221; del Comune: pi\u00f9 servizi con polizia, stewart e volontari\"}]},{\"@type\":\"WebSite\",\"@id\":\"https:\/\/www.intoscana.it\/it\/#website\",\"url\":\"https:\/\/www.intoscana.it\/it\/\",\"name\":\"intoscana\",\"description\":\"\",\"potentialAction\":[{\"@type\":\"SearchAction\",\"target\":{\"@type\":\"EntryPoint\",\"urlTemplate\":\"https:\/\/www.intoscana.it\/it\/?s={search_term_string}\"},\"query-input\":{\"@type\":\"PropertyValueSpecification\",\"valueRequired\":true,\"valueName\":\"search_term_string\"}}],\"inLanguage\":\"it-IT\"},{\"@type\":\"Person\",\"@id\":\"https:\/\/www.intoscana.it\/it\/#\/schema\/person\/9223810753230f20bd670fdd322661f8\",\"name\":\"Redazione\",\"url\":\"https:\/\/www.intoscana.it\/it\/author\/redazione\/\"}]}<\/script>\n<!-- \/ Yoast SEO Premium plugin. -->","yoast_head_json":{"title":"Al via a Firenze il \"piano notte\" del Comune: pi\u00f9 servizi con polizia, stewart e volontari - intoscana","description":"L'assunzione di 200 nuovi vigili urbani, spiega Palazzo vecchio, consentir\u00e0 di mettere in campo 19 pattuglie, +25% rispetto ad oggi","robots":{"index":"index","follow":"follow","max-snippet":"max-snippet:-1","max-image-preview":"max-image-preview:large","max-video-preview":"max-video-preview:-1"},"canonical":"https:\/\/www.intoscana.it\/it\/al-via-a-firenze-il-piano-notte-del-comune-piu-servizi-con-polizia-stewart-e-volontari\/","og_locale":"it_IT","og_type":"article","og_title":"Al via a Firenze il \"piano notte\" del Comune: pi\u00f9 servizi con polizia, stewart e volontari","og_description":"L'assunzione di 200 nuovi vigili urbani, spiega Palazzo vecchio, consentir\u00e0 di mettere in campo 19 pattuglie, +25% rispetto ad oggi","og_url":"https:\/\/www.intoscana.it\/it\/al-via-a-firenze-il-piano-notte-del-comune-piu-servizi-con-polizia-stewart-e-volontari\/","og_site_name":"intoscana","article_publisher":"https:\/\/www.facebook.com\/intoscana.it","article_published_time":"2025-05-31T11:38:05+00:00","article_modified_time":"2025-06-02T13:14:49+00:00","og_image":[{"width":901,"height":600,"url":"https:\/\/www.intoscana.it\/wp-content\/uploads\/Firenze-notte-panorama-4.jpg","type":"image\/jpeg"}],"author":"Redazione","twitter_card":"summary_large_image","twitter_creator":"@intoscana","twitter_site":"@intoscana","twitter_misc":{"Written by":"Redazione","Est. reading time":"2 minuti"},"schema":{"@context":"https:\/\/schema.org","@graph":[{"@type":"WebPage","@id":"https:\/\/www.intoscana.it\/it\/al-via-a-firenze-il-piano-notte-del-comune-piu-servizi-con-polizia-stewart-e-volontari\/","url":"https:\/\/www.intoscana.it\/it\/al-via-a-firenze-il-piano-notte-del-comune-piu-servizi-con-polizia-stewart-e-volontari\/","name":"Al via a Firenze il \"piano notte\" del Comune: pi\u00f9 servizi con polizia, stewart e volontari - intoscana","isPartOf":{"@id":"https:\/\/www.intoscana.it\/it\/#website"},"primaryImageOfPage":{"@id":"https:\/\/www.intoscana.it\/it\/al-via-a-firenze-il-piano-notte-del-comune-piu-servizi-con-polizia-stewart-e-volontari\/#primaryimage"},"image":{"@id":"https:\/\/www.intoscana.it\/it\/al-via-a-firenze-il-piano-notte-del-comune-piu-servizi-con-polizia-stewart-e-volontari\/#primaryimage"},"thumbnailUrl":"https:\/\/www.intoscana.it\/wp-content\/uploads\/Firenze-notte-panorama-4.jpg","datePublished":"2025-05-31T11:38:05+00:00","dateModified":"2025-06-02T13:14:49+00:00","author":{"@id":"https:\/\/www.intoscana.it\/it\/#\/schema\/person\/9223810753230f20bd670fdd322661f8"},"description":"L'assunzione di 200 nuovi vigili urbani, spiega Palazzo vecchio, consentir\u00e0 di mettere in campo 19 pattuglie, +25% rispetto ad oggi","breadcrumb":{"@id":"https:\/\/www.intoscana.it\/it\/al-via-a-firenze-il-piano-notte-del-comune-piu-servizi-con-polizia-stewart-e-volontari\/#breadcrumb"},"inLanguage":"it-IT","potentialAction":[{"@type":"ReadAction","target":["https:\/\/www.intoscana.it\/it\/al-via-a-firenze-il-piano-notte-del-comune-piu-servizi-con-polizia-stewart-e-volontari\/"]}]},{"@type":"ImageObject","inLanguage":"it-IT","@id":"https:\/\/www.intoscana.it\/it\/al-via-a-firenze-il-piano-notte-del-comune-piu-servizi-con-polizia-stewart-e-volontari\/#primaryimage","url":"https:\/\/www.intoscana.it\/wp-content\/uploads\/Firenze-notte-panorama-4.jpg","contentUrl":"https:\/\/www.intoscana.it\/wp-content\/uploads\/Firenze-notte-panorama-4.jpg","width":901,"height":600,"caption":"Estate Fiorentina: cinema sotto le stelle e musica 'itinerante'"},{"@type":"BreadcrumbList","@id":"https:\/\/www.intoscana.it\/it\/al-via-a-firenze-il-piano-notte-del-comune-piu-servizi-con-polizia-stewart-e-volontari\/#breadcrumb","itemListElement":[{"@type":"ListItem","position":1,"name":"Home","item":"https:\/\/www.intoscana.it\/it\/"},{"@type":"ListItem","position":2,"name":"Al via a Firenze il &#8220;piano notte&#8221; del Comune: pi\u00f9 servizi con polizia, stewart e volontari"}]},{"@type":"WebSite","@id":"https:\/\/www.intoscana.it\/it\/#website","url":"https:\/\/www.intoscana.it\/it\/","name":"intoscana","description":"","potentialAction":[{"@type":"SearchAction","target":{"@type":"EntryPoint","urlTemplate":"https:\/\/www.intoscana.it\/it\/?s={search_term_string}"},"query-input":{"@type":"PropertyValueSpecification","valueRequired":true,"valueName":"search_term_string"}}],"inLanguage":"it-IT"},{"@type":"Person","@id":"https:\/\/www.intoscana.it\/it\/#\/schema\/person\/9223810753230f20bd670fdd322661f8","name":"Redazione","url":"https:\/\/www.intoscana.it\/it\/author\/redazione\/"}]}},"_links":{"self":[{"href":"https:\/\/www.intoscana.it\/it\/wp-json\/wp\/v2\/posts\/387523","targetHints":{"allow":["GET"]}}],"collection":[{"href":"https:\/\/www.intoscana.it\/it\/wp-json\/wp\/v2\/posts"}],"about":[{"href":"https:\/\/www.intoscana.it\/it\/wp-json\/wp\/v2\/types\/post"}],"author":[{"embeddable":true,"href":"https:\/\/www.intoscana.it\/it\/wp-json\/wp\/v2\/users\/525"}],"replies":[{"embeddable":true,"href":"https:\/\/www.intoscana.it\/it\/wp-json\/wp\/v2\/comments?post=387523"}],"version-history":[{"count":5,"href":"https:\/\/www.intoscana.it\/it\/wp-json\/wp\/v2\/posts\/387523\/revisions"}],"predecessor-version":[{"id":387676,"href":"https:\/\/www.intoscana.it\/it\/wp-json\/wp\/v2\/posts\/387523\/revisions\/387676"}],"wp:featuredmedia":[{"embeddable":true,"href":"https:\/\/www.intoscana.it\/it\/wp-json\/wp\/v2\/media\/145479"}],"wp:attachment":[{"href":"https:\/\/www.intoscana.it\/it\/wp-json\/wp\/v2\/media?parent=387523"}],"wp:term":[{"taxonomy":"category","embeddable":true,"href":"https:\/\/www.intoscana.it\/it\/wp-json\/wp\/v2\/categories?post=387523"},{"taxonomy":"post_tag","embeddable":true,"href":"https:\/\/www.intoscana.it\/it\/wp-json\/wp\/v2\/tags?post=387523"}],"curies":[{"name":"wp","href":"https:\/\/api.w.org\/{rel}","templated":true}]}}