{"id":387856,"date":"2025-06-03T15:19:51","date_gmt":"2025-06-03T13:19:51","guid":{"rendered":"https:\/\/www.intoscana.it\/it\/?p=387856"},"modified":"2025-06-04T12:43:42","modified_gmt":"2025-06-04T10:43:42","slug":"toscana-e-corsica-piu-vicine-nel-nome-di-pasquale-paoli","status":"publish","type":"post","link":"https:\/\/www.intoscana.it\/it\/toscana-e-corsica-piu-vicine-nel-nome-di-pasquale-paoli\/","title":{"rendered":"Toscana e Corsica pi\u00f9 vicine nel nome di Pasquale Paoli"},"content":{"rendered":"<p><strong>L\u2019amicizia tra Toscana e Corsica<\/strong> si rinsalda nel ricordo della figura di <strong>Pasquale Paoli.<\/strong> Nel trecentesimo anniversario della nascita del patriota corso, che proprio nel Granducato trov\u00f2 rifugio dopo la sconfitta della battaglia di Ponte Nuovo del 1769, Regione Toscana e Collettivit\u00e0 della Corsica hanno infatti firmato nella mattinata di oggi un\u2019intesa che consolida i legami storici e promuove una <strong>collaborazione futura tra i due territori<\/strong>, all\u2019insegna della cultura, dello sviluppo sostenibile e della valorizzazione del patrimonio comune.<\/p>\n<h3>Un gemellaggio economico e culturale<\/h3>\n<p>A sottoscrivere il documento a Palazzo Strozzi Sacrati a Firenze<strong> il presidente della Toscana Eugenio Giani e il presidente del Consiglio esecutivo della Corsica Gilles Simeoni<\/strong>. Presente anche la presidente dell\u2019Assemblea di Corsica Marie-Antoinette Maupertuis e il console generale francese di Firenze Guillaume Rousson.<\/p>\n<p><em>\u201cAbbiamo firmato questo patto di gemellaggio, di amicizia, di solidariet\u00e0 con una regione che storicamente \u00e8 legata e vicina alla Toscana \u2013<\/em> ha detto<strong> il presidente Giani &#8211;<\/strong><em>\u00a0 lo abbiamo firmato in occasione dei 300 anni dalla nascita di Pasquale Paoli considerato un po&#8217; l&#8217;emblema della sovranit\u00e0 e della autonomia della Corsica. Questa firma \u00e8 il viatico per collegamenti pi\u00f9 stretti e pi\u00f9 forti con le navi non solo dal porto di Livorno alle citt\u00e0 corse ma anche dalla stessa Portoferraio quindi dall&#8217;arcipelago. Ugualmente per rapporti pi\u00f9 stretti grazie ai voli da Pisa e da Firenze per Bastia e i vari aeroporti della Corsica.<\/em> <mark><em>Quindi relazioni pi\u00f9 forti da un punto di vista economico grazie a investimenti reciproci anche nel contesto dei fondi strutturali delle Regioni marittime conseguentemente una promozione turistica e culturale reciproca<\/em>.<\/mark>&#8221;<\/p>\n<h3>Sostenibilit\u00e0, ambiente e collegamenti<\/h3>\n<p>Tra gli obiettivi della collaborazione figurano infatti lo sviluppo comune del<strong> turismo sostenibile, la valorizzazione congiunta dell\u2019ambiente, compreso quello marittimo, e dell\u2019agricoltura sostenibile,<\/strong> la collaborazione accademica, culturale e in ambito archeologico, l\u2019incentivo alla libera circolazione delle persone e delle idee, con particolare riferimento alla mobilit\u00e0 dei giovani, lo sviluppo nel settore dei trasporti e dei collegamenti marittimi ed aerei.<br \/>\nIl raggiungimento di tali obiettivi sar\u00e0 promosso attraverso scambi, incontri e creazione di progetti comuni, anche in risposta a bandi regionali, nazionali ed europei, l\u2019organizzazione congiunta di eventi, riunioni pluriennali e piani d&#8217;azione condivisi.<\/p>\n<p><em>\u201cOggi \u00e8 una giornata\u00a0 importantissima \u2013<\/em> ha detto il presidente della Corsica Gilles Simeoni &#8211;\u00a0 <em>perch\u00e9 non c&#8217;\u00e8 solo la vicinanza geografica, ma c\u2019\u00e8 vicinanza storica, linguistica, culturale tra Corsica a Toscana e sono elementi fondamentali per fornire le basi per\u00a0 un accordo economico pi\u00f9 largo con scambi universitari, sociali. La priorit\u00e0 \u00e8 rafforzare il collegamento tra Corsica e Toscana sia aerea sia via mare.&#8221;<\/em><\/p>\n","protected":false},"excerpt":{"rendered":"<p>Firmato un accordo di gemellaggio economico e culturale tra le due regioni a 300 anni dalla nascita del patriota corso, che venne accolto nel Granducato di Toscana<\/p>\n","protected":false},"author":525,"featured_media":387862,"comment_status":"open","ping_status":"open","sticky":false,"template":"","format":"standard","meta":{"_acf_changed":false,"footnotes":""},"categories":[494],"tags":[151],"class_list":["post-387856","post","type-post","status-publish","format-standard","has-post-thumbnail","hentry","category-attualita","tag-regione-toscana"],"acf":[],"yoast_head":"<!-- This site is optimized with the Yoast SEO Premium plugin v24.2 (Yoast SEO v25.6) - https:\/\/yoast.com\/wordpress\/plugins\/seo\/ -->\n<title>Toscana e Corsica pi\u00f9 vicine nel nome di Pasquale Paoli - intoscana<\/title>\n<meta name=\"robots\" content=\"index, follow, max-snippet:-1, max-image-preview:large, max-video-preview:-1\" \/>\n<link rel=\"canonical\" href=\"https:\/\/www.intoscana.it\/it\/toscana-e-corsica-piu-vicine-nel-nome-di-pasquale-paoli\/\" \/>\n<meta property=\"og:locale\" content=\"it_IT\" \/>\n<meta property=\"og:type\" content=\"article\" \/>\n<meta property=\"og:title\" content=\"Toscana e Corsica pi\u00f9 vicine nel nome di Pasquale Paoli\" \/>\n<meta property=\"og:description\" content=\"Firmato un accordo di gemellaggio economico e culturale tra le due regioni a 300 anni dalla nascita del patriota corso, che venne accolto nel Granducato di Toscana\" \/>\n<meta property=\"og:url\" content=\"https:\/\/www.intoscana.it\/it\/toscana-e-corsica-piu-vicine-nel-nome-di-pasquale-paoli\/\" \/>\n<meta property=\"og:site_name\" content=\"intoscana\" \/>\n<meta property=\"article:publisher\" content=\"https:\/\/www.facebook.com\/intoscana.it\" \/>\n<meta property=\"article:published_time\" content=\"2025-06-03T13:19:51+00:00\" \/>\n<meta property=\"article:modified_time\" content=\"2025-06-04T10:43:42+00:00\" \/>\n<meta property=\"og:image\" content=\"https:\/\/www.intoscana.it\/wp-content\/uploads\/corsica.jpg\" \/>\n\t<meta property=\"og:image:width\" content=\"1600\" \/>\n\t<meta property=\"og:image:height\" content=\"1200\" \/>\n\t<meta property=\"og:image:type\" content=\"image\/jpeg\" \/>\n<meta name=\"author\" content=\"Redazione\" \/>\n<meta name=\"twitter:card\" content=\"summary_large_image\" \/>\n<meta name=\"twitter:creator\" content=\"@intoscana\" \/>\n<meta name=\"twitter:site\" content=\"@intoscana\" \/>\n<meta name=\"twitter:label1\" content=\"Written by\" \/>\n\t<meta name=\"twitter:data1\" content=\"Redazione\" \/>\n\t<meta name=\"twitter:label2\" content=\"Est. reading time\" \/>\n\t<meta name=\"twitter:data2\" content=\"3 minuti\" \/>\n<script type=\"application\/ld+json\" class=\"yoast-schema-graph\">{\"@context\":\"https:\/\/schema.org\",\"@graph\":[{\"@type\":\"WebPage\",\"@id\":\"https:\/\/www.intoscana.it\/it\/toscana-e-corsica-piu-vicine-nel-nome-di-pasquale-paoli\/\",\"url\":\"https:\/\/www.intoscana.it\/it\/toscana-e-corsica-piu-vicine-nel-nome-di-pasquale-paoli\/\",\"name\":\"Toscana e Corsica pi\u00f9 vicine nel nome di Pasquale Paoli - intoscana\",\"isPartOf\":{\"@id\":\"https:\/\/www.intoscana.it\/it\/#website\"},\"primaryImageOfPage\":{\"@id\":\"https:\/\/www.intoscana.it\/it\/toscana-e-corsica-piu-vicine-nel-nome-di-pasquale-paoli\/#primaryimage\"},\"image\":{\"@id\":\"https:\/\/www.intoscana.it\/it\/toscana-e-corsica-piu-vicine-nel-nome-di-pasquale-paoli\/#primaryimage\"},\"thumbnailUrl\":\"https:\/\/www.intoscana.it\/wp-content\/uploads\/corsica.jpg\",\"datePublished\":\"2025-06-03T13:19:51+00:00\",\"dateModified\":\"2025-06-04T10:43:42+00:00\",\"author\":{\"@id\":\"https:\/\/www.intoscana.it\/it\/#\/schema\/person\/9223810753230f20bd670fdd322661f8\"},\"breadcrumb\":{\"@id\":\"https:\/\/www.intoscana.it\/it\/toscana-e-corsica-piu-vicine-nel-nome-di-pasquale-paoli\/#breadcrumb\"},\"inLanguage\":\"it-IT\",\"potentialAction\":[{\"@type\":\"ReadAction\",\"target\":[\"https:\/\/www.intoscana.it\/it\/toscana-e-corsica-piu-vicine-nel-nome-di-pasquale-paoli\/\"]}]},{\"@type\":\"ImageObject\",\"inLanguage\":\"it-IT\",\"@id\":\"https:\/\/www.intoscana.it\/it\/toscana-e-corsica-piu-vicine-nel-nome-di-pasquale-paoli\/#primaryimage\",\"url\":\"https:\/\/www.intoscana.it\/wp-content\/uploads\/corsica.jpg\",\"contentUrl\":\"https:\/\/www.intoscana.it\/wp-content\/uploads\/corsica.jpg\",\"width\":1600,\"height\":1200},{\"@type\":\"BreadcrumbList\",\"@id\":\"https:\/\/www.intoscana.it\/it\/toscana-e-corsica-piu-vicine-nel-nome-di-pasquale-paoli\/#breadcrumb\",\"itemListElement\":[{\"@type\":\"ListItem\",\"position\":1,\"name\":\"Home\",\"item\":\"https:\/\/www.intoscana.it\/it\/\"},{\"@type\":\"ListItem\",\"position\":2,\"name\":\"Toscana e Corsica pi\u00f9 vicine nel nome di Pasquale Paoli\"}]},{\"@type\":\"WebSite\",\"@id\":\"https:\/\/www.intoscana.it\/it\/#website\",\"url\":\"https:\/\/www.intoscana.it\/it\/\",\"name\":\"intoscana\",\"description\":\"\",\"potentialAction\":[{\"@type\":\"SearchAction\",\"target\":{\"@type\":\"EntryPoint\",\"urlTemplate\":\"https:\/\/www.intoscana.it\/it\/?s={search_term_string}\"},\"query-input\":{\"@type\":\"PropertyValueSpecification\",\"valueRequired\":true,\"valueName\":\"search_term_string\"}}],\"inLanguage\":\"it-IT\"},{\"@type\":\"Person\",\"@id\":\"https:\/\/www.intoscana.it\/it\/#\/schema\/person\/9223810753230f20bd670fdd322661f8\",\"name\":\"Redazione\",\"url\":\"https:\/\/www.intoscana.it\/it\/author\/redazione\/\"}]}<\/script>\n<!-- \/ Yoast SEO Premium plugin. -->","yoast_head_json":{"title":"Toscana e Corsica pi\u00f9 vicine nel nome di Pasquale Paoli - intoscana","robots":{"index":"index","follow":"follow","max-snippet":"max-snippet:-1","max-image-preview":"max-image-preview:large","max-video-preview":"max-video-preview:-1"},"canonical":"https:\/\/www.intoscana.it\/it\/toscana-e-corsica-piu-vicine-nel-nome-di-pasquale-paoli\/","og_locale":"it_IT","og_type":"article","og_title":"Toscana e Corsica pi\u00f9 vicine nel nome di Pasquale Paoli","og_description":"Firmato un accordo di gemellaggio economico e culturale tra le due regioni a 300 anni dalla nascita del patriota corso, che venne accolto nel Granducato di Toscana","og_url":"https:\/\/www.intoscana.it\/it\/toscana-e-corsica-piu-vicine-nel-nome-di-pasquale-paoli\/","og_site_name":"intoscana","article_publisher":"https:\/\/www.facebook.com\/intoscana.it","article_published_time":"2025-06-03T13:19:51+00:00","article_modified_time":"2025-06-04T10:43:42+00:00","og_image":[{"width":1600,"height":1200,"url":"https:\/\/www.intoscana.it\/wp-content\/uploads\/corsica.jpg","type":"image\/jpeg"}],"author":"Redazione","twitter_card":"summary_large_image","twitter_creator":"@intoscana","twitter_site":"@intoscana","twitter_misc":{"Written by":"Redazione","Est. reading time":"3 minuti"},"schema":{"@context":"https:\/\/schema.org","@graph":[{"@type":"WebPage","@id":"https:\/\/www.intoscana.it\/it\/toscana-e-corsica-piu-vicine-nel-nome-di-pasquale-paoli\/","url":"https:\/\/www.intoscana.it\/it\/toscana-e-corsica-piu-vicine-nel-nome-di-pasquale-paoli\/","name":"Toscana e Corsica pi\u00f9 vicine nel nome di Pasquale Paoli - intoscana","isPartOf":{"@id":"https:\/\/www.intoscana.it\/it\/#website"},"primaryImageOfPage":{"@id":"https:\/\/www.intoscana.it\/it\/toscana-e-corsica-piu-vicine-nel-nome-di-pasquale-paoli\/#primaryimage"},"image":{"@id":"https:\/\/www.intoscana.it\/it\/toscana-e-corsica-piu-vicine-nel-nome-di-pasquale-paoli\/#primaryimage"},"thumbnailUrl":"https:\/\/www.intoscana.it\/wp-content\/uploads\/corsica.jpg","datePublished":"2025-06-03T13:19:51+00:00","dateModified":"2025-06-04T10:43:42+00:00","author":{"@id":"https:\/\/www.intoscana.it\/it\/#\/schema\/person\/9223810753230f20bd670fdd322661f8"},"breadcrumb":{"@id":"https:\/\/www.intoscana.it\/it\/toscana-e-corsica-piu-vicine-nel-nome-di-pasquale-paoli\/#breadcrumb"},"inLanguage":"it-IT","potentialAction":[{"@type":"ReadAction","target":["https:\/\/www.intoscana.it\/it\/toscana-e-corsica-piu-vicine-nel-nome-di-pasquale-paoli\/"]}]},{"@type":"ImageObject","inLanguage":"it-IT","@id":"https:\/\/www.intoscana.it\/it\/toscana-e-corsica-piu-vicine-nel-nome-di-pasquale-paoli\/#primaryimage","url":"https:\/\/www.intoscana.it\/wp-content\/uploads\/corsica.jpg","contentUrl":"https:\/\/www.intoscana.it\/wp-content\/uploads\/corsica.jpg","width":1600,"height":1200},{"@type":"BreadcrumbList","@id":"https:\/\/www.intoscana.it\/it\/toscana-e-corsica-piu-vicine-nel-nome-di-pasquale-paoli\/#breadcrumb","itemListElement":[{"@type":"ListItem","position":1,"name":"Home","item":"https:\/\/www.intoscana.it\/it\/"},{"@type":"ListItem","position":2,"name":"Toscana e Corsica pi\u00f9 vicine nel nome di Pasquale Paoli"}]},{"@type":"WebSite","@id":"https:\/\/www.intoscana.it\/it\/#website","url":"https:\/\/www.intoscana.it\/it\/","name":"intoscana","description":"","potentialAction":[{"@type":"SearchAction","target":{"@type":"EntryPoint","urlTemplate":"https:\/\/www.intoscana.it\/it\/?s={search_term_string}"},"query-input":{"@type":"PropertyValueSpecification","valueRequired":true,"valueName":"search_term_string"}}],"inLanguage":"it-IT"},{"@type":"Person","@id":"https:\/\/www.intoscana.it\/it\/#\/schema\/person\/9223810753230f20bd670fdd322661f8","name":"Redazione","url":"https:\/\/www.intoscana.it\/it\/author\/redazione\/"}]}},"_links":{"self":[{"href":"https:\/\/www.intoscana.it\/it\/wp-json\/wp\/v2\/posts\/387856","targetHints":{"allow":["GET"]}}],"collection":[{"href":"https:\/\/www.intoscana.it\/it\/wp-json\/wp\/v2\/posts"}],"about":[{"href":"https:\/\/www.intoscana.it\/it\/wp-json\/wp\/v2\/types\/post"}],"author":[{"embeddable":true,"href":"https:\/\/www.intoscana.it\/it\/wp-json\/wp\/v2\/users\/525"}],"replies":[{"embeddable":true,"href":"https:\/\/www.intoscana.it\/it\/wp-json\/wp\/v2\/comments?post=387856"}],"version-history":[{"count":5,"href":"https:\/\/www.intoscana.it\/it\/wp-json\/wp\/v2\/posts\/387856\/revisions"}],"predecessor-version":[{"id":387964,"href":"https:\/\/www.intoscana.it\/it\/wp-json\/wp\/v2\/posts\/387856\/revisions\/387964"}],"wp:featuredmedia":[{"embeddable":true,"href":"https:\/\/www.intoscana.it\/it\/wp-json\/wp\/v2\/media\/387862"}],"wp:attachment":[{"href":"https:\/\/www.intoscana.it\/it\/wp-json\/wp\/v2\/media?parent=387856"}],"wp:term":[{"taxonomy":"category","embeddable":true,"href":"https:\/\/www.intoscana.it\/it\/wp-json\/wp\/v2\/categories?post=387856"},{"taxonomy":"post_tag","embeddable":true,"href":"https:\/\/www.intoscana.it\/it\/wp-json\/wp\/v2\/tags?post=387856"}],"curies":[{"name":"wp","href":"https:\/\/api.w.org\/{rel}","templated":true}]}}