{"id":387907,"date":"2025-06-05T09:05:01","date_gmt":"2025-06-05T07:05:01","guid":{"rendered":"https:\/\/www.intoscana.it\/it\/?p=387907"},"modified":"2025-06-05T09:46:15","modified_gmt":"2025-06-05T07:46:15","slug":"ethan-la-voce-della-metamorfosi-queer-canto-per-chi-si-sente-sempre-sbagliato","status":"publish","type":"post","link":"https:\/\/www.intoscana.it\/it\/ethan-la-voce-della-metamorfosi-queer-canto-per-chi-si-sente-sempre-sbagliato\/","title":{"rendered":"Ethan la voce della &#8220;Metamorfosi&#8221; queer: &#8220;Canto per chi si sente sempre sbagliato&#8221;"},"content":{"rendered":"<p><strong>Ethan \u00e8 un artista queer\u00a0tosco-brasiliano,<\/strong> classe \u201898. Sin da piccolo assorbe la passione per la musica dai genitori, <strong>scoprendo la black music grazie alla madre<\/strong> e i grandi miti della <strong>Bossanova brasiliana<\/strong> per influenza del pap\u00e0.<\/p>\n<p>A 18 anni parte per studiare prima all<strong>\u2019Officina Pasolini di Tosca, a Roma<\/strong>, e poi alla <strong>Jam Academy di Lucca<\/strong>. La sua voce elegante e potente diviene uno<strong> strumento di espressione<\/strong> e mezzo attraverso cui comunicare i suoi sentimenti.<\/p>\n<p>Negli anni coltiva un rapporto con il suo corpo bellissimo e complicato: tuttora, <strong>Ethan lo usa come una tela che dipinge, veste e colora,<\/strong> forte di un\u2019estetica riconoscibile e mai fine a s\u00e9 stessa, frutto della sua concezione personale di uomo,<strong> in netto contrasto con la figura machista e patriarcale del maschio etero bianco.<\/strong><\/p>\n<p><strong>La sua musica \u00e8 un mix di influenze<\/strong> e melodie ipnotiche che <strong>attinge alle sue radici italiane e sud americane<\/strong>, Ethan crea un paesaggio sonoro unico in cui la musica elettronica e sperimentale incontra i nuovi ritmi della <strong>musica latina.<\/strong><\/p>\n<p>A maggio 2025 \u00e8 uscito <strong><em>\u201c<\/em><\/strong><em><strong>Metamorfosi (Vol.2)\u201d<\/strong>,<\/em> il nuovo EP di <strong>Ethan<\/strong>, un progetto carnale quanto etereo che sperimenta liberamente con il <strong>funk, l\u2019elettronica, il mondo del clubbing e quello del pop.<\/strong><\/p>\n<p>Tra i brani spicca la collaborazione in<strong><em> &#8220;Fim do mundo&#8221;<\/em> <\/strong>con<strong> l\u2019artista queer carioca Mia Badgyal<\/strong> che ha aperto i concerti di <strong>Charlie XCX <\/strong>e<strong> Nashikko.<\/strong><\/p>\n<p>Recentemente<strong> Amazon Music Italia <\/strong>ha scelto<strong> Ethan come volto <\/strong>della<strong> playlist &#8220;Proud&#8221;, dedicata alla comunit\u00e0 LGBTQA+.<\/strong><\/p>\n<p><img decoding=\"async\" src=\"https:\/\/www.intoscana.it\/wp-content\/uploads\/Ethan_press_03_creditoMatteoStrocchia-scaled.jpeg\" alt=\"\" \/><\/p>\n<div class=\"titleimg\"><em>Ethan &#8211; \u00a9 Matteo Strocchia<\/em><\/div>\n<h3>La nostra intervista a Ethan<\/h3>\n<p><strong>Ciao ti ricordi com&#8217;era il piccolo Ethan, quando ha iniziato a fare musica?<\/strong><\/p>\n<p>Lo porto sempre con me, lui fa parte di tutte le mie gioie e le mie frustrazioni. Ho iniziato a 7-8 anni a cantare. <strong>Sono vent&#8217;anni che ho capito che la musica fa parte della mia vita<\/strong>. Sono cambiato tantissimo, ma <strong>la musica \u00e8 sempre rimasta una parte fondamentale di me,<\/strong> ho sempre sentito che volevo fare questo, non ho mai messo in discussione questo, \u00e8 una parte vitale di me.<\/p>\n<p><strong>A maggio \u00e8 uscita la seconda parte di <em>&#8220;Metamorfosi&#8221;<\/em> una parola che dice gi\u00e0 tanto su cosa c&#8217;\u00e8 in questo progetto, la ricerca di una nuova forma, un processo di trasformazione<\/strong><\/p>\n<p>Sicuramente c&#8217;\u00e8 un bel po&#8217; cambiamento all&#8217;interno rispetto alle cose che facevo prima, quindi non potevo che chiamarlo <strong><em>Metamorfosi<\/em><\/strong>. Ho pensato di dare un senso di dinamicit\u00e0, cio\u00e8 partire da una forma per poi arrivare ad un&#8217;altra e nel frattempo <strong>cercare di godermi il tragitto.<\/strong><p><span class=\"citazione\">La musica viene spesso ascoltata in modo passivo e questo disco \u00e8 anche il tentativo di combattere tutto questo, l&#8217;ho fatto per me e per le persone che hanno voglia di ascoltare qualcosa di diverso<\/span><\/p><\/p>\n<p><strong>Quando \u00e8 in atto una metamorfosi, il percorso non \u00e8 mai facile perch\u00e9 si sa da dove si parte, ma non si sa dove si arriva<\/strong><\/p>\n<p>\u00c8 verissima questa frase, confermo, soprattutto oggi con la velocit\u00e0 di tutto, <strong>non \u00e8 mai certo niente, non c&#8217;\u00e8 niente di concreto e sicuro.<\/strong> Sento di essere portatore di un cambiamento dentro di me, anche se a non tutti arriva. L&#8217;avevo messo in conto fin dal principio, <strong>quando parli di metamorfosi non tutti lo capiscono, non \u00e8 mai lineare.<\/strong><\/p>\n<p><strong>In questo disco c&#8217;\u00e8 una collaborazione con l&#8217;artista brasiliana Mia Badgyal, ho letto che hai anche fatto un viaggio in Brasile che per te \u00e8 stato particolarmente importante<\/strong><\/p>\n<p>Ricongiungermi al Brasile per me \u00e8 sempre molto importante, mio pap\u00e0 \u00e8 brasiliano e una volta l&#8217;anno devo andare a trovarlo per rigenerarmi. Parte del mio sangue \u00e8 l\u00ec, ho bisogno di tornare e fare sessioni musicali l\u00e0. Ho avuto modo di collaborare con <strong>Mia<\/strong> e altri artisti locali, come in<strong><em>\u00a0&#8220;Love \u00e8 fraco&#8221;<\/em> uscito nel Vol.1 con Mc Gw. <\/strong>Sono molto felice di questi featuring, spero di poter continuare a farlo e restare legato alle mie radici.<\/p>\n<p><iframe loading=\"lazy\" title=\"YouTube video player\" src=\"https:\/\/www.youtube.com\/embed\/_FZhKiH8A9o?si=nt6sWubFflNEZ8ko\" width=\"800\" height=\"450\" frameborder=\"0\" allowfullscreen=\"allowfullscreen\"><\/iframe><\/p>\n<p><strong>Ascoltando il tuo disco percepisco il racconto di una difficolt\u00e0 che tutti noi sperimentiamo nelle relazioni, una cosa di cui sentiamo il bisogno, ma sembra sempre molto difficile instaurare una connessione, come mai secondo te?<\/strong><\/p>\n<p><strong>Siamo nell&#8217;era del riciclo, in un momento in cui tutto \u00e8 usa e getta.<\/strong> Io non sono contrario alle dating apps, ma se pensiamo al fatto che danno accesso a milioni di persone, al primo segnale in cui qualcosa non va bene, <strong>spesso manca la voglia e la pazienza di dedicarsi a qualcuno, adattarsi o cambiare se stessi<\/strong>, o funziona o \u00e8 gi\u00e0 finita. Manca la voglia di costruire. Questo si riflette su tutto sia a livello relazionale che musicale, a livello sociale c&#8217;\u00e8 una frattura. <strong>La musica viene spesso ascoltata in modo passivo<\/strong> e questo disco \u00e8 anche il tentativo di combattere tutto questo,<strong> l&#8217;ho fatto per me e per le persone che hanno voglia di ascoltare qualcosa di diverso.<\/strong><p><span class=\"citazione\">Canto per gli ultimi, per quelli che non sono mai stati capiti e per tutti quelli che si sentono sbagliati<\/span><\/p><\/p>\n<p><strong>Penso che per un artista l&#8217;autenticit\u00e0 sia tutto, rimanere se stessi a ogni costo, lo diceva anche Sinead O&#8217;Connor, lei ha pagato questa scelta a un prezzo carissimo\u00a0<\/strong><\/p>\n<p>Tutti lo pagano, dipende dove vuoi stare sul mercato e cosa vuoi fare.<strong> Essere artisti oggi \u00e8 anche scegliere che direzione prendere,<\/strong> se vuoi scendere a compromessi perch\u00e9 il mondo va in un certo modo ed \u00e8 un percorso comunque valido, oppure no. Ci sono persone che preferiscono rimanere pi\u00f9 fedeli al loro modo di essere e questo inevitabilmente un po&#8217; diminuisce ascolti e visibilit\u00e0. Tutti fanno musica, \u00e8 sempre pi\u00f9 difficile emergere, sono d&#8217;accordo con te<strong> l&#8217;autenticit\u00e0 alla fine ripaga sempre ma \u00e8 un percorso lunghissimo.\u00a0<\/strong><\/p>\n<p><strong>Questo per\u00f2 possiamo dirlo \u00e8 stato un po&#8217; il tuo anno, mi sembra che quello che volevi comunicare sia arrivato, c&#8217;era bisogno dei tuoi messaggi e anche del tipo di linguaggio che hai usato<\/strong><\/p>\n<p>Ho sempre molta difficolt\u00e0 ad autoproclamarmi, non riesco a vederla in questo modo perch\u00e9 voglio sempre di pi\u00f9. Avevo bisogno di riposizionarmi sul mercato e sentirmi pi\u00f9 affine alle mie radici, alle mie sonorit\u00e0, al mio pubblico e alla mia community.<strong> Quindi ho fatto un cambio radicale di direzione e questa cosa sta pagando<\/strong>. Alcuni se ne sono andati, alcuni sono rimasti ed altri stanno arrivando. Cerco di vedere tutto in un&#8217;ottica futura, <strong>se continuo ad essere fedele a quello che sono oggi nel futuro arriver\u00f2 a chi devo arrivare.<\/strong> Sono comunque molto grato dei traguardi che sto raggiungendo, sto arrivando piano, piano dove voglio.<\/p>\n<p><strong>Mi colpisce molto come giochi con la tua immagine perch\u00e9 mi ricordi quasi una figura mitologica, un fauno, un essere sovrannaturale. Quanto \u00e8 importante per te esprimerti anche attraverso il corpo, che \u00e8 un oggetto anche politico<\/strong><\/p>\n<p>Oggi non possiamo non considerare la parte visiva. <strong>Ho sempre fatto attenzione a come comunichiamo anche non verbalmente<\/strong>, per me \u00e8 sempre stato fondamentale non trascurare questa parte. Per questo progetto in particolare avevo bisogno di dare l&#8217;idea della <strong>transizione, un cambiamento, il movimento verso qualcosa<\/strong>. Nelle ultime foto appaiono elementi metallici come l&#8217;acciaio perch\u00e9 anche<strong> il mio sound sta evolvendo dall&#8217;organico verso qualcosa di pi\u00f9 industriale, \u00e8 l&#8217;Ethan 2.0.<\/strong><\/p>\n<p><strong>Come vorresti che si sentissero le persone che ascoltano la tua musica, pensi a loro quando componi?<\/strong><\/p>\n<p>Cerco di parlare di me e di quello che vivo, non so quante persone possono ritrovarsi in quello che dico. <strong>Parlo alla comunit\u00e0 Queer, a persone che cercano una loro rappresentazione nel mondo<\/strong> e non sempre la trovano. <strong>Gli artisti Queer spesso fanno finta di non esserlo perch\u00e9 \u00e8 pi\u00f9 conveniente per il mercato<\/strong>. Io voglio rappresentare un&#8217;alternativa a quello che ci viene dato &#8220;da mangiare&#8221; perch\u00e9 \u00e8 gi\u00e0 facile da digerire. <strong>Canto per gli ultimi, per quelli che non sono mai stati capiti e per tutti quelli che si sentono sbagliati.\u00a0<\/strong><\/p>\n<div class=\"titleimg\">\n<figure id=\"post-388127 media-388127\" class=\"align-none\"><img decoding=\"async\" src=\"https:\/\/www.intoscana.it\/wp-content\/uploads\/METAMORFOSI-album-1-scaled.jpeg\" alt=\"\" \/><\/figure>\n<div class=\"titleimg\">Ethan, Metamorfosi Vol.1<\/div>\n<\/div>\n","protected":false},"excerpt":{"rendered":"<p>Dalla Toscana al Brasile, dalla Bossanova all\u2019elettronica, l\u2019artista racconta il nuovo disco &#8220;Metamorfosi&#8221;: un viaggio sonoro e identitario che rompe gli stereotipi di genere e reinventa la musica latina in chiave queer<\/p>\n","protected":false},"author":518,"featured_media":385841,"comment_status":"open","ping_status":"open","sticky":false,"template":"","format":"standard","meta":{"_acf_changed":false,"footnotes":""},"categories":[14],"tags":[3138],"class_list":["post-387907","post","type-post","status-publish","format-standard","has-post-thumbnail","hentry","category-musica","tag-interviste-agli-artisti"],"acf":[],"yoast_head":"<!-- This site is optimized with the Yoast SEO Premium plugin v24.2 (Yoast SEO v25.6) - https:\/\/yoast.com\/wordpress\/plugins\/seo\/ -->\n<title>Ethan la voce della &quot;Metamorfosi&quot; queer: &quot;Canto per chi si sente sempre sbagliato&quot; - intoscana<\/title>\n<meta name=\"description\" content=\"Dalla Toscana al Brasile, dalla Bossanova all\u2019elettronica, l\u2019artista racconta il nuovo EP Metamorfosi (Vol.2): un viaggio sonoro e identitario\" \/>\n<meta name=\"robots\" content=\"index, follow, max-snippet:-1, max-image-preview:large, max-video-preview:-1\" \/>\n<link rel=\"canonical\" href=\"https:\/\/www.intoscana.it\/it\/ethan-la-voce-della-metamorfosi-queer-canto-per-chi-si-sente-sempre-sbagliato\/\" \/>\n<meta property=\"og:locale\" content=\"it_IT\" \/>\n<meta property=\"og:type\" content=\"article\" \/>\n<meta property=\"og:title\" content=\"Ethan la voce della &quot;Metamorfosi&quot; queer: &quot;Canto per chi si sente sempre sbagliato&quot;\" \/>\n<meta property=\"og:description\" content=\"Dalla Toscana al Brasile, dalla Bossanova all\u2019elettronica, l\u2019artista racconta il nuovo EP Metamorfosi (Vol.2): un viaggio sonoro e identitario\" \/>\n<meta property=\"og:url\" content=\"https:\/\/www.intoscana.it\/it\/ethan-la-voce-della-metamorfosi-queer-canto-per-chi-si-sente-sempre-sbagliato\/\" \/>\n<meta property=\"og:site_name\" content=\"intoscana\" \/>\n<meta property=\"article:publisher\" content=\"https:\/\/www.facebook.com\/intoscana.it\" \/>\n<meta property=\"article:published_time\" content=\"2025-06-05T07:05:01+00:00\" \/>\n<meta property=\"article:modified_time\" content=\"2025-06-05T07:46:15+00:00\" \/>\n<meta property=\"og:image\" content=\"https:\/\/www.intoscana.it\/wp-content\/uploads\/ethan-cover-metamorfosi-vol2-scaled.jpeg\" \/>\n\t<meta property=\"og:image:width\" content=\"2048\" \/>\n\t<meta property=\"og:image:height\" content=\"2048\" \/>\n\t<meta property=\"og:image:type\" content=\"image\/jpeg\" \/>\n<meta name=\"author\" content=\"Costanza Baldini\" \/>\n<meta name=\"twitter:card\" content=\"summary_large_image\" \/>\n<meta name=\"twitter:creator\" content=\"@intoscana\" \/>\n<meta name=\"twitter:site\" content=\"@intoscana\" \/>\n<meta name=\"twitter:label1\" content=\"Written by\" \/>\n\t<meta name=\"twitter:data1\" content=\"Costanza Baldini\" \/>\n\t<meta name=\"twitter:label2\" content=\"Est. reading time\" \/>\n\t<meta name=\"twitter:data2\" content=\"8 minuti\" \/>\n<script type=\"application\/ld+json\" class=\"yoast-schema-graph\">{\"@context\":\"https:\/\/schema.org\",\"@graph\":[{\"@type\":\"WebPage\",\"@id\":\"https:\/\/www.intoscana.it\/it\/ethan-la-voce-della-metamorfosi-queer-canto-per-chi-si-sente-sempre-sbagliato\/\",\"url\":\"https:\/\/www.intoscana.it\/it\/ethan-la-voce-della-metamorfosi-queer-canto-per-chi-si-sente-sempre-sbagliato\/\",\"name\":\"Ethan la voce della \\\"Metamorfosi\\\" queer: \\\"Canto per chi si sente sempre sbagliato\\\" - intoscana\",\"isPartOf\":{\"@id\":\"https:\/\/www.intoscana.it\/it\/#website\"},\"primaryImageOfPage\":{\"@id\":\"https:\/\/www.intoscana.it\/it\/ethan-la-voce-della-metamorfosi-queer-canto-per-chi-si-sente-sempre-sbagliato\/#primaryimage\"},\"image\":{\"@id\":\"https:\/\/www.intoscana.it\/it\/ethan-la-voce-della-metamorfosi-queer-canto-per-chi-si-sente-sempre-sbagliato\/#primaryimage\"},\"thumbnailUrl\":\"https:\/\/www.intoscana.it\/wp-content\/uploads\/ethan-cover-metamorfosi-vol2-scaled.jpeg\",\"datePublished\":\"2025-06-05T07:05:01+00:00\",\"dateModified\":\"2025-06-05T07:46:15+00:00\",\"author\":{\"@id\":\"https:\/\/www.intoscana.it\/it\/#\/schema\/person\/d469f35f09739bdf00bf5dd3f0647a82\"},\"description\":\"Dalla Toscana al Brasile, dalla Bossanova all\u2019elettronica, l\u2019artista racconta il nuovo EP Metamorfosi (Vol.2): un viaggio sonoro e identitario\",\"breadcrumb\":{\"@id\":\"https:\/\/www.intoscana.it\/it\/ethan-la-voce-della-metamorfosi-queer-canto-per-chi-si-sente-sempre-sbagliato\/#breadcrumb\"},\"inLanguage\":\"it-IT\",\"potentialAction\":[{\"@type\":\"ReadAction\",\"target\":[\"https:\/\/www.intoscana.it\/it\/ethan-la-voce-della-metamorfosi-queer-canto-per-chi-si-sente-sempre-sbagliato\/\"]}]},{\"@type\":\"ImageObject\",\"inLanguage\":\"it-IT\",\"@id\":\"https:\/\/www.intoscana.it\/it\/ethan-la-voce-della-metamorfosi-queer-canto-per-chi-si-sente-sempre-sbagliato\/#primaryimage\",\"url\":\"https:\/\/www.intoscana.it\/wp-content\/uploads\/ethan-cover-metamorfosi-vol2-scaled.jpeg\",\"contentUrl\":\"https:\/\/www.intoscana.it\/wp-content\/uploads\/ethan-cover-metamorfosi-vol2-scaled.jpeg\",\"width\":2048,\"height\":2048,\"caption\":\"Ethan\"},{\"@type\":\"BreadcrumbList\",\"@id\":\"https:\/\/www.intoscana.it\/it\/ethan-la-voce-della-metamorfosi-queer-canto-per-chi-si-sente-sempre-sbagliato\/#breadcrumb\",\"itemListElement\":[{\"@type\":\"ListItem\",\"position\":1,\"name\":\"Home\",\"item\":\"https:\/\/www.intoscana.it\/it\/\"},{\"@type\":\"ListItem\",\"position\":2,\"name\":\"Ethan la voce della &#8220;Metamorfosi&#8221; queer: &#8220;Canto per chi si sente sempre sbagliato&#8221;\"}]},{\"@type\":\"WebSite\",\"@id\":\"https:\/\/www.intoscana.it\/it\/#website\",\"url\":\"https:\/\/www.intoscana.it\/it\/\",\"name\":\"intoscana\",\"description\":\"\",\"potentialAction\":[{\"@type\":\"SearchAction\",\"target\":{\"@type\":\"EntryPoint\",\"urlTemplate\":\"https:\/\/www.intoscana.it\/it\/?s={search_term_string}\"},\"query-input\":{\"@type\":\"PropertyValueSpecification\",\"valueRequired\":true,\"valueName\":\"search_term_string\"}}],\"inLanguage\":\"it-IT\"},{\"@type\":\"Person\",\"@id\":\"https:\/\/www.intoscana.it\/it\/#\/schema\/person\/d469f35f09739bdf00bf5dd3f0647a82\",\"name\":\"Costanza Baldini\",\"url\":\"https:\/\/www.intoscana.it\/it\/author\/costanza-baldini\/\"}]}<\/script>\n<!-- \/ Yoast SEO Premium plugin. -->","yoast_head_json":{"title":"Ethan la voce della \"Metamorfosi\" queer: \"Canto per chi si sente sempre sbagliato\" - intoscana","description":"Dalla Toscana al Brasile, dalla Bossanova all\u2019elettronica, l\u2019artista racconta il nuovo EP Metamorfosi (Vol.2): un viaggio sonoro e identitario","robots":{"index":"index","follow":"follow","max-snippet":"max-snippet:-1","max-image-preview":"max-image-preview:large","max-video-preview":"max-video-preview:-1"},"canonical":"https:\/\/www.intoscana.it\/it\/ethan-la-voce-della-metamorfosi-queer-canto-per-chi-si-sente-sempre-sbagliato\/","og_locale":"it_IT","og_type":"article","og_title":"Ethan la voce della \"Metamorfosi\" queer: \"Canto per chi si sente sempre sbagliato\"","og_description":"Dalla Toscana al Brasile, dalla Bossanova all\u2019elettronica, l\u2019artista racconta il nuovo EP Metamorfosi (Vol.2): un viaggio sonoro e identitario","og_url":"https:\/\/www.intoscana.it\/it\/ethan-la-voce-della-metamorfosi-queer-canto-per-chi-si-sente-sempre-sbagliato\/","og_site_name":"intoscana","article_publisher":"https:\/\/www.facebook.com\/intoscana.it","article_published_time":"2025-06-05T07:05:01+00:00","article_modified_time":"2025-06-05T07:46:15+00:00","og_image":[{"width":2048,"height":2048,"url":"https:\/\/www.intoscana.it\/wp-content\/uploads\/ethan-cover-metamorfosi-vol2-scaled.jpeg","type":"image\/jpeg"}],"author":"Costanza Baldini","twitter_card":"summary_large_image","twitter_creator":"@intoscana","twitter_site":"@intoscana","twitter_misc":{"Written by":"Costanza Baldini","Est. reading time":"8 minuti"},"schema":{"@context":"https:\/\/schema.org","@graph":[{"@type":"WebPage","@id":"https:\/\/www.intoscana.it\/it\/ethan-la-voce-della-metamorfosi-queer-canto-per-chi-si-sente-sempre-sbagliato\/","url":"https:\/\/www.intoscana.it\/it\/ethan-la-voce-della-metamorfosi-queer-canto-per-chi-si-sente-sempre-sbagliato\/","name":"Ethan la voce della \"Metamorfosi\" queer: \"Canto per chi si sente sempre sbagliato\" - intoscana","isPartOf":{"@id":"https:\/\/www.intoscana.it\/it\/#website"},"primaryImageOfPage":{"@id":"https:\/\/www.intoscana.it\/it\/ethan-la-voce-della-metamorfosi-queer-canto-per-chi-si-sente-sempre-sbagliato\/#primaryimage"},"image":{"@id":"https:\/\/www.intoscana.it\/it\/ethan-la-voce-della-metamorfosi-queer-canto-per-chi-si-sente-sempre-sbagliato\/#primaryimage"},"thumbnailUrl":"https:\/\/www.intoscana.it\/wp-content\/uploads\/ethan-cover-metamorfosi-vol2-scaled.jpeg","datePublished":"2025-06-05T07:05:01+00:00","dateModified":"2025-06-05T07:46:15+00:00","author":{"@id":"https:\/\/www.intoscana.it\/it\/#\/schema\/person\/d469f35f09739bdf00bf5dd3f0647a82"},"description":"Dalla Toscana al Brasile, dalla Bossanova all\u2019elettronica, l\u2019artista racconta il nuovo EP Metamorfosi (Vol.2): un viaggio sonoro e identitario","breadcrumb":{"@id":"https:\/\/www.intoscana.it\/it\/ethan-la-voce-della-metamorfosi-queer-canto-per-chi-si-sente-sempre-sbagliato\/#breadcrumb"},"inLanguage":"it-IT","potentialAction":[{"@type":"ReadAction","target":["https:\/\/www.intoscana.it\/it\/ethan-la-voce-della-metamorfosi-queer-canto-per-chi-si-sente-sempre-sbagliato\/"]}]},{"@type":"ImageObject","inLanguage":"it-IT","@id":"https:\/\/www.intoscana.it\/it\/ethan-la-voce-della-metamorfosi-queer-canto-per-chi-si-sente-sempre-sbagliato\/#primaryimage","url":"https:\/\/www.intoscana.it\/wp-content\/uploads\/ethan-cover-metamorfosi-vol2-scaled.jpeg","contentUrl":"https:\/\/www.intoscana.it\/wp-content\/uploads\/ethan-cover-metamorfosi-vol2-scaled.jpeg","width":2048,"height":2048,"caption":"Ethan"},{"@type":"BreadcrumbList","@id":"https:\/\/www.intoscana.it\/it\/ethan-la-voce-della-metamorfosi-queer-canto-per-chi-si-sente-sempre-sbagliato\/#breadcrumb","itemListElement":[{"@type":"ListItem","position":1,"name":"Home","item":"https:\/\/www.intoscana.it\/it\/"},{"@type":"ListItem","position":2,"name":"Ethan la voce della &#8220;Metamorfosi&#8221; queer: &#8220;Canto per chi si sente sempre sbagliato&#8221;"}]},{"@type":"WebSite","@id":"https:\/\/www.intoscana.it\/it\/#website","url":"https:\/\/www.intoscana.it\/it\/","name":"intoscana","description":"","potentialAction":[{"@type":"SearchAction","target":{"@type":"EntryPoint","urlTemplate":"https:\/\/www.intoscana.it\/it\/?s={search_term_string}"},"query-input":{"@type":"PropertyValueSpecification","valueRequired":true,"valueName":"search_term_string"}}],"inLanguage":"it-IT"},{"@type":"Person","@id":"https:\/\/www.intoscana.it\/it\/#\/schema\/person\/d469f35f09739bdf00bf5dd3f0647a82","name":"Costanza Baldini","url":"https:\/\/www.intoscana.it\/it\/author\/costanza-baldini\/"}]}},"_links":{"self":[{"href":"https:\/\/www.intoscana.it\/it\/wp-json\/wp\/v2\/posts\/387907","targetHints":{"allow":["GET"]}}],"collection":[{"href":"https:\/\/www.intoscana.it\/it\/wp-json\/wp\/v2\/posts"}],"about":[{"href":"https:\/\/www.intoscana.it\/it\/wp-json\/wp\/v2\/types\/post"}],"author":[{"embeddable":true,"href":"https:\/\/www.intoscana.it\/it\/wp-json\/wp\/v2\/users\/518"}],"replies":[{"embeddable":true,"href":"https:\/\/www.intoscana.it\/it\/wp-json\/wp\/v2\/comments?post=387907"}],"version-history":[{"count":5,"href":"https:\/\/www.intoscana.it\/it\/wp-json\/wp\/v2\/posts\/387907\/revisions"}],"predecessor-version":[{"id":388133,"href":"https:\/\/www.intoscana.it\/it\/wp-json\/wp\/v2\/posts\/387907\/revisions\/388133"}],"wp:featuredmedia":[{"embeddable":true,"href":"https:\/\/www.intoscana.it\/it\/wp-json\/wp\/v2\/media\/385841"}],"wp:attachment":[{"href":"https:\/\/www.intoscana.it\/it\/wp-json\/wp\/v2\/media?parent=387907"}],"wp:term":[{"taxonomy":"category","embeddable":true,"href":"https:\/\/www.intoscana.it\/it\/wp-json\/wp\/v2\/categories?post=387907"},{"taxonomy":"post_tag","embeddable":true,"href":"https:\/\/www.intoscana.it\/it\/wp-json\/wp\/v2\/tags?post=387907"}],"curies":[{"name":"wp","href":"https:\/\/api.w.org\/{rel}","templated":true}]}}