{"id":388215,"date":"2025-06-05T14:35:09","date_gmt":"2025-06-05T12:35:09","guid":{"rendered":"https:\/\/www.intoscana.it\/it\/?p=388215"},"modified":"2025-06-05T14:35:09","modified_gmt":"2025-06-05T12:35:09","slug":"il-dante-luminoso-di-lodola-per-celebrare-i-60-anni-del-museo","status":"publish","type":"post","link":"https:\/\/www.intoscana.it\/it\/il-dante-luminoso-di-lodola-per-celebrare-i-60-anni-del-museo\/","title":{"rendered":"Il Dante luminoso di Lodola per celebrare i 60 anni del Museo"},"content":{"rendered":"<p>Una scultura luminosa alta tre metri e mezzo con il volto di <strong>Dante<\/strong>: \u00e8 l&#8217;omaggio di <strong>Marco Lodola<\/strong>,\u00a0 per i 60 anni del Museo Casa di Dante di Firenze. Si chiama <strong>&#8220;Luminosamente&#8221;<\/strong> ed \u00e8 costruita con fili luminosi e oltre mille i punti luce che si intrecciano e disegnano il profilo del Sommo Poeta.<\/p>\n<p>L\u2019opera \u00e8 stata inaugurata alla presenza della presidente del Museo <strong>Cristina Manetti<\/strong> e di <strong>Tullia Carlino<\/strong> coordinatrice del Museo insieme ad Angela Spinella e apre ufficialmente le celebrazioni per i 60 anni dalla fondazione. <mark>La scultura \u00e8 stata svelata all&#8217;interno della sala 8 \u201cLa citt\u00e0 di Dante&#8221; e d\u00e0 il via all\u2019inizio di un anno di eventi e riflessioni.<\/mark><\/p>\n<figure id=\"post-388220 media-388220\" class=\"align-none\"><img decoding=\"async\" src=\"https:\/\/www.intoscana.it\/wp-content\/uploads\/CristinaManetti-scaled.jpg\" alt=\"\" \/><\/figure>\n<div class=\"titleimg\">CristinaManetti<\/div>\n<p>&#8220;Accogliere un\u2019opera di Lodola \u00e8 un privilegio &#8211; ha detto la presidente Manetti &#8211;\u00a0 <mark>Il suo linguaggio contemporaneo, fatto di luce ed energia, dialoga perfettamente con la figura di Dante, rendendola accessibile, viva, presente. \u00c8 il modo migliore per iniziare questo anniversario, che vogliamo celebrare con sguardo aperto e spirito creativo&#8221;.<\/mark><\/p>\n<p>Per <strong>Marco Lodola<\/strong> si tratta di un ritorno nella citt\u00e0 dove ha studiato e che ama ancora. Un suo autoritratto \u00e8 nel Corridoio Vasariano un&#8217;altra sua \u00e8 stata realizzata per la Fondazione Bocelli. &#8220;Firenze \u00e8 bellezza allo stato puro&#8221;, ha detto. &#8220;<mark>Torno con un Dante luminoso, che porto con me da tempo: nel 2021, in occasione dei 700 anni dalla morte,<\/mark> realizzai per Mondadori una grande installazione in facciata dedicata a lui. Questo volto \u00e8 diventato per me familiare, parte del mio lavoro e del mio immaginario&#8221;.<\/p>\n<p>&#8220;Luminosamente \u00e8 un\u2019opera che parla a tutti, adulti e bambini, studiosi e turisti &#8211; ha aggiunto <strong>Tullia Carlino<\/strong>, responsabile attivit\u00e0 museali ed eventi &#8211; \u00c8 una nuova soglia d\u2019ingresso, un invito a scoprire Dante attraverso la luce dell\u2019arte contemporanea. E non \u00e8 solo un omaggio: \u00e8 una chiamata a sentire il poeta vicino, presente, attuale&#8221;.<\/p>\n<figure id=\"post-388222 media-388222\" class=\"align-none\"><img decoding=\"async\" src=\"https:\/\/www.intoscana.it\/wp-content\/uploads\/LostaffdelMuseoconManetti.jpg\" alt=\"\" \/><\/figure>\n<div class=\"titleimg\"><\/div>\n","protected":false},"excerpt":{"rendered":"<p>La presidente Cristina Manetti: &#8220;Il suo\u00a0 inguaggio contemporaneo, fatto di luce ed energia, dialoga perfettamente con la figura di Dante. \u00c8 il modo migliore per iniziare questo anniversario, che vogliamo celebrare con sguardo aperto e spirito creativo&#8221;<\/p>\n","protected":false},"author":525,"featured_media":388221,"comment_status":"open","ping_status":"open","sticky":false,"template":"","format":"standard","meta":{"_acf_changed":false,"footnotes":""},"categories":[493],"tags":[174,6652,4604,4605],"class_list":["post-388215","post","type-post","status-publish","format-standard","has-post-thumbnail","hentry","category-cultura","tag-arte","tag-cristina-manetti","tag-dante","tag-dante-alighieri"],"acf":[],"yoast_head":"<!-- This site is optimized with the Yoast SEO Premium plugin v24.2 (Yoast SEO v25.6) - https:\/\/yoast.com\/wordpress\/plugins\/seo\/ -->\n<title>Il Dante luminoso di Lodola per celebrare i 60 anni del Museo - intoscana<\/title>\n<meta name=\"description\" content=\"La presidente Cristina Manetti: &quot;Il suo\u00a0 inguaggio contemporaneo, fatto di luce ed energia, dialoga perfettamente con la figura di Dante. \u00c8 il modo migliore per iniziare questo anniversario, che vogliamo celebrare con sguardo aperto e spirito creativo&quot;\" \/>\n<meta name=\"robots\" content=\"index, follow, max-snippet:-1, max-image-preview:large, max-video-preview:-1\" \/>\n<link rel=\"canonical\" href=\"https:\/\/www.intoscana.it\/it\/il-dante-luminoso-di-lodola-per-celebrare-i-60-anni-del-museo\/\" \/>\n<meta property=\"og:locale\" content=\"it_IT\" \/>\n<meta property=\"og:type\" content=\"article\" \/>\n<meta property=\"og:title\" content=\"Il Dante luminoso di Lodola per celebrare i 60 anni del Museo\" \/>\n<meta property=\"og:description\" content=\"La presidente Cristina Manetti: &quot;Il suo\u00a0 inguaggio contemporaneo, fatto di luce ed energia, dialoga perfettamente con la figura di Dante. \u00c8 il modo migliore per iniziare questo anniversario, che vogliamo celebrare con sguardo aperto e spirito creativo&quot;\" \/>\n<meta property=\"og:url\" content=\"https:\/\/www.intoscana.it\/it\/il-dante-luminoso-di-lodola-per-celebrare-i-60-anni-del-museo\/\" \/>\n<meta property=\"og:site_name\" content=\"intoscana\" \/>\n<meta property=\"article:publisher\" content=\"https:\/\/www.facebook.com\/intoscana.it\" \/>\n<meta property=\"article:published_time\" content=\"2025-06-05T12:35:09+00:00\" \/>\n<meta property=\"og:image\" content=\"https:\/\/www.intoscana.it\/wp-content\/uploads\/LoperadiLodola-e1749126741948.jpg\" \/>\n\t<meta property=\"og:image:width\" content=\"1200\" \/>\n\t<meta property=\"og:image:height\" content=\"1140\" \/>\n\t<meta property=\"og:image:type\" content=\"image\/jpeg\" \/>\n<meta name=\"author\" content=\"Redazione\" \/>\n<meta name=\"twitter:card\" content=\"summary_large_image\" \/>\n<meta name=\"twitter:creator\" content=\"@intoscana\" \/>\n<meta name=\"twitter:site\" content=\"@intoscana\" \/>\n<meta name=\"twitter:label1\" content=\"Written by\" \/>\n\t<meta name=\"twitter:data1\" content=\"Redazione\" \/>\n\t<meta name=\"twitter:label2\" content=\"Est. reading time\" \/>\n\t<meta name=\"twitter:data2\" content=\"3 minuti\" \/>\n<script type=\"application\/ld+json\" class=\"yoast-schema-graph\">{\"@context\":\"https:\/\/schema.org\",\"@graph\":[{\"@type\":\"WebPage\",\"@id\":\"https:\/\/www.intoscana.it\/it\/il-dante-luminoso-di-lodola-per-celebrare-i-60-anni-del-museo\/\",\"url\":\"https:\/\/www.intoscana.it\/it\/il-dante-luminoso-di-lodola-per-celebrare-i-60-anni-del-museo\/\",\"name\":\"Il Dante luminoso di Lodola per celebrare i 60 anni del Museo - intoscana\",\"isPartOf\":{\"@id\":\"https:\/\/www.intoscana.it\/it\/#website\"},\"primaryImageOfPage\":{\"@id\":\"https:\/\/www.intoscana.it\/it\/il-dante-luminoso-di-lodola-per-celebrare-i-60-anni-del-museo\/#primaryimage\"},\"image\":{\"@id\":\"https:\/\/www.intoscana.it\/it\/il-dante-luminoso-di-lodola-per-celebrare-i-60-anni-del-museo\/#primaryimage\"},\"thumbnailUrl\":\"https:\/\/www.intoscana.it\/wp-content\/uploads\/LoperadiLodola-e1749126741948.jpg\",\"datePublished\":\"2025-06-05T12:35:09+00:00\",\"author\":{\"@id\":\"https:\/\/www.intoscana.it\/it\/#\/schema\/person\/9223810753230f20bd670fdd322661f8\"},\"description\":\"La presidente Cristina Manetti: \\\"Il suo\u00a0 inguaggio contemporaneo, fatto di luce ed energia, dialoga perfettamente con la figura di Dante. \u00c8 il modo migliore per iniziare questo anniversario, che vogliamo celebrare con sguardo aperto e spirito creativo\\\"\",\"breadcrumb\":{\"@id\":\"https:\/\/www.intoscana.it\/it\/il-dante-luminoso-di-lodola-per-celebrare-i-60-anni-del-museo\/#breadcrumb\"},\"inLanguage\":\"it-IT\",\"potentialAction\":[{\"@type\":\"ReadAction\",\"target\":[\"https:\/\/www.intoscana.it\/it\/il-dante-luminoso-di-lodola-per-celebrare-i-60-anni-del-museo\/\"]}]},{\"@type\":\"ImageObject\",\"inLanguage\":\"it-IT\",\"@id\":\"https:\/\/www.intoscana.it\/it\/il-dante-luminoso-di-lodola-per-celebrare-i-60-anni-del-museo\/#primaryimage\",\"url\":\"https:\/\/www.intoscana.it\/wp-content\/uploads\/LoperadiLodola-e1749126741948.jpg\",\"contentUrl\":\"https:\/\/www.intoscana.it\/wp-content\/uploads\/LoperadiLodola-e1749126741948.jpg\",\"width\":1200,\"height\":1140},{\"@type\":\"BreadcrumbList\",\"@id\":\"https:\/\/www.intoscana.it\/it\/il-dante-luminoso-di-lodola-per-celebrare-i-60-anni-del-museo\/#breadcrumb\",\"itemListElement\":[{\"@type\":\"ListItem\",\"position\":1,\"name\":\"Home\",\"item\":\"https:\/\/www.intoscana.it\/it\/\"},{\"@type\":\"ListItem\",\"position\":2,\"name\":\"Il Dante luminoso di Lodola per celebrare i 60 anni del Museo\"}]},{\"@type\":\"WebSite\",\"@id\":\"https:\/\/www.intoscana.it\/it\/#website\",\"url\":\"https:\/\/www.intoscana.it\/it\/\",\"name\":\"intoscana\",\"description\":\"\",\"potentialAction\":[{\"@type\":\"SearchAction\",\"target\":{\"@type\":\"EntryPoint\",\"urlTemplate\":\"https:\/\/www.intoscana.it\/it\/?s={search_term_string}\"},\"query-input\":{\"@type\":\"PropertyValueSpecification\",\"valueRequired\":true,\"valueName\":\"search_term_string\"}}],\"inLanguage\":\"it-IT\"},{\"@type\":\"Person\",\"@id\":\"https:\/\/www.intoscana.it\/it\/#\/schema\/person\/9223810753230f20bd670fdd322661f8\",\"name\":\"Redazione\",\"url\":\"https:\/\/www.intoscana.it\/it\/author\/redazione\/\"}]}<\/script>\n<!-- \/ Yoast SEO Premium plugin. -->","yoast_head_json":{"title":"Il Dante luminoso di Lodola per celebrare i 60 anni del Museo - intoscana","description":"La presidente Cristina Manetti: \"Il suo\u00a0 inguaggio contemporaneo, fatto di luce ed energia, dialoga perfettamente con la figura di Dante. \u00c8 il modo migliore per iniziare questo anniversario, che vogliamo celebrare con sguardo aperto e spirito creativo\"","robots":{"index":"index","follow":"follow","max-snippet":"max-snippet:-1","max-image-preview":"max-image-preview:large","max-video-preview":"max-video-preview:-1"},"canonical":"https:\/\/www.intoscana.it\/it\/il-dante-luminoso-di-lodola-per-celebrare-i-60-anni-del-museo\/","og_locale":"it_IT","og_type":"article","og_title":"Il Dante luminoso di Lodola per celebrare i 60 anni del Museo","og_description":"La presidente Cristina Manetti: \"Il suo\u00a0 inguaggio contemporaneo, fatto di luce ed energia, dialoga perfettamente con la figura di Dante. \u00c8 il modo migliore per iniziare questo anniversario, che vogliamo celebrare con sguardo aperto e spirito creativo\"","og_url":"https:\/\/www.intoscana.it\/it\/il-dante-luminoso-di-lodola-per-celebrare-i-60-anni-del-museo\/","og_site_name":"intoscana","article_publisher":"https:\/\/www.facebook.com\/intoscana.it","article_published_time":"2025-06-05T12:35:09+00:00","og_image":[{"width":1200,"height":1140,"url":"https:\/\/www.intoscana.it\/wp-content\/uploads\/LoperadiLodola-e1749126741948.jpg","type":"image\/jpeg"}],"author":"Redazione","twitter_card":"summary_large_image","twitter_creator":"@intoscana","twitter_site":"@intoscana","twitter_misc":{"Written by":"Redazione","Est. reading time":"3 minuti"},"schema":{"@context":"https:\/\/schema.org","@graph":[{"@type":"WebPage","@id":"https:\/\/www.intoscana.it\/it\/il-dante-luminoso-di-lodola-per-celebrare-i-60-anni-del-museo\/","url":"https:\/\/www.intoscana.it\/it\/il-dante-luminoso-di-lodola-per-celebrare-i-60-anni-del-museo\/","name":"Il Dante luminoso di Lodola per celebrare i 60 anni del Museo - intoscana","isPartOf":{"@id":"https:\/\/www.intoscana.it\/it\/#website"},"primaryImageOfPage":{"@id":"https:\/\/www.intoscana.it\/it\/il-dante-luminoso-di-lodola-per-celebrare-i-60-anni-del-museo\/#primaryimage"},"image":{"@id":"https:\/\/www.intoscana.it\/it\/il-dante-luminoso-di-lodola-per-celebrare-i-60-anni-del-museo\/#primaryimage"},"thumbnailUrl":"https:\/\/www.intoscana.it\/wp-content\/uploads\/LoperadiLodola-e1749126741948.jpg","datePublished":"2025-06-05T12:35:09+00:00","author":{"@id":"https:\/\/www.intoscana.it\/it\/#\/schema\/person\/9223810753230f20bd670fdd322661f8"},"description":"La presidente Cristina Manetti: \"Il suo\u00a0 inguaggio contemporaneo, fatto di luce ed energia, dialoga perfettamente con la figura di Dante. \u00c8 il modo migliore per iniziare questo anniversario, che vogliamo celebrare con sguardo aperto e spirito creativo\"","breadcrumb":{"@id":"https:\/\/www.intoscana.it\/it\/il-dante-luminoso-di-lodola-per-celebrare-i-60-anni-del-museo\/#breadcrumb"},"inLanguage":"it-IT","potentialAction":[{"@type":"ReadAction","target":["https:\/\/www.intoscana.it\/it\/il-dante-luminoso-di-lodola-per-celebrare-i-60-anni-del-museo\/"]}]},{"@type":"ImageObject","inLanguage":"it-IT","@id":"https:\/\/www.intoscana.it\/it\/il-dante-luminoso-di-lodola-per-celebrare-i-60-anni-del-museo\/#primaryimage","url":"https:\/\/www.intoscana.it\/wp-content\/uploads\/LoperadiLodola-e1749126741948.jpg","contentUrl":"https:\/\/www.intoscana.it\/wp-content\/uploads\/LoperadiLodola-e1749126741948.jpg","width":1200,"height":1140},{"@type":"BreadcrumbList","@id":"https:\/\/www.intoscana.it\/it\/il-dante-luminoso-di-lodola-per-celebrare-i-60-anni-del-museo\/#breadcrumb","itemListElement":[{"@type":"ListItem","position":1,"name":"Home","item":"https:\/\/www.intoscana.it\/it\/"},{"@type":"ListItem","position":2,"name":"Il Dante luminoso di Lodola per celebrare i 60 anni del Museo"}]},{"@type":"WebSite","@id":"https:\/\/www.intoscana.it\/it\/#website","url":"https:\/\/www.intoscana.it\/it\/","name":"intoscana","description":"","potentialAction":[{"@type":"SearchAction","target":{"@type":"EntryPoint","urlTemplate":"https:\/\/www.intoscana.it\/it\/?s={search_term_string}"},"query-input":{"@type":"PropertyValueSpecification","valueRequired":true,"valueName":"search_term_string"}}],"inLanguage":"it-IT"},{"@type":"Person","@id":"https:\/\/www.intoscana.it\/it\/#\/schema\/person\/9223810753230f20bd670fdd322661f8","name":"Redazione","url":"https:\/\/www.intoscana.it\/it\/author\/redazione\/"}]}},"_links":{"self":[{"href":"https:\/\/www.intoscana.it\/it\/wp-json\/wp\/v2\/posts\/388215","targetHints":{"allow":["GET"]}}],"collection":[{"href":"https:\/\/www.intoscana.it\/it\/wp-json\/wp\/v2\/posts"}],"about":[{"href":"https:\/\/www.intoscana.it\/it\/wp-json\/wp\/v2\/types\/post"}],"author":[{"embeddable":true,"href":"https:\/\/www.intoscana.it\/it\/wp-json\/wp\/v2\/users\/525"}],"replies":[{"embeddable":true,"href":"https:\/\/www.intoscana.it\/it\/wp-json\/wp\/v2\/comments?post=388215"}],"version-history":[{"count":5,"href":"https:\/\/www.intoscana.it\/it\/wp-json\/wp\/v2\/posts\/388215\/revisions"}],"predecessor-version":[{"id":388223,"href":"https:\/\/www.intoscana.it\/it\/wp-json\/wp\/v2\/posts\/388215\/revisions\/388223"}],"wp:featuredmedia":[{"embeddable":true,"href":"https:\/\/www.intoscana.it\/it\/wp-json\/wp\/v2\/media\/388221"}],"wp:attachment":[{"href":"https:\/\/www.intoscana.it\/it\/wp-json\/wp\/v2\/media?parent=388215"}],"wp:term":[{"taxonomy":"category","embeddable":true,"href":"https:\/\/www.intoscana.it\/it\/wp-json\/wp\/v2\/categories?post=388215"},{"taxonomy":"post_tag","embeddable":true,"href":"https:\/\/www.intoscana.it\/it\/wp-json\/wp\/v2\/tags?post=388215"}],"curies":[{"name":"wp","href":"https:\/\/api.w.org\/{rel}","templated":true}]}}