{"id":388614,"date":"2025-06-09T13:49:30","date_gmt":"2025-06-09T11:49:30","guid":{"rendered":"https:\/\/www.intoscana.it\/it\/?p=388614"},"modified":"2025-06-09T13:49:30","modified_gmt":"2025-06-09T11:49:30","slug":"trasporti-bussini-in-servizio-fino-a-mezzanotte-per-lestate-a-firenze","status":"publish","type":"post","link":"https:\/\/www.intoscana.it\/it\/trasporti-bussini-in-servizio-fino-a-mezzanotte-per-lestate-a-firenze\/","title":{"rendered":"Trasporti, bussini in servizio fino a mezzanotte per l&#8217;estate a Firenze"},"content":{"rendered":"<p>Da <strong>mercoled\u00ec 11 giugno<\/strong> le quattro linee dei &#8216;<strong><span class=\"hlterm\">bussini<\/span>&#8216; C1, C2, C3 e C4<\/strong> che collegano le varie zone del <strong>centro storico<\/strong> a Firenze rimarranno in servizio <strong>fino a mezzanotte<\/strong>, invece di tornare in deposito alle 20, passando <strong>ogni 15 minuti circa<\/strong>. Il prolungamento dell&#8217;orario, a carattere sperimentale, proseguir\u00e0 fino al<strong> 5 ottobre<\/strong>, quando terminer\u00e0 anche la <strong>Ztl estiva<\/strong>.<\/p>\n<p>Insieme all&#8217;ampliamento dell&#8217;offerta di trasporto pubblico arriver\u00e0 anche l&#8217;intensificazione dei controlli della Polizia municipale, spiega il Comune: &#8220;<em>i &#8216;<span class=\"hlterm\">bussini<\/span>&#8216; &#8220;saranno &#8216;scortati&#8217; da una pattuglia con un&#8217;auto dotata di apparecchiature elettroniche tra cui anche il nuovo &#8216;cerbero&#8217; per sanzionare la sosta selvaggia, spesso responsabile di ritardi o blocchi del servizio pubblico. La pattuglia si dedicher\u00e0 a una linea per sera in modo da controllare in modo sistematico i percorsi e scoraggiare chi lascia l&#8217;auto senza curarsi dei problemi alla circolazione in particolare dei bus&#8221;<\/em>.<\/p>\n<p>&#8220;<em>Proseguiamo con le azioni per rendere il centro storico sempre pi\u00f9 libero dalle auto con una misura sperimentale che durer\u00e0 fino al 5 ottobre ma che puntiamo a rendere stabile<\/em>&#8221; spiega l&#8217;assessore a mobilit\u00e0, viabilit\u00e0 e tramvia <strong>Andrea Giorgio <\/strong>che parla di &#8220;<em>un ulteriore tassello di un piano complessivo su cui siamo impegnati da inizio mandato e che ci ha visto mettere in campo interventi diversi e volti tutti a dare alternative ai cittadini per lasciare il mezzo privato, penso alla linea Vacs e alla fermata san Marco che sta funzionando molto bene, penso al piano parcheggi e alle opportunit\u00e0 date dai posteggi a 1 euro l&#8217;ora nelle strutture di Firenze Parcheggi, azioni che si aggiungono al grande impegno per il completamento del sistema tranviario, infrastruttura moderna ed efficiente, necessaria e fondamentale. L&#8217;obiettivo \u00e8 chiaro, una citt\u00e0 sempre pi\u00f9 vivibile e sostenibile&#8221;<\/em>.<\/p>\n<p><em>&#8220;Il prolungamento orario dei &#8216;<span class=\"hlterm\">bussini<\/span>&#8216; \u00e8 un&#8217;opportunit\u00e0 importante per chi vuole venire in centro la sera senza dover ricorrere al mezzo proprio, un&#8217;azione che va nella direzione di alleggerire sempre di pi\u00f9 dalle auto il quartiere&#8221;<\/em> aggiunge il presidente del quartiere 1 <strong>Mirco Rufilli<\/strong>.<\/p>\n","protected":false},"excerpt":{"rendered":"<p>La sperimentazione al via da mercoled\u00ec 11 giugno: i mezzi AT scortati dal nuovo cerbero della Municipale per sanzionare la sosta selvaggia<\/p>\n","protected":false},"author":525,"featured_media":350823,"comment_status":"open","ping_status":"open","sticky":false,"template":"","format":"standard","meta":{"_acf_changed":false,"footnotes":""},"categories":[494],"tags":[6707,1577,165],"class_list":["post-388614","post","type-post","status-publish","format-standard","has-post-thumbnail","hentry","category-attualita","tag-autolinee-toscana","tag-muoversi-in-toscana","tag-palazzo-vecchio"],"acf":[],"yoast_head":"<!-- This site is optimized with the Yoast SEO Premium plugin v24.2 (Yoast SEO v25.6) - https:\/\/yoast.com\/wordpress\/plugins\/seo\/ -->\n<title>Trasporti, bussini in servizio fino a mezzanotte per l&#039;estate a Firenze - intoscana<\/title>\n<meta name=\"description\" content=\"La sperimentazione al via da mercoled\u00ec 11 giugno: i mezzi AT scortati dal nuovo cerbero della Municipale per sanzionare la sosta selvaggia\" \/>\n<meta name=\"robots\" content=\"index, follow, max-snippet:-1, max-image-preview:large, max-video-preview:-1\" \/>\n<link rel=\"canonical\" href=\"https:\/\/www.intoscana.it\/it\/trasporti-bussini-in-servizio-fino-a-mezzanotte-per-lestate-a-firenze\/\" \/>\n<meta property=\"og:locale\" content=\"it_IT\" \/>\n<meta property=\"og:type\" content=\"article\" \/>\n<meta property=\"og:title\" content=\"Trasporti, bussini in servizio fino a mezzanotte per l&#039;estate a Firenze\" \/>\n<meta property=\"og:description\" content=\"La sperimentazione al via da mercoled\u00ec 11 giugno: i mezzi AT scortati dal nuovo cerbero della Municipale per sanzionare la sosta selvaggia\" \/>\n<meta property=\"og:url\" content=\"https:\/\/www.intoscana.it\/it\/trasporti-bussini-in-servizio-fino-a-mezzanotte-per-lestate-a-firenze\/\" \/>\n<meta property=\"og:site_name\" content=\"intoscana\" \/>\n<meta property=\"article:publisher\" content=\"https:\/\/www.facebook.com\/intoscana.it\" \/>\n<meta property=\"article:published_time\" content=\"2025-06-09T11:49:30+00:00\" \/>\n<meta property=\"og:image\" content=\"https:\/\/www.intoscana.it\/wp-content\/uploads\/bus-autolinee-toscane-2.jpeg\" \/>\n\t<meta property=\"og:image:width\" content=\"1280\" \/>\n\t<meta property=\"og:image:height\" content=\"960\" \/>\n\t<meta property=\"og:image:type\" content=\"image\/jpeg\" \/>\n<meta name=\"author\" content=\"Redazione\" \/>\n<meta name=\"twitter:card\" content=\"summary_large_image\" \/>\n<meta name=\"twitter:creator\" content=\"@intoscana\" \/>\n<meta name=\"twitter:site\" content=\"@intoscana\" \/>\n<meta name=\"twitter:label1\" content=\"Written by\" \/>\n\t<meta name=\"twitter:data1\" content=\"Redazione\" \/>\n\t<meta name=\"twitter:label2\" content=\"Est. reading time\" \/>\n\t<meta name=\"twitter:data2\" content=\"2 minuti\" \/>\n<script type=\"application\/ld+json\" class=\"yoast-schema-graph\">{\"@context\":\"https:\/\/schema.org\",\"@graph\":[{\"@type\":\"WebPage\",\"@id\":\"https:\/\/www.intoscana.it\/it\/trasporti-bussini-in-servizio-fino-a-mezzanotte-per-lestate-a-firenze\/\",\"url\":\"https:\/\/www.intoscana.it\/it\/trasporti-bussini-in-servizio-fino-a-mezzanotte-per-lestate-a-firenze\/\",\"name\":\"Trasporti, bussini in servizio fino a mezzanotte per l'estate a Firenze - intoscana\",\"isPartOf\":{\"@id\":\"https:\/\/www.intoscana.it\/it\/#website\"},\"primaryImageOfPage\":{\"@id\":\"https:\/\/www.intoscana.it\/it\/trasporti-bussini-in-servizio-fino-a-mezzanotte-per-lestate-a-firenze\/#primaryimage\"},\"image\":{\"@id\":\"https:\/\/www.intoscana.it\/it\/trasporti-bussini-in-servizio-fino-a-mezzanotte-per-lestate-a-firenze\/#primaryimage\"},\"thumbnailUrl\":\"https:\/\/www.intoscana.it\/wp-content\/uploads\/bus-autolinee-toscane-2.jpeg\",\"datePublished\":\"2025-06-09T11:49:30+00:00\",\"author\":{\"@id\":\"https:\/\/www.intoscana.it\/it\/#\/schema\/person\/9223810753230f20bd670fdd322661f8\"},\"description\":\"La sperimentazione al via da mercoled\u00ec 11 giugno: i mezzi AT scortati dal nuovo cerbero della Municipale per sanzionare la sosta selvaggia\",\"breadcrumb\":{\"@id\":\"https:\/\/www.intoscana.it\/it\/trasporti-bussini-in-servizio-fino-a-mezzanotte-per-lestate-a-firenze\/#breadcrumb\"},\"inLanguage\":\"it-IT\",\"potentialAction\":[{\"@type\":\"ReadAction\",\"target\":[\"https:\/\/www.intoscana.it\/it\/trasporti-bussini-in-servizio-fino-a-mezzanotte-per-lestate-a-firenze\/\"]}]},{\"@type\":\"ImageObject\",\"inLanguage\":\"it-IT\",\"@id\":\"https:\/\/www.intoscana.it\/it\/trasporti-bussini-in-servizio-fino-a-mezzanotte-per-lestate-a-firenze\/#primaryimage\",\"url\":\"https:\/\/www.intoscana.it\/wp-content\/uploads\/bus-autolinee-toscane-2.jpeg\",\"contentUrl\":\"https:\/\/www.intoscana.it\/wp-content\/uploads\/bus-autolinee-toscane-2.jpeg\",\"width\":1280,\"height\":960},{\"@type\":\"BreadcrumbList\",\"@id\":\"https:\/\/www.intoscana.it\/it\/trasporti-bussini-in-servizio-fino-a-mezzanotte-per-lestate-a-firenze\/#breadcrumb\",\"itemListElement\":[{\"@type\":\"ListItem\",\"position\":1,\"name\":\"Home\",\"item\":\"https:\/\/www.intoscana.it\/it\/\"},{\"@type\":\"ListItem\",\"position\":2,\"name\":\"Trasporti, bussini in servizio fino a mezzanotte per l&#8217;estate a Firenze\"}]},{\"@type\":\"WebSite\",\"@id\":\"https:\/\/www.intoscana.it\/it\/#website\",\"url\":\"https:\/\/www.intoscana.it\/it\/\",\"name\":\"intoscana\",\"description\":\"\",\"potentialAction\":[{\"@type\":\"SearchAction\",\"target\":{\"@type\":\"EntryPoint\",\"urlTemplate\":\"https:\/\/www.intoscana.it\/it\/?s={search_term_string}\"},\"query-input\":{\"@type\":\"PropertyValueSpecification\",\"valueRequired\":true,\"valueName\":\"search_term_string\"}}],\"inLanguage\":\"it-IT\"},{\"@type\":\"Person\",\"@id\":\"https:\/\/www.intoscana.it\/it\/#\/schema\/person\/9223810753230f20bd670fdd322661f8\",\"name\":\"Redazione\",\"url\":\"https:\/\/www.intoscana.it\/it\/author\/redazione\/\"}]}<\/script>\n<!-- \/ Yoast SEO Premium plugin. -->","yoast_head_json":{"title":"Trasporti, bussini in servizio fino a mezzanotte per l'estate a Firenze - intoscana","description":"La sperimentazione al via da mercoled\u00ec 11 giugno: i mezzi AT scortati dal nuovo cerbero della Municipale per sanzionare la sosta selvaggia","robots":{"index":"index","follow":"follow","max-snippet":"max-snippet:-1","max-image-preview":"max-image-preview:large","max-video-preview":"max-video-preview:-1"},"canonical":"https:\/\/www.intoscana.it\/it\/trasporti-bussini-in-servizio-fino-a-mezzanotte-per-lestate-a-firenze\/","og_locale":"it_IT","og_type":"article","og_title":"Trasporti, bussini in servizio fino a mezzanotte per l'estate a Firenze","og_description":"La sperimentazione al via da mercoled\u00ec 11 giugno: i mezzi AT scortati dal nuovo cerbero della Municipale per sanzionare la sosta selvaggia","og_url":"https:\/\/www.intoscana.it\/it\/trasporti-bussini-in-servizio-fino-a-mezzanotte-per-lestate-a-firenze\/","og_site_name":"intoscana","article_publisher":"https:\/\/www.facebook.com\/intoscana.it","article_published_time":"2025-06-09T11:49:30+00:00","og_image":[{"width":1280,"height":960,"url":"https:\/\/www.intoscana.it\/wp-content\/uploads\/bus-autolinee-toscane-2.jpeg","type":"image\/jpeg"}],"author":"Redazione","twitter_card":"summary_large_image","twitter_creator":"@intoscana","twitter_site":"@intoscana","twitter_misc":{"Written by":"Redazione","Est. reading time":"2 minuti"},"schema":{"@context":"https:\/\/schema.org","@graph":[{"@type":"WebPage","@id":"https:\/\/www.intoscana.it\/it\/trasporti-bussini-in-servizio-fino-a-mezzanotte-per-lestate-a-firenze\/","url":"https:\/\/www.intoscana.it\/it\/trasporti-bussini-in-servizio-fino-a-mezzanotte-per-lestate-a-firenze\/","name":"Trasporti, bussini in servizio fino a mezzanotte per l'estate a Firenze - intoscana","isPartOf":{"@id":"https:\/\/www.intoscana.it\/it\/#website"},"primaryImageOfPage":{"@id":"https:\/\/www.intoscana.it\/it\/trasporti-bussini-in-servizio-fino-a-mezzanotte-per-lestate-a-firenze\/#primaryimage"},"image":{"@id":"https:\/\/www.intoscana.it\/it\/trasporti-bussini-in-servizio-fino-a-mezzanotte-per-lestate-a-firenze\/#primaryimage"},"thumbnailUrl":"https:\/\/www.intoscana.it\/wp-content\/uploads\/bus-autolinee-toscane-2.jpeg","datePublished":"2025-06-09T11:49:30+00:00","author":{"@id":"https:\/\/www.intoscana.it\/it\/#\/schema\/person\/9223810753230f20bd670fdd322661f8"},"description":"La sperimentazione al via da mercoled\u00ec 11 giugno: i mezzi AT scortati dal nuovo cerbero della Municipale per sanzionare la sosta selvaggia","breadcrumb":{"@id":"https:\/\/www.intoscana.it\/it\/trasporti-bussini-in-servizio-fino-a-mezzanotte-per-lestate-a-firenze\/#breadcrumb"},"inLanguage":"it-IT","potentialAction":[{"@type":"ReadAction","target":["https:\/\/www.intoscana.it\/it\/trasporti-bussini-in-servizio-fino-a-mezzanotte-per-lestate-a-firenze\/"]}]},{"@type":"ImageObject","inLanguage":"it-IT","@id":"https:\/\/www.intoscana.it\/it\/trasporti-bussini-in-servizio-fino-a-mezzanotte-per-lestate-a-firenze\/#primaryimage","url":"https:\/\/www.intoscana.it\/wp-content\/uploads\/bus-autolinee-toscane-2.jpeg","contentUrl":"https:\/\/www.intoscana.it\/wp-content\/uploads\/bus-autolinee-toscane-2.jpeg","width":1280,"height":960},{"@type":"BreadcrumbList","@id":"https:\/\/www.intoscana.it\/it\/trasporti-bussini-in-servizio-fino-a-mezzanotte-per-lestate-a-firenze\/#breadcrumb","itemListElement":[{"@type":"ListItem","position":1,"name":"Home","item":"https:\/\/www.intoscana.it\/it\/"},{"@type":"ListItem","position":2,"name":"Trasporti, bussini in servizio fino a mezzanotte per l&#8217;estate a Firenze"}]},{"@type":"WebSite","@id":"https:\/\/www.intoscana.it\/it\/#website","url":"https:\/\/www.intoscana.it\/it\/","name":"intoscana","description":"","potentialAction":[{"@type":"SearchAction","target":{"@type":"EntryPoint","urlTemplate":"https:\/\/www.intoscana.it\/it\/?s={search_term_string}"},"query-input":{"@type":"PropertyValueSpecification","valueRequired":true,"valueName":"search_term_string"}}],"inLanguage":"it-IT"},{"@type":"Person","@id":"https:\/\/www.intoscana.it\/it\/#\/schema\/person\/9223810753230f20bd670fdd322661f8","name":"Redazione","url":"https:\/\/www.intoscana.it\/it\/author\/redazione\/"}]}},"_links":{"self":[{"href":"https:\/\/www.intoscana.it\/it\/wp-json\/wp\/v2\/posts\/388614","targetHints":{"allow":["GET"]}}],"collection":[{"href":"https:\/\/www.intoscana.it\/it\/wp-json\/wp\/v2\/posts"}],"about":[{"href":"https:\/\/www.intoscana.it\/it\/wp-json\/wp\/v2\/types\/post"}],"author":[{"embeddable":true,"href":"https:\/\/www.intoscana.it\/it\/wp-json\/wp\/v2\/users\/525"}],"replies":[{"embeddable":true,"href":"https:\/\/www.intoscana.it\/it\/wp-json\/wp\/v2\/comments?post=388614"}],"version-history":[{"count":4,"href":"https:\/\/www.intoscana.it\/it\/wp-json\/wp\/v2\/posts\/388614\/revisions"}],"predecessor-version":[{"id":388628,"href":"https:\/\/www.intoscana.it\/it\/wp-json\/wp\/v2\/posts\/388614\/revisions\/388628"}],"wp:featuredmedia":[{"embeddable":true,"href":"https:\/\/www.intoscana.it\/it\/wp-json\/wp\/v2\/media\/350823"}],"wp:attachment":[{"href":"https:\/\/www.intoscana.it\/it\/wp-json\/wp\/v2\/media?parent=388614"}],"wp:term":[{"taxonomy":"category","embeddable":true,"href":"https:\/\/www.intoscana.it\/it\/wp-json\/wp\/v2\/categories?post=388614"},{"taxonomy":"post_tag","embeddable":true,"href":"https:\/\/www.intoscana.it\/it\/wp-json\/wp\/v2\/tags?post=388614"}],"curies":[{"name":"wp","href":"https:\/\/api.w.org\/{rel}","templated":true}]}}