{"id":388896,"date":"2025-06-13T10:52:09","date_gmt":"2025-06-13T08:52:09","guid":{"rendered":"https:\/\/www.intoscana.it\/it\/?p=388896"},"modified":"2025-06-13T11:26:27","modified_gmt":"2025-06-13T09:26:27","slug":"calcio-storico-fiorentino-via-alle-semifinali-carlo-conti-il-magnifico-messere","status":"publish","type":"post","link":"https:\/\/www.intoscana.it\/it\/calcio-storico-fiorentino-via-alle-semifinali-carlo-conti-il-magnifico-messere\/","title":{"rendered":"Calcio Storico Fiorentino, via alle semifinali, Carlo Conti il Magnifico Messere"},"content":{"rendered":"<p>\u00c8 partito il conto alla rovescia per la finale del <strong>Calcio Storico Fiorentino<\/strong>. A sfidarsi <strong>marted\u00ec 24 giugno<\/strong> saranno i quartieri usciti vincitori dalle <mark>semifinali di sabato 14 e domenica 15 giugno<\/mark>. In piazza Santa Croce, nel giorno della <strong>festa di San Giovanni<\/strong>, a vestire i panni del Magnifico Messere ci sar\u00e0<strong> Carlo Conti<\/strong>.<\/p>\n<p>Reduce dai successi all&#8217;ultimo <strong>Festival di Sanremo<\/strong> il conduttore fiorentino ricoprir\u00e0 il ruolo pi\u00f9 importante nella finale del <strong>Calcio Storico Fiorentino<\/strong> nel giorno di San Giovanni patrono della citt\u00e0. Sabato 14 giugno la prima semifinale vedr\u00e0 i <strong>Rossi di Santa Maria Novella<\/strong> e gli <strong>Azzurri di Santa Croce<\/strong>, mentre il giorno successivo, domenica 15 ci sar\u00e0 la sfida tra i <strong>Bianchi di Santo Spirito<\/strong> e i <strong>Verdi di San Giovanni<\/strong>.<\/p>\n<figure id=\"post-327200 media-327200\" class=\"align-none\"><img decoding=\"async\" src=\"https:\/\/www.intoscana.it\/wp-content\/uploads\/lorenzo_zazzeri_of_italy_dbm_am54095_20240216_1243854213.jpg\" alt=\"\" \/><\/figure>\n<div class=\"titleimg\">Lorenzo Zazzeri &#8211; Andrea Masini \/ DBM<\/div>\n<h3>Semifinali e Magnifici Messeri<\/h3>\n<p>Gli occhi saranno puntati soprattutto sulla <strong>prima semifinale<\/strong> che vedr\u00e0 sfidarsi i due quartieri che l&#8217;anno scorso avevano dato vita a un&#8217;<strong>appassionante finale<\/strong> vinta con la <strong>golden caccia<\/strong> dai <strong>Rossi di Santa Maria Novella<\/strong>. Tutte le partite nel sabbione di Santa Croce inizieranno alle 18.<\/p>\n<p>Sono previsti nell&#8217;area diverse modifiche alla circolazione. <strong>Autolinee Toscane<\/strong> informa che sabato 14 e domenica 15 giugno dalle 11 alle 22 le linee 6, 11, 14, 23, C1, C2, C3 e C4 devieranno o limiteranno il proprio percorso. Nella sezione Avvisi del sito web\u00a0<a href=\"http:\/\/www.at-bus.it\/\" data-saferedirecturl=\"https:\/\/www.google.com\/url?q=http:\/\/www.at-bus.it&amp;source=gmail&amp;ust=1749892205743000&amp;usg=AOvVaw3aqm29blnciabs8XRx8g5h\">www.at-bus.it<\/a>\u00a0sar\u00e0 possibile consultare tutte le modifiche per ogni singola linea.<\/p>\n<p>Come <strong>Magnifici Messeri<\/strong> verranno omaggiati, in occasione delle semifinali, i tre campioni della <strong>Rari Nantes Florentia<\/strong> (e della nazionale di nuoto) <mark>Leonardo Zazzeri, Filippo Megli e Matteo Restivo<\/mark>, il tecnico di karate <strong>Francesco Puleo<\/strong> fondatore del Team Puleo e come Leggiadra Madonna la pugile <strong>Martina Righi<\/strong>.<\/p>\n<h3>Novit\u00e0 per il regolamento<\/h3>\n<p>&#8220;<em>Ci sono state alcune piccole modifiche al regolamento<\/em> &#8211; ha spiegato il presidente del Calcio storico fiorentino <strong>Michele Pierguidi<\/strong> &#8211; <em>dando maggiore attenzione al portatore di palla che non pu\u00f2 colpire dal collo in su, ed abbiamo reso pi\u00f9 chiaro il regolamento: se anche quest&#8217;anno si dovesse andare alla &#8216;caccia d&#8217;oro&#8217; al termine del tempo devono essere rispettati 5 minuti di riposo. Saremo pi\u00f9 rigidi in occasione di eventuale invasione di campo. Se una figura d&#8217;ordine ostacola un calciante che sta facendo la &#8216;caccia&#8217; verr\u00e0 comunque assegnata al giocatore&#8221;.<\/em><\/p>\n<h3>Calcio Storico su Toscana Tv e Dazn<\/h3>\n<p>La diretta televisiva del calcio storico sar\u00e0 trasmesso in diretta su <strong>Toscana Tv,<\/strong> canale numero 11 del digitale terrestre, dalle ore 16 e in replica dalle 20. Le gare verranno poi trasmesse in diretta negli Stati Uniti sulla <strong>piattaforma Zeam<\/strong> e, in differita, in Italia e in tutto il mondo su <strong>Dazn<\/strong>.<\/p>\n<p>&#8220;<em>Stiamo ricevendo richieste da tutto il mondo, soprattutto dagli Usa che da ormai anni si sono appassionati al calcio storico<\/em> &#8211; ha dichiarato l&#8217;assessora allo sport <strong>Letizia Perini<\/strong> -.<em> La manifestazione sta assumendo un respiro internazionale e ci richiede anche tanta responsabilit\u00e0 in pi\u00f9 perch\u00e9 vogliamo mantenere e, garantire sempre al meglio, le nostre tradizioni e, al tempo stesso, farle conoscere sempre pi\u00f9&#8221;.<\/em><\/p>\n","protected":false},"excerpt":{"rendered":"<p>Quartieri in campo a Santa Croce sabato 14 e domenica 15, le gare in diretta su Toscana TV, Dazn e sulla piattaforma Zeam<\/p>\n","protected":false},"author":554,"featured_media":231142,"comment_status":"open","ping_status":"open","sticky":false,"template":"","format":"standard","meta":{"_acf_changed":false,"footnotes":""},"categories":[493],"tags":[4891,1999],"class_list":["post-388896","post","type-post","status-publish","format-standard","has-post-thumbnail","hentry","category-cultura","tag-calcio-storico","tag-tradizioni"],"acf":[],"yoast_head":"<!-- This site is optimized with the Yoast SEO Premium plugin v24.2 (Yoast SEO v25.6) - https:\/\/yoast.com\/wordpress\/plugins\/seo\/ -->\n<title>Calcio Storico Fiorentino, via alle semifinali, Carlo Conti il Magnifico Messere - intoscana<\/title>\n<meta name=\"description\" content=\"Quartieri in campo a Santa Croce sabato 14 e domenica 15, le gare in diretta su Toscana TV, Dazn e sulla piattaforma Zeam\" \/>\n<meta name=\"robots\" content=\"index, follow, max-snippet:-1, max-image-preview:large, max-video-preview:-1\" \/>\n<link rel=\"canonical\" href=\"https:\/\/www.intoscana.it\/it\/calcio-storico-fiorentino-via-alle-semifinali-carlo-conti-il-magnifico-messere\/\" \/>\n<meta property=\"og:locale\" content=\"it_IT\" \/>\n<meta property=\"og:type\" content=\"article\" \/>\n<meta property=\"og:title\" content=\"Calcio Storico Fiorentino, via alle semifinali, Carlo Conti il Magnifico Messere\" \/>\n<meta property=\"og:description\" content=\"Quartieri in campo a Santa Croce sabato 14 e domenica 15, le gare in diretta su Toscana TV, Dazn e sulla piattaforma Zeam\" \/>\n<meta property=\"og:url\" content=\"https:\/\/www.intoscana.it\/it\/calcio-storico-fiorentino-via-alle-semifinali-carlo-conti-il-magnifico-messere\/\" \/>\n<meta property=\"og:site_name\" content=\"intoscana\" \/>\n<meta property=\"article:publisher\" content=\"https:\/\/www.facebook.com\/intoscana.it\" \/>\n<meta property=\"article:published_time\" content=\"2025-06-13T08:52:09+00:00\" \/>\n<meta property=\"article:modified_time\" content=\"2025-06-13T09:26:27+00:00\" \/>\n<meta property=\"og:image\" content=\"https:\/\/www.intoscana.it\/wp-content\/uploads\/calcio-storico-7_0.jpeg\" \/>\n\t<meta property=\"og:image:width\" content=\"800\" \/>\n\t<meta property=\"og:image:height\" content=\"568\" \/>\n\t<meta property=\"og:image:type\" content=\"image\/jpeg\" \/>\n<meta name=\"author\" content=\"Raffaella Galamini\" \/>\n<meta name=\"twitter:card\" content=\"summary_large_image\" \/>\n<meta name=\"twitter:creator\" content=\"@orio\" \/>\n<meta name=\"twitter:site\" content=\"@intoscana\" \/>\n<meta name=\"twitter:label1\" content=\"Written by\" \/>\n\t<meta name=\"twitter:data1\" content=\"Raffaella Galamini\" \/>\n\t<meta name=\"twitter:label2\" content=\"Est. reading time\" \/>\n\t<meta name=\"twitter:data2\" content=\"4 minuti\" \/>\n<script type=\"application\/ld+json\" class=\"yoast-schema-graph\">{\"@context\":\"https:\/\/schema.org\",\"@graph\":[{\"@type\":\"WebPage\",\"@id\":\"https:\/\/www.intoscana.it\/it\/calcio-storico-fiorentino-via-alle-semifinali-carlo-conti-il-magnifico-messere\/\",\"url\":\"https:\/\/www.intoscana.it\/it\/calcio-storico-fiorentino-via-alle-semifinali-carlo-conti-il-magnifico-messere\/\",\"name\":\"Calcio Storico Fiorentino, via alle semifinali, Carlo Conti il Magnifico Messere - intoscana\",\"isPartOf\":{\"@id\":\"https:\/\/www.intoscana.it\/it\/#website\"},\"primaryImageOfPage\":{\"@id\":\"https:\/\/www.intoscana.it\/it\/calcio-storico-fiorentino-via-alle-semifinali-carlo-conti-il-magnifico-messere\/#primaryimage\"},\"image\":{\"@id\":\"https:\/\/www.intoscana.it\/it\/calcio-storico-fiorentino-via-alle-semifinali-carlo-conti-il-magnifico-messere\/#primaryimage\"},\"thumbnailUrl\":\"https:\/\/www.intoscana.it\/wp-content\/uploads\/calcio-storico-7_0.jpeg\",\"datePublished\":\"2025-06-13T08:52:09+00:00\",\"dateModified\":\"2025-06-13T09:26:27+00:00\",\"author\":{\"@id\":\"https:\/\/www.intoscana.it\/it\/#\/schema\/person\/9eb9daa846a49fe51af39a73d9d1986b\"},\"description\":\"Quartieri in campo a Santa Croce sabato 14 e domenica 15, le gare in diretta su Toscana TV, Dazn e sulla piattaforma Zeam\",\"breadcrumb\":{\"@id\":\"https:\/\/www.intoscana.it\/it\/calcio-storico-fiorentino-via-alle-semifinali-carlo-conti-il-magnifico-messere\/#breadcrumb\"},\"inLanguage\":\"it-IT\",\"potentialAction\":[{\"@type\":\"ReadAction\",\"target\":[\"https:\/\/www.intoscana.it\/it\/calcio-storico-fiorentino-via-alle-semifinali-carlo-conti-il-magnifico-messere\/\"]}]},{\"@type\":\"ImageObject\",\"inLanguage\":\"it-IT\",\"@id\":\"https:\/\/www.intoscana.it\/it\/calcio-storico-fiorentino-via-alle-semifinali-carlo-conti-il-magnifico-messere\/#primaryimage\",\"url\":\"https:\/\/www.intoscana.it\/wp-content\/uploads\/calcio-storico-7_0.jpeg\",\"contentUrl\":\"https:\/\/www.intoscana.it\/wp-content\/uploads\/calcio-storico-7_0.jpeg\",\"width\":800,\"height\":568,\"caption\":\"Il Calcio storico fiorentino\"},{\"@type\":\"BreadcrumbList\",\"@id\":\"https:\/\/www.intoscana.it\/it\/calcio-storico-fiorentino-via-alle-semifinali-carlo-conti-il-magnifico-messere\/#breadcrumb\",\"itemListElement\":[{\"@type\":\"ListItem\",\"position\":1,\"name\":\"Home\",\"item\":\"https:\/\/www.intoscana.it\/it\/\"},{\"@type\":\"ListItem\",\"position\":2,\"name\":\"Calcio Storico Fiorentino, via alle semifinali, Carlo Conti il Magnifico Messere\"}]},{\"@type\":\"WebSite\",\"@id\":\"https:\/\/www.intoscana.it\/it\/#website\",\"url\":\"https:\/\/www.intoscana.it\/it\/\",\"name\":\"intoscana\",\"description\":\"\",\"potentialAction\":[{\"@type\":\"SearchAction\",\"target\":{\"@type\":\"EntryPoint\",\"urlTemplate\":\"https:\/\/www.intoscana.it\/it\/?s={search_term_string}\"},\"query-input\":{\"@type\":\"PropertyValueSpecification\",\"valueRequired\":true,\"valueName\":\"search_term_string\"}}],\"inLanguage\":\"it-IT\"},{\"@type\":\"Person\",\"@id\":\"https:\/\/www.intoscana.it\/it\/#\/schema\/person\/9eb9daa846a49fe51af39a73d9d1986b\",\"name\":\"Raffaella Galamini\",\"sameAs\":[\"https:\/\/x.com\/orio\"],\"url\":\"https:\/\/www.intoscana.it\/it\/author\/r-galamini\/\"}]}<\/script>\n<!-- \/ Yoast SEO Premium plugin. -->","yoast_head_json":{"title":"Calcio Storico Fiorentino, via alle semifinali, Carlo Conti il Magnifico Messere - intoscana","description":"Quartieri in campo a Santa Croce sabato 14 e domenica 15, le gare in diretta su Toscana TV, Dazn e sulla piattaforma Zeam","robots":{"index":"index","follow":"follow","max-snippet":"max-snippet:-1","max-image-preview":"max-image-preview:large","max-video-preview":"max-video-preview:-1"},"canonical":"https:\/\/www.intoscana.it\/it\/calcio-storico-fiorentino-via-alle-semifinali-carlo-conti-il-magnifico-messere\/","og_locale":"it_IT","og_type":"article","og_title":"Calcio Storico Fiorentino, via alle semifinali, Carlo Conti il Magnifico Messere","og_description":"Quartieri in campo a Santa Croce sabato 14 e domenica 15, le gare in diretta su Toscana TV, Dazn e sulla piattaforma Zeam","og_url":"https:\/\/www.intoscana.it\/it\/calcio-storico-fiorentino-via-alle-semifinali-carlo-conti-il-magnifico-messere\/","og_site_name":"intoscana","article_publisher":"https:\/\/www.facebook.com\/intoscana.it","article_published_time":"2025-06-13T08:52:09+00:00","article_modified_time":"2025-06-13T09:26:27+00:00","og_image":[{"width":800,"height":568,"url":"https:\/\/www.intoscana.it\/wp-content\/uploads\/calcio-storico-7_0.jpeg","type":"image\/jpeg"}],"author":"Raffaella Galamini","twitter_card":"summary_large_image","twitter_creator":"@orio","twitter_site":"@intoscana","twitter_misc":{"Written by":"Raffaella Galamini","Est. reading time":"4 minuti"},"schema":{"@context":"https:\/\/schema.org","@graph":[{"@type":"WebPage","@id":"https:\/\/www.intoscana.it\/it\/calcio-storico-fiorentino-via-alle-semifinali-carlo-conti-il-magnifico-messere\/","url":"https:\/\/www.intoscana.it\/it\/calcio-storico-fiorentino-via-alle-semifinali-carlo-conti-il-magnifico-messere\/","name":"Calcio Storico Fiorentino, via alle semifinali, Carlo Conti il Magnifico Messere - intoscana","isPartOf":{"@id":"https:\/\/www.intoscana.it\/it\/#website"},"primaryImageOfPage":{"@id":"https:\/\/www.intoscana.it\/it\/calcio-storico-fiorentino-via-alle-semifinali-carlo-conti-il-magnifico-messere\/#primaryimage"},"image":{"@id":"https:\/\/www.intoscana.it\/it\/calcio-storico-fiorentino-via-alle-semifinali-carlo-conti-il-magnifico-messere\/#primaryimage"},"thumbnailUrl":"https:\/\/www.intoscana.it\/wp-content\/uploads\/calcio-storico-7_0.jpeg","datePublished":"2025-06-13T08:52:09+00:00","dateModified":"2025-06-13T09:26:27+00:00","author":{"@id":"https:\/\/www.intoscana.it\/it\/#\/schema\/person\/9eb9daa846a49fe51af39a73d9d1986b"},"description":"Quartieri in campo a Santa Croce sabato 14 e domenica 15, le gare in diretta su Toscana TV, Dazn e sulla piattaforma Zeam","breadcrumb":{"@id":"https:\/\/www.intoscana.it\/it\/calcio-storico-fiorentino-via-alle-semifinali-carlo-conti-il-magnifico-messere\/#breadcrumb"},"inLanguage":"it-IT","potentialAction":[{"@type":"ReadAction","target":["https:\/\/www.intoscana.it\/it\/calcio-storico-fiorentino-via-alle-semifinali-carlo-conti-il-magnifico-messere\/"]}]},{"@type":"ImageObject","inLanguage":"it-IT","@id":"https:\/\/www.intoscana.it\/it\/calcio-storico-fiorentino-via-alle-semifinali-carlo-conti-il-magnifico-messere\/#primaryimage","url":"https:\/\/www.intoscana.it\/wp-content\/uploads\/calcio-storico-7_0.jpeg","contentUrl":"https:\/\/www.intoscana.it\/wp-content\/uploads\/calcio-storico-7_0.jpeg","width":800,"height":568,"caption":"Il Calcio storico fiorentino"},{"@type":"BreadcrumbList","@id":"https:\/\/www.intoscana.it\/it\/calcio-storico-fiorentino-via-alle-semifinali-carlo-conti-il-magnifico-messere\/#breadcrumb","itemListElement":[{"@type":"ListItem","position":1,"name":"Home","item":"https:\/\/www.intoscana.it\/it\/"},{"@type":"ListItem","position":2,"name":"Calcio Storico Fiorentino, via alle semifinali, Carlo Conti il Magnifico Messere"}]},{"@type":"WebSite","@id":"https:\/\/www.intoscana.it\/it\/#website","url":"https:\/\/www.intoscana.it\/it\/","name":"intoscana","description":"","potentialAction":[{"@type":"SearchAction","target":{"@type":"EntryPoint","urlTemplate":"https:\/\/www.intoscana.it\/it\/?s={search_term_string}"},"query-input":{"@type":"PropertyValueSpecification","valueRequired":true,"valueName":"search_term_string"}}],"inLanguage":"it-IT"},{"@type":"Person","@id":"https:\/\/www.intoscana.it\/it\/#\/schema\/person\/9eb9daa846a49fe51af39a73d9d1986b","name":"Raffaella Galamini","sameAs":["https:\/\/x.com\/orio"],"url":"https:\/\/www.intoscana.it\/it\/author\/r-galamini\/"}]}},"_links":{"self":[{"href":"https:\/\/www.intoscana.it\/it\/wp-json\/wp\/v2\/posts\/388896","targetHints":{"allow":["GET"]}}],"collection":[{"href":"https:\/\/www.intoscana.it\/it\/wp-json\/wp\/v2\/posts"}],"about":[{"href":"https:\/\/www.intoscana.it\/it\/wp-json\/wp\/v2\/types\/post"}],"author":[{"embeddable":true,"href":"https:\/\/www.intoscana.it\/it\/wp-json\/wp\/v2\/users\/554"}],"replies":[{"embeddable":true,"href":"https:\/\/www.intoscana.it\/it\/wp-json\/wp\/v2\/comments?post=388896"}],"version-history":[{"count":5,"href":"https:\/\/www.intoscana.it\/it\/wp-json\/wp\/v2\/posts\/388896\/revisions"}],"predecessor-version":[{"id":388919,"href":"https:\/\/www.intoscana.it\/it\/wp-json\/wp\/v2\/posts\/388896\/revisions\/388919"}],"wp:featuredmedia":[{"embeddable":true,"href":"https:\/\/www.intoscana.it\/it\/wp-json\/wp\/v2\/media\/231142"}],"wp:attachment":[{"href":"https:\/\/www.intoscana.it\/it\/wp-json\/wp\/v2\/media?parent=388896"}],"wp:term":[{"taxonomy":"category","embeddable":true,"href":"https:\/\/www.intoscana.it\/it\/wp-json\/wp\/v2\/categories?post=388896"},{"taxonomy":"post_tag","embeddable":true,"href":"https:\/\/www.intoscana.it\/it\/wp-json\/wp\/v2\/tags?post=388896"}],"curies":[{"name":"wp","href":"https:\/\/api.w.org\/{rel}","templated":true}]}}