{"id":389051,"date":"2025-06-16T09:10:32","date_gmt":"2025-06-16T07:10:32","guid":{"rendered":"https:\/\/www.intoscana.it\/it\/?p=389051"},"modified":"2025-06-16T09:57:26","modified_gmt":"2025-06-16T07:57:26","slug":"pisa-pronta-ad-accendersi-con-100-000-lumini-torna-la-luminara-di-san-ranieri","status":"publish","type":"post","link":"https:\/\/www.intoscana.it\/it\/pisa-pronta-ad-accendersi-con-100-000-lumini-torna-la-luminara-di-san-ranieri\/","title":{"rendered":"Pisa pronta ad accendersi con 100.000 lumini: torna la Luminara di San Ranieri"},"content":{"rendered":"<p>Tutto pronto a Pisa per la <strong>Luminara di San Ranieri<\/strong>, una delle pi\u00f9 suggestive celebrazioni religiose e culturali del <em><strong>Giugno Pisano<\/strong><\/em>, che si svolge ogni anno <strong>la sera del 16 giugno,<\/strong> vigilia della festa del patrono cittadino.<\/p>\n<p>In migliaia ogni anno si affollano sulle spallette dell&#8217;arno per assistere allo spettacolo: <strong>oltre 100.000 lumini a cera,<\/strong> chiamati <strong><em>lampanini,<\/em><\/strong> vengono disposti in bicchieri su strutture di legno bianche \u2013 detti biancherie \u2013 che contornano finestre, porte e cornicioni lungo i <strong>Lungarni.<\/strong><\/p>\n<p>Al calar del sole tutte le luci artificiali si spengono e <strong>la citt\u00e0 si accende in una magia di luce tremolante, riflessa sull\u2019Arno.<\/strong><\/p>\n<p>Le radici di questa illuminazione risalgono al Medioevo (il primo documento \u00e8 del 1337), ma la versione moderna nasce nel 1688, quando<strong> Cosimo III de\u2019 Medici<\/strong> ordin\u00f2 di traslare l\u2019urna contenente i resti di San Ranieri nel Duomo, dando il via a una festa memorabile.<\/p>\n<p>La serata culmina intorno alle 23:00 con <strong>uno spettacolo pirotecnico,<\/strong> lanciato da piattaforme galleggianti sull\u2019Arno, che trasforma i fuochi in luci riflesse nell\u2019acqua, creando un finale spettacolare per migliaia di spettatori.<\/p>\n<p>Il giorno seguente, il <strong>17 giugno,<\/strong> si celebra invece il <strong>Palio di San Ranieri, una regata storica<\/strong> con barche che rappresentano i quartieri cittadini, in una competizione vibrante che completa il grande omaggio al patrono della citt\u00e0 toscana.<\/p>\n<p>Il <strong>28 giugno<\/strong> si terr\u00e0 invece il <strong>Gioco del Ponte:<\/strong> dodici squadre di venti giocatori ciascuna si fronteggiano spingendo con forza e utilizzando le gambe ed il collo, ma non le braccia,<strong> un pesantissimo carrello che scorre su rotaie,<\/strong> posizionato al centro del Ponte di Mezzo sui Lungarni. L\u2019obiettivo \u00e8 avanzare fino a far cadere la bandierina della fazione nemica.<\/p>\n<p>La <strong>Luminara<\/strong> non \u00e8 solo uno spettacolo di luci: <strong>\u00e8 un ponte tra fede, storia e identit\u00e0 di una citt\u00e0,<\/strong> un momento in cui la comunit\u00e0 pisana si riconosce nella propria tradizione e la condivide con il mondo con <strong>una poesia visiva senza pari.<\/strong><\/p>\n<div class=\"titleimg\">\n<figure id=\"post-389057 media-389057\" class=\"align-none\"><img decoding=\"async\" src=\"https:\/\/www.intoscana.it\/wp-content\/uploads\/Luminara-2024-1-scaled.jpeg\" alt=\"\" \/><\/figure>\n<div class=\"titleimg\">Luminara, Pisa<\/div>\n<\/div>\n","protected":false},"excerpt":{"rendered":"<p>La Luminara non \u00e8 solo uno spettacolo di luci, \u00e8 un ponte tra fede, storia e identit\u00e0 di una citt\u00e0, un momento in cui la comunit\u00e0 pisana si riconosce nella propria tradizione e la condivide con il mondo con una poesia visiva senza pari<\/p>\n","protected":false},"author":525,"featured_media":105889,"comment_status":"open","ping_status":"open","sticky":false,"template":"","format":"standard","meta":{"_acf_changed":false,"footnotes":""},"categories":[494],"tags":[6495,203],"class_list":["post-389051","post","type-post","status-publish","format-standard","has-post-thumbnail","hentry","category-attualita","tag-folklore","tag-pisa"],"acf":[],"yoast_head":"<!-- This site is optimized with the Yoast SEO Premium plugin v24.2 (Yoast SEO v25.6) - https:\/\/yoast.com\/wordpress\/plugins\/seo\/ -->\n<title>Pisa pronta ad accendersi con 100.000 lumini: torna la Luminara di San Ranieri - intoscana<\/title>\n<meta name=\"description\" content=\"La Luminara non \u00e8 solo uno spettacolo di luci: \u00e8 un ponte tra fede, storia e identit\u00e0 di una citt\u00e0, per la comunit\u00e0 pisana\" \/>\n<meta name=\"robots\" content=\"index, follow, max-snippet:-1, max-image-preview:large, max-video-preview:-1\" \/>\n<link rel=\"canonical\" href=\"https:\/\/www.intoscana.it\/it\/pisa-pronta-ad-accendersi-con-100-000-lumini-torna-la-luminara-di-san-ranieri\/\" \/>\n<meta property=\"og:locale\" content=\"it_IT\" \/>\n<meta property=\"og:type\" content=\"article\" \/>\n<meta property=\"og:title\" content=\"Pisa pronta ad accendersi con 100.000 lumini: torna la Luminara di San Ranieri\" \/>\n<meta property=\"og:description\" content=\"La Luminara non \u00e8 solo uno spettacolo di luci: \u00e8 un ponte tra fede, storia e identit\u00e0 di una citt\u00e0, per la comunit\u00e0 pisana\" \/>\n<meta property=\"og:url\" content=\"https:\/\/www.intoscana.it\/it\/pisa-pronta-ad-accendersi-con-100-000-lumini-torna-la-luminara-di-san-ranieri\/\" \/>\n<meta property=\"og:site_name\" content=\"intoscana\" \/>\n<meta property=\"article:publisher\" content=\"https:\/\/www.facebook.com\/intoscana.it\" \/>\n<meta property=\"article:published_time\" content=\"2025-06-16T07:10:32+00:00\" \/>\n<meta property=\"article:modified_time\" content=\"2025-06-16T07:57:26+00:00\" \/>\n<meta property=\"og:image\" content=\"https:\/\/www.intoscana.it\/wp-content\/uploads\/luminara-_pisa-1.jpg\" \/>\n\t<meta property=\"og:image:width\" content=\"1000\" \/>\n\t<meta property=\"og:image:height\" content=\"563\" \/>\n\t<meta property=\"og:image:type\" content=\"image\/jpeg\" \/>\n<meta name=\"author\" content=\"Redazione\" \/>\n<meta name=\"twitter:card\" content=\"summary_large_image\" \/>\n<meta name=\"twitter:creator\" content=\"@intoscana\" \/>\n<meta name=\"twitter:site\" content=\"@intoscana\" \/>\n<meta name=\"twitter:label1\" content=\"Written by\" \/>\n\t<meta name=\"twitter:data1\" content=\"Redazione\" \/>\n\t<meta name=\"twitter:label2\" content=\"Est. reading time\" \/>\n\t<meta name=\"twitter:data2\" content=\"3 minuti\" \/>\n<script type=\"application\/ld+json\" class=\"yoast-schema-graph\">{\"@context\":\"https:\/\/schema.org\",\"@graph\":[{\"@type\":\"WebPage\",\"@id\":\"https:\/\/www.intoscana.it\/it\/pisa-pronta-ad-accendersi-con-100-000-lumini-torna-la-luminara-di-san-ranieri\/\",\"url\":\"https:\/\/www.intoscana.it\/it\/pisa-pronta-ad-accendersi-con-100-000-lumini-torna-la-luminara-di-san-ranieri\/\",\"name\":\"Pisa pronta ad accendersi con 100.000 lumini: torna la Luminara di San Ranieri - intoscana\",\"isPartOf\":{\"@id\":\"https:\/\/www.intoscana.it\/it\/#website\"},\"primaryImageOfPage\":{\"@id\":\"https:\/\/www.intoscana.it\/it\/pisa-pronta-ad-accendersi-con-100-000-lumini-torna-la-luminara-di-san-ranieri\/#primaryimage\"},\"image\":{\"@id\":\"https:\/\/www.intoscana.it\/it\/pisa-pronta-ad-accendersi-con-100-000-lumini-torna-la-luminara-di-san-ranieri\/#primaryimage\"},\"thumbnailUrl\":\"https:\/\/www.intoscana.it\/wp-content\/uploads\/luminara-_pisa-1.jpg\",\"datePublished\":\"2025-06-16T07:10:32+00:00\",\"dateModified\":\"2025-06-16T07:57:26+00:00\",\"author\":{\"@id\":\"https:\/\/www.intoscana.it\/it\/#\/schema\/person\/9223810753230f20bd670fdd322661f8\"},\"description\":\"La Luminara non \u00e8 solo uno spettacolo di luci: \u00e8 un ponte tra fede, storia e identit\u00e0 di una citt\u00e0, per la comunit\u00e0 pisana\",\"breadcrumb\":{\"@id\":\"https:\/\/www.intoscana.it\/it\/pisa-pronta-ad-accendersi-con-100-000-lumini-torna-la-luminara-di-san-ranieri\/#breadcrumb\"},\"inLanguage\":\"it-IT\",\"potentialAction\":[{\"@type\":\"ReadAction\",\"target\":[\"https:\/\/www.intoscana.it\/it\/pisa-pronta-ad-accendersi-con-100-000-lumini-torna-la-luminara-di-san-ranieri\/\"]}]},{\"@type\":\"ImageObject\",\"inLanguage\":\"it-IT\",\"@id\":\"https:\/\/www.intoscana.it\/it\/pisa-pronta-ad-accendersi-con-100-000-lumini-torna-la-luminara-di-san-ranieri\/#primaryimage\",\"url\":\"https:\/\/www.intoscana.it\/wp-content\/uploads\/luminara-_pisa-1.jpg\",\"contentUrl\":\"https:\/\/www.intoscana.it\/wp-content\/uploads\/luminara-_pisa-1.jpg\",\"width\":1000,\"height\":563},{\"@type\":\"BreadcrumbList\",\"@id\":\"https:\/\/www.intoscana.it\/it\/pisa-pronta-ad-accendersi-con-100-000-lumini-torna-la-luminara-di-san-ranieri\/#breadcrumb\",\"itemListElement\":[{\"@type\":\"ListItem\",\"position\":1,\"name\":\"Home\",\"item\":\"https:\/\/www.intoscana.it\/it\/\"},{\"@type\":\"ListItem\",\"position\":2,\"name\":\"Pisa pronta ad accendersi con 100.000 lumini: torna la Luminara di San Ranieri\"}]},{\"@type\":\"WebSite\",\"@id\":\"https:\/\/www.intoscana.it\/it\/#website\",\"url\":\"https:\/\/www.intoscana.it\/it\/\",\"name\":\"intoscana\",\"description\":\"\",\"potentialAction\":[{\"@type\":\"SearchAction\",\"target\":{\"@type\":\"EntryPoint\",\"urlTemplate\":\"https:\/\/www.intoscana.it\/it\/?s={search_term_string}\"},\"query-input\":{\"@type\":\"PropertyValueSpecification\",\"valueRequired\":true,\"valueName\":\"search_term_string\"}}],\"inLanguage\":\"it-IT\"},{\"@type\":\"Person\",\"@id\":\"https:\/\/www.intoscana.it\/it\/#\/schema\/person\/9223810753230f20bd670fdd322661f8\",\"name\":\"Redazione\",\"url\":\"https:\/\/www.intoscana.it\/it\/author\/redazione\/\"}]}<\/script>\n<!-- \/ Yoast SEO Premium plugin. -->","yoast_head_json":{"title":"Pisa pronta ad accendersi con 100.000 lumini: torna la Luminara di San Ranieri - intoscana","description":"La Luminara non \u00e8 solo uno spettacolo di luci: \u00e8 un ponte tra fede, storia e identit\u00e0 di una citt\u00e0, per la comunit\u00e0 pisana","robots":{"index":"index","follow":"follow","max-snippet":"max-snippet:-1","max-image-preview":"max-image-preview:large","max-video-preview":"max-video-preview:-1"},"canonical":"https:\/\/www.intoscana.it\/it\/pisa-pronta-ad-accendersi-con-100-000-lumini-torna-la-luminara-di-san-ranieri\/","og_locale":"it_IT","og_type":"article","og_title":"Pisa pronta ad accendersi con 100.000 lumini: torna la Luminara di San Ranieri","og_description":"La Luminara non \u00e8 solo uno spettacolo di luci: \u00e8 un ponte tra fede, storia e identit\u00e0 di una citt\u00e0, per la comunit\u00e0 pisana","og_url":"https:\/\/www.intoscana.it\/it\/pisa-pronta-ad-accendersi-con-100-000-lumini-torna-la-luminara-di-san-ranieri\/","og_site_name":"intoscana","article_publisher":"https:\/\/www.facebook.com\/intoscana.it","article_published_time":"2025-06-16T07:10:32+00:00","article_modified_time":"2025-06-16T07:57:26+00:00","og_image":[{"width":1000,"height":563,"url":"https:\/\/www.intoscana.it\/wp-content\/uploads\/luminara-_pisa-1.jpg","type":"image\/jpeg"}],"author":"Redazione","twitter_card":"summary_large_image","twitter_creator":"@intoscana","twitter_site":"@intoscana","twitter_misc":{"Written by":"Redazione","Est. reading time":"3 minuti"},"schema":{"@context":"https:\/\/schema.org","@graph":[{"@type":"WebPage","@id":"https:\/\/www.intoscana.it\/it\/pisa-pronta-ad-accendersi-con-100-000-lumini-torna-la-luminara-di-san-ranieri\/","url":"https:\/\/www.intoscana.it\/it\/pisa-pronta-ad-accendersi-con-100-000-lumini-torna-la-luminara-di-san-ranieri\/","name":"Pisa pronta ad accendersi con 100.000 lumini: torna la Luminara di San Ranieri - intoscana","isPartOf":{"@id":"https:\/\/www.intoscana.it\/it\/#website"},"primaryImageOfPage":{"@id":"https:\/\/www.intoscana.it\/it\/pisa-pronta-ad-accendersi-con-100-000-lumini-torna-la-luminara-di-san-ranieri\/#primaryimage"},"image":{"@id":"https:\/\/www.intoscana.it\/it\/pisa-pronta-ad-accendersi-con-100-000-lumini-torna-la-luminara-di-san-ranieri\/#primaryimage"},"thumbnailUrl":"https:\/\/www.intoscana.it\/wp-content\/uploads\/luminara-_pisa-1.jpg","datePublished":"2025-06-16T07:10:32+00:00","dateModified":"2025-06-16T07:57:26+00:00","author":{"@id":"https:\/\/www.intoscana.it\/it\/#\/schema\/person\/9223810753230f20bd670fdd322661f8"},"description":"La Luminara non \u00e8 solo uno spettacolo di luci: \u00e8 un ponte tra fede, storia e identit\u00e0 di una citt\u00e0, per la comunit\u00e0 pisana","breadcrumb":{"@id":"https:\/\/www.intoscana.it\/it\/pisa-pronta-ad-accendersi-con-100-000-lumini-torna-la-luminara-di-san-ranieri\/#breadcrumb"},"inLanguage":"it-IT","potentialAction":[{"@type":"ReadAction","target":["https:\/\/www.intoscana.it\/it\/pisa-pronta-ad-accendersi-con-100-000-lumini-torna-la-luminara-di-san-ranieri\/"]}]},{"@type":"ImageObject","inLanguage":"it-IT","@id":"https:\/\/www.intoscana.it\/it\/pisa-pronta-ad-accendersi-con-100-000-lumini-torna-la-luminara-di-san-ranieri\/#primaryimage","url":"https:\/\/www.intoscana.it\/wp-content\/uploads\/luminara-_pisa-1.jpg","contentUrl":"https:\/\/www.intoscana.it\/wp-content\/uploads\/luminara-_pisa-1.jpg","width":1000,"height":563},{"@type":"BreadcrumbList","@id":"https:\/\/www.intoscana.it\/it\/pisa-pronta-ad-accendersi-con-100-000-lumini-torna-la-luminara-di-san-ranieri\/#breadcrumb","itemListElement":[{"@type":"ListItem","position":1,"name":"Home","item":"https:\/\/www.intoscana.it\/it\/"},{"@type":"ListItem","position":2,"name":"Pisa pronta ad accendersi con 100.000 lumini: torna la Luminara di San Ranieri"}]},{"@type":"WebSite","@id":"https:\/\/www.intoscana.it\/it\/#website","url":"https:\/\/www.intoscana.it\/it\/","name":"intoscana","description":"","potentialAction":[{"@type":"SearchAction","target":{"@type":"EntryPoint","urlTemplate":"https:\/\/www.intoscana.it\/it\/?s={search_term_string}"},"query-input":{"@type":"PropertyValueSpecification","valueRequired":true,"valueName":"search_term_string"}}],"inLanguage":"it-IT"},{"@type":"Person","@id":"https:\/\/www.intoscana.it\/it\/#\/schema\/person\/9223810753230f20bd670fdd322661f8","name":"Redazione","url":"https:\/\/www.intoscana.it\/it\/author\/redazione\/"}]}},"_links":{"self":[{"href":"https:\/\/www.intoscana.it\/it\/wp-json\/wp\/v2\/posts\/389051","targetHints":{"allow":["GET"]}}],"collection":[{"href":"https:\/\/www.intoscana.it\/it\/wp-json\/wp\/v2\/posts"}],"about":[{"href":"https:\/\/www.intoscana.it\/it\/wp-json\/wp\/v2\/types\/post"}],"author":[{"embeddable":true,"href":"https:\/\/www.intoscana.it\/it\/wp-json\/wp\/v2\/users\/525"}],"replies":[{"embeddable":true,"href":"https:\/\/www.intoscana.it\/it\/wp-json\/wp\/v2\/comments?post=389051"}],"version-history":[{"count":5,"href":"https:\/\/www.intoscana.it\/it\/wp-json\/wp\/v2\/posts\/389051\/revisions"}],"predecessor-version":[{"id":389084,"href":"https:\/\/www.intoscana.it\/it\/wp-json\/wp\/v2\/posts\/389051\/revisions\/389084"}],"wp:featuredmedia":[{"embeddable":true,"href":"https:\/\/www.intoscana.it\/it\/wp-json\/wp\/v2\/media\/105889"}],"wp:attachment":[{"href":"https:\/\/www.intoscana.it\/it\/wp-json\/wp\/v2\/media?parent=389051"}],"wp:term":[{"taxonomy":"category","embeddable":true,"href":"https:\/\/www.intoscana.it\/it\/wp-json\/wp\/v2\/categories?post=389051"},{"taxonomy":"post_tag","embeddable":true,"href":"https:\/\/www.intoscana.it\/it\/wp-json\/wp\/v2\/tags?post=389051"}],"curies":[{"name":"wp","href":"https:\/\/api.w.org\/{rel}","templated":true}]}}