{"id":389064,"date":"2025-06-16T15:01:09","date_gmt":"2025-06-16T13:01:09","guid":{"rendered":"https:\/\/www.intoscana.it\/it\/?p=389064"},"modified":"2025-06-16T15:10:11","modified_gmt":"2025-06-16T13:10:11","slug":"mercimek-days-il-viaggio-a-istanbul-degli-hate-moss-tra-rivolte-e-concerti","status":"publish","type":"post","link":"https:\/\/www.intoscana.it\/it\/mercimek-days-il-viaggio-a-istanbul-degli-hate-moss-tra-rivolte-e-concerti\/","title":{"rendered":"&#8220;Mercimek Days&#8221; il viaggio\u00a0a Istanbul degli Hate Moss tra rivolte e concerti"},"content":{"rendered":"<p>\u00c8 il<strong> 19 marzo 2025<\/strong> e gli <strong>Hate Moss<\/strong>, il duo italo-brasiliano formato da<strong> Tina e Ian<\/strong> si trova al <strong>Karga<\/strong> un bar nel quartiere Kadikoy a <strong>Istanbul,<\/strong> circondati da amici e musicisti con l&#8217;idea di <strong>dare il via a un concerto.<\/strong><\/p>\n<p><strong>L\u2019arresto del sindaco di Istanbul<\/strong> provoca una serie di reazioni a catena tra cui il <strong>blocco dei trasporti, la censura dei social media e proteste<\/strong> in tutta la citt\u00e0.<\/p>\n<p>Gli <strong>Hate Moss<\/strong> per\u00f2 non si perdono d&#8217;animo e insieme al tecnico del suono, <strong>Mutlu e Goktan<\/strong> (che hanno curato le riprese) decidono comunque di suonare e registrare il live. Nasce cos\u00ec l&#8217;Ep <strong><em>&#8220;Mercimek Days&#8221;<\/em><\/strong> uscito il 13 giugno per l&#8217;etichetta <a href=\"https:\/\/www.trovarobato.com\" target=\"_blank\" rel=\"noopener\"><strong>Trovarobato.<\/strong><\/a><\/p>\n<p>Nel disco un brano inedito, <em><strong>\u201cAIKNOW\u201d<\/strong> <\/em>in versione studio, e dalle tracce registrate dal vivo al Karga, tra cui <strong><em>\u201cRemake the Time\u201d<\/em><\/strong> (Parte 1 e Parte 2) e <strong><em>\u201cBirdaha\u201d,<\/em><\/strong> brano cantata in turco e realizzato in collaborazione con <strong>Mutlu Oral,<\/strong> musicista e fondatore dell\u2019etichetta <a href=\"https:\/\/mevzurecords.bandcamp.com\/\" target=\"_blank\" rel=\"noopener\" class=\"broken_link\"><strong>Mevzu Records.<\/strong><\/a><\/p>\n<p>&#8220;Ci siamo mossi la mattina &#8211;<strong> ci ha raccontato Tina<\/strong> &#8211; perch\u00e9 avevamo lo slot per la registratzione nel primo pomeriggio. Abbiamo preso il traghetto perch\u00e9 alloggiavamo nella zona europea di Istanbul. <strong>Sembrava tutto normale tranne che per il fatto che i nostri cellulari non funzionavano e non capivavamo come mai<\/strong>. Pensavamo che fosse colpa della scheda che avevamo acquistato in Turchia, invece quando siamo arrivati al locale ci hanno avvertiti che il sindaco era stato arrestato. Siamo cascati dalle nuvole, per\u00f2 <strong>non abbiamo avuto paura, anche perch\u00e9 le proteste sono state molto pacifiche in realt\u00e0.<\/strong><\/p>\n<p><strong>Come mai avete scelto proprio la Turchia e in particolare Istanbul per il vostro ultimo disco?<\/strong><\/p>\n<p>Siamo andati appositamente a <strong>Istanbul<\/strong> perch\u00e9 fin dal primo disco siamo andati l\u00ec in tourn\u00e9e ogni anno e <strong>si \u00e8 creato un forte legame con un&#8217;etichetta indipendente che si chiama Mevzu Records<\/strong>. Nella nostra testa <strong>volevamo passarci un periodo un po&#8217; pi\u00f9 lungo. <\/strong>Cos\u00ec quando ci \u00e8 venuto in mente di registrare live abbiamo pensato che la Turchia fosse il posto giusto. Siamo andati a regsitrare al <strong>Karga<\/strong> che \u00e8 un locale dove abbiamo suonato tante volte.<\/p>\n<p><iframe loading=\"lazy\" title=\"YouTube video player\" src=\"https:\/\/www.youtube.com\/embed\/twKnSZA7yGQ?si=Kv2mDSjZKaxwDYfo\" width=\"800\" height=\"450\" frameborder=\"0\" allowfullscreen=\"allowfullscreen\"><\/iframe><\/p>\n<h3>Gli Hate Moss una band cosmopolita<\/h3>\n<p>Negli ultimi anni gli <strong>Hate Moss<\/strong> hanno vissuto in tour tenendo <strong>oltre 150 concerti in Europa, Regno Unito, Medio Oriente e Sud America<\/strong>, per poi spostarsi in <strong>Brasile, Uruguay, Argentina e Cile.<\/strong> Al ritorno in Italia, tra un\u2019esibizione e l\u2019altra, <strong>Trovarobato<\/strong> si \u00e8 interessata al loro lavoro decidendo di collaborare insieme.<\/p>\n<p>&#8220;Ci manca solo l&#8217;America del nord e l&#8217;Asia, per il resto abbiamo girato davvero tutto il mondo &#8211; <strong>ci ha detto Tina &#8211;<\/strong> Per il nostro lavoro viaggiare \u00e8 fondamentale. Quando andiamo in un luogo nuovo <strong>ci troviamo automaticamente a voler ascoltare musica di quel posto<\/strong> principalmente underground, ma anche folkloristica, a cercare negozi di strumenti. Ci rendiamo conto che<strong> tutto questo si riflette quando scriviamo musica nuova.<\/strong> Ma anche a livello umano, <strong>viaggiare ci ha permesso di conoscere posti e persone incredibili. Ci ha arricchito moltissimo&#8221;.<\/strong><\/p>\n<p>Parallelamente all\u2019uscita di <strong><em>&#8220;Mercimek Days&#8221;<\/em> <\/strong>\u00a0e di alcune date in giro per l\u2019Europa,<strong> la band si sta preparando a completare il terzo album in studio<\/strong>, che uscir\u00e0 nel 2026.<\/p>\n<p>&#8220;Il nuovo disco \u00e8 stato registrato in itinere tra Italia, Sud America e Turchia. &#8211; <strong>ha concluso Tina<\/strong> &#8211; Ci saranno <strong>tantissimi featuring con muscisti che abbiamo incontrato e con cui abbiamo avuto il piacere di collaborare<\/strong>, ma per il resto non posso dirti altro. &#8221;<\/p>\n<p>Gli<strong> Hate Moss<\/strong> presenteranno per la prima volta a Firenze<strong><em> &#8220;Mercimek Days&#8221;<\/em> <\/strong>\u00a0in concerto <strong>gioved\u00ec 19 giugno<\/strong> allo <a href=\"https:\/\/www.intoscana.it\/it\/lo-spazio-lumen-a-firenze-apre-le-porte-allestate-con-tantissimi-eventi-tra-musica-cultura-e-sport\/\" target=\"_blank\" rel=\"noopener\"><strong>spazio Lumen.<\/strong><\/a><\/p>\n<h3>Il tour degli Hate Moss<\/h3>\n<p><strong>19\/06 &#8211; Lumen (Firenze)<\/strong><br \/>\n25\/06 &#8211; Fermento In Villa (Bologna)<br \/>\n04\/07 &#8211; B\u0130NA (Istanbul)<br \/>\n05\/07 &#8211; Mevzu Records Label Fest (Istanbul)<br \/>\n13\/07 &#8211; Giovinazzo Rock Festival (Bari)<br \/>\n02\/08 &#8211; Transumare Test &#8211; Eucaliptus Beach (Pineto &#8211; Teramo)<\/p>\n<figure id=\"post-387995 media-387995\" class=\"align-none\"><img decoding=\"async\" src=\"https:\/\/www.intoscana.it\/wp-content\/uploads\/20250414_hatemoss_mercimekdays_cover-scaled.jpeg\" alt=\"\" \/><\/figure>\n<div class=\"titleimg\">Hate Moss, Mercimek Days<\/div>\n","protected":false},"excerpt":{"rendered":"<p>Con &#8220;Mercimek Days&#8221; il duo italo-brasiliano racconta una nuova tappa di un viaggio musicale che sfugge alle etichette. Gli Hate Moss saranno in concerto gioved\u00ec 19 giugno allo spazio Lumen a Firenze<\/p>\n","protected":false},"author":518,"featured_media":388001,"comment_status":"open","ping_status":"open","sticky":false,"template":"","format":"standard","meta":{"_acf_changed":false,"footnotes":""},"categories":[14],"tags":[216,3138],"class_list":["post-389064","post","type-post","status-publish","format-standard","has-post-thumbnail","hentry","category-musica","tag-concerti","tag-interviste-agli-artisti"],"acf":[],"yoast_head":"<!-- This site is optimized with the Yoast SEO Premium plugin v24.2 (Yoast SEO v25.6) - https:\/\/yoast.com\/wordpress\/plugins\/seo\/ -->\n<title>&quot;Mercimek Days&quot; il viaggio\u00a0a Istanbul degli Hate Moss tra rivolte e concerti - intoscana<\/title>\n<meta name=\"description\" content=\"Gli Hate Moss saranno in concerto gioved\u00ec 19 giugno allo spazio Lumen a Firenze per presentare il nuovo disco Mercimek Days\" \/>\n<meta name=\"robots\" content=\"index, follow, max-snippet:-1, max-image-preview:large, max-video-preview:-1\" \/>\n<link rel=\"canonical\" href=\"https:\/\/www.intoscana.it\/it\/mercimek-days-il-viaggio-a-istanbul-degli-hate-moss-tra-rivolte-e-concerti\/\" \/>\n<meta property=\"og:locale\" content=\"it_IT\" \/>\n<meta property=\"og:type\" content=\"article\" \/>\n<meta property=\"og:title\" content=\"&quot;Mercimek Days&quot; il viaggio\u00a0a Istanbul degli Hate Moss tra rivolte e concerti\" \/>\n<meta property=\"og:description\" content=\"Gli Hate Moss saranno in concerto gioved\u00ec 19 giugno allo spazio Lumen a Firenze per presentare il nuovo disco Mercimek Days\" \/>\n<meta property=\"og:url\" content=\"https:\/\/www.intoscana.it\/it\/mercimek-days-il-viaggio-a-istanbul-degli-hate-moss-tra-rivolte-e-concerti\/\" \/>\n<meta property=\"og:site_name\" content=\"intoscana\" \/>\n<meta property=\"article:publisher\" content=\"https:\/\/www.facebook.com\/intoscana.it\" \/>\n<meta property=\"article:published_time\" content=\"2025-06-16T13:01:09+00:00\" \/>\n<meta property=\"article:modified_time\" content=\"2025-06-16T13:10:11+00:00\" \/>\n<meta property=\"og:image\" content=\"https:\/\/www.intoscana.it\/wp-content\/uploads\/Photo-by-Soneca-2-scaled.jpeg\" \/>\n\t<meta property=\"og:image:width\" content=\"2048\" \/>\n\t<meta property=\"og:image:height\" content=\"1365\" \/>\n\t<meta property=\"og:image:type\" content=\"image\/jpeg\" \/>\n<meta name=\"author\" content=\"Costanza Baldini\" \/>\n<meta name=\"twitter:card\" content=\"summary_large_image\" \/>\n<meta name=\"twitter:creator\" content=\"@intoscana\" \/>\n<meta name=\"twitter:site\" content=\"@intoscana\" \/>\n<meta name=\"twitter:label1\" content=\"Written by\" \/>\n\t<meta name=\"twitter:data1\" content=\"Costanza Baldini\" \/>\n\t<meta name=\"twitter:label2\" content=\"Est. reading time\" \/>\n\t<meta name=\"twitter:data2\" content=\"4 minuti\" \/>\n<script type=\"application\/ld+json\" class=\"yoast-schema-graph\">{\"@context\":\"https:\/\/schema.org\",\"@graph\":[{\"@type\":\"WebPage\",\"@id\":\"https:\/\/www.intoscana.it\/it\/mercimek-days-il-viaggio-a-istanbul-degli-hate-moss-tra-rivolte-e-concerti\/\",\"url\":\"https:\/\/www.intoscana.it\/it\/mercimek-days-il-viaggio-a-istanbul-degli-hate-moss-tra-rivolte-e-concerti\/\",\"name\":\"\\\"Mercimek Days\\\" il viaggio\u00a0a Istanbul degli Hate Moss tra rivolte e concerti - intoscana\",\"isPartOf\":{\"@id\":\"https:\/\/www.intoscana.it\/it\/#website\"},\"primaryImageOfPage\":{\"@id\":\"https:\/\/www.intoscana.it\/it\/mercimek-days-il-viaggio-a-istanbul-degli-hate-moss-tra-rivolte-e-concerti\/#primaryimage\"},\"image\":{\"@id\":\"https:\/\/www.intoscana.it\/it\/mercimek-days-il-viaggio-a-istanbul-degli-hate-moss-tra-rivolte-e-concerti\/#primaryimage\"},\"thumbnailUrl\":\"https:\/\/www.intoscana.it\/wp-content\/uploads\/Photo-by-Soneca-2-scaled.jpeg\",\"datePublished\":\"2025-06-16T13:01:09+00:00\",\"dateModified\":\"2025-06-16T13:10:11+00:00\",\"author\":{\"@id\":\"https:\/\/www.intoscana.it\/it\/#\/schema\/person\/d469f35f09739bdf00bf5dd3f0647a82\"},\"description\":\"Gli Hate Moss saranno in concerto gioved\u00ec 19 giugno allo spazio Lumen a Firenze per presentare il nuovo disco Mercimek Days\",\"breadcrumb\":{\"@id\":\"https:\/\/www.intoscana.it\/it\/mercimek-days-il-viaggio-a-istanbul-degli-hate-moss-tra-rivolte-e-concerti\/#breadcrumb\"},\"inLanguage\":\"it-IT\",\"potentialAction\":[{\"@type\":\"ReadAction\",\"target\":[\"https:\/\/www.intoscana.it\/it\/mercimek-days-il-viaggio-a-istanbul-degli-hate-moss-tra-rivolte-e-concerti\/\"]}]},{\"@type\":\"ImageObject\",\"inLanguage\":\"it-IT\",\"@id\":\"https:\/\/www.intoscana.it\/it\/mercimek-days-il-viaggio-a-istanbul-degli-hate-moss-tra-rivolte-e-concerti\/#primaryimage\",\"url\":\"https:\/\/www.intoscana.it\/wp-content\/uploads\/Photo-by-Soneca-2-scaled.jpeg\",\"contentUrl\":\"https:\/\/www.intoscana.it\/wp-content\/uploads\/Photo-by-Soneca-2-scaled.jpeg\",\"width\":2048,\"height\":1365,\"caption\":\"Hate Moss\"},{\"@type\":\"BreadcrumbList\",\"@id\":\"https:\/\/www.intoscana.it\/it\/mercimek-days-il-viaggio-a-istanbul-degli-hate-moss-tra-rivolte-e-concerti\/#breadcrumb\",\"itemListElement\":[{\"@type\":\"ListItem\",\"position\":1,\"name\":\"Home\",\"item\":\"https:\/\/www.intoscana.it\/it\/\"},{\"@type\":\"ListItem\",\"position\":2,\"name\":\"&#8220;Mercimek Days&#8221; il viaggio\u00a0a Istanbul degli Hate Moss tra rivolte e concerti\"}]},{\"@type\":\"WebSite\",\"@id\":\"https:\/\/www.intoscana.it\/it\/#website\",\"url\":\"https:\/\/www.intoscana.it\/it\/\",\"name\":\"intoscana\",\"description\":\"\",\"potentialAction\":[{\"@type\":\"SearchAction\",\"target\":{\"@type\":\"EntryPoint\",\"urlTemplate\":\"https:\/\/www.intoscana.it\/it\/?s={search_term_string}\"},\"query-input\":{\"@type\":\"PropertyValueSpecification\",\"valueRequired\":true,\"valueName\":\"search_term_string\"}}],\"inLanguage\":\"it-IT\"},{\"@type\":\"Person\",\"@id\":\"https:\/\/www.intoscana.it\/it\/#\/schema\/person\/d469f35f09739bdf00bf5dd3f0647a82\",\"name\":\"Costanza Baldini\",\"url\":\"https:\/\/www.intoscana.it\/it\/author\/costanza-baldini\/\"}]}<\/script>\n<!-- \/ Yoast SEO Premium plugin. -->","yoast_head_json":{"title":"\"Mercimek Days\" il viaggio\u00a0a Istanbul degli Hate Moss tra rivolte e concerti - intoscana","description":"Gli Hate Moss saranno in concerto gioved\u00ec 19 giugno allo spazio Lumen a Firenze per presentare il nuovo disco Mercimek Days","robots":{"index":"index","follow":"follow","max-snippet":"max-snippet:-1","max-image-preview":"max-image-preview:large","max-video-preview":"max-video-preview:-1"},"canonical":"https:\/\/www.intoscana.it\/it\/mercimek-days-il-viaggio-a-istanbul-degli-hate-moss-tra-rivolte-e-concerti\/","og_locale":"it_IT","og_type":"article","og_title":"\"Mercimek Days\" il viaggio\u00a0a Istanbul degli Hate Moss tra rivolte e concerti","og_description":"Gli Hate Moss saranno in concerto gioved\u00ec 19 giugno allo spazio Lumen a Firenze per presentare il nuovo disco Mercimek Days","og_url":"https:\/\/www.intoscana.it\/it\/mercimek-days-il-viaggio-a-istanbul-degli-hate-moss-tra-rivolte-e-concerti\/","og_site_name":"intoscana","article_publisher":"https:\/\/www.facebook.com\/intoscana.it","article_published_time":"2025-06-16T13:01:09+00:00","article_modified_time":"2025-06-16T13:10:11+00:00","og_image":[{"width":2048,"height":1365,"url":"https:\/\/www.intoscana.it\/wp-content\/uploads\/Photo-by-Soneca-2-scaled.jpeg","type":"image\/jpeg"}],"author":"Costanza Baldini","twitter_card":"summary_large_image","twitter_creator":"@intoscana","twitter_site":"@intoscana","twitter_misc":{"Written by":"Costanza Baldini","Est. reading time":"4 minuti"},"schema":{"@context":"https:\/\/schema.org","@graph":[{"@type":"WebPage","@id":"https:\/\/www.intoscana.it\/it\/mercimek-days-il-viaggio-a-istanbul-degli-hate-moss-tra-rivolte-e-concerti\/","url":"https:\/\/www.intoscana.it\/it\/mercimek-days-il-viaggio-a-istanbul-degli-hate-moss-tra-rivolte-e-concerti\/","name":"\"Mercimek Days\" il viaggio\u00a0a Istanbul degli Hate Moss tra rivolte e concerti - intoscana","isPartOf":{"@id":"https:\/\/www.intoscana.it\/it\/#website"},"primaryImageOfPage":{"@id":"https:\/\/www.intoscana.it\/it\/mercimek-days-il-viaggio-a-istanbul-degli-hate-moss-tra-rivolte-e-concerti\/#primaryimage"},"image":{"@id":"https:\/\/www.intoscana.it\/it\/mercimek-days-il-viaggio-a-istanbul-degli-hate-moss-tra-rivolte-e-concerti\/#primaryimage"},"thumbnailUrl":"https:\/\/www.intoscana.it\/wp-content\/uploads\/Photo-by-Soneca-2-scaled.jpeg","datePublished":"2025-06-16T13:01:09+00:00","dateModified":"2025-06-16T13:10:11+00:00","author":{"@id":"https:\/\/www.intoscana.it\/it\/#\/schema\/person\/d469f35f09739bdf00bf5dd3f0647a82"},"description":"Gli Hate Moss saranno in concerto gioved\u00ec 19 giugno allo spazio Lumen a Firenze per presentare il nuovo disco Mercimek Days","breadcrumb":{"@id":"https:\/\/www.intoscana.it\/it\/mercimek-days-il-viaggio-a-istanbul-degli-hate-moss-tra-rivolte-e-concerti\/#breadcrumb"},"inLanguage":"it-IT","potentialAction":[{"@type":"ReadAction","target":["https:\/\/www.intoscana.it\/it\/mercimek-days-il-viaggio-a-istanbul-degli-hate-moss-tra-rivolte-e-concerti\/"]}]},{"@type":"ImageObject","inLanguage":"it-IT","@id":"https:\/\/www.intoscana.it\/it\/mercimek-days-il-viaggio-a-istanbul-degli-hate-moss-tra-rivolte-e-concerti\/#primaryimage","url":"https:\/\/www.intoscana.it\/wp-content\/uploads\/Photo-by-Soneca-2-scaled.jpeg","contentUrl":"https:\/\/www.intoscana.it\/wp-content\/uploads\/Photo-by-Soneca-2-scaled.jpeg","width":2048,"height":1365,"caption":"Hate Moss"},{"@type":"BreadcrumbList","@id":"https:\/\/www.intoscana.it\/it\/mercimek-days-il-viaggio-a-istanbul-degli-hate-moss-tra-rivolte-e-concerti\/#breadcrumb","itemListElement":[{"@type":"ListItem","position":1,"name":"Home","item":"https:\/\/www.intoscana.it\/it\/"},{"@type":"ListItem","position":2,"name":"&#8220;Mercimek Days&#8221; il viaggio\u00a0a Istanbul degli Hate Moss tra rivolte e concerti"}]},{"@type":"WebSite","@id":"https:\/\/www.intoscana.it\/it\/#website","url":"https:\/\/www.intoscana.it\/it\/","name":"intoscana","description":"","potentialAction":[{"@type":"SearchAction","target":{"@type":"EntryPoint","urlTemplate":"https:\/\/www.intoscana.it\/it\/?s={search_term_string}"},"query-input":{"@type":"PropertyValueSpecification","valueRequired":true,"valueName":"search_term_string"}}],"inLanguage":"it-IT"},{"@type":"Person","@id":"https:\/\/www.intoscana.it\/it\/#\/schema\/person\/d469f35f09739bdf00bf5dd3f0647a82","name":"Costanza Baldini","url":"https:\/\/www.intoscana.it\/it\/author\/costanza-baldini\/"}]}},"_links":{"self":[{"href":"https:\/\/www.intoscana.it\/it\/wp-json\/wp\/v2\/posts\/389064","targetHints":{"allow":["GET"]}}],"collection":[{"href":"https:\/\/www.intoscana.it\/it\/wp-json\/wp\/v2\/posts"}],"about":[{"href":"https:\/\/www.intoscana.it\/it\/wp-json\/wp\/v2\/types\/post"}],"author":[{"embeddable":true,"href":"https:\/\/www.intoscana.it\/it\/wp-json\/wp\/v2\/users\/518"}],"replies":[{"embeddable":true,"href":"https:\/\/www.intoscana.it\/it\/wp-json\/wp\/v2\/comments?post=389064"}],"version-history":[{"count":5,"href":"https:\/\/www.intoscana.it\/it\/wp-json\/wp\/v2\/posts\/389064\/revisions"}],"predecessor-version":[{"id":389252,"href":"https:\/\/www.intoscana.it\/it\/wp-json\/wp\/v2\/posts\/389064\/revisions\/389252"}],"wp:featuredmedia":[{"embeddable":true,"href":"https:\/\/www.intoscana.it\/it\/wp-json\/wp\/v2\/media\/388001"}],"wp:attachment":[{"href":"https:\/\/www.intoscana.it\/it\/wp-json\/wp\/v2\/media?parent=389064"}],"wp:term":[{"taxonomy":"category","embeddable":true,"href":"https:\/\/www.intoscana.it\/it\/wp-json\/wp\/v2\/categories?post=389064"},{"taxonomy":"post_tag","embeddable":true,"href":"https:\/\/www.intoscana.it\/it\/wp-json\/wp\/v2\/tags?post=389064"}],"curies":[{"name":"wp","href":"https:\/\/api.w.org\/{rel}","templated":true}]}}