{"id":389077,"date":"2025-06-16T10:48:58","date_gmt":"2025-06-16T08:48:58","guid":{"rendered":"https:\/\/www.intoscana.it\/it\/?p=389077"},"modified":"2025-06-16T10:59:00","modified_gmt":"2025-06-16T08:59:00","slug":"lorena-lesordio-visionario-della-cantautrice-elena-romano-tra-jazz-elettronica-e-poesia","status":"publish","type":"post","link":"https:\/\/www.intoscana.it\/it\/lorena-lesordio-visionario-della-cantautrice-elena-romano-tra-jazz-elettronica-e-poesia\/","title":{"rendered":"&#8220;Lorena&#8221; l&#8217;esordio visionario della cantautrice Elena Romano tra jazz, elettronica e poesia"},"content":{"rendered":"<p>Dal 6 giugno 2025 \u00e8 in rotazione radiofonica <strong><em>\u201cEstraneo\u201d<\/em><\/strong>, il nuovo singolo della <strong>cantautrice fiorentina Elena Romano,<\/strong> tratto dal suo primo EP <strong><em>\u201cLorena\u201d.<\/em><\/strong><\/p>\n<p>Primo brano scritto dall\u2019artista, <strong>Estraneo rappresenta il nucleo emotivo dell\u2019intero lavoro<\/strong>: nato in soli dieci minuti da <strong>un momento di caos interiore<\/strong> e dalla fine di una relazione importante, \u00e8 un atto istintivo e sincero di <strong>rinascita creativa.<\/strong><\/p>\n<p>Il brano immagina <strong>un amore ideale, capace di colmare il vuoto<\/strong> e trasformare la mancanza in rifugio emotivo. Il videoclip, frutto della collaborazione con <strong>Etcni,<\/strong> d\u00e0 forma visiva ai contrasti emotivi <strong>tra rimorso e perdono, malinconia e innocenza,<\/strong> con una poetica delicata e inquieta.<\/p>\n<p><strong>Lorena, l\u2019EP d\u2019esordio<\/strong>, fonde <strong>musica elettronica sperimentale, elementi techno, classici e jazz<\/strong> con la tradizione cantautorale italiana, dando vita a uno stile che Elena stessa definisce <strong><em>\u201cpop-elettronico\u201d<\/em><\/strong>. Le quattro tracce raccontano <strong>ansia, insicurezza e desiderio,<\/strong> con testi intensi che oscillano tra sogno e realt\u00e0.<\/p>\n<p>Formata in canto jazz tra Siena, Colonia e Ferrara, <strong>Elena Romano \u00e8 un\u2019artista versatile e fuori dagli schemi<\/strong>, con riconoscimenti importanti alle spalle, tra cui il <strong>premio Ernesto De Pascale al <a href=\"https:\/\/www.intoscana.it\/it\/i-fiorentini-lo-fi-le-fusa-vincono-la-36esima-edizione-del-rock-contest\/\" target=\"_blank\" rel=\"noopener\">Rock Contest 2024<\/a><\/strong> e il concorso <strong>Bianca D\u2019Aponte 2021<\/strong>. Con <strong><em>Lorena,<\/em><\/strong> firma un progetto profondo e personale che invita a<strong> trasformare la propria esperienza in musica viva.<\/strong><\/p>\n<figure id=\"post-389089 media-389089\" class=\"align-none\"><img decoding=\"async\" src=\"https:\/\/www.intoscana.it\/wp-content\/uploads\/IMG_0994-scaled.jpeg\" alt=\"\" \/><\/figure>\n<div class=\"titleimg\"><em>Elena Romano<\/em><\/div>\n<h3>Ecco la nostra intervista a Elena Romano<\/h3>\n<p><strong>Ciao Elena! Come ti sei avvicinata alla musica?<\/strong><\/p>\n<p>La musica \u00e8 una passione che viene dalla mia famiglia: \u00a0mio nonno suonava il pianoforte, mia mamma era cantante lirica, il fratello di mia mamma \u00e8 direttore del<strong> Maggio Musicale Fiorentino<\/strong>, mio fratello \u00e8 diplomato in composizione classica e fa musica sperimentale, \u00e8 un produttore. <strong>Io ho inziato a cantare da piccolissima, gi\u00e0 a tre, quattro anni.<\/strong> Ho deciso di intraprendere questo percorso abbastanza tardi, ma<strong> \u00e8 una passione che mi accompagna da tutta la vita.\u00a0<\/strong><\/p>\n<p><strong>So che hai &#8216;militato&#8217; in diverse formazioni poi \u00e8 arrivato il momento di pubblicare un disco che fosse &#8220;solo tuo&#8221;\u00a0<\/strong><\/p>\n<p>S\u00ec per tanti motivi, il mio percorso sia come persona che come musicista mi ha portato fino a qui. <strong>La musica \u00e8 una parte di me,<\/strong> mi ritrovo in quello che scrivo e che compongo. <strong>Io penso che l&#8217;artista e la persona siano una cosa unica.<\/strong> Dal modo in cui suoni si pu\u00f2 capire qualcosa di te, per me \u00e8 importante ritrovarmi in quello che faccio. A volte \u00e8 molto difficile, \u00e8 <strong>una ricerca continua e molto profonda, \u00e8 bello cos\u00ec.<\/strong><p><span class=\"citazione\">per me \u00e8 importante ritrovarmi in quello che faccio. A volte \u00e8 molto difficile, \u00e8 una ricerca continua e molto profonda, \u00e8 bello cos\u00ec<\/span><\/p><\/p>\n<p><strong>Il produttore del tuo disco \u00e8 tuo fratello, mi sembra di capire che siete molto legati<\/strong><\/p>\n<p>S\u00ec,<strong> siamo molto legati, pur essendoci undici anni di differenza<\/strong> tra noi, la passione per la musica ci ha legati molto. Con lui vado molto d&#8217;accordo, posso confrontarmi, anche se a volte non nego che \u00e8 difficile, perch\u00e9 <strong>quando metti insieme la sfera professionale e quella emotiva \u00e8 sempre complicato.<\/strong> Per\u00f2 <strong>abbiamo trovato un equilibrio. <\/strong>Lui \u00e8 molto bravo nel computer work e <strong>mi aiuta a realizzare quello che ho in testa<\/strong>. Questo non \u00e8 scontato perch\u00e9 a volte ci sono produttori che vogliono fare come vogliono loro. Con lui <strong>mi sento libera di dire quello che penso senza filtri.\u00a0<\/strong><\/p>\n<h3>Il video di &#8220;Estraneo&#8221;<\/h3>\n<p><iframe loading=\"lazy\" title=\"YouTube video player\" src=\"https:\/\/www.youtube.com\/embed\/oUCgq_Aq5Ew?si=CUpWYe2kfMl4u5uM\" width=\"800\" height=\"450\" frameborder=\"0\" allowfullscreen=\"allowfullscreen\"><\/iframe><\/p>\n<p><strong>Come hai lavorato al disco &#8220;Lorena&#8221;?<\/strong><\/p>\n<p>Il percorso \u00e8 stato molto lungo. <strong>Ho iniziato a scrivere canzoni in italiano durante il Covid<\/strong>, nel frattempo frequentavo il Conservatorio. Mi sono iscritta a questo contest femminile che si chiama <a href=\"https:\/\/www.premiobiancadaponte.it\/\" target=\"_blank\" rel=\"noopener\"><strong>Premio Bianca D&#8217;Aponte<\/strong><\/a>, grazie all&#8217;incoraggiamento di <strong>Ferruccio Spinetti.<\/strong> Ho scritto un brano, che poi non ho incluso nell&#8217;Ep, con cui ho vinto il <strong>premio come miglior composizione.<\/strong> Cos\u00ec ho pensato di andare avanti. Dopo un periodo complicato in cui per motivi personali mi sentivo sola <strong>ho deciso di dedicarmi completamente alla composizione<\/strong>. Tra il 2020 e il 2023 ho scritto queste quattro canzoni. <strong>La cosa difficile \u00e8 stata trovare un sound mio, ci ho lavorato tantissimo<\/strong>. Quando ho finito gli studi in Germania, ho terminato la registrazione ed eccoci qua.<\/p>\n<p><strong>Cosa ti piacerebbe che arrivasse a chi ascolta il tuo disco?<\/strong><\/p>\n<p>I miei sono pezzi estremamente sinceri, li ho scritti senza pensare a un pubblico. Quello che \u00e8 venuto fuori \u00e8<strong> come una persona pu\u00f2 crescere attraverso il dolore e la sofferenza,<\/strong> questo \u00e8 quello che ho sperimentato scrivendo questi brani. Spero che le persone riescano a immedesimarsi. Il disco \u00e8 anche un invito a<strong> vivere la propria vita come se fosse un&#8217;opera d&#8217;arte<\/strong>. Spero che chi ascolta riesca a vedere delle immagini, e riesca a <strong>catapultarsi in un mondo diverso che non \u00e8 la realt\u00e0<\/strong>. Spero che arrivi qualcosa di me.<\/p>\n<p><strong>Dove potremo venire a sentirti questa estate?<\/strong><\/p>\n<p>Il <strong>21 giugno<\/strong> suono all&#8217;<strong>Sms di Soffiano<\/strong> per l&#8217;associazione Talea, il <strong>22 giugno sar\u00f2 all&#8217;Hotel Parrasio di Roma<\/strong> per un evento-showcase e il <strong>28 giugno<\/strong> mi esibir\u00f2 all&#8217;evento &#8220;Picnic noise&#8221; al <a href=\"https:\/\/www.facebook.com\/NubProjectSpace\" target=\"_blank\" rel=\"noopener\"><strong>Nub Project Space di Pistoia.\u00a0<\/strong><\/a><\/p>\n<figure id=\"post-388139 media-388139\" class=\"align-none\"><img decoding=\"async\" src=\"https:\/\/www.intoscana.it\/wp-content\/uploads\/231109-czerny-7-scaled.jpeg\" alt=\"\" \/><\/figure>\n<div class=\"titleimg\">Elena Romano<\/div>\n","protected":false},"excerpt":{"rendered":"<p>Lorena l\u2019Ep d\u2019esordio di Elena Romano fonde musica elettronica sperimentale, elementi techno, classici e jazz con la tradizione italiana, dando vita a un \u201cpop-elettronico\u201d, ecco la nostra intervista alla cantautrice fiorentina<\/p>\n","protected":false},"author":518,"featured_media":389078,"comment_status":"open","ping_status":"open","sticky":false,"template":"","format":"standard","meta":{"_acf_changed":false,"footnotes":""},"categories":[14],"tags":[216,3138],"class_list":["post-389077","post","type-post","status-publish","format-standard","has-post-thumbnail","hentry","category-musica","tag-concerti","tag-interviste-agli-artisti"],"acf":[],"yoast_head":"<!-- This site is optimized with the Yoast SEO Premium plugin v24.2 (Yoast SEO v25.6) - https:\/\/yoast.com\/wordpress\/plugins\/seo\/ -->\n<title>&quot;Lorena&quot; l&#039;esordio visionario della cantautrice Elena Romano tra jazz, elettronica e poesia - intoscana<\/title>\n<meta name=\"description\" content=\"Lorena l\u2019Ep d\u2019esordio di Elena Romano fonde musica elettronica sperimentale, elementi techno, classici e jazz\" \/>\n<meta name=\"robots\" content=\"index, follow, max-snippet:-1, max-image-preview:large, max-video-preview:-1\" \/>\n<link rel=\"canonical\" href=\"https:\/\/www.intoscana.it\/it\/lorena-lesordio-visionario-della-cantautrice-elena-romano-tra-jazz-elettronica-e-poesia\/\" \/>\n<meta property=\"og:locale\" content=\"it_IT\" \/>\n<meta property=\"og:type\" content=\"article\" \/>\n<meta property=\"og:title\" content=\"&quot;Lorena&quot; l&#039;esordio visionario della cantautrice Elena Romano tra jazz, elettronica e poesia\" \/>\n<meta property=\"og:description\" content=\"Lorena l\u2019Ep d\u2019esordio di Elena Romano fonde musica elettronica sperimentale, elementi techno, classici e jazz\" \/>\n<meta property=\"og:url\" content=\"https:\/\/www.intoscana.it\/it\/lorena-lesordio-visionario-della-cantautrice-elena-romano-tra-jazz-elettronica-e-poesia\/\" \/>\n<meta property=\"og:site_name\" content=\"intoscana\" \/>\n<meta property=\"article:publisher\" content=\"https:\/\/www.facebook.com\/intoscana.it\" \/>\n<meta property=\"article:published_time\" content=\"2025-06-16T08:48:58+00:00\" \/>\n<meta property=\"article:modified_time\" content=\"2025-06-16T08:59:00+00:00\" \/>\n<meta property=\"og:image\" content=\"https:\/\/www.intoscana.it\/wp-content\/uploads\/4af8c066-c04b-4a82-929d-2b9f37eac0be-1-2.jpg\" \/>\n\t<meta property=\"og:image:width\" content=\"1366\" \/>\n\t<meta property=\"og:image:height\" content=\"888\" \/>\n\t<meta property=\"og:image:type\" content=\"image\/jpeg\" \/>\n<meta name=\"author\" content=\"Costanza Baldini\" \/>\n<meta name=\"twitter:card\" content=\"summary_large_image\" \/>\n<meta name=\"twitter:creator\" content=\"@intoscana\" \/>\n<meta name=\"twitter:site\" content=\"@intoscana\" \/>\n<meta name=\"twitter:label1\" content=\"Written by\" \/>\n\t<meta name=\"twitter:data1\" content=\"Costanza Baldini\" \/>\n\t<meta name=\"twitter:label2\" content=\"Est. reading time\" \/>\n\t<meta name=\"twitter:data2\" content=\"5 minuti\" \/>\n<script type=\"application\/ld+json\" class=\"yoast-schema-graph\">{\"@context\":\"https:\/\/schema.org\",\"@graph\":[{\"@type\":\"WebPage\",\"@id\":\"https:\/\/www.intoscana.it\/it\/lorena-lesordio-visionario-della-cantautrice-elena-romano-tra-jazz-elettronica-e-poesia\/\",\"url\":\"https:\/\/www.intoscana.it\/it\/lorena-lesordio-visionario-della-cantautrice-elena-romano-tra-jazz-elettronica-e-poesia\/\",\"name\":\"\\\"Lorena\\\" l'esordio visionario della cantautrice Elena Romano tra jazz, elettronica e poesia - intoscana\",\"isPartOf\":{\"@id\":\"https:\/\/www.intoscana.it\/it\/#website\"},\"primaryImageOfPage\":{\"@id\":\"https:\/\/www.intoscana.it\/it\/lorena-lesordio-visionario-della-cantautrice-elena-romano-tra-jazz-elettronica-e-poesia\/#primaryimage\"},\"image\":{\"@id\":\"https:\/\/www.intoscana.it\/it\/lorena-lesordio-visionario-della-cantautrice-elena-romano-tra-jazz-elettronica-e-poesia\/#primaryimage\"},\"thumbnailUrl\":\"https:\/\/www.intoscana.it\/wp-content\/uploads\/4af8c066-c04b-4a82-929d-2b9f37eac0be-1-2.jpg\",\"datePublished\":\"2025-06-16T08:48:58+00:00\",\"dateModified\":\"2025-06-16T08:59:00+00:00\",\"author\":{\"@id\":\"https:\/\/www.intoscana.it\/it\/#\/schema\/person\/d469f35f09739bdf00bf5dd3f0647a82\"},\"description\":\"Lorena l\u2019Ep d\u2019esordio di Elena Romano fonde musica elettronica sperimentale, elementi techno, classici e jazz\",\"breadcrumb\":{\"@id\":\"https:\/\/www.intoscana.it\/it\/lorena-lesordio-visionario-della-cantautrice-elena-romano-tra-jazz-elettronica-e-poesia\/#breadcrumb\"},\"inLanguage\":\"it-IT\",\"potentialAction\":[{\"@type\":\"ReadAction\",\"target\":[\"https:\/\/www.intoscana.it\/it\/lorena-lesordio-visionario-della-cantautrice-elena-romano-tra-jazz-elettronica-e-poesia\/\"]}]},{\"@type\":\"ImageObject\",\"inLanguage\":\"it-IT\",\"@id\":\"https:\/\/www.intoscana.it\/it\/lorena-lesordio-visionario-della-cantautrice-elena-romano-tra-jazz-elettronica-e-poesia\/#primaryimage\",\"url\":\"https:\/\/www.intoscana.it\/wp-content\/uploads\/4af8c066-c04b-4a82-929d-2b9f37eac0be-1-2.jpg\",\"contentUrl\":\"https:\/\/www.intoscana.it\/wp-content\/uploads\/4af8c066-c04b-4a82-929d-2b9f37eac0be-1-2.jpg\",\"width\":1366,\"height\":888,\"caption\":\"Elena Romano\"},{\"@type\":\"BreadcrumbList\",\"@id\":\"https:\/\/www.intoscana.it\/it\/lorena-lesordio-visionario-della-cantautrice-elena-romano-tra-jazz-elettronica-e-poesia\/#breadcrumb\",\"itemListElement\":[{\"@type\":\"ListItem\",\"position\":1,\"name\":\"Home\",\"item\":\"https:\/\/www.intoscana.it\/it\/\"},{\"@type\":\"ListItem\",\"position\":2,\"name\":\"&#8220;Lorena&#8221; l&#8217;esordio visionario della cantautrice Elena Romano tra jazz, elettronica e poesia\"}]},{\"@type\":\"WebSite\",\"@id\":\"https:\/\/www.intoscana.it\/it\/#website\",\"url\":\"https:\/\/www.intoscana.it\/it\/\",\"name\":\"intoscana\",\"description\":\"\",\"potentialAction\":[{\"@type\":\"SearchAction\",\"target\":{\"@type\":\"EntryPoint\",\"urlTemplate\":\"https:\/\/www.intoscana.it\/it\/?s={search_term_string}\"},\"query-input\":{\"@type\":\"PropertyValueSpecification\",\"valueRequired\":true,\"valueName\":\"search_term_string\"}}],\"inLanguage\":\"it-IT\"},{\"@type\":\"Person\",\"@id\":\"https:\/\/www.intoscana.it\/it\/#\/schema\/person\/d469f35f09739bdf00bf5dd3f0647a82\",\"name\":\"Costanza Baldini\",\"url\":\"https:\/\/www.intoscana.it\/it\/author\/costanza-baldini\/\"}]}<\/script>\n<!-- \/ Yoast SEO Premium plugin. -->","yoast_head_json":{"title":"\"Lorena\" l'esordio visionario della cantautrice Elena Romano tra jazz, elettronica e poesia - intoscana","description":"Lorena l\u2019Ep d\u2019esordio di Elena Romano fonde musica elettronica sperimentale, elementi techno, classici e jazz","robots":{"index":"index","follow":"follow","max-snippet":"max-snippet:-1","max-image-preview":"max-image-preview:large","max-video-preview":"max-video-preview:-1"},"canonical":"https:\/\/www.intoscana.it\/it\/lorena-lesordio-visionario-della-cantautrice-elena-romano-tra-jazz-elettronica-e-poesia\/","og_locale":"it_IT","og_type":"article","og_title":"\"Lorena\" l'esordio visionario della cantautrice Elena Romano tra jazz, elettronica e poesia","og_description":"Lorena l\u2019Ep d\u2019esordio di Elena Romano fonde musica elettronica sperimentale, elementi techno, classici e jazz","og_url":"https:\/\/www.intoscana.it\/it\/lorena-lesordio-visionario-della-cantautrice-elena-romano-tra-jazz-elettronica-e-poesia\/","og_site_name":"intoscana","article_publisher":"https:\/\/www.facebook.com\/intoscana.it","article_published_time":"2025-06-16T08:48:58+00:00","article_modified_time":"2025-06-16T08:59:00+00:00","og_image":[{"width":1366,"height":888,"url":"https:\/\/www.intoscana.it\/wp-content\/uploads\/4af8c066-c04b-4a82-929d-2b9f37eac0be-1-2.jpg","type":"image\/jpeg"}],"author":"Costanza Baldini","twitter_card":"summary_large_image","twitter_creator":"@intoscana","twitter_site":"@intoscana","twitter_misc":{"Written by":"Costanza Baldini","Est. reading time":"5 minuti"},"schema":{"@context":"https:\/\/schema.org","@graph":[{"@type":"WebPage","@id":"https:\/\/www.intoscana.it\/it\/lorena-lesordio-visionario-della-cantautrice-elena-romano-tra-jazz-elettronica-e-poesia\/","url":"https:\/\/www.intoscana.it\/it\/lorena-lesordio-visionario-della-cantautrice-elena-romano-tra-jazz-elettronica-e-poesia\/","name":"\"Lorena\" l'esordio visionario della cantautrice Elena Romano tra jazz, elettronica e poesia - intoscana","isPartOf":{"@id":"https:\/\/www.intoscana.it\/it\/#website"},"primaryImageOfPage":{"@id":"https:\/\/www.intoscana.it\/it\/lorena-lesordio-visionario-della-cantautrice-elena-romano-tra-jazz-elettronica-e-poesia\/#primaryimage"},"image":{"@id":"https:\/\/www.intoscana.it\/it\/lorena-lesordio-visionario-della-cantautrice-elena-romano-tra-jazz-elettronica-e-poesia\/#primaryimage"},"thumbnailUrl":"https:\/\/www.intoscana.it\/wp-content\/uploads\/4af8c066-c04b-4a82-929d-2b9f37eac0be-1-2.jpg","datePublished":"2025-06-16T08:48:58+00:00","dateModified":"2025-06-16T08:59:00+00:00","author":{"@id":"https:\/\/www.intoscana.it\/it\/#\/schema\/person\/d469f35f09739bdf00bf5dd3f0647a82"},"description":"Lorena l\u2019Ep d\u2019esordio di Elena Romano fonde musica elettronica sperimentale, elementi techno, classici e jazz","breadcrumb":{"@id":"https:\/\/www.intoscana.it\/it\/lorena-lesordio-visionario-della-cantautrice-elena-romano-tra-jazz-elettronica-e-poesia\/#breadcrumb"},"inLanguage":"it-IT","potentialAction":[{"@type":"ReadAction","target":["https:\/\/www.intoscana.it\/it\/lorena-lesordio-visionario-della-cantautrice-elena-romano-tra-jazz-elettronica-e-poesia\/"]}]},{"@type":"ImageObject","inLanguage":"it-IT","@id":"https:\/\/www.intoscana.it\/it\/lorena-lesordio-visionario-della-cantautrice-elena-romano-tra-jazz-elettronica-e-poesia\/#primaryimage","url":"https:\/\/www.intoscana.it\/wp-content\/uploads\/4af8c066-c04b-4a82-929d-2b9f37eac0be-1-2.jpg","contentUrl":"https:\/\/www.intoscana.it\/wp-content\/uploads\/4af8c066-c04b-4a82-929d-2b9f37eac0be-1-2.jpg","width":1366,"height":888,"caption":"Elena Romano"},{"@type":"BreadcrumbList","@id":"https:\/\/www.intoscana.it\/it\/lorena-lesordio-visionario-della-cantautrice-elena-romano-tra-jazz-elettronica-e-poesia\/#breadcrumb","itemListElement":[{"@type":"ListItem","position":1,"name":"Home","item":"https:\/\/www.intoscana.it\/it\/"},{"@type":"ListItem","position":2,"name":"&#8220;Lorena&#8221; l&#8217;esordio visionario della cantautrice Elena Romano tra jazz, elettronica e poesia"}]},{"@type":"WebSite","@id":"https:\/\/www.intoscana.it\/it\/#website","url":"https:\/\/www.intoscana.it\/it\/","name":"intoscana","description":"","potentialAction":[{"@type":"SearchAction","target":{"@type":"EntryPoint","urlTemplate":"https:\/\/www.intoscana.it\/it\/?s={search_term_string}"},"query-input":{"@type":"PropertyValueSpecification","valueRequired":true,"valueName":"search_term_string"}}],"inLanguage":"it-IT"},{"@type":"Person","@id":"https:\/\/www.intoscana.it\/it\/#\/schema\/person\/d469f35f09739bdf00bf5dd3f0647a82","name":"Costanza Baldini","url":"https:\/\/www.intoscana.it\/it\/author\/costanza-baldini\/"}]}},"_links":{"self":[{"href":"https:\/\/www.intoscana.it\/it\/wp-json\/wp\/v2\/posts\/389077","targetHints":{"allow":["GET"]}}],"collection":[{"href":"https:\/\/www.intoscana.it\/it\/wp-json\/wp\/v2\/posts"}],"about":[{"href":"https:\/\/www.intoscana.it\/it\/wp-json\/wp\/v2\/types\/post"}],"author":[{"embeddable":true,"href":"https:\/\/www.intoscana.it\/it\/wp-json\/wp\/v2\/users\/518"}],"replies":[{"embeddable":true,"href":"https:\/\/www.intoscana.it\/it\/wp-json\/wp\/v2\/comments?post=389077"}],"version-history":[{"count":5,"href":"https:\/\/www.intoscana.it\/it\/wp-json\/wp\/v2\/posts\/389077\/revisions"}],"predecessor-version":[{"id":389128,"href":"https:\/\/www.intoscana.it\/it\/wp-json\/wp\/v2\/posts\/389077\/revisions\/389128"}],"wp:featuredmedia":[{"embeddable":true,"href":"https:\/\/www.intoscana.it\/it\/wp-json\/wp\/v2\/media\/389078"}],"wp:attachment":[{"href":"https:\/\/www.intoscana.it\/it\/wp-json\/wp\/v2\/media?parent=389077"}],"wp:term":[{"taxonomy":"category","embeddable":true,"href":"https:\/\/www.intoscana.it\/it\/wp-json\/wp\/v2\/categories?post=389077"},{"taxonomy":"post_tag","embeddable":true,"href":"https:\/\/www.intoscana.it\/it\/wp-json\/wp\/v2\/tags?post=389077"}],"curies":[{"name":"wp","href":"https:\/\/api.w.org\/{rel}","templated":true}]}}