{"id":389224,"date":"2025-06-16T15:17:20","date_gmt":"2025-06-16T13:17:20","guid":{"rendered":"https:\/\/www.intoscana.it\/it\/?p=389224"},"modified":"2025-06-16T15:17:20","modified_gmt":"2025-06-16T13:17:20","slug":"il-futuro-delle-province-dieci-anni-dopo-la-riforma-delrio-per-il-52-dei-toscani-fu-un-errore","status":"publish","type":"post","link":"https:\/\/www.intoscana.it\/it\/il-futuro-delle-province-dieci-anni-dopo-la-riforma-delrio-per-il-52-dei-toscani-fu-un-errore\/","title":{"rendered":"Il futuro delle Province dieci anni dopo la riforma Delrio: per il 52% dei toscani fu un errore"},"content":{"rendered":"<p>A dieci anni dalla Riforma Delrio e dalla legge regionale 22\/2015 che hanno profondamente modificato il ruolo delle Province, <strong>la Toscana si interroga sul futuro di questi enti,<\/strong> partendo da un dato chiaro: per la maggioranza dei cittadini toscani il ridimensionamento delle Province \u00e8 stato un errore. Lo evidenzia l\u2019indagine promossa da Upi Toscana e condotta dall\u2019Istituto Demopolis, presentata oggi a Firenze presso l\u2019Istituto degli Innocenti durante l<strong>\u2019Assemblea Generale dell\u2019Unione delle Province Toscane.<\/strong><\/p>\n<h3>La ricerca per Upi Toscana<\/h3>\n<p>La ricerca ha analizzato in profondit\u00e0<strong> l\u2019opinione dei cittadini,<\/strong> degli stakeholder regionali e di un campione rappresentativo di amministratori pubblici locali. Il quadro che ne emerge \u00e8 netto: <mark>il 52% dei cittadini giudica negativamente la riforma, <\/mark>percentuale che sale all\u201983% fra sindaci e consiglieri comunali. Non solo: per il 72% dei toscani, la riforma non ha migliorato la qualit\u00e0 dei servizi pubblici, mentre l\u201984% degli stakeholder conferma un sostanziale fallimento rispetto agli obiettivi iniziali di risparmio e performance.<\/p>\n<p><em>\u201cLa ricerca \u2013<\/em> dichiara il presidente di <strong>Upi Toscana Gianni Lorenzetti<\/strong> \u2013 <em>conferma quanto noi amministratori viviamo ogni giorno nei territori: senza risorse e competenze adeguate le Province non sono messe in condizione di svolgere pienamente le loro funzioni, fondamentali per la vita delle comunit\u00e0 locali. Oggi, a dieci anni dalla riforma, \u00e8 evidente che serva un ripensamento serio e condiviso. I cittadini chiedono pi\u00f9 rappresentanza, pi\u00f9 efficienza, pi\u00f9 prossimit\u00e0: e la Provincia, con elezione diretta e un adeguato sostegno economico, pu\u00f2 tornare ad essere quel livello intermedio indispensabile tra Comuni e Regione&#8221;.<\/em><\/p>\n<h3>Gandolfi: &#8220;Restituire alle Province un ruolo chiaro&#8221;<\/h3>\n<p>Il presidente di Upi, Pasquale Gandolfi, ha voluto sottolineare l\u2019urgenza di r<strong>estituire alle Province un ruolo chiaro<\/strong> e funzioni mirate alla programmazione dei servizi sui territori. \u201c<em>Giornate di confronto come quella di oggi, che vede insieme Governo, Regioni, Province e Comuni, sono essenziali per ricostruire quel quadro di sistema istituzionale che \u00e8 stato reso fragile dalla Legge 56\/14. A Governo e Parlamento &#8211;<\/em> ha aggiunto Gandolfi &#8211; <em>chiediamo di portare a termine al pi\u00f9 presto quegli interventi che si possono fare, anche in questa fase della legislatura, per restituire alle Province <strong>funzioni chiare con le risorse necessarie per esercitarle<\/strong>, una governance che assicuri stabilit\u00e0 all\u2019ente e la possibilit\u00e0 di assumere il personale altamente qualificato indispensabile per rafforzare le strutture. Ma noi crediamo che in questo processo possano avere un ruolo fondamentale anche le Regioni e la<strong> proposta di legge regionale che presentiamo oggi<\/strong> ha l\u2019obiettivo di aprire sui territori tavoli di confronto per rivedere le leggi regionali che dieci anni fa hanno dovuto dare attuazione alla Legge 56\/14. Ci sono funzioni che sono di livello provinciale perch\u00e9 solo a quel livello possono offrire servizi efficienti ottimizzando al meglio le risorse a disposizione\u201d.<\/em><\/p>\n<h3>Giani: dare poteri a Province ed elezione diretta presidente<\/h3>\n<p><em>&#8220;Ritengo che sia a questo punto necessario che lo Stato doti nuovamente le Province di poteri, e contemporaneamente legittimi la figura del presidente della Provincia con l&#8217;elezione diretta&#8221;<\/em> ha detto il<strong> presidente della Regione Toscana Eugenio Giani a margine dell&#8217;assemblea di Upi Toscana.<\/strong><br \/>\nLa riforma Delrio, ha ricordato Giani, &#8220;<em>era il presupposto per sciogliere le Province, perch\u00e9 allora si pensava al referendum costituzionale del 2016 che per\u00f2 inaspettatamente fu bocciato dai cittadini, quindi la parola Provincia \u00e8 rimasta nella Carta costituzionale. Le Province, che erano state prosciugate di personale e di poteri, rimasero sostanzialmente con una forte diminuzione del loro ruolo, e quindi quella che viene chiamata riforma in realt\u00e0 \u00e8 una non riforma, \u00e8 un depauperamento e depotenziamento delle Province. Visto che i cittadini hanno voluto che le Province rimanessero nella Carta costituzionale, bisogna ridare loro il ruolo che hanno da un punto di vista costituzionale&#8221;.<\/em><\/p>\n<p><strong>La proposta di legge regionale sul riordino delle funzioni<\/strong> avanzata da Upi Toscana in occasione dell&#8217;assemblea, ha concluso Giani, &#8220;mi sembra che sia una buona base di discussione per i partiti in fase elettorale e per la prossima legislatura&#8221;.<\/p>\n","protected":false},"excerpt":{"rendered":"<p>All\u2019assemblea generale dell\u2019Unione delle Province Toscane il presidente di Upi Pasquale Gandolfi ha chiesto di restituire alle Province un ruolo chiaro e funzioni mirate alla programmazione dei servizi sui territori<\/p>\n","protected":false},"author":525,"featured_media":389247,"comment_status":"open","ping_status":"open","sticky":false,"template":"","format":"standard","meta":{"_acf_changed":false,"footnotes":""},"categories":[494],"tags":[202,4755],"class_list":["post-389224","post","type-post","status-publish","format-standard","has-post-thumbnail","hentry","category-attualita","tag-firenze","tag-istituzioni"],"acf":[],"yoast_head":"<!-- This site is optimized with the Yoast SEO Premium plugin v24.2 (Yoast SEO v25.6) - https:\/\/yoast.com\/wordpress\/plugins\/seo\/ -->\n<title>Il futuro delle Province dieci anni dopo la riforma Delrio: per il 52% dei toscani fu un errore - intoscana<\/title>\n<meta name=\"robots\" content=\"index, follow, max-snippet:-1, max-image-preview:large, max-video-preview:-1\" \/>\n<link rel=\"canonical\" href=\"https:\/\/www.intoscana.it\/it\/il-futuro-delle-province-dieci-anni-dopo-la-riforma-delrio-per-il-52-dei-toscani-fu-un-errore\/\" \/>\n<meta property=\"og:locale\" content=\"it_IT\" \/>\n<meta property=\"og:type\" content=\"article\" \/>\n<meta property=\"og:title\" content=\"Il futuro delle Province dieci anni dopo la riforma Delrio: per il 52% dei toscani fu un errore\" \/>\n<meta property=\"og:description\" content=\"All\u2019assemblea generale dell\u2019Unione delle Province Toscane il presidente di Upi Pasquale Gandolfi ha chiesto di restituire alle Province un ruolo chiaro e funzioni mirate alla programmazione dei servizi sui territori\" \/>\n<meta property=\"og:url\" content=\"https:\/\/www.intoscana.it\/it\/il-futuro-delle-province-dieci-anni-dopo-la-riforma-delrio-per-il-52-dei-toscani-fu-un-errore\/\" \/>\n<meta property=\"og:site_name\" content=\"intoscana\" \/>\n<meta property=\"article:publisher\" content=\"https:\/\/www.facebook.com\/intoscana.it\" \/>\n<meta property=\"article:published_time\" content=\"2025-06-16T13:17:20+00:00\" \/>\n<meta property=\"og:image\" content=\"https:\/\/www.intoscana.it\/wp-content\/uploads\/Assemblea-Upi-Toscana2.jpeg\" \/>\n\t<meta property=\"og:image:width\" content=\"2048\" \/>\n\t<meta property=\"og:image:height\" content=\"1536\" \/>\n\t<meta property=\"og:image:type\" content=\"image\/jpeg\" \/>\n<meta name=\"author\" content=\"Redazione\" \/>\n<meta name=\"twitter:card\" content=\"summary_large_image\" \/>\n<meta name=\"twitter:creator\" content=\"@intoscana\" \/>\n<meta name=\"twitter:site\" content=\"@intoscana\" \/>\n<meta name=\"twitter:label1\" content=\"Written by\" \/>\n\t<meta name=\"twitter:data1\" content=\"Redazione\" \/>\n\t<meta name=\"twitter:label2\" content=\"Est. reading time\" \/>\n\t<meta name=\"twitter:data2\" content=\"4 minuti\" \/>\n<script type=\"application\/ld+json\" class=\"yoast-schema-graph\">{\"@context\":\"https:\/\/schema.org\",\"@graph\":[{\"@type\":\"WebPage\",\"@id\":\"https:\/\/www.intoscana.it\/it\/il-futuro-delle-province-dieci-anni-dopo-la-riforma-delrio-per-il-52-dei-toscani-fu-un-errore\/\",\"url\":\"https:\/\/www.intoscana.it\/it\/il-futuro-delle-province-dieci-anni-dopo-la-riforma-delrio-per-il-52-dei-toscani-fu-un-errore\/\",\"name\":\"Il futuro delle Province dieci anni dopo la riforma Delrio: per il 52% dei toscani fu un errore - intoscana\",\"isPartOf\":{\"@id\":\"https:\/\/www.intoscana.it\/it\/#website\"},\"primaryImageOfPage\":{\"@id\":\"https:\/\/www.intoscana.it\/it\/il-futuro-delle-province-dieci-anni-dopo-la-riforma-delrio-per-il-52-dei-toscani-fu-un-errore\/#primaryimage\"},\"image\":{\"@id\":\"https:\/\/www.intoscana.it\/it\/il-futuro-delle-province-dieci-anni-dopo-la-riforma-delrio-per-il-52-dei-toscani-fu-un-errore\/#primaryimage\"},\"thumbnailUrl\":\"https:\/\/www.intoscana.it\/wp-content\/uploads\/Assemblea-Upi-Toscana2.jpeg\",\"datePublished\":\"2025-06-16T13:17:20+00:00\",\"author\":{\"@id\":\"https:\/\/www.intoscana.it\/it\/#\/schema\/person\/9223810753230f20bd670fdd322661f8\"},\"breadcrumb\":{\"@id\":\"https:\/\/www.intoscana.it\/it\/il-futuro-delle-province-dieci-anni-dopo-la-riforma-delrio-per-il-52-dei-toscani-fu-un-errore\/#breadcrumb\"},\"inLanguage\":\"it-IT\",\"potentialAction\":[{\"@type\":\"ReadAction\",\"target\":[\"https:\/\/www.intoscana.it\/it\/il-futuro-delle-province-dieci-anni-dopo-la-riforma-delrio-per-il-52-dei-toscani-fu-un-errore\/\"]}]},{\"@type\":\"ImageObject\",\"inLanguage\":\"it-IT\",\"@id\":\"https:\/\/www.intoscana.it\/it\/il-futuro-delle-province-dieci-anni-dopo-la-riforma-delrio-per-il-52-dei-toscani-fu-un-errore\/#primaryimage\",\"url\":\"https:\/\/www.intoscana.it\/wp-content\/uploads\/Assemblea-Upi-Toscana2.jpeg\",\"contentUrl\":\"https:\/\/www.intoscana.it\/wp-content\/uploads\/Assemblea-Upi-Toscana2.jpeg\",\"width\":2048,\"height\":1536},{\"@type\":\"BreadcrumbList\",\"@id\":\"https:\/\/www.intoscana.it\/it\/il-futuro-delle-province-dieci-anni-dopo-la-riforma-delrio-per-il-52-dei-toscani-fu-un-errore\/#breadcrumb\",\"itemListElement\":[{\"@type\":\"ListItem\",\"position\":1,\"name\":\"Home\",\"item\":\"https:\/\/www.intoscana.it\/it\/\"},{\"@type\":\"ListItem\",\"position\":2,\"name\":\"Il futuro delle Province dieci anni dopo la riforma Delrio: per il 52% dei toscani fu un errore\"}]},{\"@type\":\"WebSite\",\"@id\":\"https:\/\/www.intoscana.it\/it\/#website\",\"url\":\"https:\/\/www.intoscana.it\/it\/\",\"name\":\"intoscana\",\"description\":\"\",\"potentialAction\":[{\"@type\":\"SearchAction\",\"target\":{\"@type\":\"EntryPoint\",\"urlTemplate\":\"https:\/\/www.intoscana.it\/it\/?s={search_term_string}\"},\"query-input\":{\"@type\":\"PropertyValueSpecification\",\"valueRequired\":true,\"valueName\":\"search_term_string\"}}],\"inLanguage\":\"it-IT\"},{\"@type\":\"Person\",\"@id\":\"https:\/\/www.intoscana.it\/it\/#\/schema\/person\/9223810753230f20bd670fdd322661f8\",\"name\":\"Redazione\",\"url\":\"https:\/\/www.intoscana.it\/it\/author\/redazione\/\"}]}<\/script>\n<!-- \/ Yoast SEO Premium plugin. -->","yoast_head_json":{"title":"Il futuro delle Province dieci anni dopo la riforma Delrio: per il 52% dei toscani fu un errore - intoscana","robots":{"index":"index","follow":"follow","max-snippet":"max-snippet:-1","max-image-preview":"max-image-preview:large","max-video-preview":"max-video-preview:-1"},"canonical":"https:\/\/www.intoscana.it\/it\/il-futuro-delle-province-dieci-anni-dopo-la-riforma-delrio-per-il-52-dei-toscani-fu-un-errore\/","og_locale":"it_IT","og_type":"article","og_title":"Il futuro delle Province dieci anni dopo la riforma Delrio: per il 52% dei toscani fu un errore","og_description":"All\u2019assemblea generale dell\u2019Unione delle Province Toscane il presidente di Upi Pasquale Gandolfi ha chiesto di restituire alle Province un ruolo chiaro e funzioni mirate alla programmazione dei servizi sui territori","og_url":"https:\/\/www.intoscana.it\/it\/il-futuro-delle-province-dieci-anni-dopo-la-riforma-delrio-per-il-52-dei-toscani-fu-un-errore\/","og_site_name":"intoscana","article_publisher":"https:\/\/www.facebook.com\/intoscana.it","article_published_time":"2025-06-16T13:17:20+00:00","og_image":[{"width":2048,"height":1536,"url":"https:\/\/www.intoscana.it\/wp-content\/uploads\/Assemblea-Upi-Toscana2.jpeg","type":"image\/jpeg"}],"author":"Redazione","twitter_card":"summary_large_image","twitter_creator":"@intoscana","twitter_site":"@intoscana","twitter_misc":{"Written by":"Redazione","Est. reading time":"4 minuti"},"schema":{"@context":"https:\/\/schema.org","@graph":[{"@type":"WebPage","@id":"https:\/\/www.intoscana.it\/it\/il-futuro-delle-province-dieci-anni-dopo-la-riforma-delrio-per-il-52-dei-toscani-fu-un-errore\/","url":"https:\/\/www.intoscana.it\/it\/il-futuro-delle-province-dieci-anni-dopo-la-riforma-delrio-per-il-52-dei-toscani-fu-un-errore\/","name":"Il futuro delle Province dieci anni dopo la riforma Delrio: per il 52% dei toscani fu un errore - intoscana","isPartOf":{"@id":"https:\/\/www.intoscana.it\/it\/#website"},"primaryImageOfPage":{"@id":"https:\/\/www.intoscana.it\/it\/il-futuro-delle-province-dieci-anni-dopo-la-riforma-delrio-per-il-52-dei-toscani-fu-un-errore\/#primaryimage"},"image":{"@id":"https:\/\/www.intoscana.it\/it\/il-futuro-delle-province-dieci-anni-dopo-la-riforma-delrio-per-il-52-dei-toscani-fu-un-errore\/#primaryimage"},"thumbnailUrl":"https:\/\/www.intoscana.it\/wp-content\/uploads\/Assemblea-Upi-Toscana2.jpeg","datePublished":"2025-06-16T13:17:20+00:00","author":{"@id":"https:\/\/www.intoscana.it\/it\/#\/schema\/person\/9223810753230f20bd670fdd322661f8"},"breadcrumb":{"@id":"https:\/\/www.intoscana.it\/it\/il-futuro-delle-province-dieci-anni-dopo-la-riforma-delrio-per-il-52-dei-toscani-fu-un-errore\/#breadcrumb"},"inLanguage":"it-IT","potentialAction":[{"@type":"ReadAction","target":["https:\/\/www.intoscana.it\/it\/il-futuro-delle-province-dieci-anni-dopo-la-riforma-delrio-per-il-52-dei-toscani-fu-un-errore\/"]}]},{"@type":"ImageObject","inLanguage":"it-IT","@id":"https:\/\/www.intoscana.it\/it\/il-futuro-delle-province-dieci-anni-dopo-la-riforma-delrio-per-il-52-dei-toscani-fu-un-errore\/#primaryimage","url":"https:\/\/www.intoscana.it\/wp-content\/uploads\/Assemblea-Upi-Toscana2.jpeg","contentUrl":"https:\/\/www.intoscana.it\/wp-content\/uploads\/Assemblea-Upi-Toscana2.jpeg","width":2048,"height":1536},{"@type":"BreadcrumbList","@id":"https:\/\/www.intoscana.it\/it\/il-futuro-delle-province-dieci-anni-dopo-la-riforma-delrio-per-il-52-dei-toscani-fu-un-errore\/#breadcrumb","itemListElement":[{"@type":"ListItem","position":1,"name":"Home","item":"https:\/\/www.intoscana.it\/it\/"},{"@type":"ListItem","position":2,"name":"Il futuro delle Province dieci anni dopo la riforma Delrio: per il 52% dei toscani fu un errore"}]},{"@type":"WebSite","@id":"https:\/\/www.intoscana.it\/it\/#website","url":"https:\/\/www.intoscana.it\/it\/","name":"intoscana","description":"","potentialAction":[{"@type":"SearchAction","target":{"@type":"EntryPoint","urlTemplate":"https:\/\/www.intoscana.it\/it\/?s={search_term_string}"},"query-input":{"@type":"PropertyValueSpecification","valueRequired":true,"valueName":"search_term_string"}}],"inLanguage":"it-IT"},{"@type":"Person","@id":"https:\/\/www.intoscana.it\/it\/#\/schema\/person\/9223810753230f20bd670fdd322661f8","name":"Redazione","url":"https:\/\/www.intoscana.it\/it\/author\/redazione\/"}]}},"_links":{"self":[{"href":"https:\/\/www.intoscana.it\/it\/wp-json\/wp\/v2\/posts\/389224","targetHints":{"allow":["GET"]}}],"collection":[{"href":"https:\/\/www.intoscana.it\/it\/wp-json\/wp\/v2\/posts"}],"about":[{"href":"https:\/\/www.intoscana.it\/it\/wp-json\/wp\/v2\/types\/post"}],"author":[{"embeddable":true,"href":"https:\/\/www.intoscana.it\/it\/wp-json\/wp\/v2\/users\/525"}],"replies":[{"embeddable":true,"href":"https:\/\/www.intoscana.it\/it\/wp-json\/wp\/v2\/comments?post=389224"}],"version-history":[{"count":6,"href":"https:\/\/www.intoscana.it\/it\/wp-json\/wp\/v2\/posts\/389224\/revisions"}],"predecessor-version":[{"id":389256,"href":"https:\/\/www.intoscana.it\/it\/wp-json\/wp\/v2\/posts\/389224\/revisions\/389256"}],"wp:featuredmedia":[{"embeddable":true,"href":"https:\/\/www.intoscana.it\/it\/wp-json\/wp\/v2\/media\/389247"}],"wp:attachment":[{"href":"https:\/\/www.intoscana.it\/it\/wp-json\/wp\/v2\/media?parent=389224"}],"wp:term":[{"taxonomy":"category","embeddable":true,"href":"https:\/\/www.intoscana.it\/it\/wp-json\/wp\/v2\/categories?post=389224"},{"taxonomy":"post_tag","embeddable":true,"href":"https:\/\/www.intoscana.it\/it\/wp-json\/wp\/v2\/tags?post=389224"}],"curies":[{"name":"wp","href":"https:\/\/api.w.org\/{rel}","templated":true}]}}