{"id":389268,"date":"2025-06-16T15:52:56","date_gmt":"2025-06-16T13:52:56","guid":{"rendered":"https:\/\/www.intoscana.it\/it\/?p=389268"},"modified":"2025-06-16T15:52:56","modified_gmt":"2025-06-16T13:52:56","slug":"meno-rischio-in-toscana-chiuso-il-percorso-regionale-su-frane-e-alluvioni","status":"publish","type":"post","link":"https:\/\/www.intoscana.it\/it\/meno-rischio-in-toscana-chiuso-il-percorso-regionale-su-frane-e-alluvioni\/","title":{"rendered":"Meno rischio in Toscana, chiuso il percorso regionale su frane e alluvioni"},"content":{"rendered":"<p>Un percorso partecipato, formativo e innovativo per affrontare con nuovi strumenti le sfide poste dai cambiamenti climatici e dal dissesto idrogeologico. Si \u00e8 concluso oggi al Cinema della Compagnia di Firenze <em>\u201c<strong>Meno rischio in Toscana<\/strong> \u2013 Nuove soluzioni contro alluvioni e frane\u201d<\/em>, il progetto regionale nato per rafforzare la cultura della prevenzione e della gestione del rischio idraulico e idrogeologico sul territorio.<\/p>\n<p>Il cammino, iniziato a marzo al Teatro Politeama di Prato, ha coinvolto enti locali, professionisti, associazioni di categoria, studenti e cittadini attraverso un ciclo di otto webinar tematici che hanno registrato una media di circa 900 partecipanti per ciascun incontro. Un segnale forte dell\u2019interesse diffuso e della consapevolezza crescente verso temi che, complice la crisi climatica, riguardano ormai la quotidianit\u00e0 di tutti.<\/p>\n<p>Durante l\u2019evento sono stati consegnati gli attestati ai soggetti che hanno completato il percorso formativo, diventando ufficialmente \u201centi formati\u201d sui temi del rischio idraulico e da frana. Riconoscimenti anche per i membri del Comitato Scientifico, istituito in seguito agli eventi alluvionali del novembre 2023.<\/p>\n<p>A prendere parte alla giornata conclusiva sono stati il presidente della Regione Toscana <strong>Eugenio Giani<\/strong>, l\u2019assessora alla protezione civile, difesa del suolo e ambiente <strong>Monia Monni<\/strong>, e il presidente del Consiglio regionale <strong>Antonio Mazzeo<\/strong>, insieme ai rappresentanti di <strong>ANCI, UPI e ANBI Toscana<\/strong>, della rete del volontariato e delle professioni tecniche.<\/p>\n<p>\u201c<em>Solo pochi anni fa le opere di difesa del suolo erano considerate secondarie, oggi sono in cima alle priorit\u00e0 grazie a una sensibilizzazione crescente<\/em> \u2013 ha sottolineato Giani \u2013. <em>La partecipazione cos\u00ec ampia a questo percorso dimostra che \u00e8 possibile costruire dal basso una nuova cultura della prevenzione. Ecco perch\u00e9 porteremo avanti la legge per istituire i Piani di Adattamento ai Cambiamenti Climatici in ogni Comune<\/em>\u201d.<\/p>\n<p>Sulla stessa linea l\u2019assessora Monni, che ha evidenziato la necessit\u00e0 di superare la logica della \u201csicurezza idraulica assoluta\u201d. \u201c<em>Il rischio zero non esiste<\/em> \u2013 ha detto \u2013. <em>L\u2019acqua va governata anche quando esce dagli argini. Per questo stiamo introducendo il concetto di \u2018aree a rischio non mappabile\u2019 e proporremo modifiche alle leggi regionali 65 e 41 per rendere pi\u00f9 efficaci gli strumenti di governo del territorio e prevenzione<\/em>\u201d.<\/p>\n<p>Mazzeo ha invece sottolineato il valore democratico della protezione civile. \u201c<em>Non \u00e8 materia solo per tecnici<\/em> \u2013 ha detto \u2013. <em>Riguarda tutti noi, dalle famiglie agli studenti, dai volontari agli amministratori. E oggi i cittadini toscani si sentono pi\u00f9 sicuri anche grazie a un sistema tra i pi\u00f9 avanzati d\u2019Europa<\/em>\u201d.<\/p>\n<p>Protagonisti del progetto anche gli studenti di <strong>14 scuole toscane<\/strong>, che si sono sfidati nella creazione del nuovo logo ufficiale del progetto. A vincere \u00e8 stato <strong>l\u2019istituto F. Enriques di Castelfiorentino<\/strong>. Premi anche per le scuole seconde e terze classificate, sia primarie che secondarie. Un modo per coinvolgere le giovani generazioni e renderle parte attiva nella costruzione di un futuro pi\u00f9 sicuro e consapevole.<\/p>\n","protected":false},"excerpt":{"rendered":"<p>Oltre 900 partecipanti ai webinar, studenti protagonisti con il concorso per il logo<\/p>\n","protected":false},"author":525,"featured_media":389270,"comment_status":"open","ping_status":"open","sticky":false,"template":"","format":"standard","meta":{"_acf_changed":false,"footnotes":""},"categories":[494],"tags":[158,5232,3471],"class_list":["post-389268","post","type-post","status-publish","format-standard","has-post-thumbnail","hentry","category-attualita","tag-eugenio-giani","tag-monia-monni","tag-protezione-civile"],"acf":[],"yoast_head":"<!-- This site is optimized with the Yoast SEO Premium plugin v24.2 (Yoast SEO v25.6) - https:\/\/yoast.com\/wordpress\/plugins\/seo\/ -->\n<title>Meno rischio in Toscana, chiuso il percorso regionale su frane e alluvioni - intoscana<\/title>\n<meta name=\"robots\" content=\"index, follow, max-snippet:-1, max-image-preview:large, max-video-preview:-1\" \/>\n<link rel=\"canonical\" href=\"https:\/\/www.intoscana.it\/it\/meno-rischio-in-toscana-chiuso-il-percorso-regionale-su-frane-e-alluvioni\/\" \/>\n<meta property=\"og:locale\" content=\"it_IT\" \/>\n<meta property=\"og:type\" content=\"article\" \/>\n<meta property=\"og:title\" content=\"Meno rischio in Toscana, chiuso il percorso regionale su frane e alluvioni\" \/>\n<meta property=\"og:description\" content=\"Oltre 900 partecipanti ai webinar, studenti protagonisti con il concorso per il logo\" \/>\n<meta property=\"og:url\" content=\"https:\/\/www.intoscana.it\/it\/meno-rischio-in-toscana-chiuso-il-percorso-regionale-su-frane-e-alluvioni\/\" \/>\n<meta property=\"og:site_name\" content=\"intoscana\" \/>\n<meta property=\"article:publisher\" content=\"https:\/\/www.facebook.com\/intoscana.it\" \/>\n<meta property=\"article:published_time\" content=\"2025-06-16T13:52:56+00:00\" \/>\n<meta property=\"og:image\" content=\"https:\/\/www.intoscana.it\/wp-content\/uploads\/meno-rischio-in-toscana-1-1-scaled.jpg\" \/>\n\t<meta property=\"og:image:width\" content=\"2048\" \/>\n\t<meta property=\"og:image:height\" content=\"1365\" \/>\n\t<meta property=\"og:image:type\" content=\"image\/jpeg\" \/>\n<meta name=\"author\" content=\"Redazione\" \/>\n<meta name=\"twitter:card\" content=\"summary_large_image\" \/>\n<meta name=\"twitter:creator\" content=\"@intoscana\" \/>\n<meta name=\"twitter:site\" content=\"@intoscana\" \/>\n<meta name=\"twitter:label1\" content=\"Written by\" \/>\n\t<meta name=\"twitter:data1\" content=\"Redazione\" \/>\n\t<meta name=\"twitter:label2\" content=\"Est. reading time\" \/>\n\t<meta name=\"twitter:data2\" content=\"3 minuti\" \/>\n<script type=\"application\/ld+json\" class=\"yoast-schema-graph\">{\"@context\":\"https:\/\/schema.org\",\"@graph\":[{\"@type\":\"WebPage\",\"@id\":\"https:\/\/www.intoscana.it\/it\/meno-rischio-in-toscana-chiuso-il-percorso-regionale-su-frane-e-alluvioni\/\",\"url\":\"https:\/\/www.intoscana.it\/it\/meno-rischio-in-toscana-chiuso-il-percorso-regionale-su-frane-e-alluvioni\/\",\"name\":\"Meno rischio in Toscana, chiuso il percorso regionale su frane e alluvioni - intoscana\",\"isPartOf\":{\"@id\":\"https:\/\/www.intoscana.it\/it\/#website\"},\"primaryImageOfPage\":{\"@id\":\"https:\/\/www.intoscana.it\/it\/meno-rischio-in-toscana-chiuso-il-percorso-regionale-su-frane-e-alluvioni\/#primaryimage\"},\"image\":{\"@id\":\"https:\/\/www.intoscana.it\/it\/meno-rischio-in-toscana-chiuso-il-percorso-regionale-su-frane-e-alluvioni\/#primaryimage\"},\"thumbnailUrl\":\"https:\/\/www.intoscana.it\/wp-content\/uploads\/meno-rischio-in-toscana-1-1-scaled.jpg\",\"datePublished\":\"2025-06-16T13:52:56+00:00\",\"author\":{\"@id\":\"https:\/\/www.intoscana.it\/it\/#\/schema\/person\/9223810753230f20bd670fdd322661f8\"},\"breadcrumb\":{\"@id\":\"https:\/\/www.intoscana.it\/it\/meno-rischio-in-toscana-chiuso-il-percorso-regionale-su-frane-e-alluvioni\/#breadcrumb\"},\"inLanguage\":\"it-IT\",\"potentialAction\":[{\"@type\":\"ReadAction\",\"target\":[\"https:\/\/www.intoscana.it\/it\/meno-rischio-in-toscana-chiuso-il-percorso-regionale-su-frane-e-alluvioni\/\"]}]},{\"@type\":\"ImageObject\",\"inLanguage\":\"it-IT\",\"@id\":\"https:\/\/www.intoscana.it\/it\/meno-rischio-in-toscana-chiuso-il-percorso-regionale-su-frane-e-alluvioni\/#primaryimage\",\"url\":\"https:\/\/www.intoscana.it\/wp-content\/uploads\/meno-rischio-in-toscana-1-1-scaled.jpg\",\"contentUrl\":\"https:\/\/www.intoscana.it\/wp-content\/uploads\/meno-rischio-in-toscana-1-1-scaled.jpg\",\"width\":2048,\"height\":1365},{\"@type\":\"BreadcrumbList\",\"@id\":\"https:\/\/www.intoscana.it\/it\/meno-rischio-in-toscana-chiuso-il-percorso-regionale-su-frane-e-alluvioni\/#breadcrumb\",\"itemListElement\":[{\"@type\":\"ListItem\",\"position\":1,\"name\":\"Home\",\"item\":\"https:\/\/www.intoscana.it\/it\/\"},{\"@type\":\"ListItem\",\"position\":2,\"name\":\"Meno rischio in Toscana, chiuso il percorso regionale su frane e alluvioni\"}]},{\"@type\":\"WebSite\",\"@id\":\"https:\/\/www.intoscana.it\/it\/#website\",\"url\":\"https:\/\/www.intoscana.it\/it\/\",\"name\":\"intoscana\",\"description\":\"\",\"potentialAction\":[{\"@type\":\"SearchAction\",\"target\":{\"@type\":\"EntryPoint\",\"urlTemplate\":\"https:\/\/www.intoscana.it\/it\/?s={search_term_string}\"},\"query-input\":{\"@type\":\"PropertyValueSpecification\",\"valueRequired\":true,\"valueName\":\"search_term_string\"}}],\"inLanguage\":\"it-IT\"},{\"@type\":\"Person\",\"@id\":\"https:\/\/www.intoscana.it\/it\/#\/schema\/person\/9223810753230f20bd670fdd322661f8\",\"name\":\"Redazione\",\"url\":\"https:\/\/www.intoscana.it\/it\/author\/redazione\/\"}]}<\/script>\n<!-- \/ Yoast SEO Premium plugin. -->","yoast_head_json":{"title":"Meno rischio in Toscana, chiuso il percorso regionale su frane e alluvioni - intoscana","robots":{"index":"index","follow":"follow","max-snippet":"max-snippet:-1","max-image-preview":"max-image-preview:large","max-video-preview":"max-video-preview:-1"},"canonical":"https:\/\/www.intoscana.it\/it\/meno-rischio-in-toscana-chiuso-il-percorso-regionale-su-frane-e-alluvioni\/","og_locale":"it_IT","og_type":"article","og_title":"Meno rischio in Toscana, chiuso il percorso regionale su frane e alluvioni","og_description":"Oltre 900 partecipanti ai webinar, studenti protagonisti con il concorso per il logo","og_url":"https:\/\/www.intoscana.it\/it\/meno-rischio-in-toscana-chiuso-il-percorso-regionale-su-frane-e-alluvioni\/","og_site_name":"intoscana","article_publisher":"https:\/\/www.facebook.com\/intoscana.it","article_published_time":"2025-06-16T13:52:56+00:00","og_image":[{"width":2048,"height":1365,"url":"https:\/\/www.intoscana.it\/wp-content\/uploads\/meno-rischio-in-toscana-1-1-scaled.jpg","type":"image\/jpeg"}],"author":"Redazione","twitter_card":"summary_large_image","twitter_creator":"@intoscana","twitter_site":"@intoscana","twitter_misc":{"Written by":"Redazione","Est. reading time":"3 minuti"},"schema":{"@context":"https:\/\/schema.org","@graph":[{"@type":"WebPage","@id":"https:\/\/www.intoscana.it\/it\/meno-rischio-in-toscana-chiuso-il-percorso-regionale-su-frane-e-alluvioni\/","url":"https:\/\/www.intoscana.it\/it\/meno-rischio-in-toscana-chiuso-il-percorso-regionale-su-frane-e-alluvioni\/","name":"Meno rischio in Toscana, chiuso il percorso regionale su frane e alluvioni - intoscana","isPartOf":{"@id":"https:\/\/www.intoscana.it\/it\/#website"},"primaryImageOfPage":{"@id":"https:\/\/www.intoscana.it\/it\/meno-rischio-in-toscana-chiuso-il-percorso-regionale-su-frane-e-alluvioni\/#primaryimage"},"image":{"@id":"https:\/\/www.intoscana.it\/it\/meno-rischio-in-toscana-chiuso-il-percorso-regionale-su-frane-e-alluvioni\/#primaryimage"},"thumbnailUrl":"https:\/\/www.intoscana.it\/wp-content\/uploads\/meno-rischio-in-toscana-1-1-scaled.jpg","datePublished":"2025-06-16T13:52:56+00:00","author":{"@id":"https:\/\/www.intoscana.it\/it\/#\/schema\/person\/9223810753230f20bd670fdd322661f8"},"breadcrumb":{"@id":"https:\/\/www.intoscana.it\/it\/meno-rischio-in-toscana-chiuso-il-percorso-regionale-su-frane-e-alluvioni\/#breadcrumb"},"inLanguage":"it-IT","potentialAction":[{"@type":"ReadAction","target":["https:\/\/www.intoscana.it\/it\/meno-rischio-in-toscana-chiuso-il-percorso-regionale-su-frane-e-alluvioni\/"]}]},{"@type":"ImageObject","inLanguage":"it-IT","@id":"https:\/\/www.intoscana.it\/it\/meno-rischio-in-toscana-chiuso-il-percorso-regionale-su-frane-e-alluvioni\/#primaryimage","url":"https:\/\/www.intoscana.it\/wp-content\/uploads\/meno-rischio-in-toscana-1-1-scaled.jpg","contentUrl":"https:\/\/www.intoscana.it\/wp-content\/uploads\/meno-rischio-in-toscana-1-1-scaled.jpg","width":2048,"height":1365},{"@type":"BreadcrumbList","@id":"https:\/\/www.intoscana.it\/it\/meno-rischio-in-toscana-chiuso-il-percorso-regionale-su-frane-e-alluvioni\/#breadcrumb","itemListElement":[{"@type":"ListItem","position":1,"name":"Home","item":"https:\/\/www.intoscana.it\/it\/"},{"@type":"ListItem","position":2,"name":"Meno rischio in Toscana, chiuso il percorso regionale su frane e alluvioni"}]},{"@type":"WebSite","@id":"https:\/\/www.intoscana.it\/it\/#website","url":"https:\/\/www.intoscana.it\/it\/","name":"intoscana","description":"","potentialAction":[{"@type":"SearchAction","target":{"@type":"EntryPoint","urlTemplate":"https:\/\/www.intoscana.it\/it\/?s={search_term_string}"},"query-input":{"@type":"PropertyValueSpecification","valueRequired":true,"valueName":"search_term_string"}}],"inLanguage":"it-IT"},{"@type":"Person","@id":"https:\/\/www.intoscana.it\/it\/#\/schema\/person\/9223810753230f20bd670fdd322661f8","name":"Redazione","url":"https:\/\/www.intoscana.it\/it\/author\/redazione\/"}]}},"_links":{"self":[{"href":"https:\/\/www.intoscana.it\/it\/wp-json\/wp\/v2\/posts\/389268","targetHints":{"allow":["GET"]}}],"collection":[{"href":"https:\/\/www.intoscana.it\/it\/wp-json\/wp\/v2\/posts"}],"about":[{"href":"https:\/\/www.intoscana.it\/it\/wp-json\/wp\/v2\/types\/post"}],"author":[{"embeddable":true,"href":"https:\/\/www.intoscana.it\/it\/wp-json\/wp\/v2\/users\/525"}],"replies":[{"embeddable":true,"href":"https:\/\/www.intoscana.it\/it\/wp-json\/wp\/v2\/comments?post=389268"}],"version-history":[{"count":1,"href":"https:\/\/www.intoscana.it\/it\/wp-json\/wp\/v2\/posts\/389268\/revisions"}],"predecessor-version":[{"id":389271,"href":"https:\/\/www.intoscana.it\/it\/wp-json\/wp\/v2\/posts\/389268\/revisions\/389271"}],"wp:featuredmedia":[{"embeddable":true,"href":"https:\/\/www.intoscana.it\/it\/wp-json\/wp\/v2\/media\/389270"}],"wp:attachment":[{"href":"https:\/\/www.intoscana.it\/it\/wp-json\/wp\/v2\/media?parent=389268"}],"wp:term":[{"taxonomy":"category","embeddable":true,"href":"https:\/\/www.intoscana.it\/it\/wp-json\/wp\/v2\/categories?post=389268"},{"taxonomy":"post_tag","embeddable":true,"href":"https:\/\/www.intoscana.it\/it\/wp-json\/wp\/v2\/tags?post=389268"}],"curies":[{"name":"wp","href":"https:\/\/api.w.org\/{rel}","templated":true}]}}