{"id":389500,"date":"2025-06-18T11:33:57","date_gmt":"2025-06-18T09:33:57","guid":{"rendered":"https:\/\/www.intoscana.it\/it\/?p=389500"},"modified":"2025-06-19T10:30:09","modified_gmt":"2025-06-19T08:30:09","slug":"banda-ultra-larga-a-podenzana","status":"publish","type":"post","link":"https:\/\/www.intoscana.it\/it\/banda-ultra-larga-a-podenzana\/","title":{"rendered":"La banda ultra larga arriva a Podenzana: connesse 870 abitazioni"},"content":{"rendered":"<p>La <strong>banda ultra larga <\/strong>\u00e8 attiva<strong> a Podenzana,<\/strong> in provincia di Massa Carrara, e chi lo desidera pu\u00f2 richiedere la connessione a un servizio che permetter\u00e0 di navigare in modalit\u00e0 Ftth (Fiber to the home) cio\u00e8 con la fibra ottica che entrer\u00e0 direttamente nelle case, nelle aziende e nelle attivit\u00e0 del territorio. Open Fiber su richiesta e con il finanziamento della Regione Toscana ha realizzato infatti, nelle cosiddette \u201caree bianche\u201d, oggetto dei bandi Infratel, un\u2019infrastruttura che punta a ridurre il divario digitale.<\/p>\n<h3>Una rete di 27 km in tutto il Comune<\/h3>\n<p>A Podenzana l\u2019azienda ha realizzato <mark>una nuova rete di 27 chilometri che vede al momento 870 unit\u00e0 immobiliari con il servizio gi\u00e0 disponibile per i clienti<\/mark> attraverso un\u2019infrastruttura che rimarr\u00e0 di propriet\u00e0 pubblica e sar\u00e0 gestita in concessione da Open Fiber per 20 anni. Oltre al capoluogo le aree di intervento sono quelle di <strong>Bagni, Calcinara, Meredo, Novegigola, Bocceda, Genicciola, Croce-pianello, Prato, Fogana, Montedivalli, Pagliadiccio, Casa Borsi e Serralta.<\/strong><\/p>\n<p><em>\u201cDa oggi \u2013 <\/em>spiega l\u2019assessore regionale alla digitalizzazione,<strong> Stefano Ciuoffo<\/strong> <em>\u2013 i cittadini delle zone raggiunte da questo servizio, se vorranno farlo hanno la possibilit\u00e0 di chiedere di essere connessi a questa vera e propria <strong>autostrada telematica che permette di navigare a 10 gigabite al secondo<\/strong>, cio\u00e8 ad una velocit\u00e0 finora impensabile. E\u2019 un evidente vantaggio per tutti, studenti, cittadini, esercizi commerciali e imprese che hanno cos\u00ec la possibilit\u00e0 di usufruire del web cos\u00ec come gi\u00e0 fanno gli abitanti delle citt\u00e0 pi\u00f9 grandi della Toscana. A dire il vero molte altre zone pi\u00f9 periferiche sono state gi\u00e0 raggiunte da questo servizio grazie al nostro intenso e massiccio programma di digitalizzazione e riduzione del divario esistente tra le varie aree della nostra regione. Benvenuti quindi ai cittadini, ai c<\/em><em>ommercianti e agli imprenditori di Podenzana che mi auguro scelgano in tanti di usufruire di questa nuova opportunit\u00e0\u201d.<\/em><\/p>\n<h3>Come attivare la rete ultraveloce<\/h3>\n<p><em>&#8220;Grazie alla rete Ftth e al progetto di cablaggio di Open Fiber, oggi Podenzana \u00e8 dotata di una rete ultra broadband in grado di erogare volumi di traffico dati sempre maggiori, consentendo di fare un uso veloce e abilitante dei collegamenti per lo smart working, lo streaming dei contenuti in HD, gli acquisiti online e l\u2019accesso ai servizi da remoto della Pubblica amministrazione&#8221;<\/em> afferma Claudio Cardarelli, Regional Manager Toscana Open Fiber.<\/p>\n<p>Open Fiber non vende servizi in fibra ottica direttamente al cliente finale, ma mette <strong>la sua infrastruttura a disposizione di tutti gli operatori<\/strong> interessati a parit\u00e0 di condizioni. Gli operatori partner stanno gi\u00e0 <strong>commercializzando i servizi sul territorio:<\/strong> gli utenti interessati possono verificare la copertura del proprio indirizzo sul sito <a href=\"http:\/\/openfiber.it\" target=\"_blank\" rel=\"noopener\">openfiber.it,<\/a> contattare uno degli operatori disponibili e scegliere il piano tariffario preferito per iniziare a navigare ad altissima velocit\u00e0. Per eventuali segnalazioni, \u00e8 possibile rivolgersi sempre a Open Fiber attraverso la <a href=\"http:\/\/openfiber.it\/contattaci\/\" target=\"_blank\" rel=\"noopener\">pagina web dedicata<\/a>.<\/p>\n","protected":false},"excerpt":{"rendered":"<p>Grazie al finanziamento della Regione Toscana Open Fiber ha realizzato una nuova rete di 27 km che copre anche le frazioni pi\u00f9 piccole<\/p>\n","protected":false},"author":525,"featured_media":389506,"comment_status":"open","ping_status":"open","sticky":false,"template":"","format":"standard","meta":{"_acf_changed":false,"footnotes":""},"categories":[475],"tags":[6184,6850,151,1639],"class_list":["post-389500","post","type-post","status-publish","format-standard","has-post-thumbnail","hentry","category-innovazione","tag-banda-ultralarga","tag-podenzana","tag-regione-toscana","tag-toscana-digitale"],"acf":[],"yoast_head":"<!-- This site is optimized with the Yoast SEO Premium plugin v24.2 (Yoast SEO v25.6) - https:\/\/yoast.com\/wordpress\/plugins\/seo\/ -->\n<title>La banda ultra larga arriva a Podenzana: connesse 870 abitazioni - intoscana<\/title>\n<meta name=\"robots\" content=\"index, follow, max-snippet:-1, max-image-preview:large, max-video-preview:-1\" \/>\n<link rel=\"canonical\" href=\"https:\/\/www.intoscana.it\/it\/banda-ultra-larga-a-podenzana\/\" \/>\n<meta property=\"og:locale\" content=\"it_IT\" \/>\n<meta property=\"og:type\" content=\"article\" \/>\n<meta property=\"og:title\" content=\"La banda ultra larga arriva a Podenzana: connesse 870 abitazioni\" \/>\n<meta property=\"og:description\" content=\"Grazie al finanziamento della Regione Toscana Open Fiber ha realizzato una nuova rete di 27 km che copre anche le frazioni pi\u00f9 piccole\" \/>\n<meta property=\"og:url\" content=\"https:\/\/www.intoscana.it\/it\/banda-ultra-larga-a-podenzana\/\" \/>\n<meta property=\"og:site_name\" content=\"intoscana\" \/>\n<meta property=\"article:publisher\" content=\"https:\/\/www.facebook.com\/intoscana.it\" \/>\n<meta property=\"article:published_time\" content=\"2025-06-18T09:33:57+00:00\" \/>\n<meta property=\"article:modified_time\" content=\"2025-06-19T08:30:09+00:00\" \/>\n<meta property=\"og:image\" content=\"https:\/\/www.intoscana.it\/wp-content\/uploads\/Montedivalli_Podenzana-panorama.jpg\" \/>\n\t<meta property=\"og:image:width\" content=\"1920\" \/>\n\t<meta property=\"og:image:height\" content=\"1440\" \/>\n\t<meta property=\"og:image:type\" content=\"image\/jpeg\" \/>\n<meta name=\"author\" content=\"Redazione\" \/>\n<meta name=\"twitter:card\" content=\"summary_large_image\" \/>\n<meta name=\"twitter:creator\" content=\"@intoscana\" \/>\n<meta name=\"twitter:site\" content=\"@intoscana\" \/>\n<meta name=\"twitter:label1\" content=\"Written by\" \/>\n\t<meta name=\"twitter:data1\" content=\"Redazione\" \/>\n\t<meta name=\"twitter:label2\" content=\"Est. reading time\" \/>\n\t<meta name=\"twitter:data2\" content=\"3 minuti\" \/>\n<script type=\"application\/ld+json\" class=\"yoast-schema-graph\">{\"@context\":\"https:\/\/schema.org\",\"@graph\":[{\"@type\":\"WebPage\",\"@id\":\"https:\/\/www.intoscana.it\/it\/banda-ultra-larga-a-podenzana\/\",\"url\":\"https:\/\/www.intoscana.it\/it\/banda-ultra-larga-a-podenzana\/\",\"name\":\"La banda ultra larga arriva a Podenzana: connesse 870 abitazioni - intoscana\",\"isPartOf\":{\"@id\":\"https:\/\/www.intoscana.it\/it\/#website\"},\"primaryImageOfPage\":{\"@id\":\"https:\/\/www.intoscana.it\/it\/banda-ultra-larga-a-podenzana\/#primaryimage\"},\"image\":{\"@id\":\"https:\/\/www.intoscana.it\/it\/banda-ultra-larga-a-podenzana\/#primaryimage\"},\"thumbnailUrl\":\"https:\/\/www.intoscana.it\/wp-content\/uploads\/Montedivalli_Podenzana-panorama.jpg\",\"datePublished\":\"2025-06-18T09:33:57+00:00\",\"dateModified\":\"2025-06-19T08:30:09+00:00\",\"author\":{\"@id\":\"https:\/\/www.intoscana.it\/it\/#\/schema\/person\/9223810753230f20bd670fdd322661f8\"},\"breadcrumb\":{\"@id\":\"https:\/\/www.intoscana.it\/it\/banda-ultra-larga-a-podenzana\/#breadcrumb\"},\"inLanguage\":\"it-IT\",\"potentialAction\":[{\"@type\":\"ReadAction\",\"target\":[\"https:\/\/www.intoscana.it\/it\/banda-ultra-larga-a-podenzana\/\"]}]},{\"@type\":\"ImageObject\",\"inLanguage\":\"it-IT\",\"@id\":\"https:\/\/www.intoscana.it\/it\/banda-ultra-larga-a-podenzana\/#primaryimage\",\"url\":\"https:\/\/www.intoscana.it\/wp-content\/uploads\/Montedivalli_Podenzana-panorama.jpg\",\"contentUrl\":\"https:\/\/www.intoscana.it\/wp-content\/uploads\/Montedivalli_Podenzana-panorama.jpg\",\"width\":1920,\"height\":1440,\"caption\":\"Podenzana\"},{\"@type\":\"BreadcrumbList\",\"@id\":\"https:\/\/www.intoscana.it\/it\/banda-ultra-larga-a-podenzana\/#breadcrumb\",\"itemListElement\":[{\"@type\":\"ListItem\",\"position\":1,\"name\":\"Home\",\"item\":\"https:\/\/www.intoscana.it\/it\/\"},{\"@type\":\"ListItem\",\"position\":2,\"name\":\"La banda ultra larga arriva a Podenzana: connesse 870 abitazioni\"}]},{\"@type\":\"WebSite\",\"@id\":\"https:\/\/www.intoscana.it\/it\/#website\",\"url\":\"https:\/\/www.intoscana.it\/it\/\",\"name\":\"intoscana\",\"description\":\"\",\"potentialAction\":[{\"@type\":\"SearchAction\",\"target\":{\"@type\":\"EntryPoint\",\"urlTemplate\":\"https:\/\/www.intoscana.it\/it\/?s={search_term_string}\"},\"query-input\":{\"@type\":\"PropertyValueSpecification\",\"valueRequired\":true,\"valueName\":\"search_term_string\"}}],\"inLanguage\":\"it-IT\"},{\"@type\":\"Person\",\"@id\":\"https:\/\/www.intoscana.it\/it\/#\/schema\/person\/9223810753230f20bd670fdd322661f8\",\"name\":\"Redazione\",\"url\":\"https:\/\/www.intoscana.it\/it\/author\/redazione\/\"}]}<\/script>\n<!-- \/ Yoast SEO Premium plugin. -->","yoast_head_json":{"title":"La banda ultra larga arriva a Podenzana: connesse 870 abitazioni - intoscana","robots":{"index":"index","follow":"follow","max-snippet":"max-snippet:-1","max-image-preview":"max-image-preview:large","max-video-preview":"max-video-preview:-1"},"canonical":"https:\/\/www.intoscana.it\/it\/banda-ultra-larga-a-podenzana\/","og_locale":"it_IT","og_type":"article","og_title":"La banda ultra larga arriva a Podenzana: connesse 870 abitazioni","og_description":"Grazie al finanziamento della Regione Toscana Open Fiber ha realizzato una nuova rete di 27 km che copre anche le frazioni pi\u00f9 piccole","og_url":"https:\/\/www.intoscana.it\/it\/banda-ultra-larga-a-podenzana\/","og_site_name":"intoscana","article_publisher":"https:\/\/www.facebook.com\/intoscana.it","article_published_time":"2025-06-18T09:33:57+00:00","article_modified_time":"2025-06-19T08:30:09+00:00","og_image":[{"width":1920,"height":1440,"url":"https:\/\/www.intoscana.it\/wp-content\/uploads\/Montedivalli_Podenzana-panorama.jpg","type":"image\/jpeg"}],"author":"Redazione","twitter_card":"summary_large_image","twitter_creator":"@intoscana","twitter_site":"@intoscana","twitter_misc":{"Written by":"Redazione","Est. reading time":"3 minuti"},"schema":{"@context":"https:\/\/schema.org","@graph":[{"@type":"WebPage","@id":"https:\/\/www.intoscana.it\/it\/banda-ultra-larga-a-podenzana\/","url":"https:\/\/www.intoscana.it\/it\/banda-ultra-larga-a-podenzana\/","name":"La banda ultra larga arriva a Podenzana: connesse 870 abitazioni - intoscana","isPartOf":{"@id":"https:\/\/www.intoscana.it\/it\/#website"},"primaryImageOfPage":{"@id":"https:\/\/www.intoscana.it\/it\/banda-ultra-larga-a-podenzana\/#primaryimage"},"image":{"@id":"https:\/\/www.intoscana.it\/it\/banda-ultra-larga-a-podenzana\/#primaryimage"},"thumbnailUrl":"https:\/\/www.intoscana.it\/wp-content\/uploads\/Montedivalli_Podenzana-panorama.jpg","datePublished":"2025-06-18T09:33:57+00:00","dateModified":"2025-06-19T08:30:09+00:00","author":{"@id":"https:\/\/www.intoscana.it\/it\/#\/schema\/person\/9223810753230f20bd670fdd322661f8"},"breadcrumb":{"@id":"https:\/\/www.intoscana.it\/it\/banda-ultra-larga-a-podenzana\/#breadcrumb"},"inLanguage":"it-IT","potentialAction":[{"@type":"ReadAction","target":["https:\/\/www.intoscana.it\/it\/banda-ultra-larga-a-podenzana\/"]}]},{"@type":"ImageObject","inLanguage":"it-IT","@id":"https:\/\/www.intoscana.it\/it\/banda-ultra-larga-a-podenzana\/#primaryimage","url":"https:\/\/www.intoscana.it\/wp-content\/uploads\/Montedivalli_Podenzana-panorama.jpg","contentUrl":"https:\/\/www.intoscana.it\/wp-content\/uploads\/Montedivalli_Podenzana-panorama.jpg","width":1920,"height":1440,"caption":"Podenzana"},{"@type":"BreadcrumbList","@id":"https:\/\/www.intoscana.it\/it\/banda-ultra-larga-a-podenzana\/#breadcrumb","itemListElement":[{"@type":"ListItem","position":1,"name":"Home","item":"https:\/\/www.intoscana.it\/it\/"},{"@type":"ListItem","position":2,"name":"La banda ultra larga arriva a Podenzana: connesse 870 abitazioni"}]},{"@type":"WebSite","@id":"https:\/\/www.intoscana.it\/it\/#website","url":"https:\/\/www.intoscana.it\/it\/","name":"intoscana","description":"","potentialAction":[{"@type":"SearchAction","target":{"@type":"EntryPoint","urlTemplate":"https:\/\/www.intoscana.it\/it\/?s={search_term_string}"},"query-input":{"@type":"PropertyValueSpecification","valueRequired":true,"valueName":"search_term_string"}}],"inLanguage":"it-IT"},{"@type":"Person","@id":"https:\/\/www.intoscana.it\/it\/#\/schema\/person\/9223810753230f20bd670fdd322661f8","name":"Redazione","url":"https:\/\/www.intoscana.it\/it\/author\/redazione\/"}]}},"_links":{"self":[{"href":"https:\/\/www.intoscana.it\/it\/wp-json\/wp\/v2\/posts\/389500","targetHints":{"allow":["GET"]}}],"collection":[{"href":"https:\/\/www.intoscana.it\/it\/wp-json\/wp\/v2\/posts"}],"about":[{"href":"https:\/\/www.intoscana.it\/it\/wp-json\/wp\/v2\/types\/post"}],"author":[{"embeddable":true,"href":"https:\/\/www.intoscana.it\/it\/wp-json\/wp\/v2\/users\/525"}],"replies":[{"embeddable":true,"href":"https:\/\/www.intoscana.it\/it\/wp-json\/wp\/v2\/comments?post=389500"}],"version-history":[{"count":5,"href":"https:\/\/www.intoscana.it\/it\/wp-json\/wp\/v2\/posts\/389500\/revisions"}],"predecessor-version":[{"id":389552,"href":"https:\/\/www.intoscana.it\/it\/wp-json\/wp\/v2\/posts\/389500\/revisions\/389552"}],"wp:featuredmedia":[{"embeddable":true,"href":"https:\/\/www.intoscana.it\/it\/wp-json\/wp\/v2\/media\/389506"}],"wp:attachment":[{"href":"https:\/\/www.intoscana.it\/it\/wp-json\/wp\/v2\/media?parent=389500"}],"wp:term":[{"taxonomy":"category","embeddable":true,"href":"https:\/\/www.intoscana.it\/it\/wp-json\/wp\/v2\/categories?post=389500"},{"taxonomy":"post_tag","embeddable":true,"href":"https:\/\/www.intoscana.it\/it\/wp-json\/wp\/v2\/tags?post=389500"}],"curies":[{"name":"wp","href":"https:\/\/api.w.org\/{rel}","templated":true}]}}