{"id":389512,"date":"2025-06-18T12:57:16","date_gmt":"2025-06-18T10:57:16","guid":{"rendered":"https:\/\/www.intoscana.it\/it\/?p=389512"},"modified":"2025-06-19T10:12:39","modified_gmt":"2025-06-19T08:12:39","slug":"esame-di-maturita-tracce-prima-prova","status":"publish","type":"post","link":"https:\/\/www.intoscana.it\/it\/esame-di-maturita-tracce-prima-prova\/","title":{"rendered":"Esame di maturit\u00e0: Borsellino, Pasolini, Il Gattopardo e l&#8217;indignazione sui social tra le tracce della prima prova"},"content":{"rendered":"<p>Al via oggi per <strong>524.415 studenti in tutta Italia, di cui <a href=\"https:\/\/www.intoscana.it\/it\/esame-di-maturita-30mila-studenti-toscani\/\" target=\"_blank\" rel=\"noopener\">30mila in Toscana<\/a>,<\/strong> gli esami di maturit\u00e0 con la <strong>prima prova scritta di italiano<\/strong>, comune a tutti gli indirizzi di studio. Le tracce sono messe a punto dal Ministero dell&#8217;Istruzione e sono in tutto sette, divise tra tre diverse tipologie: 2 analisi del testo, 3 tracce di testo argomentativo e 2 temi di attualit\u00e0.<\/p>\n<h3>L&#8217;omaggio a Borsellino e la riflessione sui social<\/h3>\n<p>Per la tipologia C &#8211; tema di attualit\u00e0 &#8211; il Ministero ha scelto un <strong>messaggio del giudice Paolo Borsellino,<\/strong> ucciso con 5 agenti della scorta il 19 luglio del 1992 a Via D&#8217;Amelio a Palermo:<strong> &#8220;I giovani, la mia speranza&#8221;<\/strong> \u00e8 un brano che venne pubblicato su Epoca il 14 ottobre del 1992, tre mesi dopo l&#8217;attentato che cost\u00f2 la vita a Borsellino. <em>&#8220;Siamo commossi per il fatto che tra le tracce dei temi per la maturit\u00e0 ci sia un riferimento all&#8217;attenzione e alla fiducia che nostro padre riponeva nei giovani&#8221;<\/em> affermano i figli di Borsellino.<\/p>\n<p>Spicca anche sempre per la tipologia C il tema sul ruolo dell&#8217;indignazione nei social, a partire da un<strong> testo di Anna Meldolesi e Chiara Lalli intitolato &#8220;L&#8217;indignazione \u00e8 il motore dei social. Ma serve a qualcosa?&#8221;<\/strong> pubblicato nel dicembre del 2024 sul supplemento Sette del Corriere della Sera.<\/p>\n<h3>Pasolini, Giuseppe Tomasi di Lampedusa e tutte le altre tracce<\/h3>\n<p>L&#8217;analisi del testo ha proposto <mark>una poesia di Pier Paolo Pasolini (Appendice I a &#8220;Del Diario&#8221;) e un brano tratto da&#8221; Il Gattopardo&#8221; di Giuseppe Tomasi da Lampedusa,<\/mark> che non era mai stato tra le tracce degli esami di maturit\u00e0.<\/p>\n<p>Tra le tracce anche gli <strong>anni Trenta e il New Deal<\/strong>, in un testo tratto da Piers Brendon &#8220;Gli anni trenta. Il decennio che sconvolse il mondo&#8221; Carocci editore e <strong>un riassunto e riflessioni sulla parola &#8220;Rispetto&#8221;<\/strong> tratta da un testo del giornalista di Avvenire Riccardo Maccioni che rifletteva sulla parola del 2024 secondo l&#8217;Enciclopedia Italiana Treccani.<br \/>\nInfine tra i temi della maturit\u00e0 anche un estratto di <strong>&#8220;Un quarto d&#8217;era (geologica) di celebrit\u00e0&#8221; del filosofo Telmo Pievani,<\/strong> pubblicato sulla rivista &#8220;Sotto il Vulcano&#8221; che riflette sull&#8217;impatto dell&#8217;uomo sul pianeta.<\/p>\n","protected":false},"excerpt":{"rendered":"<p>Tra i temi proposti a 30mila studenti toscani anche una riflessione sulla parola rispetto, un testo sugli anni Trenta e il New Deal e un brano del filosofo Telmo Pievani<\/p>\n","protected":false},"author":502,"featured_media":389521,"comment_status":"open","ping_status":"open","sticky":false,"template":"","format":"standard","meta":{"_acf_changed":false,"footnotes":""},"categories":[494],"tags":[6060,212],"class_list":["post-389512","post","type-post","status-publish","format-standard","has-post-thumbnail","hentry","category-attualita","tag-maturita","tag-scuola"],"acf":[],"yoast_head":"<!-- This site is optimized with the Yoast SEO Premium plugin v24.2 (Yoast SEO v25.6) - https:\/\/yoast.com\/wordpress\/plugins\/seo\/ -->\n<title>Esame di maturit\u00e0: Borsellino, Pasolini, Il Gattopardo e l&#039;indignazione sui social tra le tracce della prima prova - intoscana<\/title>\n<meta name=\"robots\" content=\"index, follow, max-snippet:-1, max-image-preview:large, max-video-preview:-1\" \/>\n<link rel=\"canonical\" href=\"https:\/\/www.intoscana.it\/it\/esame-di-maturita-tracce-prima-prova\/\" \/>\n<meta property=\"og:locale\" content=\"it_IT\" \/>\n<meta property=\"og:type\" content=\"article\" \/>\n<meta property=\"og:title\" content=\"Esame di maturit\u00e0: Borsellino, Pasolini, Il Gattopardo e l&#039;indignazione sui social tra le tracce della prima prova\" \/>\n<meta property=\"og:description\" content=\"Tra i temi proposti a 30mila studenti toscani anche una riflessione sulla parola rispetto, un testo sugli anni Trenta e il New Deal e un brano del filosofo Telmo Pievani\" \/>\n<meta property=\"og:url\" content=\"https:\/\/www.intoscana.it\/it\/esame-di-maturita-tracce-prima-prova\/\" \/>\n<meta property=\"og:site_name\" content=\"intoscana\" \/>\n<meta property=\"article:publisher\" content=\"https:\/\/www.facebook.com\/intoscana.it\" \/>\n<meta property=\"article:published_time\" content=\"2025-06-18T10:57:16+00:00\" \/>\n<meta property=\"article:modified_time\" content=\"2025-06-19T08:12:39+00:00\" \/>\n<meta property=\"og:image\" content=\"https:\/\/www.intoscana.it\/wp-content\/uploads\/AdobeStock_455217001.jpeg\" \/>\n\t<meta property=\"og:image:width\" content=\"1920\" \/>\n\t<meta property=\"og:image:height\" content=\"1280\" \/>\n\t<meta property=\"og:image:type\" content=\"image\/jpeg\" \/>\n<meta name=\"author\" content=\"Ilaria Giannini\" \/>\n<meta name=\"twitter:card\" content=\"summary_large_image\" \/>\n<meta name=\"twitter:creator\" content=\"@i.giannini@fst.it\" \/>\n<meta name=\"twitter:site\" content=\"@intoscana\" \/>\n<meta name=\"twitter:label1\" content=\"Written by\" \/>\n\t<meta name=\"twitter:data1\" content=\"Ilaria Giannini\" \/>\n\t<meta name=\"twitter:label2\" content=\"Est. reading time\" \/>\n\t<meta name=\"twitter:data2\" content=\"3 minuti\" \/>\n<script type=\"application\/ld+json\" class=\"yoast-schema-graph\">{\"@context\":\"https:\/\/schema.org\",\"@graph\":[{\"@type\":\"WebPage\",\"@id\":\"https:\/\/www.intoscana.it\/it\/esame-di-maturita-tracce-prima-prova\/\",\"url\":\"https:\/\/www.intoscana.it\/it\/esame-di-maturita-tracce-prima-prova\/\",\"name\":\"Esame di maturit\u00e0: Borsellino, Pasolini, Il Gattopardo e l'indignazione sui social tra le tracce della prima prova - intoscana\",\"isPartOf\":{\"@id\":\"https:\/\/www.intoscana.it\/it\/#website\"},\"primaryImageOfPage\":{\"@id\":\"https:\/\/www.intoscana.it\/it\/esame-di-maturita-tracce-prima-prova\/#primaryimage\"},\"image\":{\"@id\":\"https:\/\/www.intoscana.it\/it\/esame-di-maturita-tracce-prima-prova\/#primaryimage\"},\"thumbnailUrl\":\"https:\/\/www.intoscana.it\/wp-content\/uploads\/AdobeStock_455217001.jpeg\",\"datePublished\":\"2025-06-18T10:57:16+00:00\",\"dateModified\":\"2025-06-19T08:12:39+00:00\",\"author\":{\"@id\":\"https:\/\/www.intoscana.it\/it\/#\/schema\/person\/de95e1ed2c1c8c30a6922bbba3a90185\"},\"breadcrumb\":{\"@id\":\"https:\/\/www.intoscana.it\/it\/esame-di-maturita-tracce-prima-prova\/#breadcrumb\"},\"inLanguage\":\"it-IT\",\"potentialAction\":[{\"@type\":\"ReadAction\",\"target\":[\"https:\/\/www.intoscana.it\/it\/esame-di-maturita-tracce-prima-prova\/\"]}]},{\"@type\":\"ImageObject\",\"inLanguage\":\"it-IT\",\"@id\":\"https:\/\/www.intoscana.it\/it\/esame-di-maturita-tracce-prima-prova\/#primaryimage\",\"url\":\"https:\/\/www.intoscana.it\/wp-content\/uploads\/AdobeStock_455217001.jpeg\",\"contentUrl\":\"https:\/\/www.intoscana.it\/wp-content\/uploads\/AdobeStock_455217001.jpeg\",\"width\":1920,\"height\":1280,\"caption\":\"Esame di maturit\u00e0\"},{\"@type\":\"BreadcrumbList\",\"@id\":\"https:\/\/www.intoscana.it\/it\/esame-di-maturita-tracce-prima-prova\/#breadcrumb\",\"itemListElement\":[{\"@type\":\"ListItem\",\"position\":1,\"name\":\"Home\",\"item\":\"https:\/\/www.intoscana.it\/it\/\"},{\"@type\":\"ListItem\",\"position\":2,\"name\":\"Esame di maturit\u00e0: Borsellino, Pasolini, Il Gattopardo e l&#8217;indignazione sui social tra le tracce della prima prova\"}]},{\"@type\":\"WebSite\",\"@id\":\"https:\/\/www.intoscana.it\/it\/#website\",\"url\":\"https:\/\/www.intoscana.it\/it\/\",\"name\":\"intoscana\",\"description\":\"\",\"potentialAction\":[{\"@type\":\"SearchAction\",\"target\":{\"@type\":\"EntryPoint\",\"urlTemplate\":\"https:\/\/www.intoscana.it\/it\/?s={search_term_string}\"},\"query-input\":{\"@type\":\"PropertyValueSpecification\",\"valueRequired\":true,\"valueName\":\"search_term_string\"}}],\"inLanguage\":\"it-IT\"},{\"@type\":\"Person\",\"@id\":\"https:\/\/www.intoscana.it\/it\/#\/schema\/person\/de95e1ed2c1c8c30a6922bbba3a90185\",\"name\":\"Ilaria Giannini\",\"sameAs\":[\"https:\/\/x.com\/i.giannini@fst.it\"],\"url\":\"https:\/\/www.intoscana.it\/it\/author\/ilaria-giannini\/\"}]}<\/script>\n<!-- \/ Yoast SEO Premium plugin. -->","yoast_head_json":{"title":"Esame di maturit\u00e0: Borsellino, Pasolini, Il Gattopardo e l'indignazione sui social tra le tracce della prima prova - intoscana","robots":{"index":"index","follow":"follow","max-snippet":"max-snippet:-1","max-image-preview":"max-image-preview:large","max-video-preview":"max-video-preview:-1"},"canonical":"https:\/\/www.intoscana.it\/it\/esame-di-maturita-tracce-prima-prova\/","og_locale":"it_IT","og_type":"article","og_title":"Esame di maturit\u00e0: Borsellino, Pasolini, Il Gattopardo e l'indignazione sui social tra le tracce della prima prova","og_description":"Tra i temi proposti a 30mila studenti toscani anche una riflessione sulla parola rispetto, un testo sugli anni Trenta e il New Deal e un brano del filosofo Telmo Pievani","og_url":"https:\/\/www.intoscana.it\/it\/esame-di-maturita-tracce-prima-prova\/","og_site_name":"intoscana","article_publisher":"https:\/\/www.facebook.com\/intoscana.it","article_published_time":"2025-06-18T10:57:16+00:00","article_modified_time":"2025-06-19T08:12:39+00:00","og_image":[{"width":1920,"height":1280,"url":"https:\/\/www.intoscana.it\/wp-content\/uploads\/AdobeStock_455217001.jpeg","type":"image\/jpeg"}],"author":"Ilaria Giannini","twitter_card":"summary_large_image","twitter_creator":"@i.giannini@fst.it","twitter_site":"@intoscana","twitter_misc":{"Written by":"Ilaria Giannini","Est. reading time":"3 minuti"},"schema":{"@context":"https:\/\/schema.org","@graph":[{"@type":"WebPage","@id":"https:\/\/www.intoscana.it\/it\/esame-di-maturita-tracce-prima-prova\/","url":"https:\/\/www.intoscana.it\/it\/esame-di-maturita-tracce-prima-prova\/","name":"Esame di maturit\u00e0: Borsellino, Pasolini, Il Gattopardo e l'indignazione sui social tra le tracce della prima prova - intoscana","isPartOf":{"@id":"https:\/\/www.intoscana.it\/it\/#website"},"primaryImageOfPage":{"@id":"https:\/\/www.intoscana.it\/it\/esame-di-maturita-tracce-prima-prova\/#primaryimage"},"image":{"@id":"https:\/\/www.intoscana.it\/it\/esame-di-maturita-tracce-prima-prova\/#primaryimage"},"thumbnailUrl":"https:\/\/www.intoscana.it\/wp-content\/uploads\/AdobeStock_455217001.jpeg","datePublished":"2025-06-18T10:57:16+00:00","dateModified":"2025-06-19T08:12:39+00:00","author":{"@id":"https:\/\/www.intoscana.it\/it\/#\/schema\/person\/de95e1ed2c1c8c30a6922bbba3a90185"},"breadcrumb":{"@id":"https:\/\/www.intoscana.it\/it\/esame-di-maturita-tracce-prima-prova\/#breadcrumb"},"inLanguage":"it-IT","potentialAction":[{"@type":"ReadAction","target":["https:\/\/www.intoscana.it\/it\/esame-di-maturita-tracce-prima-prova\/"]}]},{"@type":"ImageObject","inLanguage":"it-IT","@id":"https:\/\/www.intoscana.it\/it\/esame-di-maturita-tracce-prima-prova\/#primaryimage","url":"https:\/\/www.intoscana.it\/wp-content\/uploads\/AdobeStock_455217001.jpeg","contentUrl":"https:\/\/www.intoscana.it\/wp-content\/uploads\/AdobeStock_455217001.jpeg","width":1920,"height":1280,"caption":"Esame di maturit\u00e0"},{"@type":"BreadcrumbList","@id":"https:\/\/www.intoscana.it\/it\/esame-di-maturita-tracce-prima-prova\/#breadcrumb","itemListElement":[{"@type":"ListItem","position":1,"name":"Home","item":"https:\/\/www.intoscana.it\/it\/"},{"@type":"ListItem","position":2,"name":"Esame di maturit\u00e0: Borsellino, Pasolini, Il Gattopardo e l&#8217;indignazione sui social tra le tracce della prima prova"}]},{"@type":"WebSite","@id":"https:\/\/www.intoscana.it\/it\/#website","url":"https:\/\/www.intoscana.it\/it\/","name":"intoscana","description":"","potentialAction":[{"@type":"SearchAction","target":{"@type":"EntryPoint","urlTemplate":"https:\/\/www.intoscana.it\/it\/?s={search_term_string}"},"query-input":{"@type":"PropertyValueSpecification","valueRequired":true,"valueName":"search_term_string"}}],"inLanguage":"it-IT"},{"@type":"Person","@id":"https:\/\/www.intoscana.it\/it\/#\/schema\/person\/de95e1ed2c1c8c30a6922bbba3a90185","name":"Ilaria Giannini","sameAs":["https:\/\/x.com\/i.giannini@fst.it"],"url":"https:\/\/www.intoscana.it\/it\/author\/ilaria-giannini\/"}]}},"_links":{"self":[{"href":"https:\/\/www.intoscana.it\/it\/wp-json\/wp\/v2\/posts\/389512","targetHints":{"allow":["GET"]}}],"collection":[{"href":"https:\/\/www.intoscana.it\/it\/wp-json\/wp\/v2\/posts"}],"about":[{"href":"https:\/\/www.intoscana.it\/it\/wp-json\/wp\/v2\/types\/post"}],"author":[{"embeddable":true,"href":"https:\/\/www.intoscana.it\/it\/wp-json\/wp\/v2\/users\/502"}],"replies":[{"embeddable":true,"href":"https:\/\/www.intoscana.it\/it\/wp-json\/wp\/v2\/comments?post=389512"}],"version-history":[{"count":5,"href":"https:\/\/www.intoscana.it\/it\/wp-json\/wp\/v2\/posts\/389512\/revisions"}],"predecessor-version":[{"id":389596,"href":"https:\/\/www.intoscana.it\/it\/wp-json\/wp\/v2\/posts\/389512\/revisions\/389596"}],"wp:featuredmedia":[{"embeddable":true,"href":"https:\/\/www.intoscana.it\/it\/wp-json\/wp\/v2\/media\/389521"}],"wp:attachment":[{"href":"https:\/\/www.intoscana.it\/it\/wp-json\/wp\/v2\/media?parent=389512"}],"wp:term":[{"taxonomy":"category","embeddable":true,"href":"https:\/\/www.intoscana.it\/it\/wp-json\/wp\/v2\/categories?post=389512"},{"taxonomy":"post_tag","embeddable":true,"href":"https:\/\/www.intoscana.it\/it\/wp-json\/wp\/v2\/tags?post=389512"}],"curies":[{"name":"wp","href":"https:\/\/api.w.org\/{rel}","templated":true}]}}