{"id":389772,"date":"2025-06-20T17:38:27","date_gmt":"2025-06-20T15:38:27","guid":{"rendered":"https:\/\/www.intoscana.it\/it\/?p=389772"},"modified":"2025-06-20T17:44:19","modified_gmt":"2025-06-20T15:44:19","slug":"estate-in-citta-ecco-dove-rifugiarsi-per-sfuggire-al-caldo-torrido-di-firenze","status":"publish","type":"post","link":"https:\/\/www.intoscana.it\/it\/estate-in-citta-ecco-dove-rifugiarsi-per-sfuggire-al-caldo-torrido-di-firenze\/","title":{"rendered":"Estate in citt\u00e0, ecco dove rifugiarsi per sfuggire al caldo torrido di Firenze"},"content":{"rendered":"<p><strong>Parchi, giardini e ville storiche<\/strong> per sfuggire al caldo torrido di Firenze. A cui si aggiungono le biblioteche, per chi oltre a cercare un po&#8217; di frescura non disdegna le buone letture, e gli itinerari nel verde. Il Comune di Firenze, quest&#8217;anno,\u00a0 ha stilato la sua prima lista di <strong>rifugi climatici<\/strong>.<\/p>\n<p>Si tratta di <strong>luoghi di ristoro<\/strong> dove stare<strong> al fresco<\/strong>, disponendo di <strong>acqua<\/strong> e, se al chiuso, di <strong>aria condizionata<\/strong>. Luoghi pubblici comunali liberamente accessibili. Per arrivare alla mappatura il Comune di Firenze ha seguito i criteri di idoneit\u00e0 adottati da altre citt\u00e0 europee. Ne sono usciti<strong> 44 rifugi climatici<\/strong>.<\/p>\n<h3>Un rifugio in citt\u00e0 per il caldo torrido<\/h3>\n<p><em>\u201cQuesta \u00e8 la prima lista di rifugi climatici che, come Comune, mettiamo a disposizione di tutti i cittadini durante il caldo estivo per rendere la nostra citt\u00e0 pi\u00f9 resiliente ai cambiamenti climatici\u201d<\/em> ha spiegato la vicesindaca e assessora all\u2019ambiente <strong>Paola Galgani<\/strong>.<\/p>\n<p>Dal Comune assicurano, nell&#8217;ambito del <strong>Piano del Verde<\/strong>, un&#8217;implementazione dell&#8217;elenco. Si aggiungono poi l\u2019aumento della <strong>copertura arborea<\/strong> e delle aree ombreggiate, la <strong>depavimentazione<\/strong> di <strong>parchi e giardini<\/strong> e l\u2019inserimenti di asfalti con alta capacit\u00e0 di riflettere la luce senza assorbirla.<\/p>\n<h3>Una mappa geolocalizzata di Firenze<\/h3>\n<p>\u201c<em>Grazie al lavoro dei Sistemi informativi abbiamo realizzato una mappa geolocalizzata on line per consultare la lista dei rifugi climatici. Un esempio di come vogliamo usare la tecnologia a Firenze: uno strumento a servizio delle persone per rendere la citt\u00e0 sempre pi\u00f9 accessibile e contemporanea, come qua nella lotta al climate change<\/em>\u201d ha aggiunto l\u2019assessora alla Smart City e ai sistemi Informativi <strong>Laura Sparavigna<\/strong>.<\/p>\n<p>Grazie alla geolocalizzazione <a href=\"https:\/\/openmaps.comune.fi.it\/rifugi_climatici\/#13\/43.7740\/11.2476\" target=\"_blank\" rel=\"noopener\">consultando la mappa<\/a> \u00e8 possibile anche avere informazioni sulle caratteristiche di ciascun <strong>rifugio climatico<\/strong>, come ad esempio la percentuale di ombreggiatura di <strong>parchi e giardini<\/strong>, la presenza di un <strong>fontanello<\/strong> e l\u2019ingresso pi\u00f9 vicino ad esso o la presenza di <strong>aria condizionata<\/strong>.<\/p>\n<figure id=\"post-218979 media-218979\" class=\"align-none\"><img decoding=\"async\" src=\"https:\/\/www.intoscana.it\/wp-content\/uploads\/giardino-dell-artecultura.jpeg\" alt=\"\" \/><\/figure>\n<div class=\"titleimg\">Giardino dell\u2019Orticoltura<\/div>\n<h3>I 44 rifugi climatici in riva all&#8217;Arno<\/h3>\n<p>Nella prima lista di<strong> rifugi climatici<\/strong> figurano <strong>37 spazi aperti<\/strong> ombreggiati da alberi per <strong>oltre il 70% della superficie<\/strong> che sono anche dotati di <strong>fontanelli di acqua<\/strong> fresca. Ci sono anche <strong>7\u00a0 biblioteche comunali<\/strong> dotate di sale fresche in cui poter stazionare. Tutti gli spazi selezionati sono liberamente accessibili.<\/p>\n<p>Tra <strong>gli ambienti al chiuso<\/strong> figurano: Biblioteca delle Oblate in via dell&#8217;Oriuolo, Biblioteca Palagio di Parte Guelfa in piazza della Parte Guelfa, Biblioteca Mario Luzi in via Ugo Schiff, Biblioteca del Galluzzo in via Senese, Bibliotecanova Isolotto in via Chiusi, Biblioteca Filippo Buonarroti in viale Guidoni e Biblioteca Orticoltura in via Vittorio Emanuele II, Via Bolognese.<\/p>\n<p>Tra i <strong>giardini e i parchi<\/strong>: Parco delle Cascine &#8211; Aree del Galoppatoio dei Barberi, Parco di villa Strozzi, Area di ampliamento Giardino del Sole, Parco &#8220;Campo di Marte\u201d, Giardino di viale Malta, Giardino di viale dei Bambini, Giardino di via Augusto Novelli, Giardino di piazza Torquato Tasso, Giardino d viale Michelangiolo, Giardino di villa Pergolata, Giardino di via Luigi Morandi, Giardino di via Assisi, Giardino di piazza Francia Ingresso da via delle Lame, Giardino di via Cesare Maccari, Giardino di via Arturo Toscanini, Giardino di piazza Pietro Leopoldo, Parco delle Cascine &#8211; Giardino di Piazzale Thomas Jefferson, Giardino di piazza Giacomo Puccini, Giardino di Borgo Pinti, Giardino di piazza Vincenzo Fardella Torrearsa, Giardino di via Fratelli Bronzetti, Giardino di viale Donato Giannotti 80, Giardino di via Bernardo Daddi, Giardino &#8220;le Muse&#8221; di via Niccolo&#8217; Tribolo, Giardino &#8220;Tosca Bucarelli&#8221; 74, Giardino di piazza Francia &#8211; via Portogallo, Giardino di piazzale Donatello, Giardino di via Arturo Toscanini, Parco di viale dei Tanini, Giardino del Cenacolo, Parco di villa Fabbricotti, Giardino di piazza Giorgio Vasari, Giardino di piazza dei Cavalieri di Vittorio Veneto, Giardino del lungarno di Santa Rosa, Giardino di via degli Agrifogli, Giardino di piazza Giovanbattista Giorgini e Parco delle Cascine.<\/p>\n<figure id=\"post-146167 media-146167\" class=\"align-none\"><img decoding=\"async\" src=\"https:\/\/www.intoscana.it\/wp-content\/uploads\/pratolino3.jpg\" alt=\"\" \/><\/figure>\n<div class=\"titleimg\">Pratolino<\/div>\n<h3>Da Pratolino alle ville Medicee<\/h3>\n<p>Il <strong>parco mediceo di Pratolino<\/strong> \u00e8 al centro di un programma di musica, danza, letture, teatro, spettacoli per bambini, merende fino alla fine di settembre. All&#8217;ombra del gigante dell&#8217;Appennino torna &#8220;<a href=\"https:\/\/www.intoscana.it\/it\/il-parco-di-pratolino-apre-le-porte-allestate-2025-e-si-riempie-di-musica-e-storie\/\" target=\"_blank\" rel=\"noopener\"><em>Un parco di musica<\/em><\/a>&#8221; promosso da Citt\u00e0 Metropolitana di Firenze con il coordinamento di Music Pool. Sono previste visite guidate gratuite al parco mediceo, mentre dal 17 al 24 luglio <a href=\"https:\/\/www.intoscana.it\/it\/berte-vecchioni-diodato-allevi-nino-dangelo-gatti-mezzi-in-concerto-al-musart-festival-2025\/\" target=\"_blank\" rel=\"noopener\">sei i concerti in programma per il Musart Festival<\/a>.<\/p>\n<p>&#8220;<em>Ville e giardini incantati<\/em>&#8221; \u00e8 il programma dell&#8217;<a href=\"https:\/\/www.intoscana.it\/it\/ville-e-giardini-incantati-concerti-ort\/\" target=\"_blank\" rel=\"noopener\">Orchestra della Toscana con i concerti nelle residenze medicee<\/a>. Gli appuntamenti sono in programma a giugno e luglio. A Firenze si tengono alla villa medicea <strong>La Petraia<\/strong>, a <strong>Forte Belvedere<\/strong> e al giardino mediceo di <strong>Pratolino<\/strong>. Anche qui in programma visite guidate alla scoperta dei siti artistici.<\/p>\n<figure id=\"post-216429 media-216429\" class=\"align-none\"><img decoding=\"async\" src=\"https:\/\/www.intoscana.it\/wp-content\/uploads\/Bosco-di-Vallombrosa-scaled.jpg\" alt=\"\" \/><\/figure>\n<div class=\"titleimg\">Bosco di Vallombrosa &#8211; \u00a9 Stefano Cellai\/Shutterstock<\/div>\n<h3>I sentieri da percorrere vicino Firenze<\/h3>\n<p>Per chi vuole cercare il fresco vicino a Firenze si pu\u00f2 fare tappa a <strong>Monte Morello<\/strong> che \u00e8 la vetta pi\u00f9 vicina a Firenze. Tre le cime da affrontare: la pi\u00f9 alta delle quali \u00e8 a 934 metri slm (Poggio all\u2019Aia). Si cammina tra querce, castagni, pini neri, cipressi e abeti bianchi. In alternativa si pu\u00f2 optare per <strong>Monte Senario<\/strong>, tra Vaglia e Bivigliano, lungo la via degli Dei. Qui si pu\u00f2 praticare la\u00a0<strong>terapia forestale<\/strong>.<\/p>\n<p>Infine le <strong>Foreste Casentinesi<\/strong> con l&#8217;abbazia di Vallombrosa sono sempre una soluzione a portata di mano per una passeggiata all&#8217;ombra. In alternativa il <strong>lago di Bilancino<\/strong> con le numerose attivit\u00e0 sportive che offre il bacino.<\/p>\n<p>&nbsp;<\/p>\n","protected":false},"excerpt":{"rendered":"<p>La mappa interattiva di biblioteche, parchi e giardini del Comune, le classiche mete da Pratolino a Bilancino, da Monte Morello a Monte Senario<\/p>\n","protected":false},"author":554,"featured_media":83335,"comment_status":"open","ping_status":"open","sticky":false,"template":"","format":"standard","meta":{"_acf_changed":false,"footnotes":""},"categories":[19],"tags":[444,6520,178,4628],"class_list":["post-389772","post","type-post","status-publish","format-standard","has-post-thumbnail","hentry","category-ambiente","tag-biblioteche","tag-caldo","tag-comune-di-firenze","tag-giardini"],"acf":[],"yoast_head":"<!-- This site is optimized with the Yoast SEO Premium plugin v24.2 (Yoast SEO v25.6) - https:\/\/yoast.com\/wordpress\/plugins\/seo\/ -->\n<title>Estate in citt\u00e0, ecco dove rifugiarsi per sfuggire al caldo torrido di Firenze - intoscana<\/title>\n<meta name=\"description\" content=\"La mappa interattiva di biblioteche, parchi e giardini del Comune, le classiche mete da Pratolino a Bilancino, da Monte Morello a Monte Senario\" \/>\n<meta name=\"robots\" content=\"index, follow, max-snippet:-1, max-image-preview:large, max-video-preview:-1\" \/>\n<link rel=\"canonical\" href=\"https:\/\/www.intoscana.it\/it\/estate-in-citta-ecco-dove-rifugiarsi-per-sfuggire-al-caldo-torrido-di-firenze\/\" \/>\n<meta property=\"og:locale\" content=\"it_IT\" \/>\n<meta property=\"og:type\" content=\"article\" \/>\n<meta property=\"og:title\" content=\"Estate in citt\u00e0, ecco dove rifugiarsi per sfuggire al caldo torrido di Firenze\" \/>\n<meta property=\"og:description\" content=\"La mappa interattiva di biblioteche, parchi e giardini del Comune, le classiche mete da Pratolino a Bilancino, da Monte Morello a Monte Senario\" \/>\n<meta property=\"og:url\" content=\"https:\/\/www.intoscana.it\/it\/estate-in-citta-ecco-dove-rifugiarsi-per-sfuggire-al-caldo-torrido-di-firenze\/\" \/>\n<meta property=\"og:site_name\" content=\"intoscana\" \/>\n<meta property=\"article:publisher\" content=\"https:\/\/www.facebook.com\/intoscana.it\" \/>\n<meta property=\"article:published_time\" content=\"2025-06-20T15:38:27+00:00\" \/>\n<meta property=\"article:modified_time\" content=\"2025-06-20T15:44:19+00:00\" \/>\n<meta property=\"og:image\" content=\"https:\/\/www.intoscana.it\/wp-content\/uploads\/parco-cascine-firenze.jpg\" \/>\n\t<meta property=\"og:image:width\" content=\"1000\" \/>\n\t<meta property=\"og:image:height\" content=\"669\" \/>\n\t<meta property=\"og:image:type\" content=\"image\/jpeg\" \/>\n<meta name=\"author\" content=\"Raffaella Galamini\" \/>\n<meta name=\"twitter:card\" content=\"summary_large_image\" \/>\n<meta name=\"twitter:creator\" content=\"@orio\" \/>\n<meta name=\"twitter:site\" content=\"@intoscana\" \/>\n<meta name=\"twitter:label1\" content=\"Written by\" \/>\n\t<meta name=\"twitter:data1\" content=\"Raffaella Galamini\" \/>\n\t<meta name=\"twitter:label2\" content=\"Est. reading time\" \/>\n\t<meta name=\"twitter:data2\" content=\"6 minuti\" \/>\n<script type=\"application\/ld+json\" class=\"yoast-schema-graph\">{\"@context\":\"https:\/\/schema.org\",\"@graph\":[{\"@type\":\"WebPage\",\"@id\":\"https:\/\/www.intoscana.it\/it\/estate-in-citta-ecco-dove-rifugiarsi-per-sfuggire-al-caldo-torrido-di-firenze\/\",\"url\":\"https:\/\/www.intoscana.it\/it\/estate-in-citta-ecco-dove-rifugiarsi-per-sfuggire-al-caldo-torrido-di-firenze\/\",\"name\":\"Estate in citt\u00e0, ecco dove rifugiarsi per sfuggire al caldo torrido di Firenze - intoscana\",\"isPartOf\":{\"@id\":\"https:\/\/www.intoscana.it\/it\/#website\"},\"primaryImageOfPage\":{\"@id\":\"https:\/\/www.intoscana.it\/it\/estate-in-citta-ecco-dove-rifugiarsi-per-sfuggire-al-caldo-torrido-di-firenze\/#primaryimage\"},\"image\":{\"@id\":\"https:\/\/www.intoscana.it\/it\/estate-in-citta-ecco-dove-rifugiarsi-per-sfuggire-al-caldo-torrido-di-firenze\/#primaryimage\"},\"thumbnailUrl\":\"https:\/\/www.intoscana.it\/wp-content\/uploads\/parco-cascine-firenze.jpg\",\"datePublished\":\"2025-06-20T15:38:27+00:00\",\"dateModified\":\"2025-06-20T15:44:19+00:00\",\"author\":{\"@id\":\"https:\/\/www.intoscana.it\/it\/#\/schema\/person\/9eb9daa846a49fe51af39a73d9d1986b\"},\"description\":\"La mappa interattiva di biblioteche, parchi e giardini del Comune, le classiche mete da Pratolino a Bilancino, da Monte Morello a Monte Senario\",\"breadcrumb\":{\"@id\":\"https:\/\/www.intoscana.it\/it\/estate-in-citta-ecco-dove-rifugiarsi-per-sfuggire-al-caldo-torrido-di-firenze\/#breadcrumb\"},\"inLanguage\":\"it-IT\",\"potentialAction\":[{\"@type\":\"ReadAction\",\"target\":[\"https:\/\/www.intoscana.it\/it\/estate-in-citta-ecco-dove-rifugiarsi-per-sfuggire-al-caldo-torrido-di-firenze\/\"]}]},{\"@type\":\"ImageObject\",\"inLanguage\":\"it-IT\",\"@id\":\"https:\/\/www.intoscana.it\/it\/estate-in-citta-ecco-dove-rifugiarsi-per-sfuggire-al-caldo-torrido-di-firenze\/#primaryimage\",\"url\":\"https:\/\/www.intoscana.it\/wp-content\/uploads\/parco-cascine-firenze.jpg\",\"contentUrl\":\"https:\/\/www.intoscana.it\/wp-content\/uploads\/parco-cascine-firenze.jpg\",\"width\":1000,\"height\":669},{\"@type\":\"BreadcrumbList\",\"@id\":\"https:\/\/www.intoscana.it\/it\/estate-in-citta-ecco-dove-rifugiarsi-per-sfuggire-al-caldo-torrido-di-firenze\/#breadcrumb\",\"itemListElement\":[{\"@type\":\"ListItem\",\"position\":1,\"name\":\"Home\",\"item\":\"https:\/\/www.intoscana.it\/it\/\"},{\"@type\":\"ListItem\",\"position\":2,\"name\":\"Estate in citt\u00e0, ecco dove rifugiarsi per sfuggire al caldo torrido di Firenze\"}]},{\"@type\":\"WebSite\",\"@id\":\"https:\/\/www.intoscana.it\/it\/#website\",\"url\":\"https:\/\/www.intoscana.it\/it\/\",\"name\":\"intoscana\",\"description\":\"\",\"potentialAction\":[{\"@type\":\"SearchAction\",\"target\":{\"@type\":\"EntryPoint\",\"urlTemplate\":\"https:\/\/www.intoscana.it\/it\/?s={search_term_string}\"},\"query-input\":{\"@type\":\"PropertyValueSpecification\",\"valueRequired\":true,\"valueName\":\"search_term_string\"}}],\"inLanguage\":\"it-IT\"},{\"@type\":\"Person\",\"@id\":\"https:\/\/www.intoscana.it\/it\/#\/schema\/person\/9eb9daa846a49fe51af39a73d9d1986b\",\"name\":\"Raffaella Galamini\",\"sameAs\":[\"https:\/\/x.com\/orio\"],\"url\":\"https:\/\/www.intoscana.it\/it\/author\/r-galamini\/\"}]}<\/script>\n<!-- \/ Yoast SEO Premium plugin. -->","yoast_head_json":{"title":"Estate in citt\u00e0, ecco dove rifugiarsi per sfuggire al caldo torrido di Firenze - intoscana","description":"La mappa interattiva di biblioteche, parchi e giardini del Comune, le classiche mete da Pratolino a Bilancino, da Monte Morello a Monte Senario","robots":{"index":"index","follow":"follow","max-snippet":"max-snippet:-1","max-image-preview":"max-image-preview:large","max-video-preview":"max-video-preview:-1"},"canonical":"https:\/\/www.intoscana.it\/it\/estate-in-citta-ecco-dove-rifugiarsi-per-sfuggire-al-caldo-torrido-di-firenze\/","og_locale":"it_IT","og_type":"article","og_title":"Estate in citt\u00e0, ecco dove rifugiarsi per sfuggire al caldo torrido di Firenze","og_description":"La mappa interattiva di biblioteche, parchi e giardini del Comune, le classiche mete da Pratolino a Bilancino, da Monte Morello a Monte Senario","og_url":"https:\/\/www.intoscana.it\/it\/estate-in-citta-ecco-dove-rifugiarsi-per-sfuggire-al-caldo-torrido-di-firenze\/","og_site_name":"intoscana","article_publisher":"https:\/\/www.facebook.com\/intoscana.it","article_published_time":"2025-06-20T15:38:27+00:00","article_modified_time":"2025-06-20T15:44:19+00:00","og_image":[{"width":1000,"height":669,"url":"https:\/\/www.intoscana.it\/wp-content\/uploads\/parco-cascine-firenze.jpg","type":"image\/jpeg"}],"author":"Raffaella Galamini","twitter_card":"summary_large_image","twitter_creator":"@orio","twitter_site":"@intoscana","twitter_misc":{"Written by":"Raffaella Galamini","Est. reading time":"6 minuti"},"schema":{"@context":"https:\/\/schema.org","@graph":[{"@type":"WebPage","@id":"https:\/\/www.intoscana.it\/it\/estate-in-citta-ecco-dove-rifugiarsi-per-sfuggire-al-caldo-torrido-di-firenze\/","url":"https:\/\/www.intoscana.it\/it\/estate-in-citta-ecco-dove-rifugiarsi-per-sfuggire-al-caldo-torrido-di-firenze\/","name":"Estate in citt\u00e0, ecco dove rifugiarsi per sfuggire al caldo torrido di Firenze - intoscana","isPartOf":{"@id":"https:\/\/www.intoscana.it\/it\/#website"},"primaryImageOfPage":{"@id":"https:\/\/www.intoscana.it\/it\/estate-in-citta-ecco-dove-rifugiarsi-per-sfuggire-al-caldo-torrido-di-firenze\/#primaryimage"},"image":{"@id":"https:\/\/www.intoscana.it\/it\/estate-in-citta-ecco-dove-rifugiarsi-per-sfuggire-al-caldo-torrido-di-firenze\/#primaryimage"},"thumbnailUrl":"https:\/\/www.intoscana.it\/wp-content\/uploads\/parco-cascine-firenze.jpg","datePublished":"2025-06-20T15:38:27+00:00","dateModified":"2025-06-20T15:44:19+00:00","author":{"@id":"https:\/\/www.intoscana.it\/it\/#\/schema\/person\/9eb9daa846a49fe51af39a73d9d1986b"},"description":"La mappa interattiva di biblioteche, parchi e giardini del Comune, le classiche mete da Pratolino a Bilancino, da Monte Morello a Monte Senario","breadcrumb":{"@id":"https:\/\/www.intoscana.it\/it\/estate-in-citta-ecco-dove-rifugiarsi-per-sfuggire-al-caldo-torrido-di-firenze\/#breadcrumb"},"inLanguage":"it-IT","potentialAction":[{"@type":"ReadAction","target":["https:\/\/www.intoscana.it\/it\/estate-in-citta-ecco-dove-rifugiarsi-per-sfuggire-al-caldo-torrido-di-firenze\/"]}]},{"@type":"ImageObject","inLanguage":"it-IT","@id":"https:\/\/www.intoscana.it\/it\/estate-in-citta-ecco-dove-rifugiarsi-per-sfuggire-al-caldo-torrido-di-firenze\/#primaryimage","url":"https:\/\/www.intoscana.it\/wp-content\/uploads\/parco-cascine-firenze.jpg","contentUrl":"https:\/\/www.intoscana.it\/wp-content\/uploads\/parco-cascine-firenze.jpg","width":1000,"height":669},{"@type":"BreadcrumbList","@id":"https:\/\/www.intoscana.it\/it\/estate-in-citta-ecco-dove-rifugiarsi-per-sfuggire-al-caldo-torrido-di-firenze\/#breadcrumb","itemListElement":[{"@type":"ListItem","position":1,"name":"Home","item":"https:\/\/www.intoscana.it\/it\/"},{"@type":"ListItem","position":2,"name":"Estate in citt\u00e0, ecco dove rifugiarsi per sfuggire al caldo torrido di Firenze"}]},{"@type":"WebSite","@id":"https:\/\/www.intoscana.it\/it\/#website","url":"https:\/\/www.intoscana.it\/it\/","name":"intoscana","description":"","potentialAction":[{"@type":"SearchAction","target":{"@type":"EntryPoint","urlTemplate":"https:\/\/www.intoscana.it\/it\/?s={search_term_string}"},"query-input":{"@type":"PropertyValueSpecification","valueRequired":true,"valueName":"search_term_string"}}],"inLanguage":"it-IT"},{"@type":"Person","@id":"https:\/\/www.intoscana.it\/it\/#\/schema\/person\/9eb9daa846a49fe51af39a73d9d1986b","name":"Raffaella Galamini","sameAs":["https:\/\/x.com\/orio"],"url":"https:\/\/www.intoscana.it\/it\/author\/r-galamini\/"}]}},"_links":{"self":[{"href":"https:\/\/www.intoscana.it\/it\/wp-json\/wp\/v2\/posts\/389772","targetHints":{"allow":["GET"]}}],"collection":[{"href":"https:\/\/www.intoscana.it\/it\/wp-json\/wp\/v2\/posts"}],"about":[{"href":"https:\/\/www.intoscana.it\/it\/wp-json\/wp\/v2\/types\/post"}],"author":[{"embeddable":true,"href":"https:\/\/www.intoscana.it\/it\/wp-json\/wp\/v2\/users\/554"}],"replies":[{"embeddable":true,"href":"https:\/\/www.intoscana.it\/it\/wp-json\/wp\/v2\/comments?post=389772"}],"version-history":[{"count":5,"href":"https:\/\/www.intoscana.it\/it\/wp-json\/wp\/v2\/posts\/389772\/revisions"}],"predecessor-version":[{"id":389826,"href":"https:\/\/www.intoscana.it\/it\/wp-json\/wp\/v2\/posts\/389772\/revisions\/389826"}],"wp:featuredmedia":[{"embeddable":true,"href":"https:\/\/www.intoscana.it\/it\/wp-json\/wp\/v2\/media\/83335"}],"wp:attachment":[{"href":"https:\/\/www.intoscana.it\/it\/wp-json\/wp\/v2\/media?parent=389772"}],"wp:term":[{"taxonomy":"category","embeddable":true,"href":"https:\/\/www.intoscana.it\/it\/wp-json\/wp\/v2\/categories?post=389772"},{"taxonomy":"post_tag","embeddable":true,"href":"https:\/\/www.intoscana.it\/it\/wp-json\/wp\/v2\/tags?post=389772"}],"curies":[{"name":"wp","href":"https:\/\/api.w.org\/{rel}","templated":true}]}}