{"id":389803,"date":"2025-06-20T16:25:11","date_gmt":"2025-06-20T14:25:11","guid":{"rendered":"https:\/\/www.intoscana.it\/it\/?p=389803"},"modified":"2025-08-28T10:09:07","modified_gmt":"2025-08-28T08:09:07","slug":"cure-palliative-toscana-ai-vertici-nazionali-potenziati-i-servizi-per-chi-soffre-di-malattie-incurabili","status":"publish","type":"post","link":"https:\/\/www.intoscana.it\/it\/cure-palliative-toscana-ai-vertici-nazionali-potenziati-i-servizi-per-chi-soffre-di-malattie-incurabili\/","title":{"rendered":"Cure palliative, Toscana ai vertici nazionali: potenziati i servizi per chi soffre di malattie incurabili"},"content":{"rendered":"<p><strong>La Toscana nel 2024<\/strong> si conferma tra le regioni pi\u00f9 attrezzate e attente per le <strong>cure palliative<\/strong>, con un piano regionale completo ed esaustivo e che rispetta tutte le principali indicazioni previste dal Pnrr, con le cui risorse \u00e8 stato finanziato il potenziamento dei servizi.<\/p>\n<h3>Nel 2024 assistiti 11.154 pazienti<\/h3>\n<p><strong>Lo certifica Agenas, l\u2019agenzia nazionale per i servizi sanitari regionali nel suo report annuale,<\/strong> che di fatto \u00a0evidenzia come la strada imboccata per il raggiungimento degli obiettivi da centrare entro il 2028 sia quella giusta. Gi\u00e0 infatti la <strong>Toscana ha centrato trentacinque parametri su trentasette,<\/strong> ponendosi ai vertici nazionali; da implementare solo l\u2019istituzione e l\u2019accredimento della rete locale delle cure palliative \u00a0la presenza di un percorso integrato di cure uniforme a livello regionale.<\/p>\n<p>Per Agenas la Toscana \u00e8 una delle realt\u00e0 dove sono pi\u00f9 capillari le attivit\u00e0 per chi soffre di malattie incurabili: dalle terapie per controllare il dolore agli hospice. In un anno, <mark>dal 2023 al 2024, i pazienti assistiti a casa o in strutture dedicate sono cresciuti da 10.395 a 11.154: pi\u00f9 del 7%.<\/mark><\/p>\n<p><em>\u201cL\u2019attenzione della Regione <strong>al benessere della persona e alla sua dignit\u00e0<\/strong> di fronte a patologie in fase avanzata o non curabili \u00e8 massima su tutti i fronti \u2013<\/em> commenta <strong>l\u2019assessore regionale al diritto alla salute, Simone Bezzini<\/strong> <em>&#8211; ci investiamo, nonostante la carenza di risorse, abbiamo fatto un lavoro importante e stiamo ottenendo risultati significativi, anche per merito dei professionisti che vi lavorano con competenza, impegno e passione e che dobbiamo ringraziare, cos\u00ec come fondamentale \u00e8 il contributo del volontariato delle associazioni\u201d.<\/em><\/p>\n<h3>30 unit\u00e0 di cure palliative domiciliari gi\u00e0 attive<\/h3>\n<p>Nel rapporto di Ageneas si legge come la Toscana abbia definito obiettivi chiari per il raggiungimento del <strong>90% della popolazione assistita entro il 2028,<\/strong> in linea con la normativa nazionale. Risulta gi\u00e0 attiva anche la <strong>rete palliativa pediatrica,<\/strong> con un\u2019offerta integrata per adulti e minori.<\/p>\n<p>La Regione conta gi\u00e0 nel 2024 <strong>trenta unit\u00e0 di cure palliative domiciliari,<\/strong> quattro in pi\u00f9 rispetto al 2023. \u00a0L\u2019obiettivo \u00e8 arrivare nel 2026 a trentasei unit\u00e0 complessive. Le persone seguite a domicilio sono state l\u2019anno scorso 8.400, contro i 7.897 del 2023.<\/p>\n<p>Per quanto riguarda <strong>i posti letto negli hospice<\/strong> la Regione ha avviato il percorso per raggiungere, entro il prossimo anno, gli standard nazionali \u00a0(ovvero 8-10 posti ogni centomila abitanti) e attivare un servizio domiciliare attivo ventiquattro ore su ventiquattro, sette giorni su sette. \u00a0<strong>Nel 2024 i posti letti erano 206,<\/strong> cresciuti di ventuno unit\u00e0 rispetto all\u2019anno prima. Questo ha permesso di offrire assistenza a 4.167 persone, quasi il 10 % in pi\u00f9 rispetto all&#8217;anno precedente. Altri ottantasette posti letto si dovranno aggiungere da qui al 2028.<\/p>\n","protected":false},"excerpt":{"rendered":"<p>Il rapporto di Agenas certifica la Regione tra le migliori per le attivit\u00e0 per chi soffre di malattie incurabili, dalle terapie per controllare il dolore agli hospice<\/p>\n","protected":false},"author":525,"featured_media":389806,"comment_status":"open","ping_status":"open","sticky":false,"template":"","format":"standard","meta":{"_acf_changed":false,"footnotes":""},"categories":[18],"tags":[4857,151,349],"class_list":["post-389803","post","type-post","status-publish","format-standard","has-post-thumbnail","hentry","category-salute","tag-ospedali","tag-regione-toscana","tag-sanita"],"acf":[],"yoast_head":"<!-- This site is optimized with the Yoast SEO Premium plugin v24.2 (Yoast SEO v25.6) - https:\/\/yoast.com\/wordpress\/plugins\/seo\/ -->\n<title>Cure palliative, Toscana ai vertici nazionali: potenziati i servizi per chi soffre di malattie incurabili - intoscana<\/title>\n<meta name=\"robots\" content=\"index, follow, max-snippet:-1, max-image-preview:large, max-video-preview:-1\" \/>\n<link rel=\"canonical\" href=\"https:\/\/www.intoscana.it\/it\/cure-palliative-toscana-ai-vertici-nazionali-potenziati-i-servizi-per-chi-soffre-di-malattie-incurabili\/\" \/>\n<meta property=\"og:locale\" content=\"it_IT\" \/>\n<meta property=\"og:type\" content=\"article\" \/>\n<meta property=\"og:title\" content=\"Cure palliative, Toscana ai vertici nazionali: potenziati i servizi per chi soffre di malattie incurabili\" \/>\n<meta property=\"og:description\" content=\"Il rapporto di Agenas certifica la Regione tra le migliori per le attivit\u00e0 per chi soffre di malattie incurabili, dalle terapie per controllare il dolore agli hospice\" \/>\n<meta property=\"og:url\" content=\"https:\/\/www.intoscana.it\/it\/cure-palliative-toscana-ai-vertici-nazionali-potenziati-i-servizi-per-chi-soffre-di-malattie-incurabili\/\" \/>\n<meta property=\"og:site_name\" content=\"intoscana\" \/>\n<meta property=\"article:publisher\" content=\"https:\/\/www.facebook.com\/intoscana.it\" \/>\n<meta property=\"article:published_time\" content=\"2025-06-20T14:25:11+00:00\" \/>\n<meta property=\"article:modified_time\" content=\"2025-08-28T08:09:07+00:00\" \/>\n<meta property=\"og:image\" content=\"https:\/\/www.intoscana.it\/wp-content\/uploads\/AdobeStock_520540150.jpeg\" \/>\n\t<meta property=\"og:image:width\" content=\"1920\" \/>\n\t<meta property=\"og:image:height\" content=\"1281\" \/>\n\t<meta property=\"og:image:type\" content=\"image\/jpeg\" \/>\n<meta name=\"author\" content=\"Redazione\" \/>\n<meta name=\"twitter:card\" content=\"summary_large_image\" \/>\n<meta name=\"twitter:creator\" content=\"@intoscana\" \/>\n<meta name=\"twitter:site\" content=\"@intoscana\" \/>\n<meta name=\"twitter:label1\" content=\"Written by\" \/>\n\t<meta name=\"twitter:data1\" content=\"Redazione\" \/>\n\t<meta name=\"twitter:label2\" content=\"Est. reading time\" \/>\n\t<meta name=\"twitter:data2\" content=\"3 minuti\" \/>\n<script type=\"application\/ld+json\" class=\"yoast-schema-graph\">{\"@context\":\"https:\/\/schema.org\",\"@graph\":[{\"@type\":\"WebPage\",\"@id\":\"https:\/\/www.intoscana.it\/it\/cure-palliative-toscana-ai-vertici-nazionali-potenziati-i-servizi-per-chi-soffre-di-malattie-incurabili\/\",\"url\":\"https:\/\/www.intoscana.it\/it\/cure-palliative-toscana-ai-vertici-nazionali-potenziati-i-servizi-per-chi-soffre-di-malattie-incurabili\/\",\"name\":\"Cure palliative, Toscana ai vertici nazionali: potenziati i servizi per chi soffre di malattie incurabili - intoscana\",\"isPartOf\":{\"@id\":\"https:\/\/www.intoscana.it\/it\/#website\"},\"primaryImageOfPage\":{\"@id\":\"https:\/\/www.intoscana.it\/it\/cure-palliative-toscana-ai-vertici-nazionali-potenziati-i-servizi-per-chi-soffre-di-malattie-incurabili\/#primaryimage\"},\"image\":{\"@id\":\"https:\/\/www.intoscana.it\/it\/cure-palliative-toscana-ai-vertici-nazionali-potenziati-i-servizi-per-chi-soffre-di-malattie-incurabili\/#primaryimage\"},\"thumbnailUrl\":\"https:\/\/www.intoscana.it\/wp-content\/uploads\/AdobeStock_520540150.jpeg\",\"datePublished\":\"2025-06-20T14:25:11+00:00\",\"dateModified\":\"2025-08-28T08:09:07+00:00\",\"author\":{\"@id\":\"https:\/\/www.intoscana.it\/it\/#\/schema\/person\/9223810753230f20bd670fdd322661f8\"},\"breadcrumb\":{\"@id\":\"https:\/\/www.intoscana.it\/it\/cure-palliative-toscana-ai-vertici-nazionali-potenziati-i-servizi-per-chi-soffre-di-malattie-incurabili\/#breadcrumb\"},\"inLanguage\":\"it-IT\",\"potentialAction\":[{\"@type\":\"ReadAction\",\"target\":[\"https:\/\/www.intoscana.it\/it\/cure-palliative-toscana-ai-vertici-nazionali-potenziati-i-servizi-per-chi-soffre-di-malattie-incurabili\/\"]}]},{\"@type\":\"ImageObject\",\"inLanguage\":\"it-IT\",\"@id\":\"https:\/\/www.intoscana.it\/it\/cure-palliative-toscana-ai-vertici-nazionali-potenziati-i-servizi-per-chi-soffre-di-malattie-incurabili\/#primaryimage\",\"url\":\"https:\/\/www.intoscana.it\/wp-content\/uploads\/AdobeStock_520540150.jpeg\",\"contentUrl\":\"https:\/\/www.intoscana.it\/wp-content\/uploads\/AdobeStock_520540150.jpeg\",\"width\":1920,\"height\":1281,\"caption\":\"Cure palliative\"},{\"@type\":\"BreadcrumbList\",\"@id\":\"https:\/\/www.intoscana.it\/it\/cure-palliative-toscana-ai-vertici-nazionali-potenziati-i-servizi-per-chi-soffre-di-malattie-incurabili\/#breadcrumb\",\"itemListElement\":[{\"@type\":\"ListItem\",\"position\":1,\"name\":\"Home\",\"item\":\"https:\/\/www.intoscana.it\/it\/\"},{\"@type\":\"ListItem\",\"position\":2,\"name\":\"Cure palliative, Toscana ai vertici nazionali: potenziati i servizi per chi soffre di malattie incurabili\"}]},{\"@type\":\"WebSite\",\"@id\":\"https:\/\/www.intoscana.it\/it\/#website\",\"url\":\"https:\/\/www.intoscana.it\/it\/\",\"name\":\"intoscana\",\"description\":\"\",\"potentialAction\":[{\"@type\":\"SearchAction\",\"target\":{\"@type\":\"EntryPoint\",\"urlTemplate\":\"https:\/\/www.intoscana.it\/it\/?s={search_term_string}\"},\"query-input\":{\"@type\":\"PropertyValueSpecification\",\"valueRequired\":true,\"valueName\":\"search_term_string\"}}],\"inLanguage\":\"it-IT\"},{\"@type\":\"Person\",\"@id\":\"https:\/\/www.intoscana.it\/it\/#\/schema\/person\/9223810753230f20bd670fdd322661f8\",\"name\":\"Redazione\",\"url\":\"https:\/\/www.intoscana.it\/it\/author\/redazione\/\"}]}<\/script>\n<!-- \/ Yoast SEO Premium plugin. -->","yoast_head_json":{"title":"Cure palliative, Toscana ai vertici nazionali: potenziati i servizi per chi soffre di malattie incurabili - intoscana","robots":{"index":"index","follow":"follow","max-snippet":"max-snippet:-1","max-image-preview":"max-image-preview:large","max-video-preview":"max-video-preview:-1"},"canonical":"https:\/\/www.intoscana.it\/it\/cure-palliative-toscana-ai-vertici-nazionali-potenziati-i-servizi-per-chi-soffre-di-malattie-incurabili\/","og_locale":"it_IT","og_type":"article","og_title":"Cure palliative, Toscana ai vertici nazionali: potenziati i servizi per chi soffre di malattie incurabili","og_description":"Il rapporto di Agenas certifica la Regione tra le migliori per le attivit\u00e0 per chi soffre di malattie incurabili, dalle terapie per controllare il dolore agli hospice","og_url":"https:\/\/www.intoscana.it\/it\/cure-palliative-toscana-ai-vertici-nazionali-potenziati-i-servizi-per-chi-soffre-di-malattie-incurabili\/","og_site_name":"intoscana","article_publisher":"https:\/\/www.facebook.com\/intoscana.it","article_published_time":"2025-06-20T14:25:11+00:00","article_modified_time":"2025-08-28T08:09:07+00:00","og_image":[{"width":1920,"height":1281,"url":"https:\/\/www.intoscana.it\/wp-content\/uploads\/AdobeStock_520540150.jpeg","type":"image\/jpeg"}],"author":"Redazione","twitter_card":"summary_large_image","twitter_creator":"@intoscana","twitter_site":"@intoscana","twitter_misc":{"Written by":"Redazione","Est. reading time":"3 minuti"},"schema":{"@context":"https:\/\/schema.org","@graph":[{"@type":"WebPage","@id":"https:\/\/www.intoscana.it\/it\/cure-palliative-toscana-ai-vertici-nazionali-potenziati-i-servizi-per-chi-soffre-di-malattie-incurabili\/","url":"https:\/\/www.intoscana.it\/it\/cure-palliative-toscana-ai-vertici-nazionali-potenziati-i-servizi-per-chi-soffre-di-malattie-incurabili\/","name":"Cure palliative, Toscana ai vertici nazionali: potenziati i servizi per chi soffre di malattie incurabili - intoscana","isPartOf":{"@id":"https:\/\/www.intoscana.it\/it\/#website"},"primaryImageOfPage":{"@id":"https:\/\/www.intoscana.it\/it\/cure-palliative-toscana-ai-vertici-nazionali-potenziati-i-servizi-per-chi-soffre-di-malattie-incurabili\/#primaryimage"},"image":{"@id":"https:\/\/www.intoscana.it\/it\/cure-palliative-toscana-ai-vertici-nazionali-potenziati-i-servizi-per-chi-soffre-di-malattie-incurabili\/#primaryimage"},"thumbnailUrl":"https:\/\/www.intoscana.it\/wp-content\/uploads\/AdobeStock_520540150.jpeg","datePublished":"2025-06-20T14:25:11+00:00","dateModified":"2025-08-28T08:09:07+00:00","author":{"@id":"https:\/\/www.intoscana.it\/it\/#\/schema\/person\/9223810753230f20bd670fdd322661f8"},"breadcrumb":{"@id":"https:\/\/www.intoscana.it\/it\/cure-palliative-toscana-ai-vertici-nazionali-potenziati-i-servizi-per-chi-soffre-di-malattie-incurabili\/#breadcrumb"},"inLanguage":"it-IT","potentialAction":[{"@type":"ReadAction","target":["https:\/\/www.intoscana.it\/it\/cure-palliative-toscana-ai-vertici-nazionali-potenziati-i-servizi-per-chi-soffre-di-malattie-incurabili\/"]}]},{"@type":"ImageObject","inLanguage":"it-IT","@id":"https:\/\/www.intoscana.it\/it\/cure-palliative-toscana-ai-vertici-nazionali-potenziati-i-servizi-per-chi-soffre-di-malattie-incurabili\/#primaryimage","url":"https:\/\/www.intoscana.it\/wp-content\/uploads\/AdobeStock_520540150.jpeg","contentUrl":"https:\/\/www.intoscana.it\/wp-content\/uploads\/AdobeStock_520540150.jpeg","width":1920,"height":1281,"caption":"Cure palliative"},{"@type":"BreadcrumbList","@id":"https:\/\/www.intoscana.it\/it\/cure-palliative-toscana-ai-vertici-nazionali-potenziati-i-servizi-per-chi-soffre-di-malattie-incurabili\/#breadcrumb","itemListElement":[{"@type":"ListItem","position":1,"name":"Home","item":"https:\/\/www.intoscana.it\/it\/"},{"@type":"ListItem","position":2,"name":"Cure palliative, Toscana ai vertici nazionali: potenziati i servizi per chi soffre di malattie incurabili"}]},{"@type":"WebSite","@id":"https:\/\/www.intoscana.it\/it\/#website","url":"https:\/\/www.intoscana.it\/it\/","name":"intoscana","description":"","potentialAction":[{"@type":"SearchAction","target":{"@type":"EntryPoint","urlTemplate":"https:\/\/www.intoscana.it\/it\/?s={search_term_string}"},"query-input":{"@type":"PropertyValueSpecification","valueRequired":true,"valueName":"search_term_string"}}],"inLanguage":"it-IT"},{"@type":"Person","@id":"https:\/\/www.intoscana.it\/it\/#\/schema\/person\/9223810753230f20bd670fdd322661f8","name":"Redazione","url":"https:\/\/www.intoscana.it\/it\/author\/redazione\/"}]}},"_links":{"self":[{"href":"https:\/\/www.intoscana.it\/it\/wp-json\/wp\/v2\/posts\/389803","targetHints":{"allow":["GET"]}}],"collection":[{"href":"https:\/\/www.intoscana.it\/it\/wp-json\/wp\/v2\/posts"}],"about":[{"href":"https:\/\/www.intoscana.it\/it\/wp-json\/wp\/v2\/types\/post"}],"author":[{"embeddable":true,"href":"https:\/\/www.intoscana.it\/it\/wp-json\/wp\/v2\/users\/525"}],"replies":[{"embeddable":true,"href":"https:\/\/www.intoscana.it\/it\/wp-json\/wp\/v2\/comments?post=389803"}],"version-history":[{"count":5,"href":"https:\/\/www.intoscana.it\/it\/wp-json\/wp\/v2\/posts\/389803\/revisions"}],"predecessor-version":[{"id":389809,"href":"https:\/\/www.intoscana.it\/it\/wp-json\/wp\/v2\/posts\/389803\/revisions\/389809"}],"wp:featuredmedia":[{"embeddable":true,"href":"https:\/\/www.intoscana.it\/it\/wp-json\/wp\/v2\/media\/389806"}],"wp:attachment":[{"href":"https:\/\/www.intoscana.it\/it\/wp-json\/wp\/v2\/media?parent=389803"}],"wp:term":[{"taxonomy":"category","embeddable":true,"href":"https:\/\/www.intoscana.it\/it\/wp-json\/wp\/v2\/categories?post=389803"},{"taxonomy":"post_tag","embeddable":true,"href":"https:\/\/www.intoscana.it\/it\/wp-json\/wp\/v2\/tags?post=389803"}],"curies":[{"name":"wp","href":"https:\/\/api.w.org\/{rel}","templated":true}]}}