{"id":389948,"date":"2025-06-23T10:11:52","date_gmt":"2025-06-23T08:11:52","guid":{"rendered":"https:\/\/www.intoscana.it\/it\/?p=389948"},"modified":"2025-06-23T10:14:31","modified_gmt":"2025-06-23T08:14:31","slug":"rimossa-la-gru-degli-uffizi-dopo-quasi-ventanni-firenze-ritrova-il-suo-skyline","status":"publish","type":"post","link":"https:\/\/www.intoscana.it\/it\/rimossa-la-gru-degli-uffizi-dopo-quasi-ventanni-firenze-ritrova-il-suo-skyline\/","title":{"rendered":"Rimossa la gru degli Uffizi: dopo quasi vent&#8217;anni Firenze ritrova il suo skyline"},"content":{"rendered":"<p>Dopo quasi vent&#8217;anni, lo skyline di Firenze torna intatto. Sabato si \u00e8 conclusa <strong>l&#8217;operazione di smontaggio della maxi gru<\/strong> installata nel 2006 nel piazzale degli Uffizi nell&#8217;ambito del cantiere di ampliamento del museo.<\/p>\n<h3>Sei giorni di lavoro per lo smontaggio<\/h3>\n<p>Ci sono voluti <strong>sei giorni per l&#8217;operazione,<\/strong> <a href=\"https:\/\/www.intoscana.it\/it\/dopo-20-anni-via-la-maxi-gru-dal-cantiere-degli-uffizi-lo-smantellamento-dal-16-al-21-giugno\/\" target=\"_blank\" rel=\"noopener\">partita la mattina del 16 giugno:<\/a> la gru era alta sessanta metri di altezza per 518 quintali di peso (344 metallo, 144 di contrappesi in cemento elevati oltre quota 50 metri), un vero colosso, visibile non solo sopra la loggia dei Lanzi e piazza Signoria.<\/p>\n<p>Nei prossimi giorni verr\u00e0 allestito, all\u2019interno del cantiere collocato nel piazzale sul lato opposto a quello della (ex) gru, <strong>un montacarichi \u2018light\u2019,<\/strong> in modo da portare avanti speditamente, ma senza pi\u00f9 nuocere all\u2019estetica del tessuto urbano fiorentino, i lavori per il completamento dei Nuovi Uffizi. La realizzazione di questo sistema sostitutivo \u00e8 stata resa possibile grazie al finanziamento, pari a circa, 180mila euro, messo tempestivamente a disposizione da una cordata di imprenditori della quale fanno parte Stefano Ricci, Nexi, Confindustria Toscana Centro e Costa, Enic, Starhotels, House of Nine, Toscana Aeroporti, P.T. Color srl, e con i contributi di Fondazione CR Firenze e degli Amici degli Uffizi.<\/p>\n<figure id=\"post-389967 media-389967\" class=\"align-none\">\n<p><figure style=\"width: 2048px\" class=\"wp-caption alignnone\"><img loading=\"lazy\" decoding=\"async\" src=\"https:\/\/www.intoscana.it\/wp-content\/uploads\/289262_0031_5343901-scaled.jpg\" alt=\"\" width=\"2048\" height=\"1435\" \/><figcaption class=\"wp-caption-text\">Il cantiere per la demolizione della gru degli Uffizi &#8211; \u00a9 Davide Franco\/Massimo Sestini<\/figcaption><\/figure><\/figure>\n<p>Un intervento fortemente voluto dal <strong>ministro della cultura Alessandro Giuli e dal direttore Simone Verd<\/strong>e. <em>&#8220;Viva gli Uffizi, viva la rimozione della gru, evviva la classe operaia che non so se va in paradiso ma che ha restituito una vista paradisiaca ai fiorentini&#8221;<\/em> ha detto il<strong> ministro Giuli,<\/strong> parlando a margine dell&#8217;evento &#8216;Firenze ritrova il suo orizzonte&#8217;, organizzato per festeggiare la rimozione della gru agli Uffizi. Il merito di questa operazione, ha aggiunto Giuli, <em>&#8220;\u00e8 del direttore delle Gallerie degli Uffizi, Simone Verde, del ministero che rappresento, di tutte le forze pubbliche e private il cui concorso dopo vent&#8217;anni ha consentito di riappropriarsi nella sua totalit\u00e0 di una bellezza indescrivibile&#8221;.<\/em><\/p>\n<p><em>\u201cOggi \u00e8 certamente un momento importante per Firenze, per la Toscana e per tutto il Paese\u201d ha dichiarato <\/em>il<strong> presidente della Regione Eugenio Giani<\/strong>, che sabato ha partecipato sulla terrazza degli Uffizi all\u2019evento per salutare la conclusione delle operazioni di smontaggio della maxi gru. \u201c<em>Con oggi<\/em> \u2013 ha aggiunto Giani &#8211; l<em>a realizzazione dei Grandi Uffizi si fa sempre pi\u00f9 concreta. \u00c8 il fatto principale che dobbiamo evidenziare oggi, perch\u00e9 questo consolida il dna della nostra terra come culla di cultura e rende ancora pi\u00f9 ricco il patrimonio culturale della nostra penisola alle quali il mondo deve guardare con sempre pi\u00f9 grande ammirazione\u201d.<\/em><\/p>\n<p>&nbsp;<\/p>\n","protected":false},"excerpt":{"rendered":"<p>Si \u00e8 conclusa sabato l&#8217;operazione di smontaggio della maxi gru, un intervento voluto dal direttore della Galleria Simone Verde e dal ministro della cultura Giuli. Il presidente della Toscana Giani: \u201cMomento importante per tutto il Paese\u201d<\/p>\n","protected":false},"author":525,"featured_media":389951,"comment_status":"open","ping_status":"open","sticky":false,"template":"","format":"standard","meta":{"_acf_changed":false,"footnotes":""},"categories":[494],"tags":[202,226,207],"class_list":["post-389948","post","type-post","status-publish","format-standard","has-post-thumbnail","hentry","category-attualita","tag-firenze","tag-musei","tag-uffizi"],"acf":[],"yoast_head":"<!-- This site is optimized with the Yoast SEO Premium plugin v24.2 (Yoast SEO v25.6) - https:\/\/yoast.com\/wordpress\/plugins\/seo\/ -->\n<title>Rimossa la gru degli Uffizi: dopo quasi vent&#039;anni Firenze ritrova il suo skyline - intoscana<\/title>\n<meta name=\"robots\" content=\"index, follow, max-snippet:-1, max-image-preview:large, max-video-preview:-1\" \/>\n<link rel=\"canonical\" href=\"https:\/\/www.intoscana.it\/it\/rimossa-la-gru-degli-uffizi-dopo-quasi-ventanni-firenze-ritrova-il-suo-skyline\/\" \/>\n<meta property=\"og:locale\" content=\"it_IT\" \/>\n<meta property=\"og:type\" content=\"article\" \/>\n<meta property=\"og:title\" content=\"Rimossa la gru degli Uffizi: dopo quasi vent&#039;anni Firenze ritrova il suo skyline\" \/>\n<meta property=\"og:description\" content=\"Si \u00e8 conclusa sabato l&#039;operazione di smontaggio della maxi gru, un intervento voluto dal direttore della Galleria Simone Verde e dal ministro della cultura Giuli. Il presidente della Toscana Giani: \u201cMomento importante per tutto il Paese\u201d\" \/>\n<meta property=\"og:url\" content=\"https:\/\/www.intoscana.it\/it\/rimossa-la-gru-degli-uffizi-dopo-quasi-ventanni-firenze-ritrova-il-suo-skyline\/\" \/>\n<meta property=\"og:site_name\" content=\"intoscana\" \/>\n<meta property=\"article:publisher\" content=\"https:\/\/www.facebook.com\/intoscana.it\" \/>\n<meta property=\"article:published_time\" content=\"2025-06-23T08:11:52+00:00\" \/>\n<meta property=\"article:modified_time\" content=\"2025-06-23T08:14:31+00:00\" \/>\n<meta property=\"og:image\" content=\"https:\/\/www.intoscana.it\/wp-content\/uploads\/289262_0026_5343896-scaled.jpg\" \/>\n\t<meta property=\"og:image:width\" content=\"2048\" \/>\n\t<meta property=\"og:image:height\" content=\"1536\" \/>\n\t<meta property=\"og:image:type\" content=\"image\/jpeg\" \/>\n<meta name=\"author\" content=\"Redazione\" \/>\n<meta name=\"twitter:card\" content=\"summary_large_image\" \/>\n<meta name=\"twitter:creator\" content=\"@intoscana\" \/>\n<meta name=\"twitter:site\" content=\"@intoscana\" \/>\n<meta name=\"twitter:label1\" content=\"Written by\" \/>\n\t<meta name=\"twitter:data1\" content=\"Redazione\" \/>\n\t<meta name=\"twitter:label2\" content=\"Est. reading time\" \/>\n\t<meta name=\"twitter:data2\" content=\"3 minuti\" \/>\n<script type=\"application\/ld+json\" class=\"yoast-schema-graph\">{\"@context\":\"https:\/\/schema.org\",\"@graph\":[{\"@type\":\"WebPage\",\"@id\":\"https:\/\/www.intoscana.it\/it\/rimossa-la-gru-degli-uffizi-dopo-quasi-ventanni-firenze-ritrova-il-suo-skyline\/\",\"url\":\"https:\/\/www.intoscana.it\/it\/rimossa-la-gru-degli-uffizi-dopo-quasi-ventanni-firenze-ritrova-il-suo-skyline\/\",\"name\":\"Rimossa la gru degli Uffizi: dopo quasi vent'anni Firenze ritrova il suo skyline - intoscana\",\"isPartOf\":{\"@id\":\"https:\/\/www.intoscana.it\/it\/#website\"},\"primaryImageOfPage\":{\"@id\":\"https:\/\/www.intoscana.it\/it\/rimossa-la-gru-degli-uffizi-dopo-quasi-ventanni-firenze-ritrova-il-suo-skyline\/#primaryimage\"},\"image\":{\"@id\":\"https:\/\/www.intoscana.it\/it\/rimossa-la-gru-degli-uffizi-dopo-quasi-ventanni-firenze-ritrova-il-suo-skyline\/#primaryimage\"},\"thumbnailUrl\":\"https:\/\/www.intoscana.it\/wp-content\/uploads\/289262_0026_5343896-scaled.jpg\",\"datePublished\":\"2025-06-23T08:11:52+00:00\",\"dateModified\":\"2025-06-23T08:14:31+00:00\",\"author\":{\"@id\":\"https:\/\/www.intoscana.it\/it\/#\/schema\/person\/9223810753230f20bd670fdd322661f8\"},\"breadcrumb\":{\"@id\":\"https:\/\/www.intoscana.it\/it\/rimossa-la-gru-degli-uffizi-dopo-quasi-ventanni-firenze-ritrova-il-suo-skyline\/#breadcrumb\"},\"inLanguage\":\"it-IT\",\"potentialAction\":[{\"@type\":\"ReadAction\",\"target\":[\"https:\/\/www.intoscana.it\/it\/rimossa-la-gru-degli-uffizi-dopo-quasi-ventanni-firenze-ritrova-il-suo-skyline\/\"]}]},{\"@type\":\"ImageObject\",\"inLanguage\":\"it-IT\",\"@id\":\"https:\/\/www.intoscana.it\/it\/rimossa-la-gru-degli-uffizi-dopo-quasi-ventanni-firenze-ritrova-il-suo-skyline\/#primaryimage\",\"url\":\"https:\/\/www.intoscana.it\/wp-content\/uploads\/289262_0026_5343896-scaled.jpg\",\"contentUrl\":\"https:\/\/www.intoscana.it\/wp-content\/uploads\/289262_0026_5343896-scaled.jpg\",\"width\":2048,\"height\":1536,\"caption\":\"Il cantiere per la demolizione della gru degli Uffizi\"},{\"@type\":\"BreadcrumbList\",\"@id\":\"https:\/\/www.intoscana.it\/it\/rimossa-la-gru-degli-uffizi-dopo-quasi-ventanni-firenze-ritrova-il-suo-skyline\/#breadcrumb\",\"itemListElement\":[{\"@type\":\"ListItem\",\"position\":1,\"name\":\"Home\",\"item\":\"https:\/\/www.intoscana.it\/it\/\"},{\"@type\":\"ListItem\",\"position\":2,\"name\":\"Rimossa la gru degli Uffizi: dopo quasi vent&#8217;anni Firenze ritrova il suo skyline\"}]},{\"@type\":\"WebSite\",\"@id\":\"https:\/\/www.intoscana.it\/it\/#website\",\"url\":\"https:\/\/www.intoscana.it\/it\/\",\"name\":\"intoscana\",\"description\":\"\",\"potentialAction\":[{\"@type\":\"SearchAction\",\"target\":{\"@type\":\"EntryPoint\",\"urlTemplate\":\"https:\/\/www.intoscana.it\/it\/?s={search_term_string}\"},\"query-input\":{\"@type\":\"PropertyValueSpecification\",\"valueRequired\":true,\"valueName\":\"search_term_string\"}}],\"inLanguage\":\"it-IT\"},{\"@type\":\"Person\",\"@id\":\"https:\/\/www.intoscana.it\/it\/#\/schema\/person\/9223810753230f20bd670fdd322661f8\",\"name\":\"Redazione\",\"url\":\"https:\/\/www.intoscana.it\/it\/author\/redazione\/\"}]}<\/script>\n<!-- \/ Yoast SEO Premium plugin. -->","yoast_head_json":{"title":"Rimossa la gru degli Uffizi: dopo quasi vent'anni Firenze ritrova il suo skyline - intoscana","robots":{"index":"index","follow":"follow","max-snippet":"max-snippet:-1","max-image-preview":"max-image-preview:large","max-video-preview":"max-video-preview:-1"},"canonical":"https:\/\/www.intoscana.it\/it\/rimossa-la-gru-degli-uffizi-dopo-quasi-ventanni-firenze-ritrova-il-suo-skyline\/","og_locale":"it_IT","og_type":"article","og_title":"Rimossa la gru degli Uffizi: dopo quasi vent'anni Firenze ritrova il suo skyline","og_description":"Si \u00e8 conclusa sabato l'operazione di smontaggio della maxi gru, un intervento voluto dal direttore della Galleria Simone Verde e dal ministro della cultura Giuli. Il presidente della Toscana Giani: \u201cMomento importante per tutto il Paese\u201d","og_url":"https:\/\/www.intoscana.it\/it\/rimossa-la-gru-degli-uffizi-dopo-quasi-ventanni-firenze-ritrova-il-suo-skyline\/","og_site_name":"intoscana","article_publisher":"https:\/\/www.facebook.com\/intoscana.it","article_published_time":"2025-06-23T08:11:52+00:00","article_modified_time":"2025-06-23T08:14:31+00:00","og_image":[{"width":2048,"height":1536,"url":"https:\/\/www.intoscana.it\/wp-content\/uploads\/289262_0026_5343896-scaled.jpg","type":"image\/jpeg"}],"author":"Redazione","twitter_card":"summary_large_image","twitter_creator":"@intoscana","twitter_site":"@intoscana","twitter_misc":{"Written by":"Redazione","Est. reading time":"3 minuti"},"schema":{"@context":"https:\/\/schema.org","@graph":[{"@type":"WebPage","@id":"https:\/\/www.intoscana.it\/it\/rimossa-la-gru-degli-uffizi-dopo-quasi-ventanni-firenze-ritrova-il-suo-skyline\/","url":"https:\/\/www.intoscana.it\/it\/rimossa-la-gru-degli-uffizi-dopo-quasi-ventanni-firenze-ritrova-il-suo-skyline\/","name":"Rimossa la gru degli Uffizi: dopo quasi vent'anni Firenze ritrova il suo skyline - intoscana","isPartOf":{"@id":"https:\/\/www.intoscana.it\/it\/#website"},"primaryImageOfPage":{"@id":"https:\/\/www.intoscana.it\/it\/rimossa-la-gru-degli-uffizi-dopo-quasi-ventanni-firenze-ritrova-il-suo-skyline\/#primaryimage"},"image":{"@id":"https:\/\/www.intoscana.it\/it\/rimossa-la-gru-degli-uffizi-dopo-quasi-ventanni-firenze-ritrova-il-suo-skyline\/#primaryimage"},"thumbnailUrl":"https:\/\/www.intoscana.it\/wp-content\/uploads\/289262_0026_5343896-scaled.jpg","datePublished":"2025-06-23T08:11:52+00:00","dateModified":"2025-06-23T08:14:31+00:00","author":{"@id":"https:\/\/www.intoscana.it\/it\/#\/schema\/person\/9223810753230f20bd670fdd322661f8"},"breadcrumb":{"@id":"https:\/\/www.intoscana.it\/it\/rimossa-la-gru-degli-uffizi-dopo-quasi-ventanni-firenze-ritrova-il-suo-skyline\/#breadcrumb"},"inLanguage":"it-IT","potentialAction":[{"@type":"ReadAction","target":["https:\/\/www.intoscana.it\/it\/rimossa-la-gru-degli-uffizi-dopo-quasi-ventanni-firenze-ritrova-il-suo-skyline\/"]}]},{"@type":"ImageObject","inLanguage":"it-IT","@id":"https:\/\/www.intoscana.it\/it\/rimossa-la-gru-degli-uffizi-dopo-quasi-ventanni-firenze-ritrova-il-suo-skyline\/#primaryimage","url":"https:\/\/www.intoscana.it\/wp-content\/uploads\/289262_0026_5343896-scaled.jpg","contentUrl":"https:\/\/www.intoscana.it\/wp-content\/uploads\/289262_0026_5343896-scaled.jpg","width":2048,"height":1536,"caption":"Il cantiere per la demolizione della gru degli Uffizi"},{"@type":"BreadcrumbList","@id":"https:\/\/www.intoscana.it\/it\/rimossa-la-gru-degli-uffizi-dopo-quasi-ventanni-firenze-ritrova-il-suo-skyline\/#breadcrumb","itemListElement":[{"@type":"ListItem","position":1,"name":"Home","item":"https:\/\/www.intoscana.it\/it\/"},{"@type":"ListItem","position":2,"name":"Rimossa la gru degli Uffizi: dopo quasi vent&#8217;anni Firenze ritrova il suo skyline"}]},{"@type":"WebSite","@id":"https:\/\/www.intoscana.it\/it\/#website","url":"https:\/\/www.intoscana.it\/it\/","name":"intoscana","description":"","potentialAction":[{"@type":"SearchAction","target":{"@type":"EntryPoint","urlTemplate":"https:\/\/www.intoscana.it\/it\/?s={search_term_string}"},"query-input":{"@type":"PropertyValueSpecification","valueRequired":true,"valueName":"search_term_string"}}],"inLanguage":"it-IT"},{"@type":"Person","@id":"https:\/\/www.intoscana.it\/it\/#\/schema\/person\/9223810753230f20bd670fdd322661f8","name":"Redazione","url":"https:\/\/www.intoscana.it\/it\/author\/redazione\/"}]}},"_links":{"self":[{"href":"https:\/\/www.intoscana.it\/it\/wp-json\/wp\/v2\/posts\/389948","targetHints":{"allow":["GET"]}}],"collection":[{"href":"https:\/\/www.intoscana.it\/it\/wp-json\/wp\/v2\/posts"}],"about":[{"href":"https:\/\/www.intoscana.it\/it\/wp-json\/wp\/v2\/types\/post"}],"author":[{"embeddable":true,"href":"https:\/\/www.intoscana.it\/it\/wp-json\/wp\/v2\/users\/525"}],"replies":[{"embeddable":true,"href":"https:\/\/www.intoscana.it\/it\/wp-json\/wp\/v2\/comments?post=389948"}],"version-history":[{"count":5,"href":"https:\/\/www.intoscana.it\/it\/wp-json\/wp\/v2\/posts\/389948\/revisions"}],"predecessor-version":[{"id":389968,"href":"https:\/\/www.intoscana.it\/it\/wp-json\/wp\/v2\/posts\/389948\/revisions\/389968"}],"wp:featuredmedia":[{"embeddable":true,"href":"https:\/\/www.intoscana.it\/it\/wp-json\/wp\/v2\/media\/389951"}],"wp:attachment":[{"href":"https:\/\/www.intoscana.it\/it\/wp-json\/wp\/v2\/media?parent=389948"}],"wp:term":[{"taxonomy":"category","embeddable":true,"href":"https:\/\/www.intoscana.it\/it\/wp-json\/wp\/v2\/categories?post=389948"},{"taxonomy":"post_tag","embeddable":true,"href":"https:\/\/www.intoscana.it\/it\/wp-json\/wp\/v2\/tags?post=389948"}],"curies":[{"name":"wp","href":"https:\/\/api.w.org\/{rel}","templated":true}]}}