{"id":390578,"date":"2025-06-27T10:01:02","date_gmt":"2025-06-27T08:01:02","guid":{"rendered":"https:\/\/www.intoscana.it\/it\/?p=390578"},"modified":"2025-06-27T10:01:33","modified_gmt":"2025-06-27T08:01:33","slug":"agroalimentare-missione-in-provenza-per-rafforzare-i-rapporti-di-cooperazione","status":"publish","type":"post","link":"https:\/\/www.intoscana.it\/it\/agroalimentare-missione-in-provenza-per-rafforzare-i-rapporti-di-cooperazione\/","title":{"rendered":"Agroalimentare, missione in Provenza per rafforzare i rapporti di cooperazione"},"content":{"rendered":"<p>Rafforzare i rapporti di cooperazione nell&#8217;ambito dell&#8217;agroalimentare e del turismo rurale. La visita della vicepresidente e assessora all\u2019agricoltura <strong>Stefania Saccardi<\/strong> nel dipartimento del Var, in Provenza punta a quest&#8217;obiettivo. In quest&#8217;ottica si sono svolti una serie di incontri tra la <strong>Regione Toscana<\/strong> e la Regione <strong>SUD Provence-Alpes-C\u00f4te d\u2019Azur<\/strong>.<\/p>\n<p>La missione ha fatto tappa a <strong>Tolone<\/strong>, sede del D<strong>ipartimento del Var<\/strong>. La vicepresidente e la sua delegazione composta, tra gli altri, dal direttore del settore Agricoltura della Regione Toscana e dal direttore di Toscana Promozione, \u00e8 stata ricevuta dal presidente del Dipartimento del Var, <strong>Jean-Louis Masson<\/strong>, alla presenza del console italiano a Marsiglia <strong>Fabio Monaco<\/strong> e del presidente della Camera di Commercio italiana, <strong>Domenico Basciano<\/strong>.<\/p>\n<p>Confermati i reciproci <strong>impegni di collaborazione<\/strong>, si \u00e8 passati al consueto scambio di doni dopo il quale Saccardi ha incontrato una serie di <strong>produttori<\/strong>, di <strong>imprenditori agricoli<\/strong> e di rappresentanti delle diverse denominazioni dei prodotti della zona.<\/p>\n<figure id=\"post-390581 media-390581\" class=\"align-none\"><img decoding=\"async\" src=\"https:\/\/www.intoscana.it\/wp-content\/uploads\/Lincontro-di-Stefania-Saccardi-con-i-produttori-francesi.jpeg\" alt=\"\" \/><\/figure>\n<div class=\"titleimg\">L\u2019incontro di Stefania Saccardi con i produttori francesi<\/div>\n<h3>Toscana modello virtuoso per gli agriturismi<\/h3>\n<p>\u201c<em>Abbiamo constato quanto sia forte in Europa e anche qua in Francia l\u2019esempio della Toscana nel campo degli agriturismi \u00a0<\/em>&#8211; ha detto Saccardi \u2013 <em>non solo per i numeri record per presenze e ricettivit\u00e0, ma soprattutto per la variet\u00e0 dell&#8217;offerta e l&#8217;alta qualit\u00e0 dei servizi.\u00a0L&#8217;agriturismo toscano non \u00e8 solo un&#8217;esperienza di soggiorno, ma un vero e proprio modello di valorizzazione del territorio, della cultura enogastronomica e delle tradizioni locali, di cui possiamo andare fieri\u201d.<\/em><\/p>\n<p>Fra i doni dalla Toscana per gli ospiti francesi, un <strong>coltellino per innesto<\/strong> realizzato dalla famosa Coltelleria all&#8217;artigiano di Scarperia, l\u2019immancabile <strong>finocchiona<\/strong> dell\u2019omonimo Consorzio, apprezzatissima, il vino del <strong>Consorzio Igp Toscana<\/strong>, l\u2019olio extravergine d\u2019oliva della Cooperativa <strong>Terre dell&#8217;Etruria<\/strong> e i <strong>cantuccini di Mattonella<\/strong>, del biscottificio Mattei di Prato.<\/p>\n","protected":false},"excerpt":{"rendered":"<p>La vice presidente Saccardi in visita nel dipartimento del Var: &#8220;Toscana presa ad esempio in Francia per la gestione degli agriturismi&#8221;<\/p>\n","protected":false},"author":525,"featured_media":390582,"comment_status":"open","ping_status":"open","sticky":false,"template":"","format":"standard","meta":{"_acf_changed":false,"footnotes":""},"categories":[494],"tags":[282,4769],"class_list":["post-390578","post","type-post","status-publish","format-standard","has-post-thumbnail","hentry","category-attualita","tag-agroalimentare","tag-stefania-saccardi"],"acf":[],"yoast_head":"<!-- This site is optimized with the Yoast SEO Premium plugin v24.2 (Yoast SEO v25.6) - https:\/\/yoast.com\/wordpress\/plugins\/seo\/ -->\n<title>Agroalimentare, missione in Provenza per rafforzare i rapporti di cooperazione - intoscana<\/title>\n<meta name=\"description\" content=\"La vice presidente Saccardi in visita nel dipartimento del Var: &quot;Toscana presa ad esempio in Francia per la gestione degli agriturismi&quot;\" \/>\n<meta name=\"robots\" content=\"index, follow, max-snippet:-1, max-image-preview:large, max-video-preview:-1\" \/>\n<link rel=\"canonical\" href=\"https:\/\/www.intoscana.it\/it\/agroalimentare-missione-in-provenza-per-rafforzare-i-rapporti-di-cooperazione\/\" \/>\n<meta property=\"og:locale\" content=\"it_IT\" \/>\n<meta property=\"og:type\" content=\"article\" \/>\n<meta property=\"og:title\" content=\"Agroalimentare, missione in Provenza per rafforzare i rapporti di cooperazione\" \/>\n<meta property=\"og:description\" content=\"La vice presidente Saccardi in visita nel dipartimento del Var: &quot;Toscana presa ad esempio in Francia per la gestione degli agriturismi&quot;\" \/>\n<meta property=\"og:url\" content=\"https:\/\/www.intoscana.it\/it\/agroalimentare-missione-in-provenza-per-rafforzare-i-rapporti-di-cooperazione\/\" \/>\n<meta property=\"og:site_name\" content=\"intoscana\" \/>\n<meta property=\"article:publisher\" content=\"https:\/\/www.facebook.com\/intoscana.it\" \/>\n<meta property=\"article:published_time\" content=\"2025-06-27T08:01:02+00:00\" \/>\n<meta property=\"article:modified_time\" content=\"2025-06-27T08:01:33+00:00\" \/>\n<meta property=\"og:image\" content=\"https:\/\/www.intoscana.it\/wp-content\/uploads\/Stefania-Saccardi-e-Jean-Louis-Masson-e1751009907721.jpeg\" \/>\n\t<meta property=\"og:image:width\" content=\"1190\" \/>\n\t<meta property=\"og:image:height\" content=\"775\" \/>\n\t<meta property=\"og:image:type\" content=\"image\/jpeg\" \/>\n<meta name=\"author\" content=\"Redazione\" \/>\n<meta name=\"twitter:card\" content=\"summary_large_image\" \/>\n<meta name=\"twitter:creator\" content=\"@intoscana\" \/>\n<meta name=\"twitter:site\" content=\"@intoscana\" \/>\n<meta name=\"twitter:label1\" content=\"Written by\" \/>\n\t<meta name=\"twitter:data1\" content=\"Redazione\" \/>\n\t<meta name=\"twitter:label2\" content=\"Est. reading time\" \/>\n\t<meta name=\"twitter:data2\" content=\"2 minuti\" \/>\n<script type=\"application\/ld+json\" class=\"yoast-schema-graph\">{\"@context\":\"https:\/\/schema.org\",\"@graph\":[{\"@type\":\"WebPage\",\"@id\":\"https:\/\/www.intoscana.it\/it\/agroalimentare-missione-in-provenza-per-rafforzare-i-rapporti-di-cooperazione\/\",\"url\":\"https:\/\/www.intoscana.it\/it\/agroalimentare-missione-in-provenza-per-rafforzare-i-rapporti-di-cooperazione\/\",\"name\":\"Agroalimentare, missione in Provenza per rafforzare i rapporti di cooperazione - intoscana\",\"isPartOf\":{\"@id\":\"https:\/\/www.intoscana.it\/it\/#website\"},\"primaryImageOfPage\":{\"@id\":\"https:\/\/www.intoscana.it\/it\/agroalimentare-missione-in-provenza-per-rafforzare-i-rapporti-di-cooperazione\/#primaryimage\"},\"image\":{\"@id\":\"https:\/\/www.intoscana.it\/it\/agroalimentare-missione-in-provenza-per-rafforzare-i-rapporti-di-cooperazione\/#primaryimage\"},\"thumbnailUrl\":\"https:\/\/www.intoscana.it\/wp-content\/uploads\/Stefania-Saccardi-e-Jean-Louis-Masson-e1751009907721.jpeg\",\"datePublished\":\"2025-06-27T08:01:02+00:00\",\"dateModified\":\"2025-06-27T08:01:33+00:00\",\"author\":{\"@id\":\"https:\/\/www.intoscana.it\/it\/#\/schema\/person\/9223810753230f20bd670fdd322661f8\"},\"description\":\"La vice presidente Saccardi in visita nel dipartimento del Var: \\\"Toscana presa ad esempio in Francia per la gestione degli agriturismi\\\"\",\"breadcrumb\":{\"@id\":\"https:\/\/www.intoscana.it\/it\/agroalimentare-missione-in-provenza-per-rafforzare-i-rapporti-di-cooperazione\/#breadcrumb\"},\"inLanguage\":\"it-IT\",\"potentialAction\":[{\"@type\":\"ReadAction\",\"target\":[\"https:\/\/www.intoscana.it\/it\/agroalimentare-missione-in-provenza-per-rafforzare-i-rapporti-di-cooperazione\/\"]}]},{\"@type\":\"ImageObject\",\"inLanguage\":\"it-IT\",\"@id\":\"https:\/\/www.intoscana.it\/it\/agroalimentare-missione-in-provenza-per-rafforzare-i-rapporti-di-cooperazione\/#primaryimage\",\"url\":\"https:\/\/www.intoscana.it\/wp-content\/uploads\/Stefania-Saccardi-e-Jean-Louis-Masson-e1751009907721.jpeg\",\"contentUrl\":\"https:\/\/www.intoscana.it\/wp-content\/uploads\/Stefania-Saccardi-e-Jean-Louis-Masson-e1751009907721.jpeg\",\"width\":1190,\"height\":775},{\"@type\":\"BreadcrumbList\",\"@id\":\"https:\/\/www.intoscana.it\/it\/agroalimentare-missione-in-provenza-per-rafforzare-i-rapporti-di-cooperazione\/#breadcrumb\",\"itemListElement\":[{\"@type\":\"ListItem\",\"position\":1,\"name\":\"Home\",\"item\":\"https:\/\/www.intoscana.it\/it\/\"},{\"@type\":\"ListItem\",\"position\":2,\"name\":\"Agroalimentare, missione in Provenza per rafforzare i rapporti di cooperazione\"}]},{\"@type\":\"WebSite\",\"@id\":\"https:\/\/www.intoscana.it\/it\/#website\",\"url\":\"https:\/\/www.intoscana.it\/it\/\",\"name\":\"intoscana\",\"description\":\"\",\"potentialAction\":[{\"@type\":\"SearchAction\",\"target\":{\"@type\":\"EntryPoint\",\"urlTemplate\":\"https:\/\/www.intoscana.it\/it\/?s={search_term_string}\"},\"query-input\":{\"@type\":\"PropertyValueSpecification\",\"valueRequired\":true,\"valueName\":\"search_term_string\"}}],\"inLanguage\":\"it-IT\"},{\"@type\":\"Person\",\"@id\":\"https:\/\/www.intoscana.it\/it\/#\/schema\/person\/9223810753230f20bd670fdd322661f8\",\"name\":\"Redazione\",\"url\":\"https:\/\/www.intoscana.it\/it\/author\/redazione\/\"}]}<\/script>\n<!-- \/ Yoast SEO Premium plugin. -->","yoast_head_json":{"title":"Agroalimentare, missione in Provenza per rafforzare i rapporti di cooperazione - intoscana","description":"La vice presidente Saccardi in visita nel dipartimento del Var: \"Toscana presa ad esempio in Francia per la gestione degli agriturismi\"","robots":{"index":"index","follow":"follow","max-snippet":"max-snippet:-1","max-image-preview":"max-image-preview:large","max-video-preview":"max-video-preview:-1"},"canonical":"https:\/\/www.intoscana.it\/it\/agroalimentare-missione-in-provenza-per-rafforzare-i-rapporti-di-cooperazione\/","og_locale":"it_IT","og_type":"article","og_title":"Agroalimentare, missione in Provenza per rafforzare i rapporti di cooperazione","og_description":"La vice presidente Saccardi in visita nel dipartimento del Var: \"Toscana presa ad esempio in Francia per la gestione degli agriturismi\"","og_url":"https:\/\/www.intoscana.it\/it\/agroalimentare-missione-in-provenza-per-rafforzare-i-rapporti-di-cooperazione\/","og_site_name":"intoscana","article_publisher":"https:\/\/www.facebook.com\/intoscana.it","article_published_time":"2025-06-27T08:01:02+00:00","article_modified_time":"2025-06-27T08:01:33+00:00","og_image":[{"width":1190,"height":775,"url":"https:\/\/www.intoscana.it\/wp-content\/uploads\/Stefania-Saccardi-e-Jean-Louis-Masson-e1751009907721.jpeg","type":"image\/jpeg"}],"author":"Redazione","twitter_card":"summary_large_image","twitter_creator":"@intoscana","twitter_site":"@intoscana","twitter_misc":{"Written by":"Redazione","Est. reading time":"2 minuti"},"schema":{"@context":"https:\/\/schema.org","@graph":[{"@type":"WebPage","@id":"https:\/\/www.intoscana.it\/it\/agroalimentare-missione-in-provenza-per-rafforzare-i-rapporti-di-cooperazione\/","url":"https:\/\/www.intoscana.it\/it\/agroalimentare-missione-in-provenza-per-rafforzare-i-rapporti-di-cooperazione\/","name":"Agroalimentare, missione in Provenza per rafforzare i rapporti di cooperazione - intoscana","isPartOf":{"@id":"https:\/\/www.intoscana.it\/it\/#website"},"primaryImageOfPage":{"@id":"https:\/\/www.intoscana.it\/it\/agroalimentare-missione-in-provenza-per-rafforzare-i-rapporti-di-cooperazione\/#primaryimage"},"image":{"@id":"https:\/\/www.intoscana.it\/it\/agroalimentare-missione-in-provenza-per-rafforzare-i-rapporti-di-cooperazione\/#primaryimage"},"thumbnailUrl":"https:\/\/www.intoscana.it\/wp-content\/uploads\/Stefania-Saccardi-e-Jean-Louis-Masson-e1751009907721.jpeg","datePublished":"2025-06-27T08:01:02+00:00","dateModified":"2025-06-27T08:01:33+00:00","author":{"@id":"https:\/\/www.intoscana.it\/it\/#\/schema\/person\/9223810753230f20bd670fdd322661f8"},"description":"La vice presidente Saccardi in visita nel dipartimento del Var: \"Toscana presa ad esempio in Francia per la gestione degli agriturismi\"","breadcrumb":{"@id":"https:\/\/www.intoscana.it\/it\/agroalimentare-missione-in-provenza-per-rafforzare-i-rapporti-di-cooperazione\/#breadcrumb"},"inLanguage":"it-IT","potentialAction":[{"@type":"ReadAction","target":["https:\/\/www.intoscana.it\/it\/agroalimentare-missione-in-provenza-per-rafforzare-i-rapporti-di-cooperazione\/"]}]},{"@type":"ImageObject","inLanguage":"it-IT","@id":"https:\/\/www.intoscana.it\/it\/agroalimentare-missione-in-provenza-per-rafforzare-i-rapporti-di-cooperazione\/#primaryimage","url":"https:\/\/www.intoscana.it\/wp-content\/uploads\/Stefania-Saccardi-e-Jean-Louis-Masson-e1751009907721.jpeg","contentUrl":"https:\/\/www.intoscana.it\/wp-content\/uploads\/Stefania-Saccardi-e-Jean-Louis-Masson-e1751009907721.jpeg","width":1190,"height":775},{"@type":"BreadcrumbList","@id":"https:\/\/www.intoscana.it\/it\/agroalimentare-missione-in-provenza-per-rafforzare-i-rapporti-di-cooperazione\/#breadcrumb","itemListElement":[{"@type":"ListItem","position":1,"name":"Home","item":"https:\/\/www.intoscana.it\/it\/"},{"@type":"ListItem","position":2,"name":"Agroalimentare, missione in Provenza per rafforzare i rapporti di cooperazione"}]},{"@type":"WebSite","@id":"https:\/\/www.intoscana.it\/it\/#website","url":"https:\/\/www.intoscana.it\/it\/","name":"intoscana","description":"","potentialAction":[{"@type":"SearchAction","target":{"@type":"EntryPoint","urlTemplate":"https:\/\/www.intoscana.it\/it\/?s={search_term_string}"},"query-input":{"@type":"PropertyValueSpecification","valueRequired":true,"valueName":"search_term_string"}}],"inLanguage":"it-IT"},{"@type":"Person","@id":"https:\/\/www.intoscana.it\/it\/#\/schema\/person\/9223810753230f20bd670fdd322661f8","name":"Redazione","url":"https:\/\/www.intoscana.it\/it\/author\/redazione\/"}]}},"_links":{"self":[{"href":"https:\/\/www.intoscana.it\/it\/wp-json\/wp\/v2\/posts\/390578","targetHints":{"allow":["GET"]}}],"collection":[{"href":"https:\/\/www.intoscana.it\/it\/wp-json\/wp\/v2\/posts"}],"about":[{"href":"https:\/\/www.intoscana.it\/it\/wp-json\/wp\/v2\/types\/post"}],"author":[{"embeddable":true,"href":"https:\/\/www.intoscana.it\/it\/wp-json\/wp\/v2\/users\/525"}],"replies":[{"embeddable":true,"href":"https:\/\/www.intoscana.it\/it\/wp-json\/wp\/v2\/comments?post=390578"}],"version-history":[{"count":5,"href":"https:\/\/www.intoscana.it\/it\/wp-json\/wp\/v2\/posts\/390578\/revisions"}],"predecessor-version":[{"id":390590,"href":"https:\/\/www.intoscana.it\/it\/wp-json\/wp\/v2\/posts\/390578\/revisions\/390590"}],"wp:featuredmedia":[{"embeddable":true,"href":"https:\/\/www.intoscana.it\/it\/wp-json\/wp\/v2\/media\/390582"}],"wp:attachment":[{"href":"https:\/\/www.intoscana.it\/it\/wp-json\/wp\/v2\/media?parent=390578"}],"wp:term":[{"taxonomy":"category","embeddable":true,"href":"https:\/\/www.intoscana.it\/it\/wp-json\/wp\/v2\/categories?post=390578"},{"taxonomy":"post_tag","embeddable":true,"href":"https:\/\/www.intoscana.it\/it\/wp-json\/wp\/v2\/tags?post=390578"}],"curies":[{"name":"wp","href":"https:\/\/api.w.org\/{rel}","templated":true}]}}