{"id":390597,"date":"2025-06-27T10:51:40","date_gmt":"2025-06-27T08:51:40","guid":{"rendered":"https:\/\/www.intoscana.it\/it\/?p=390597"},"modified":"2025-06-27T17:12:21","modified_gmt":"2025-06-27T15:12:21","slug":"il-pisa-riparte-da-gilardino-sara-lui-a-guidare-i-nerazzurri-in-serie-a","status":"publish","type":"post","link":"https:\/\/www.intoscana.it\/it\/il-pisa-riparte-da-gilardino-sara-lui-a-guidare-i-nerazzurri-in-serie-a\/","title":{"rendered":"Il Pisa riparte da Gilardino: sar\u00e0 lui a guidare i nerazzurri in Serie A"},"content":{"rendered":"<p>Adesso \u00e8 ufficiale: <strong>Alberto Gilardino<\/strong> \u00e8 il nuovo allenatore del <strong>Pisa Sporting Club<\/strong>. L\u2019ex centravanti della Nazionale campione del mondo nel 2006 prende il posto di <strong>Filippo Inzaghi<\/strong> \u2013 compagno di squadra ai tempi del Milan e della Nazionale \u2013 alla guida del club toscano, pronto a tornare in Serie A dopo anni di assenza.<\/p>\n<p>La firma \u00e8 arrivata nelle scorse ore nella sede del club: <strong>contratto biennale con scadenza giugno 2027<\/strong> e opzione automatica per un\u2019ulteriore stagione in caso di salvezza. Gilardino non sar\u00e0 solo: al suo fianco ci saranno il vice <strong>Gaetano Caridi<\/strong> e gli assistenti <strong>Dario Dainelli<\/strong>, pecciolese ed ex difensore con un lungo passato in Serie A, e <strong>Francesco Valiani<\/strong>.<\/p>\n<figure id=\"post-390598 media-390598\" class=\"align-none\"><img decoding=\"async\" src=\"https:\/\/www.intoscana.it\/wp-content\/uploads\/gilardino-pisa.jpg\" alt=\"\" \/><\/figure>\n<div class=\"titleimg\">\u00a9 Pisa Sporting Club<\/div>\n<p>Reduce dall\u2019esperienza con il Genoa \u2013 con cui ha conquistato la promozione in Serie A nel 2023 e ottenuto la salvezza nella stagione successiva \u2013 Gilardino \u00e8 alla sua seconda panchina nella massima serie. In carriera ha allenato anche <strong>Pro Vercelli, Siena e Rezzato<\/strong>, costruendo passo dopo passo il proprio profilo da tecnico.<\/p>\n<p>Per il <strong>Pisa<\/strong>, l\u2019arrivo del nuovo allenatore rappresenta un ulteriore tassello nella costruzione della <strong>stagione 2025\/2026<\/strong>, che vedr\u00e0 il club nerazzurro nel ritorno nella massima serie. I confronti con il direttore sportivo Davide Vaira e il direttore generale Giovanni Corrado sono gi\u00e0 entrati nel vivo: il mercato estivo dovr\u00e0 <strong>rafforzare la rosa in ogni reparto<\/strong>. Il sogno nel cassetto si chiama <strong>Giovanni Simeone<\/strong>, attaccante gradito sia a Gilardino che alla tifoseria.<\/p>\n<p>L\u2019esordio ufficiale in campionato \u00e8 fissato per il <strong>24 agosto<\/strong>, con la trasferta a Bergamo contro <strong>l\u2019Atalanta<\/strong>. Intanto, nei primi giorni di luglio, il club sveler\u00e0 due importanti novit\u00e0: la nuova campagna abbonamenti e il restyling del logo sociale, a sancire il ritorno in Serie A con una rinnovata identit\u00e0 visiva.<\/p>\n<h3><strong>Chi \u00e8 Alberto Gilardino<\/strong><\/h3>\n<p>Classe 1982, Alberto Gilardino \u00e8 stato uno dei centravanti pi\u00f9 prolifici del calcio italiano. Campione del mondo con l\u2019Italia nel 2006, ha vestito le maglie di Parma, Milan, <strong>Fiorentina<\/strong>, Genoa e altre squadre di Serie A, totalizzando oltre 180 reti in carriera. Dopo il ritiro ha intrapreso il percorso da allenatore, iniziando nei dilettanti per poi arrivare nelle categorie professionistiche. Con il Genoa ha vinto il campionato di Serie B nel 2023 e conquistato la salvezza in A nella stagione successiva, esperienza che si \u00e8 conclusa con l&#8217;esonero a novembre 2024. Allenatore giovane ma gi\u00e0 esperto, \u00e8 apprezzato per la sua capacit\u00e0 di lavorare con i giovani e per il suo stile di gioco propositivo.<\/p>\n","protected":false},"excerpt":{"rendered":"<p>Passaggio di testimone tra campioni, dopo la promozione conquistata da Filippo Inzaghi, sulla panchina arriva l&#8217;ex centravanti viola Alberto Gilardino<\/p>\n","protected":false},"author":507,"featured_media":390599,"comment_status":"open","ping_status":"open","sticky":false,"template":"","format":"standard","meta":{"_acf_changed":false,"footnotes":""},"categories":[494],"tags":[290,203,159],"class_list":["post-390597","post","type-post","status-publish","format-standard","has-post-thumbnail","hentry","category-attualita","tag-calcio","tag-pisa","tag-sport"],"acf":[],"yoast_head":"<!-- This site is optimized with the Yoast SEO Premium plugin v24.2 (Yoast SEO v25.6) - https:\/\/yoast.com\/wordpress\/plugins\/seo\/ -->\n<title>Il Pisa riparte da Gilardino: sar\u00e0 lui a guidare i nerazzurri in Serie A - intoscana<\/title>\n<meta name=\"robots\" content=\"index, follow, max-snippet:-1, max-image-preview:large, max-video-preview:-1\" \/>\n<link rel=\"canonical\" href=\"https:\/\/www.intoscana.it\/it\/il-pisa-riparte-da-gilardino-sara-lui-a-guidare-i-nerazzurri-in-serie-a\/\" \/>\n<meta property=\"og:locale\" content=\"it_IT\" \/>\n<meta property=\"og:type\" content=\"article\" \/>\n<meta property=\"og:title\" content=\"Il Pisa riparte da Gilardino: sar\u00e0 lui a guidare i nerazzurri in Serie A\" \/>\n<meta property=\"og:description\" content=\"Passaggio di testimone tra campioni, dopo la promozione conquistata da Filippo Inzaghi, sulla panchina arriva l&#039;ex centravanti viola Alberto Gilardino\" \/>\n<meta property=\"og:url\" content=\"https:\/\/www.intoscana.it\/it\/il-pisa-riparte-da-gilardino-sara-lui-a-guidare-i-nerazzurri-in-serie-a\/\" \/>\n<meta property=\"og:site_name\" content=\"intoscana\" \/>\n<meta property=\"article:publisher\" content=\"https:\/\/www.facebook.com\/intoscana.it\" \/>\n<meta property=\"article:published_time\" content=\"2025-06-27T08:51:40+00:00\" \/>\n<meta property=\"article:modified_time\" content=\"2025-06-27T15:12:21+00:00\" \/>\n<meta property=\"og:image\" content=\"https:\/\/www.intoscana.it\/wp-content\/uploads\/alberto-gilardino-ufficio-stampa-pisa-sc.jpeg\" \/>\n\t<meta property=\"og:image:width\" content=\"1280\" \/>\n\t<meta property=\"og:image:height\" content=\"720\" \/>\n\t<meta property=\"og:image:type\" content=\"image\/jpeg\" \/>\n<meta name=\"author\" content=\"Chiara Bianchini\" \/>\n<meta name=\"twitter:card\" content=\"summary_large_image\" \/>\n<meta name=\"twitter:creator\" content=\"@intoscana\" \/>\n<meta name=\"twitter:site\" content=\"@intoscana\" \/>\n<meta name=\"twitter:label1\" content=\"Written by\" \/>\n\t<meta name=\"twitter:data1\" content=\"Chiara Bianchini\" \/>\n\t<meta name=\"twitter:label2\" content=\"Est. reading time\" \/>\n\t<meta name=\"twitter:data2\" content=\"3 minuti\" \/>\n<script type=\"application\/ld+json\" class=\"yoast-schema-graph\">{\"@context\":\"https:\/\/schema.org\",\"@graph\":[{\"@type\":\"WebPage\",\"@id\":\"https:\/\/www.intoscana.it\/it\/il-pisa-riparte-da-gilardino-sara-lui-a-guidare-i-nerazzurri-in-serie-a\/\",\"url\":\"https:\/\/www.intoscana.it\/it\/il-pisa-riparte-da-gilardino-sara-lui-a-guidare-i-nerazzurri-in-serie-a\/\",\"name\":\"Il Pisa riparte da Gilardino: sar\u00e0 lui a guidare i nerazzurri in Serie A - intoscana\",\"isPartOf\":{\"@id\":\"https:\/\/www.intoscana.it\/it\/#website\"},\"primaryImageOfPage\":{\"@id\":\"https:\/\/www.intoscana.it\/it\/il-pisa-riparte-da-gilardino-sara-lui-a-guidare-i-nerazzurri-in-serie-a\/#primaryimage\"},\"image\":{\"@id\":\"https:\/\/www.intoscana.it\/it\/il-pisa-riparte-da-gilardino-sara-lui-a-guidare-i-nerazzurri-in-serie-a\/#primaryimage\"},\"thumbnailUrl\":\"https:\/\/www.intoscana.it\/wp-content\/uploads\/alberto-gilardino-ufficio-stampa-pisa-sc.jpeg\",\"datePublished\":\"2025-06-27T08:51:40+00:00\",\"dateModified\":\"2025-06-27T15:12:21+00:00\",\"author\":{\"@id\":\"https:\/\/www.intoscana.it\/it\/#\/schema\/person\/010af92117f50561886339ad5b873a41\"},\"breadcrumb\":{\"@id\":\"https:\/\/www.intoscana.it\/it\/il-pisa-riparte-da-gilardino-sara-lui-a-guidare-i-nerazzurri-in-serie-a\/#breadcrumb\"},\"inLanguage\":\"it-IT\",\"potentialAction\":[{\"@type\":\"ReadAction\",\"target\":[\"https:\/\/www.intoscana.it\/it\/il-pisa-riparte-da-gilardino-sara-lui-a-guidare-i-nerazzurri-in-serie-a\/\"]}]},{\"@type\":\"ImageObject\",\"inLanguage\":\"it-IT\",\"@id\":\"https:\/\/www.intoscana.it\/it\/il-pisa-riparte-da-gilardino-sara-lui-a-guidare-i-nerazzurri-in-serie-a\/#primaryimage\",\"url\":\"https:\/\/www.intoscana.it\/wp-content\/uploads\/alberto-gilardino-ufficio-stampa-pisa-sc.jpeg\",\"contentUrl\":\"https:\/\/www.intoscana.it\/wp-content\/uploads\/alberto-gilardino-ufficio-stampa-pisa-sc.jpeg\",\"width\":1280,\"height\":720},{\"@type\":\"BreadcrumbList\",\"@id\":\"https:\/\/www.intoscana.it\/it\/il-pisa-riparte-da-gilardino-sara-lui-a-guidare-i-nerazzurri-in-serie-a\/#breadcrumb\",\"itemListElement\":[{\"@type\":\"ListItem\",\"position\":1,\"name\":\"Home\",\"item\":\"https:\/\/www.intoscana.it\/it\/\"},{\"@type\":\"ListItem\",\"position\":2,\"name\":\"Il Pisa riparte da Gilardino: sar\u00e0 lui a guidare i nerazzurri in Serie A\"}]},{\"@type\":\"WebSite\",\"@id\":\"https:\/\/www.intoscana.it\/it\/#website\",\"url\":\"https:\/\/www.intoscana.it\/it\/\",\"name\":\"intoscana\",\"description\":\"\",\"potentialAction\":[{\"@type\":\"SearchAction\",\"target\":{\"@type\":\"EntryPoint\",\"urlTemplate\":\"https:\/\/www.intoscana.it\/it\/?s={search_term_string}\"},\"query-input\":{\"@type\":\"PropertyValueSpecification\",\"valueRequired\":true,\"valueName\":\"search_term_string\"}}],\"inLanguage\":\"it-IT\"},{\"@type\":\"Person\",\"@id\":\"https:\/\/www.intoscana.it\/it\/#\/schema\/person\/010af92117f50561886339ad5b873a41\",\"name\":\"Chiara Bianchini\",\"sameAs\":[\"c.bianchini@fst.it\"],\"url\":\"https:\/\/www.intoscana.it\/it\/author\/chiara-bianchini\/\"}]}<\/script>\n<!-- \/ Yoast SEO Premium plugin. -->","yoast_head_json":{"title":"Il Pisa riparte da Gilardino: sar\u00e0 lui a guidare i nerazzurri in Serie A - intoscana","robots":{"index":"index","follow":"follow","max-snippet":"max-snippet:-1","max-image-preview":"max-image-preview:large","max-video-preview":"max-video-preview:-1"},"canonical":"https:\/\/www.intoscana.it\/it\/il-pisa-riparte-da-gilardino-sara-lui-a-guidare-i-nerazzurri-in-serie-a\/","og_locale":"it_IT","og_type":"article","og_title":"Il Pisa riparte da Gilardino: sar\u00e0 lui a guidare i nerazzurri in Serie A","og_description":"Passaggio di testimone tra campioni, dopo la promozione conquistata da Filippo Inzaghi, sulla panchina arriva l'ex centravanti viola Alberto Gilardino","og_url":"https:\/\/www.intoscana.it\/it\/il-pisa-riparte-da-gilardino-sara-lui-a-guidare-i-nerazzurri-in-serie-a\/","og_site_name":"intoscana","article_publisher":"https:\/\/www.facebook.com\/intoscana.it","article_published_time":"2025-06-27T08:51:40+00:00","article_modified_time":"2025-06-27T15:12:21+00:00","og_image":[{"width":1280,"height":720,"url":"https:\/\/www.intoscana.it\/wp-content\/uploads\/alberto-gilardino-ufficio-stampa-pisa-sc.jpeg","type":"image\/jpeg"}],"author":"Chiara Bianchini","twitter_card":"summary_large_image","twitter_creator":"@intoscana","twitter_site":"@intoscana","twitter_misc":{"Written by":"Chiara Bianchini","Est. reading time":"3 minuti"},"schema":{"@context":"https:\/\/schema.org","@graph":[{"@type":"WebPage","@id":"https:\/\/www.intoscana.it\/it\/il-pisa-riparte-da-gilardino-sara-lui-a-guidare-i-nerazzurri-in-serie-a\/","url":"https:\/\/www.intoscana.it\/it\/il-pisa-riparte-da-gilardino-sara-lui-a-guidare-i-nerazzurri-in-serie-a\/","name":"Il Pisa riparte da Gilardino: sar\u00e0 lui a guidare i nerazzurri in Serie A - intoscana","isPartOf":{"@id":"https:\/\/www.intoscana.it\/it\/#website"},"primaryImageOfPage":{"@id":"https:\/\/www.intoscana.it\/it\/il-pisa-riparte-da-gilardino-sara-lui-a-guidare-i-nerazzurri-in-serie-a\/#primaryimage"},"image":{"@id":"https:\/\/www.intoscana.it\/it\/il-pisa-riparte-da-gilardino-sara-lui-a-guidare-i-nerazzurri-in-serie-a\/#primaryimage"},"thumbnailUrl":"https:\/\/www.intoscana.it\/wp-content\/uploads\/alberto-gilardino-ufficio-stampa-pisa-sc.jpeg","datePublished":"2025-06-27T08:51:40+00:00","dateModified":"2025-06-27T15:12:21+00:00","author":{"@id":"https:\/\/www.intoscana.it\/it\/#\/schema\/person\/010af92117f50561886339ad5b873a41"},"breadcrumb":{"@id":"https:\/\/www.intoscana.it\/it\/il-pisa-riparte-da-gilardino-sara-lui-a-guidare-i-nerazzurri-in-serie-a\/#breadcrumb"},"inLanguage":"it-IT","potentialAction":[{"@type":"ReadAction","target":["https:\/\/www.intoscana.it\/it\/il-pisa-riparte-da-gilardino-sara-lui-a-guidare-i-nerazzurri-in-serie-a\/"]}]},{"@type":"ImageObject","inLanguage":"it-IT","@id":"https:\/\/www.intoscana.it\/it\/il-pisa-riparte-da-gilardino-sara-lui-a-guidare-i-nerazzurri-in-serie-a\/#primaryimage","url":"https:\/\/www.intoscana.it\/wp-content\/uploads\/alberto-gilardino-ufficio-stampa-pisa-sc.jpeg","contentUrl":"https:\/\/www.intoscana.it\/wp-content\/uploads\/alberto-gilardino-ufficio-stampa-pisa-sc.jpeg","width":1280,"height":720},{"@type":"BreadcrumbList","@id":"https:\/\/www.intoscana.it\/it\/il-pisa-riparte-da-gilardino-sara-lui-a-guidare-i-nerazzurri-in-serie-a\/#breadcrumb","itemListElement":[{"@type":"ListItem","position":1,"name":"Home","item":"https:\/\/www.intoscana.it\/it\/"},{"@type":"ListItem","position":2,"name":"Il Pisa riparte da Gilardino: sar\u00e0 lui a guidare i nerazzurri in Serie A"}]},{"@type":"WebSite","@id":"https:\/\/www.intoscana.it\/it\/#website","url":"https:\/\/www.intoscana.it\/it\/","name":"intoscana","description":"","potentialAction":[{"@type":"SearchAction","target":{"@type":"EntryPoint","urlTemplate":"https:\/\/www.intoscana.it\/it\/?s={search_term_string}"},"query-input":{"@type":"PropertyValueSpecification","valueRequired":true,"valueName":"search_term_string"}}],"inLanguage":"it-IT"},{"@type":"Person","@id":"https:\/\/www.intoscana.it\/it\/#\/schema\/person\/010af92117f50561886339ad5b873a41","name":"Chiara Bianchini","sameAs":["c.bianchini@fst.it"],"url":"https:\/\/www.intoscana.it\/it\/author\/chiara-bianchini\/"}]}},"_links":{"self":[{"href":"https:\/\/www.intoscana.it\/it\/wp-json\/wp\/v2\/posts\/390597","targetHints":{"allow":["GET"]}}],"collection":[{"href":"https:\/\/www.intoscana.it\/it\/wp-json\/wp\/v2\/posts"}],"about":[{"href":"https:\/\/www.intoscana.it\/it\/wp-json\/wp\/v2\/types\/post"}],"author":[{"embeddable":true,"href":"https:\/\/www.intoscana.it\/it\/wp-json\/wp\/v2\/users\/507"}],"replies":[{"embeddable":true,"href":"https:\/\/www.intoscana.it\/it\/wp-json\/wp\/v2\/comments?post=390597"}],"version-history":[{"count":3,"href":"https:\/\/www.intoscana.it\/it\/wp-json\/wp\/v2\/posts\/390597\/revisions"}],"predecessor-version":[{"id":390722,"href":"https:\/\/www.intoscana.it\/it\/wp-json\/wp\/v2\/posts\/390597\/revisions\/390722"}],"wp:featuredmedia":[{"embeddable":true,"href":"https:\/\/www.intoscana.it\/it\/wp-json\/wp\/v2\/media\/390599"}],"wp:attachment":[{"href":"https:\/\/www.intoscana.it\/it\/wp-json\/wp\/v2\/media?parent=390597"}],"wp:term":[{"taxonomy":"category","embeddable":true,"href":"https:\/\/www.intoscana.it\/it\/wp-json\/wp\/v2\/categories?post=390597"},{"taxonomy":"post_tag","embeddable":true,"href":"https:\/\/www.intoscana.it\/it\/wp-json\/wp\/v2\/tags?post=390597"}],"curies":[{"name":"wp","href":"https:\/\/api.w.org\/{rel}","templated":true}]}}