{"id":390624,"date":"2025-06-27T13:28:58","date_gmt":"2025-06-27T11:28:58","guid":{"rendered":"https:\/\/www.intoscana.it\/it\/?p=390624"},"modified":"2025-06-27T13:28:58","modified_gmt":"2025-06-27T11:28:58","slug":"sanita-riparte-la-campagna-di-screening-gratuito-per-lepatite-c","status":"publish","type":"post","link":"https:\/\/www.intoscana.it\/it\/sanita-riparte-la-campagna-di-screening-gratuito-per-lepatite-c\/","title":{"rendered":"Sanit\u00e0, riparte la campagna di screening gratuito per l&#8217;epatite C"},"content":{"rendered":"<p>Al via la nuova <mark>campagna di screening gratuito contro l\u2019epatite C promossa dalla Regione Toscana<\/mark>. Viene messo a disposizione il <strong>test rapido per la diagnosi<\/strong> precoce dell\u2019<strong>infezione da HCV<\/strong> alla popolazione tra i 36 e i 56 anni, come disposto dal Ministero della Salute.<\/p>\n<p>Quest\u2019anno, grazie a nuove collaborazioni, crescono le <strong>opportunit\u00e0 di screening<\/strong> a disposizione dei cittadini e favorire la massima adesione: al fianco di <strong>medici<\/strong> di medicina generale, <strong>farmacie e associazioni<\/strong> di volontariato, che hanno riconfermato la loro disponibilit\u00e0 per l\u2019esecuzione dei test, \u00e8 prevista anche la collaborazione di <strong>Inail<\/strong> e di<strong> Ispro<\/strong>.<\/p>\n<h3>Un impegno per la promozione della prevenzione<\/h3>\n<p>\u201c<em>Anche quest\u2019anno rinnoviamo il nostro impegno nella promozione della prevenzione, offrendo alle cittadine e ai cittadini toscani un\u2019ulteriore opportunit\u00e0 gratuita per prendersi cura della propria salute<\/em>\u201d dichiarano il presidente della Regione <strong>Eugenio Giani<\/strong> e l\u2019assessore al diritto alla salute <strong>Simone Bezzini<\/strong>.<\/p>\n<p>\u201c<em>Lo screening gratuito per l\u2019epatite C \u00e8 una campagna che punta a intercettare in modo precoce una patologia spesso silente ma che, se diagnosticata in tempo, pu\u00f2 essere curata con trattamenti efficaci. Lo facciamo grazie alla collaborazione, ormai consolidata e preziosa, con le associazioni di volontariato, le farmacie e i medici di medicina generale, che ringrazio sinceramente per il ruolo fondamentale che svolgono nell\u2019organizzazione e nella riuscita di questa iniziativa. Invitiamo fin da ora chi non l\u2019avesse ancora fatto a rivolgersi al proprio medico di famiglia o alla farmacia di fiducia per aderire. L\u2019auspicio \u00e8 che sempre pi\u00f9 persone colgano questa occasione: la prevenzione, anche in questo caso, pu\u00f2 fare davvero la differenza<\/em>\u201d aggiungono i due.<\/p>\n<h3>Potenziata l&#8217;offerta nei luoghi di lavoro<\/h3>\n<p>Quest\u2019anno sar\u00e0 <strong>potenziata l\u2019offerta<\/strong> del test di screening <strong>nei luoghi di lavoro<\/strong>, gi\u00e0 avviata lo scorso anno, con la possibilit\u00e0 per le aziende e gli enti pubblici di offrire questa <strong>opportunit\u00e0 ai dipendenti<\/strong> con il supporto delle associazioni di volontariato per l\u2019esecuzione dei test.<\/p>\n<p>Prosegue, infine, <strong>l\u2019impegno di Regione Toscana<\/strong> per portare avanti il programma di screening tra gli <strong>utenti dei SerD<\/strong>, i Servizi per le Dipendenze, e all\u2019interno della <strong>popolazione carceraria<\/strong>.<\/p>\n<p>Possono effettuare il test, che consiste nel prelievo di una <strong>goccia di sangue capillare<\/strong> (\u201c<em>pungidito<\/em>\u201d) per la ricerca degli anticorpi anti-HCV, tutti i cittadini nati tra il 1969 e il 1989: \u00e8 possibile rivolgersi ai <strong>medici di medicina generale<\/strong>, alle <strong>farmacie<\/strong> e alle <strong>associazioni<\/strong> di volontariato che aderiscono all\u2019iniziativa.<\/p>\n<p>Il programma di screening proseguir\u00e0 fino al 31 dicembre 2025. Tutte le informazioni sono disponibili sul sito della Regione Toscana alla pagina <a href=\"https:\/\/www.regione.toscana.it\/-\/testiamoci-per-l-epatite-c\" target=\"_blank\" rel=\"noopener\">TestiamoCi per l&#8217;epatite C<\/a>.<\/p>\n","protected":false},"excerpt":{"rendered":"<p>Quest&#8217;anno si potr\u00e0 fare il test anche presso Inail e Ispro al fine di favorire la massima adesione. Giani: &#8220;Il nostro impegno nella promozione della prevenzione&#8221;<\/p>\n","protected":false},"author":525,"featured_media":390629,"comment_status":"open","ping_status":"open","sticky":false,"template":"","format":"standard","meta":{"_acf_changed":false,"footnotes":""},"categories":[494],"tags":[158,349,4883],"class_list":["post-390624","post","type-post","status-publish","format-standard","has-post-thumbnail","hentry","category-attualita","tag-eugenio-giani","tag-sanita","tag-simone-bezzini"],"acf":[],"yoast_head":"<!-- This site is optimized with the Yoast SEO Premium plugin v24.2 (Yoast SEO v25.6) - https:\/\/yoast.com\/wordpress\/plugins\/seo\/ -->\n<title>Sanit\u00e0, riparte la campagna di screening gratuito per l&#039;epatite C - intoscana<\/title>\n<meta name=\"description\" content=\"Quest&#039;anno si potr\u00e0 fare il test anche presso Inail e Ispro al fine di favorire la massima adesione da parte della popolazione\" \/>\n<meta name=\"robots\" content=\"index, follow, max-snippet:-1, max-image-preview:large, max-video-preview:-1\" \/>\n<link rel=\"canonical\" href=\"https:\/\/www.intoscana.it\/it\/sanita-riparte-la-campagna-di-screening-gratuito-per-lepatite-c\/\" \/>\n<meta property=\"og:locale\" content=\"it_IT\" \/>\n<meta property=\"og:type\" content=\"article\" \/>\n<meta property=\"og:title\" content=\"Sanit\u00e0, riparte la campagna di screening gratuito per l&#039;epatite C\" \/>\n<meta property=\"og:description\" content=\"Quest&#039;anno si potr\u00e0 fare il test anche presso Inail e Ispro al fine di favorire la massima adesione da parte della popolazione\" \/>\n<meta property=\"og:url\" content=\"https:\/\/www.intoscana.it\/it\/sanita-riparte-la-campagna-di-screening-gratuito-per-lepatite-c\/\" \/>\n<meta property=\"og:site_name\" content=\"intoscana\" \/>\n<meta property=\"article:publisher\" content=\"https:\/\/www.facebook.com\/intoscana.it\" \/>\n<meta property=\"article:published_time\" content=\"2025-06-27T11:28:58+00:00\" \/>\n<meta property=\"og:image\" content=\"https:\/\/www.intoscana.it\/wp-content\/uploads\/La-campagna-per-lepatite-C.jpg\" \/>\n\t<meta property=\"og:image:width\" content=\"1920\" \/>\n\t<meta property=\"og:image:height\" content=\"1080\" \/>\n\t<meta property=\"og:image:type\" content=\"image\/jpeg\" \/>\n<meta name=\"author\" content=\"Redazione\" \/>\n<meta name=\"twitter:card\" content=\"summary_large_image\" \/>\n<meta name=\"twitter:creator\" content=\"@intoscana\" \/>\n<meta name=\"twitter:site\" content=\"@intoscana\" \/>\n<meta name=\"twitter:label1\" content=\"Written by\" \/>\n\t<meta name=\"twitter:data1\" content=\"Redazione\" \/>\n\t<meta name=\"twitter:label2\" content=\"Est. reading time\" \/>\n\t<meta name=\"twitter:data2\" content=\"3 minuti\" \/>\n<script type=\"application\/ld+json\" class=\"yoast-schema-graph\">{\"@context\":\"https:\/\/schema.org\",\"@graph\":[{\"@type\":\"WebPage\",\"@id\":\"https:\/\/www.intoscana.it\/it\/sanita-riparte-la-campagna-di-screening-gratuito-per-lepatite-c\/\",\"url\":\"https:\/\/www.intoscana.it\/it\/sanita-riparte-la-campagna-di-screening-gratuito-per-lepatite-c\/\",\"name\":\"Sanit\u00e0, riparte la campagna di screening gratuito per l'epatite C - intoscana\",\"isPartOf\":{\"@id\":\"https:\/\/www.intoscana.it\/it\/#website\"},\"primaryImageOfPage\":{\"@id\":\"https:\/\/www.intoscana.it\/it\/sanita-riparte-la-campagna-di-screening-gratuito-per-lepatite-c\/#primaryimage\"},\"image\":{\"@id\":\"https:\/\/www.intoscana.it\/it\/sanita-riparte-la-campagna-di-screening-gratuito-per-lepatite-c\/#primaryimage\"},\"thumbnailUrl\":\"https:\/\/www.intoscana.it\/wp-content\/uploads\/La-campagna-per-lepatite-C.jpg\",\"datePublished\":\"2025-06-27T11:28:58+00:00\",\"author\":{\"@id\":\"https:\/\/www.intoscana.it\/it\/#\/schema\/person\/9223810753230f20bd670fdd322661f8\"},\"description\":\"Quest'anno si potr\u00e0 fare il test anche presso Inail e Ispro al fine di favorire la massima adesione da parte della popolazione\",\"breadcrumb\":{\"@id\":\"https:\/\/www.intoscana.it\/it\/sanita-riparte-la-campagna-di-screening-gratuito-per-lepatite-c\/#breadcrumb\"},\"inLanguage\":\"it-IT\",\"potentialAction\":[{\"@type\":\"ReadAction\",\"target\":[\"https:\/\/www.intoscana.it\/it\/sanita-riparte-la-campagna-di-screening-gratuito-per-lepatite-c\/\"]}]},{\"@type\":\"ImageObject\",\"inLanguage\":\"it-IT\",\"@id\":\"https:\/\/www.intoscana.it\/it\/sanita-riparte-la-campagna-di-screening-gratuito-per-lepatite-c\/#primaryimage\",\"url\":\"https:\/\/www.intoscana.it\/wp-content\/uploads\/La-campagna-per-lepatite-C.jpg\",\"contentUrl\":\"https:\/\/www.intoscana.it\/wp-content\/uploads\/La-campagna-per-lepatite-C.jpg\",\"width\":1920,\"height\":1080},{\"@type\":\"BreadcrumbList\",\"@id\":\"https:\/\/www.intoscana.it\/it\/sanita-riparte-la-campagna-di-screening-gratuito-per-lepatite-c\/#breadcrumb\",\"itemListElement\":[{\"@type\":\"ListItem\",\"position\":1,\"name\":\"Home\",\"item\":\"https:\/\/www.intoscana.it\/it\/\"},{\"@type\":\"ListItem\",\"position\":2,\"name\":\"Sanit\u00e0, riparte la campagna di screening gratuito per l&#8217;epatite C\"}]},{\"@type\":\"WebSite\",\"@id\":\"https:\/\/www.intoscana.it\/it\/#website\",\"url\":\"https:\/\/www.intoscana.it\/it\/\",\"name\":\"intoscana\",\"description\":\"\",\"potentialAction\":[{\"@type\":\"SearchAction\",\"target\":{\"@type\":\"EntryPoint\",\"urlTemplate\":\"https:\/\/www.intoscana.it\/it\/?s={search_term_string}\"},\"query-input\":{\"@type\":\"PropertyValueSpecification\",\"valueRequired\":true,\"valueName\":\"search_term_string\"}}],\"inLanguage\":\"it-IT\"},{\"@type\":\"Person\",\"@id\":\"https:\/\/www.intoscana.it\/it\/#\/schema\/person\/9223810753230f20bd670fdd322661f8\",\"name\":\"Redazione\",\"url\":\"https:\/\/www.intoscana.it\/it\/author\/redazione\/\"}]}<\/script>\n<!-- \/ Yoast SEO Premium plugin. -->","yoast_head_json":{"title":"Sanit\u00e0, riparte la campagna di screening gratuito per l'epatite C - intoscana","description":"Quest'anno si potr\u00e0 fare il test anche presso Inail e Ispro al fine di favorire la massima adesione da parte della popolazione","robots":{"index":"index","follow":"follow","max-snippet":"max-snippet:-1","max-image-preview":"max-image-preview:large","max-video-preview":"max-video-preview:-1"},"canonical":"https:\/\/www.intoscana.it\/it\/sanita-riparte-la-campagna-di-screening-gratuito-per-lepatite-c\/","og_locale":"it_IT","og_type":"article","og_title":"Sanit\u00e0, riparte la campagna di screening gratuito per l'epatite C","og_description":"Quest'anno si potr\u00e0 fare il test anche presso Inail e Ispro al fine di favorire la massima adesione da parte della popolazione","og_url":"https:\/\/www.intoscana.it\/it\/sanita-riparte-la-campagna-di-screening-gratuito-per-lepatite-c\/","og_site_name":"intoscana","article_publisher":"https:\/\/www.facebook.com\/intoscana.it","article_published_time":"2025-06-27T11:28:58+00:00","og_image":[{"width":1920,"height":1080,"url":"https:\/\/www.intoscana.it\/wp-content\/uploads\/La-campagna-per-lepatite-C.jpg","type":"image\/jpeg"}],"author":"Redazione","twitter_card":"summary_large_image","twitter_creator":"@intoscana","twitter_site":"@intoscana","twitter_misc":{"Written by":"Redazione","Est. reading time":"3 minuti"},"schema":{"@context":"https:\/\/schema.org","@graph":[{"@type":"WebPage","@id":"https:\/\/www.intoscana.it\/it\/sanita-riparte-la-campagna-di-screening-gratuito-per-lepatite-c\/","url":"https:\/\/www.intoscana.it\/it\/sanita-riparte-la-campagna-di-screening-gratuito-per-lepatite-c\/","name":"Sanit\u00e0, riparte la campagna di screening gratuito per l'epatite C - intoscana","isPartOf":{"@id":"https:\/\/www.intoscana.it\/it\/#website"},"primaryImageOfPage":{"@id":"https:\/\/www.intoscana.it\/it\/sanita-riparte-la-campagna-di-screening-gratuito-per-lepatite-c\/#primaryimage"},"image":{"@id":"https:\/\/www.intoscana.it\/it\/sanita-riparte-la-campagna-di-screening-gratuito-per-lepatite-c\/#primaryimage"},"thumbnailUrl":"https:\/\/www.intoscana.it\/wp-content\/uploads\/La-campagna-per-lepatite-C.jpg","datePublished":"2025-06-27T11:28:58+00:00","author":{"@id":"https:\/\/www.intoscana.it\/it\/#\/schema\/person\/9223810753230f20bd670fdd322661f8"},"description":"Quest'anno si potr\u00e0 fare il test anche presso Inail e Ispro al fine di favorire la massima adesione da parte della popolazione","breadcrumb":{"@id":"https:\/\/www.intoscana.it\/it\/sanita-riparte-la-campagna-di-screening-gratuito-per-lepatite-c\/#breadcrumb"},"inLanguage":"it-IT","potentialAction":[{"@type":"ReadAction","target":["https:\/\/www.intoscana.it\/it\/sanita-riparte-la-campagna-di-screening-gratuito-per-lepatite-c\/"]}]},{"@type":"ImageObject","inLanguage":"it-IT","@id":"https:\/\/www.intoscana.it\/it\/sanita-riparte-la-campagna-di-screening-gratuito-per-lepatite-c\/#primaryimage","url":"https:\/\/www.intoscana.it\/wp-content\/uploads\/La-campagna-per-lepatite-C.jpg","contentUrl":"https:\/\/www.intoscana.it\/wp-content\/uploads\/La-campagna-per-lepatite-C.jpg","width":1920,"height":1080},{"@type":"BreadcrumbList","@id":"https:\/\/www.intoscana.it\/it\/sanita-riparte-la-campagna-di-screening-gratuito-per-lepatite-c\/#breadcrumb","itemListElement":[{"@type":"ListItem","position":1,"name":"Home","item":"https:\/\/www.intoscana.it\/it\/"},{"@type":"ListItem","position":2,"name":"Sanit\u00e0, riparte la campagna di screening gratuito per l&#8217;epatite C"}]},{"@type":"WebSite","@id":"https:\/\/www.intoscana.it\/it\/#website","url":"https:\/\/www.intoscana.it\/it\/","name":"intoscana","description":"","potentialAction":[{"@type":"SearchAction","target":{"@type":"EntryPoint","urlTemplate":"https:\/\/www.intoscana.it\/it\/?s={search_term_string}"},"query-input":{"@type":"PropertyValueSpecification","valueRequired":true,"valueName":"search_term_string"}}],"inLanguage":"it-IT"},{"@type":"Person","@id":"https:\/\/www.intoscana.it\/it\/#\/schema\/person\/9223810753230f20bd670fdd322661f8","name":"Redazione","url":"https:\/\/www.intoscana.it\/it\/author\/redazione\/"}]}},"_links":{"self":[{"href":"https:\/\/www.intoscana.it\/it\/wp-json\/wp\/v2\/posts\/390624","targetHints":{"allow":["GET"]}}],"collection":[{"href":"https:\/\/www.intoscana.it\/it\/wp-json\/wp\/v2\/posts"}],"about":[{"href":"https:\/\/www.intoscana.it\/it\/wp-json\/wp\/v2\/types\/post"}],"author":[{"embeddable":true,"href":"https:\/\/www.intoscana.it\/it\/wp-json\/wp\/v2\/users\/525"}],"replies":[{"embeddable":true,"href":"https:\/\/www.intoscana.it\/it\/wp-json\/wp\/v2\/comments?post=390624"}],"version-history":[{"count":5,"href":"https:\/\/www.intoscana.it\/it\/wp-json\/wp\/v2\/posts\/390624\/revisions"}],"predecessor-version":[{"id":390630,"href":"https:\/\/www.intoscana.it\/it\/wp-json\/wp\/v2\/posts\/390624\/revisions\/390630"}],"wp:featuredmedia":[{"embeddable":true,"href":"https:\/\/www.intoscana.it\/it\/wp-json\/wp\/v2\/media\/390629"}],"wp:attachment":[{"href":"https:\/\/www.intoscana.it\/it\/wp-json\/wp\/v2\/media?parent=390624"}],"wp:term":[{"taxonomy":"category","embeddable":true,"href":"https:\/\/www.intoscana.it\/it\/wp-json\/wp\/v2\/categories?post=390624"},{"taxonomy":"post_tag","embeddable":true,"href":"https:\/\/www.intoscana.it\/it\/wp-json\/wp\/v2\/tags?post=390624"}],"curies":[{"name":"wp","href":"https:\/\/api.w.org\/{rel}","templated":true}]}}