{"id":390754,"date":"2025-06-28T16:33:17","date_gmt":"2025-06-28T14:33:17","guid":{"rendered":"https:\/\/www.intoscana.it\/it\/?p=390754"},"modified":"2025-06-30T11:21:45","modified_gmt":"2025-06-30T09:21:45","slug":"caldo-da-record-a-firenze-annunciati-5-giorni-di-fila-a-40-gradi","status":"publish","type":"post","link":"https:\/\/www.intoscana.it\/it\/caldo-da-record-a-firenze-annunciati-5-giorni-di-fila-a-40-gradi\/","title":{"rendered":"Caldo da record, a Firenze annunciati 5 giorni di fila a 40 gradi"},"content":{"rendered":"<p><strong>Caldo ad oltranza con 40 gradi<\/strong> all&#8217;ombra da Nord a Sud: <mark>a Firenze si annunciano cinque giorni di fila con temperature record<\/mark>. Questo \u00e8 il nuovo scenario del clima scaldato ulteriormente dalla persistenza dell&#8217;<strong>Anticiclone africano<\/strong> sull&#8217;Italia.<\/p>\n<p><strong>Antonio San\u00f2<\/strong>, fondatore del sito <strong>www.iLMeteo.it<\/strong>, conferma un lungo periodo di <strong>caldo anomalo<\/strong>, iniziato durante i primi giorni di giugno e intenzionato a perdurare ancora per molto. Le proiezioni meteorologiche non riescono a vedere, purtroppo, un importante cambio di scenario.<\/p>\n<p>Anche la prossima settimana sar\u00e0 caratterizzata da un <strong>caldo eccezionale<\/strong> in Italia, associato all&#8217;<strong>anticiclone africano Pluto<\/strong>, guardiano del quarto cerchio infernale della Divina Commedia. Questo anticiclone si espander\u00e0 ulteriormente, tra la fine di giugno e l&#8217;inizio di luglio, oltre latitudine 60\u00b0N, raggiungendo in pratica Scozia, Norvegia e Svezia.<\/p>\n<p><mark>A Firenze il termometro potrebbe superare i 39-40\u00b0C per 5 giorni di seguito, un evento che non si ricorda negli archivi meteo della citt\u00e0<\/mark>. <strong>Notti da incubo e giornate infernali<\/strong> si preannunciano per chi \u00e8 rimasto in citt\u00e0, in riva all&#8217;Arno. Chi pu\u00f2, approfittando magari dello smart working, ha scelto di fuggire in collina o al mare.<\/p>\n<p>Anche sul resto dello Stivale, tutto il calore diurno potrebbe poi resistere alle ore di buio con temperature intorno ai 30\u00b0C nella notte, specie lungo le coste e nella Pianura Padana. Con 30\u00b0C di minima andremmo incontro a quelle che sono definite &#8216;notti super tropicali&#8217;, evento rarissimo nel nostro Paese.<\/p>\n<h3>Ecco i consigli pratici per evitare il caldo<\/h3>\n<p>1-Evitare di uscire di casa nelle ore pi\u00f9 calde e comunque proteggersi eventualmente con cappello, occhiali da sole e creme adeguate.<\/p>\n<p>2-Vestire con abiti leggeri, non aderenti, preferibilmente di fibre naturali per assorbire meglio il sudore e permettere la traspirazione della pelle.<\/p>\n<p>3-Truccarsi in modo leggero e usare profumi di essenze naturali.<\/p>\n<p>4-Mantenere fresca la casa con tapparelle e persiane chiuse, alle finestre esposte verso il sole. Chiudere le finestre durante il giorno e aprirle durante le ore pi\u00f9 fresche della giornata per consentire il ricambio dell&#8217;aria.<\/p>\n<p>5-Fare frequenti bagni e docce con acqua tiepida o bagnarsi viso e braccia con acqua fresca.<\/p>\n<p>6-Limitare l\u2019attivit\u00e0 fisica o lavorativa all&#8217;aperto soprattutto nelle ore pi\u00f9 calde.<\/p>\n<p>7-Quando si parcheggia la macchina non lasciare mai, nemmeno per pochi minuti, persone o animali nell&#8217;abitacolo e, prima di riprenderla, \u00e8 necessario aprire i finestrini e gli sportelli.<\/p>\n<p>8-Evitare di consumare cibi con sodio in eccesso, per cui vanno banditi alimenti con curry, pepe, paprika e sale in abbondanza, ma anche salatini e piatti nei quali sia stato utilizzato dado da cucina, tutti alimenti che favoriscono l\u2019insonnia.<\/p>\n<p>9-Bere frequentemente e consumare frutta e verdura che sono fonte di vitamine, sali minerali e liquidi preziosi per mantenere l\u2019organismo in efficienza e per combattere i radicali liberi, prodotti come conseguenza dell&#8217;esposizione solare.<\/p>\n<p>10-Se si acquistano scorte di frutta e verdura, bisogna mantenere separata quella che si intende consumare a breve da quella che si intende conservare pi\u00f9 a lungo. La prima pu\u00f2 essere messa in un portafrutta al buio, eventualmente coperta da un tovagliolo e comunque lontano dai raggi del sole, mentre la seconda va posta in frigorifero, ma lontano dalle pareti refrigeranti.<\/p>\n","protected":false},"excerpt":{"rendered":"<p>Per Antonio San\u00f2, fondatore del sito www.iLMeteo.it \u00e8 un evento che non si ricorda negli archivi meteo del capoluogo toscano<\/p>\n","protected":false},"author":525,"featured_media":102258,"comment_status":"open","ping_status":"open","sticky":false,"template":"","format":"standard","meta":{"_acf_changed":false,"footnotes":""},"categories":[494],"tags":[6520,202],"class_list":["post-390754","post","type-post","status-publish","format-standard","has-post-thumbnail","hentry","category-attualita","tag-caldo","tag-firenze"],"acf":[],"yoast_head":"<!-- This site is optimized with the Yoast SEO Premium plugin v24.2 (Yoast SEO v25.6) - https:\/\/yoast.com\/wordpress\/plugins\/seo\/ -->\n<title>Caldo da record, a Firenze annunciati 5 giorni di fila a 40 gradi - intoscana<\/title>\n<meta name=\"description\" content=\"Per Antonio San\u00f2, fondatore del sito www.iLMeteo.it \u00e8 un evento che non si ricorda negli archivi meteo del capoluogo toscano\" \/>\n<meta name=\"robots\" content=\"index, follow, max-snippet:-1, max-image-preview:large, max-video-preview:-1\" \/>\n<link rel=\"canonical\" href=\"https:\/\/www.intoscana.it\/it\/caldo-da-record-a-firenze-annunciati-5-giorni-di-fila-a-40-gradi\/\" \/>\n<meta property=\"og:locale\" content=\"it_IT\" \/>\n<meta property=\"og:type\" content=\"article\" \/>\n<meta property=\"og:title\" content=\"Caldo da record, a Firenze annunciati 5 giorni di fila a 40 gradi\" \/>\n<meta property=\"og:description\" content=\"Per Antonio San\u00f2, fondatore del sito www.iLMeteo.it \u00e8 un evento che non si ricorda negli archivi meteo del capoluogo toscano\" \/>\n<meta property=\"og:url\" content=\"https:\/\/www.intoscana.it\/it\/caldo-da-record-a-firenze-annunciati-5-giorni-di-fila-a-40-gradi\/\" \/>\n<meta property=\"og:site_name\" content=\"intoscana\" \/>\n<meta property=\"article:publisher\" content=\"https:\/\/www.facebook.com\/intoscana.it\" \/>\n<meta property=\"article:published_time\" content=\"2025-06-28T14:33:17+00:00\" \/>\n<meta property=\"article:modified_time\" content=\"2025-06-30T09:21:45+00:00\" \/>\n<meta property=\"og:image\" content=\"https:\/\/www.intoscana.it\/wp-content\/uploads\/dc974acfdf78a2722cfef5941649b13e-5.jpg\" \/>\n\t<meta property=\"og:image:width\" content=\"420\" \/>\n\t<meta property=\"og:image:height\" content=\"286\" \/>\n\t<meta property=\"og:image:type\" content=\"image\/jpeg\" \/>\n<meta name=\"author\" content=\"Redazione\" \/>\n<meta name=\"twitter:card\" content=\"summary_large_image\" \/>\n<meta name=\"twitter:creator\" content=\"@intoscana\" \/>\n<meta name=\"twitter:site\" content=\"@intoscana\" \/>\n<meta name=\"twitter:label1\" content=\"Written by\" \/>\n\t<meta name=\"twitter:data1\" content=\"Redazione\" \/>\n\t<meta name=\"twitter:label2\" content=\"Est. reading time\" \/>\n\t<meta name=\"twitter:data2\" content=\"3 minuti\" \/>\n<script type=\"application\/ld+json\" class=\"yoast-schema-graph\">{\"@context\":\"https:\/\/schema.org\",\"@graph\":[{\"@type\":\"WebPage\",\"@id\":\"https:\/\/www.intoscana.it\/it\/caldo-da-record-a-firenze-annunciati-5-giorni-di-fila-a-40-gradi\/\",\"url\":\"https:\/\/www.intoscana.it\/it\/caldo-da-record-a-firenze-annunciati-5-giorni-di-fila-a-40-gradi\/\",\"name\":\"Caldo da record, a Firenze annunciati 5 giorni di fila a 40 gradi - intoscana\",\"isPartOf\":{\"@id\":\"https:\/\/www.intoscana.it\/it\/#website\"},\"primaryImageOfPage\":{\"@id\":\"https:\/\/www.intoscana.it\/it\/caldo-da-record-a-firenze-annunciati-5-giorni-di-fila-a-40-gradi\/#primaryimage\"},\"image\":{\"@id\":\"https:\/\/www.intoscana.it\/it\/caldo-da-record-a-firenze-annunciati-5-giorni-di-fila-a-40-gradi\/#primaryimage\"},\"thumbnailUrl\":\"https:\/\/www.intoscana.it\/wp-content\/uploads\/dc974acfdf78a2722cfef5941649b13e-5.jpg\",\"datePublished\":\"2025-06-28T14:33:17+00:00\",\"dateModified\":\"2025-06-30T09:21:45+00:00\",\"author\":{\"@id\":\"https:\/\/www.intoscana.it\/it\/#\/schema\/person\/9223810753230f20bd670fdd322661f8\"},\"description\":\"Per Antonio San\u00f2, fondatore del sito www.iLMeteo.it \u00e8 un evento che non si ricorda negli archivi meteo del capoluogo toscano\",\"breadcrumb\":{\"@id\":\"https:\/\/www.intoscana.it\/it\/caldo-da-record-a-firenze-annunciati-5-giorni-di-fila-a-40-gradi\/#breadcrumb\"},\"inLanguage\":\"it-IT\",\"potentialAction\":[{\"@type\":\"ReadAction\",\"target\":[\"https:\/\/www.intoscana.it\/it\/caldo-da-record-a-firenze-annunciati-5-giorni-di-fila-a-40-gradi\/\"]}]},{\"@type\":\"ImageObject\",\"inLanguage\":\"it-IT\",\"@id\":\"https:\/\/www.intoscana.it\/it\/caldo-da-record-a-firenze-annunciati-5-giorni-di-fila-a-40-gradi\/#primaryimage\",\"url\":\"https:\/\/www.intoscana.it\/wp-content\/uploads\/dc974acfdf78a2722cfef5941649b13e-5.jpg\",\"contentUrl\":\"https:\/\/www.intoscana.it\/wp-content\/uploads\/dc974acfdf78a2722cfef5941649b13e-5.jpg\",\"width\":420,\"height\":286,\"caption\":\"caldo estivo Firenze\"},{\"@type\":\"BreadcrumbList\",\"@id\":\"https:\/\/www.intoscana.it\/it\/caldo-da-record-a-firenze-annunciati-5-giorni-di-fila-a-40-gradi\/#breadcrumb\",\"itemListElement\":[{\"@type\":\"ListItem\",\"position\":1,\"name\":\"Home\",\"item\":\"https:\/\/www.intoscana.it\/it\/\"},{\"@type\":\"ListItem\",\"position\":2,\"name\":\"Caldo da record, a Firenze annunciati 5 giorni di fila a 40 gradi\"}]},{\"@type\":\"WebSite\",\"@id\":\"https:\/\/www.intoscana.it\/it\/#website\",\"url\":\"https:\/\/www.intoscana.it\/it\/\",\"name\":\"intoscana\",\"description\":\"\",\"potentialAction\":[{\"@type\":\"SearchAction\",\"target\":{\"@type\":\"EntryPoint\",\"urlTemplate\":\"https:\/\/www.intoscana.it\/it\/?s={search_term_string}\"},\"query-input\":{\"@type\":\"PropertyValueSpecification\",\"valueRequired\":true,\"valueName\":\"search_term_string\"}}],\"inLanguage\":\"it-IT\"},{\"@type\":\"Person\",\"@id\":\"https:\/\/www.intoscana.it\/it\/#\/schema\/person\/9223810753230f20bd670fdd322661f8\",\"name\":\"Redazione\",\"url\":\"https:\/\/www.intoscana.it\/it\/author\/redazione\/\"}]}<\/script>\n<!-- \/ Yoast SEO Premium plugin. -->","yoast_head_json":{"title":"Caldo da record, a Firenze annunciati 5 giorni di fila a 40 gradi - intoscana","description":"Per Antonio San\u00f2, fondatore del sito www.iLMeteo.it \u00e8 un evento che non si ricorda negli archivi meteo del capoluogo toscano","robots":{"index":"index","follow":"follow","max-snippet":"max-snippet:-1","max-image-preview":"max-image-preview:large","max-video-preview":"max-video-preview:-1"},"canonical":"https:\/\/www.intoscana.it\/it\/caldo-da-record-a-firenze-annunciati-5-giorni-di-fila-a-40-gradi\/","og_locale":"it_IT","og_type":"article","og_title":"Caldo da record, a Firenze annunciati 5 giorni di fila a 40 gradi","og_description":"Per Antonio San\u00f2, fondatore del sito www.iLMeteo.it \u00e8 un evento che non si ricorda negli archivi meteo del capoluogo toscano","og_url":"https:\/\/www.intoscana.it\/it\/caldo-da-record-a-firenze-annunciati-5-giorni-di-fila-a-40-gradi\/","og_site_name":"intoscana","article_publisher":"https:\/\/www.facebook.com\/intoscana.it","article_published_time":"2025-06-28T14:33:17+00:00","article_modified_time":"2025-06-30T09:21:45+00:00","og_image":[{"width":420,"height":286,"url":"https:\/\/www.intoscana.it\/wp-content\/uploads\/dc974acfdf78a2722cfef5941649b13e-5.jpg","type":"image\/jpeg"}],"author":"Redazione","twitter_card":"summary_large_image","twitter_creator":"@intoscana","twitter_site":"@intoscana","twitter_misc":{"Written by":"Redazione","Est. reading time":"3 minuti"},"schema":{"@context":"https:\/\/schema.org","@graph":[{"@type":"WebPage","@id":"https:\/\/www.intoscana.it\/it\/caldo-da-record-a-firenze-annunciati-5-giorni-di-fila-a-40-gradi\/","url":"https:\/\/www.intoscana.it\/it\/caldo-da-record-a-firenze-annunciati-5-giorni-di-fila-a-40-gradi\/","name":"Caldo da record, a Firenze annunciati 5 giorni di fila a 40 gradi - intoscana","isPartOf":{"@id":"https:\/\/www.intoscana.it\/it\/#website"},"primaryImageOfPage":{"@id":"https:\/\/www.intoscana.it\/it\/caldo-da-record-a-firenze-annunciati-5-giorni-di-fila-a-40-gradi\/#primaryimage"},"image":{"@id":"https:\/\/www.intoscana.it\/it\/caldo-da-record-a-firenze-annunciati-5-giorni-di-fila-a-40-gradi\/#primaryimage"},"thumbnailUrl":"https:\/\/www.intoscana.it\/wp-content\/uploads\/dc974acfdf78a2722cfef5941649b13e-5.jpg","datePublished":"2025-06-28T14:33:17+00:00","dateModified":"2025-06-30T09:21:45+00:00","author":{"@id":"https:\/\/www.intoscana.it\/it\/#\/schema\/person\/9223810753230f20bd670fdd322661f8"},"description":"Per Antonio San\u00f2, fondatore del sito www.iLMeteo.it \u00e8 un evento che non si ricorda negli archivi meteo del capoluogo toscano","breadcrumb":{"@id":"https:\/\/www.intoscana.it\/it\/caldo-da-record-a-firenze-annunciati-5-giorni-di-fila-a-40-gradi\/#breadcrumb"},"inLanguage":"it-IT","potentialAction":[{"@type":"ReadAction","target":["https:\/\/www.intoscana.it\/it\/caldo-da-record-a-firenze-annunciati-5-giorni-di-fila-a-40-gradi\/"]}]},{"@type":"ImageObject","inLanguage":"it-IT","@id":"https:\/\/www.intoscana.it\/it\/caldo-da-record-a-firenze-annunciati-5-giorni-di-fila-a-40-gradi\/#primaryimage","url":"https:\/\/www.intoscana.it\/wp-content\/uploads\/dc974acfdf78a2722cfef5941649b13e-5.jpg","contentUrl":"https:\/\/www.intoscana.it\/wp-content\/uploads\/dc974acfdf78a2722cfef5941649b13e-5.jpg","width":420,"height":286,"caption":"caldo estivo Firenze"},{"@type":"BreadcrumbList","@id":"https:\/\/www.intoscana.it\/it\/caldo-da-record-a-firenze-annunciati-5-giorni-di-fila-a-40-gradi\/#breadcrumb","itemListElement":[{"@type":"ListItem","position":1,"name":"Home","item":"https:\/\/www.intoscana.it\/it\/"},{"@type":"ListItem","position":2,"name":"Caldo da record, a Firenze annunciati 5 giorni di fila a 40 gradi"}]},{"@type":"WebSite","@id":"https:\/\/www.intoscana.it\/it\/#website","url":"https:\/\/www.intoscana.it\/it\/","name":"intoscana","description":"","potentialAction":[{"@type":"SearchAction","target":{"@type":"EntryPoint","urlTemplate":"https:\/\/www.intoscana.it\/it\/?s={search_term_string}"},"query-input":{"@type":"PropertyValueSpecification","valueRequired":true,"valueName":"search_term_string"}}],"inLanguage":"it-IT"},{"@type":"Person","@id":"https:\/\/www.intoscana.it\/it\/#\/schema\/person\/9223810753230f20bd670fdd322661f8","name":"Redazione","url":"https:\/\/www.intoscana.it\/it\/author\/redazione\/"}]}},"_links":{"self":[{"href":"https:\/\/www.intoscana.it\/it\/wp-json\/wp\/v2\/posts\/390754","targetHints":{"allow":["GET"]}}],"collection":[{"href":"https:\/\/www.intoscana.it\/it\/wp-json\/wp\/v2\/posts"}],"about":[{"href":"https:\/\/www.intoscana.it\/it\/wp-json\/wp\/v2\/types\/post"}],"author":[{"embeddable":true,"href":"https:\/\/www.intoscana.it\/it\/wp-json\/wp\/v2\/users\/525"}],"replies":[{"embeddable":true,"href":"https:\/\/www.intoscana.it\/it\/wp-json\/wp\/v2\/comments?post=390754"}],"version-history":[{"count":4,"href":"https:\/\/www.intoscana.it\/it\/wp-json\/wp\/v2\/posts\/390754\/revisions"}],"predecessor-version":[{"id":390819,"href":"https:\/\/www.intoscana.it\/it\/wp-json\/wp\/v2\/posts\/390754\/revisions\/390819"}],"wp:featuredmedia":[{"embeddable":true,"href":"https:\/\/www.intoscana.it\/it\/wp-json\/wp\/v2\/media\/102258"}],"wp:attachment":[{"href":"https:\/\/www.intoscana.it\/it\/wp-json\/wp\/v2\/media?parent=390754"}],"wp:term":[{"taxonomy":"category","embeddable":true,"href":"https:\/\/www.intoscana.it\/it\/wp-json\/wp\/v2\/categories?post=390754"},{"taxonomy":"post_tag","embeddable":true,"href":"https:\/\/www.intoscana.it\/it\/wp-json\/wp\/v2\/tags?post=390754"}],"curies":[{"name":"wp","href":"https:\/\/api.w.org\/{rel}","templated":true}]}}