{"id":390759,"date":"2025-06-28T16:44:27","date_gmt":"2025-06-28T14:44:27","guid":{"rendered":"https:\/\/www.intoscana.it\/it\/?p=390759"},"modified":"2025-06-29T13:13:51","modified_gmt":"2025-06-29T11:13:51","slug":"olimpiadi-del-cuore-torna-levento-per-realizzare-lospedale-della-pace-a-medjugorje","status":"publish","type":"post","link":"https:\/\/www.intoscana.it\/it\/olimpiadi-del-cuore-torna-levento-per-realizzare-lospedale-della-pace-a-medjugorje\/","title":{"rendered":"Olimpiadi del cuore, torna l&#8217;evento per realizzare l&#8217;ospedale della pace a Medjugorje"},"content":{"rendered":"<p>Nona edizione delle <strong>Olimpiadi del Cuore<\/strong> il 4 e 5 luglio, <mark>il grande appuntamento mondano e di beneficenza organizzato dalla omonima onlus ideata dal giornalista e personaggio televisivo Paolo <span class=\"hlterm\">Brosio<\/span> in Versilia<\/mark>.<\/p>\n<p>L&#8217;appuntamento 2025 annuncia l&#8217;ormai vicinissimo raggiungimento di un lusinghiero risultato, ossia la realizzazione dell&#8217;<strong>Ospedale della Pace<\/strong> nei luoghi delle apparizioni mariane <strong>a Medjugorje<\/strong>, in Bosnia Erzegovina. Dopo mesi e mesi di lavoro sar\u00e0 presto consegnata l&#8217;<strong>edilizia sanitaria completata<\/strong> e nei primi mesi del 2026 saranno in funzione i primi reparti.<\/p>\n<p>E&#8217; il grande obiettivo che si era dato <strong>Paolo <span class=\"hlterm\">Brosio<\/span><\/strong>\u00a0e che sta per essere realizzato grazie al contributo di tanti <strong>donatori italiani<\/strong> e all&#8217;incasso di manifestazioni benefit come le <strong>Olimpiadi del cuore<\/strong> che nelle ultime edizioni sono state finalizzate alla raccolta di fondi a favore del progetto.<\/p>\n<p>Realizzata questa opera, <strong>Paolo\u00a0<span class=\"hlterm\">Brosio<\/span><\/strong> indirizzer\u00e0 l&#8217;obiettivo della onlus alla <mark>raccolta fondi per creazione di un pronto soccorso e di medicina d&#8217;urgenza a Forte dei Marmi<\/mark> che sappia decongestionare l&#8217;accesso al pronto soccorso della Versilia soprattutto nel periodo estivo.<\/p>\n<h3>Ospiti e programma della IX edizione<\/h3>\n<p>Al Grand Hotel Principe di Piemonte di Viareggio <strong>Paolo <span class=\"hlterm\">Brosio<\/span><\/strong>\u00a0ha annunciato i particolari dell&#8217;edizione 2025 delle Olimpiadi del cuore si terranno fra <strong>Viareggio, Forte dei Marmi e in Alta Versilia<\/strong>. Previsti tanti nomi dello spettacolo, dello sport e dell&#8217;industria, <mark>Carlo Conti, Giorgio Panariello, Valeria Marini, dei comici e attori Francesco Cicchella e Leonardo Fiaschi<\/mark>.<\/p>\n<p>Grande anche il <strong>parterre dei cantanti<\/strong> che si esibiranno nelle due serate fra cui <strong>Anna Tatangelo e Fabrizio Moro<\/strong> pi\u00f9 volte protagonisti al Festival di Sanremo (Moro lo ha anche vinto nel 2007 tra i giovani e nel 2018 tra i big) e di <strong>Pierdavide Carone<\/strong> che recentemente ha vinto l&#8217;edizione di &#8220;<em>Ora o mai pi\u00f9<\/em>&#8221; su Rai1.<\/p>\n<p>La sera di venerd\u00ec 4 luglio il primo gal\u00e0 andr\u00e0 in scena al <strong>Mait\u00f2 Beach Club<\/strong> di Forte dei Marmi. La sera successiva, 5 luglio, la location della grande festa sar\u00e0 lo <strong>stabilimento Assunta<\/strong> a Forte dei Marmi. Il programma prevede anche per la mattina di sabato 5 giugno un <strong>trekking sulle Alpi Apuane<\/strong> fino al santuario della Madonna del Piastraio a Stazzema.<\/p>\n","protected":false},"excerpt":{"rendered":"<p>Il grande appuntamento mondano e di beneficenza organizzato dalla onlus del giornalista Paolo Brosio si tiene il 4 e il 5 luglio in Versilia<\/p>\n","protected":false},"author":525,"featured_media":239544,"comment_status":"open","ping_status":"open","sticky":false,"template":"","format":"standard","meta":{"_acf_changed":false,"footnotes":""},"categories":[494],"tags":[6854,3709],"class_list":["post-390759","post","type-post","status-publish","format-standard","has-post-thumbnail","hentry","category-attualita","tag-paolo-brosio","tag-versilia"],"acf":[],"yoast_head":"<!-- This site is optimized with the Yoast SEO Premium plugin v24.2 (Yoast SEO v25.6) - https:\/\/yoast.com\/wordpress\/plugins\/seo\/ -->\n<title>Olimpiadi del cuore, torna l&#039;evento per realizzare l&#039;ospedale della pace a Medjugorje - intoscana<\/title>\n<meta name=\"description\" content=\"Il grande appuntamento mondano e di beneficenza organizzato dalla onlus del giornalista Paolo\u00a0Brosio\u00a0si tiene il 4 e il 5 luglio in Versilia\" \/>\n<meta name=\"robots\" content=\"index, follow, max-snippet:-1, max-image-preview:large, max-video-preview:-1\" \/>\n<link rel=\"canonical\" href=\"https:\/\/www.intoscana.it\/it\/olimpiadi-del-cuore-torna-levento-per-realizzare-lospedale-della-pace-a-medjugorje\/\" \/>\n<meta property=\"og:locale\" content=\"it_IT\" \/>\n<meta property=\"og:type\" content=\"article\" \/>\n<meta property=\"og:title\" content=\"Olimpiadi del cuore, torna l&#039;evento per realizzare l&#039;ospedale della pace a Medjugorje\" \/>\n<meta property=\"og:description\" content=\"Il grande appuntamento mondano e di beneficenza organizzato dalla onlus del giornalista Paolo\u00a0Brosio\u00a0si tiene il 4 e il 5 luglio in Versilia\" \/>\n<meta property=\"og:url\" content=\"https:\/\/www.intoscana.it\/it\/olimpiadi-del-cuore-torna-levento-per-realizzare-lospedale-della-pace-a-medjugorje\/\" \/>\n<meta property=\"og:site_name\" content=\"intoscana\" \/>\n<meta property=\"article:publisher\" content=\"https:\/\/www.facebook.com\/intoscana.it\" \/>\n<meta property=\"article:published_time\" content=\"2025-06-28T14:44:27+00:00\" \/>\n<meta property=\"article:modified_time\" content=\"2025-06-29T11:13:51+00:00\" \/>\n<meta property=\"og:image\" content=\"https:\/\/www.intoscana.it\/wp-content\/uploads\/PAOLO-BROSIO-E-ANNALISA-BUSELLI-VICE-PRESIDENTE-DI-VILLA-BERTELLI-scaled-e1751121464657.jpg\" \/>\n\t<meta property=\"og:image:width\" content=\"1423\" \/>\n\t<meta property=\"og:image:height\" content=\"1034\" \/>\n\t<meta property=\"og:image:type\" content=\"image\/jpeg\" \/>\n<meta name=\"author\" content=\"Redazione\" \/>\n<meta name=\"twitter:card\" content=\"summary_large_image\" \/>\n<meta name=\"twitter:creator\" content=\"@intoscana\" \/>\n<meta name=\"twitter:site\" content=\"@intoscana\" \/>\n<meta name=\"twitter:label1\" content=\"Written by\" \/>\n\t<meta name=\"twitter:data1\" content=\"Redazione\" \/>\n\t<meta name=\"twitter:label2\" content=\"Est. reading time\" \/>\n\t<meta name=\"twitter:data2\" content=\"3 minuti\" \/>\n<script type=\"application\/ld+json\" class=\"yoast-schema-graph\">{\"@context\":\"https:\/\/schema.org\",\"@graph\":[{\"@type\":\"WebPage\",\"@id\":\"https:\/\/www.intoscana.it\/it\/olimpiadi-del-cuore-torna-levento-per-realizzare-lospedale-della-pace-a-medjugorje\/\",\"url\":\"https:\/\/www.intoscana.it\/it\/olimpiadi-del-cuore-torna-levento-per-realizzare-lospedale-della-pace-a-medjugorje\/\",\"name\":\"Olimpiadi del cuore, torna l'evento per realizzare l'ospedale della pace a Medjugorje - intoscana\",\"isPartOf\":{\"@id\":\"https:\/\/www.intoscana.it\/it\/#website\"},\"primaryImageOfPage\":{\"@id\":\"https:\/\/www.intoscana.it\/it\/olimpiadi-del-cuore-torna-levento-per-realizzare-lospedale-della-pace-a-medjugorje\/#primaryimage\"},\"image\":{\"@id\":\"https:\/\/www.intoscana.it\/it\/olimpiadi-del-cuore-torna-levento-per-realizzare-lospedale-della-pace-a-medjugorje\/#primaryimage\"},\"thumbnailUrl\":\"https:\/\/www.intoscana.it\/wp-content\/uploads\/PAOLO-BROSIO-E-ANNALISA-BUSELLI-VICE-PRESIDENTE-DI-VILLA-BERTELLI-scaled-e1751121464657.jpg\",\"datePublished\":\"2025-06-28T14:44:27+00:00\",\"dateModified\":\"2025-06-29T11:13:51+00:00\",\"author\":{\"@id\":\"https:\/\/www.intoscana.it\/it\/#\/schema\/person\/9223810753230f20bd670fdd322661f8\"},\"description\":\"Il grande appuntamento mondano e di beneficenza organizzato dalla onlus del giornalista Paolo\u00a0Brosio\u00a0si tiene il 4 e il 5 luglio in Versilia\",\"breadcrumb\":{\"@id\":\"https:\/\/www.intoscana.it\/it\/olimpiadi-del-cuore-torna-levento-per-realizzare-lospedale-della-pace-a-medjugorje\/#breadcrumb\"},\"inLanguage\":\"it-IT\",\"potentialAction\":[{\"@type\":\"ReadAction\",\"target\":[\"https:\/\/www.intoscana.it\/it\/olimpiadi-del-cuore-torna-levento-per-realizzare-lospedale-della-pace-a-medjugorje\/\"]}]},{\"@type\":\"ImageObject\",\"inLanguage\":\"it-IT\",\"@id\":\"https:\/\/www.intoscana.it\/it\/olimpiadi-del-cuore-torna-levento-per-realizzare-lospedale-della-pace-a-medjugorje\/#primaryimage\",\"url\":\"https:\/\/www.intoscana.it\/wp-content\/uploads\/PAOLO-BROSIO-E-ANNALISA-BUSELLI-VICE-PRESIDENTE-DI-VILLA-BERTELLI-scaled-e1751121464657.jpg\",\"contentUrl\":\"https:\/\/www.intoscana.it\/wp-content\/uploads\/PAOLO-BROSIO-E-ANNALISA-BUSELLI-VICE-PRESIDENTE-DI-VILLA-BERTELLI-scaled-e1751121464657.jpg\",\"width\":1423,\"height\":1034,\"caption\":\"Paolo Brosio mattone del cuore\"},{\"@type\":\"BreadcrumbList\",\"@id\":\"https:\/\/www.intoscana.it\/it\/olimpiadi-del-cuore-torna-levento-per-realizzare-lospedale-della-pace-a-medjugorje\/#breadcrumb\",\"itemListElement\":[{\"@type\":\"ListItem\",\"position\":1,\"name\":\"Home\",\"item\":\"https:\/\/www.intoscana.it\/it\/\"},{\"@type\":\"ListItem\",\"position\":2,\"name\":\"Olimpiadi del cuore, torna l&#8217;evento per realizzare l&#8217;ospedale della pace a Medjugorje\"}]},{\"@type\":\"WebSite\",\"@id\":\"https:\/\/www.intoscana.it\/it\/#website\",\"url\":\"https:\/\/www.intoscana.it\/it\/\",\"name\":\"intoscana\",\"description\":\"\",\"potentialAction\":[{\"@type\":\"SearchAction\",\"target\":{\"@type\":\"EntryPoint\",\"urlTemplate\":\"https:\/\/www.intoscana.it\/it\/?s={search_term_string}\"},\"query-input\":{\"@type\":\"PropertyValueSpecification\",\"valueRequired\":true,\"valueName\":\"search_term_string\"}}],\"inLanguage\":\"it-IT\"},{\"@type\":\"Person\",\"@id\":\"https:\/\/www.intoscana.it\/it\/#\/schema\/person\/9223810753230f20bd670fdd322661f8\",\"name\":\"Redazione\",\"url\":\"https:\/\/www.intoscana.it\/it\/author\/redazione\/\"}]}<\/script>\n<!-- \/ Yoast SEO Premium plugin. -->","yoast_head_json":{"title":"Olimpiadi del cuore, torna l'evento per realizzare l'ospedale della pace a Medjugorje - intoscana","description":"Il grande appuntamento mondano e di beneficenza organizzato dalla onlus del giornalista Paolo\u00a0Brosio\u00a0si tiene il 4 e il 5 luglio in Versilia","robots":{"index":"index","follow":"follow","max-snippet":"max-snippet:-1","max-image-preview":"max-image-preview:large","max-video-preview":"max-video-preview:-1"},"canonical":"https:\/\/www.intoscana.it\/it\/olimpiadi-del-cuore-torna-levento-per-realizzare-lospedale-della-pace-a-medjugorje\/","og_locale":"it_IT","og_type":"article","og_title":"Olimpiadi del cuore, torna l'evento per realizzare l'ospedale della pace a Medjugorje","og_description":"Il grande appuntamento mondano e di beneficenza organizzato dalla onlus del giornalista Paolo\u00a0Brosio\u00a0si tiene il 4 e il 5 luglio in Versilia","og_url":"https:\/\/www.intoscana.it\/it\/olimpiadi-del-cuore-torna-levento-per-realizzare-lospedale-della-pace-a-medjugorje\/","og_site_name":"intoscana","article_publisher":"https:\/\/www.facebook.com\/intoscana.it","article_published_time":"2025-06-28T14:44:27+00:00","article_modified_time":"2025-06-29T11:13:51+00:00","og_image":[{"width":1423,"height":1034,"url":"https:\/\/www.intoscana.it\/wp-content\/uploads\/PAOLO-BROSIO-E-ANNALISA-BUSELLI-VICE-PRESIDENTE-DI-VILLA-BERTELLI-scaled-e1751121464657.jpg","type":"image\/jpeg"}],"author":"Redazione","twitter_card":"summary_large_image","twitter_creator":"@intoscana","twitter_site":"@intoscana","twitter_misc":{"Written by":"Redazione","Est. reading time":"3 minuti"},"schema":{"@context":"https:\/\/schema.org","@graph":[{"@type":"WebPage","@id":"https:\/\/www.intoscana.it\/it\/olimpiadi-del-cuore-torna-levento-per-realizzare-lospedale-della-pace-a-medjugorje\/","url":"https:\/\/www.intoscana.it\/it\/olimpiadi-del-cuore-torna-levento-per-realizzare-lospedale-della-pace-a-medjugorje\/","name":"Olimpiadi del cuore, torna l'evento per realizzare l'ospedale della pace a Medjugorje - intoscana","isPartOf":{"@id":"https:\/\/www.intoscana.it\/it\/#website"},"primaryImageOfPage":{"@id":"https:\/\/www.intoscana.it\/it\/olimpiadi-del-cuore-torna-levento-per-realizzare-lospedale-della-pace-a-medjugorje\/#primaryimage"},"image":{"@id":"https:\/\/www.intoscana.it\/it\/olimpiadi-del-cuore-torna-levento-per-realizzare-lospedale-della-pace-a-medjugorje\/#primaryimage"},"thumbnailUrl":"https:\/\/www.intoscana.it\/wp-content\/uploads\/PAOLO-BROSIO-E-ANNALISA-BUSELLI-VICE-PRESIDENTE-DI-VILLA-BERTELLI-scaled-e1751121464657.jpg","datePublished":"2025-06-28T14:44:27+00:00","dateModified":"2025-06-29T11:13:51+00:00","author":{"@id":"https:\/\/www.intoscana.it\/it\/#\/schema\/person\/9223810753230f20bd670fdd322661f8"},"description":"Il grande appuntamento mondano e di beneficenza organizzato dalla onlus del giornalista Paolo\u00a0Brosio\u00a0si tiene il 4 e il 5 luglio in Versilia","breadcrumb":{"@id":"https:\/\/www.intoscana.it\/it\/olimpiadi-del-cuore-torna-levento-per-realizzare-lospedale-della-pace-a-medjugorje\/#breadcrumb"},"inLanguage":"it-IT","potentialAction":[{"@type":"ReadAction","target":["https:\/\/www.intoscana.it\/it\/olimpiadi-del-cuore-torna-levento-per-realizzare-lospedale-della-pace-a-medjugorje\/"]}]},{"@type":"ImageObject","inLanguage":"it-IT","@id":"https:\/\/www.intoscana.it\/it\/olimpiadi-del-cuore-torna-levento-per-realizzare-lospedale-della-pace-a-medjugorje\/#primaryimage","url":"https:\/\/www.intoscana.it\/wp-content\/uploads\/PAOLO-BROSIO-E-ANNALISA-BUSELLI-VICE-PRESIDENTE-DI-VILLA-BERTELLI-scaled-e1751121464657.jpg","contentUrl":"https:\/\/www.intoscana.it\/wp-content\/uploads\/PAOLO-BROSIO-E-ANNALISA-BUSELLI-VICE-PRESIDENTE-DI-VILLA-BERTELLI-scaled-e1751121464657.jpg","width":1423,"height":1034,"caption":"Paolo Brosio mattone del cuore"},{"@type":"BreadcrumbList","@id":"https:\/\/www.intoscana.it\/it\/olimpiadi-del-cuore-torna-levento-per-realizzare-lospedale-della-pace-a-medjugorje\/#breadcrumb","itemListElement":[{"@type":"ListItem","position":1,"name":"Home","item":"https:\/\/www.intoscana.it\/it\/"},{"@type":"ListItem","position":2,"name":"Olimpiadi del cuore, torna l&#8217;evento per realizzare l&#8217;ospedale della pace a Medjugorje"}]},{"@type":"WebSite","@id":"https:\/\/www.intoscana.it\/it\/#website","url":"https:\/\/www.intoscana.it\/it\/","name":"intoscana","description":"","potentialAction":[{"@type":"SearchAction","target":{"@type":"EntryPoint","urlTemplate":"https:\/\/www.intoscana.it\/it\/?s={search_term_string}"},"query-input":{"@type":"PropertyValueSpecification","valueRequired":true,"valueName":"search_term_string"}}],"inLanguage":"it-IT"},{"@type":"Person","@id":"https:\/\/www.intoscana.it\/it\/#\/schema\/person\/9223810753230f20bd670fdd322661f8","name":"Redazione","url":"https:\/\/www.intoscana.it\/it\/author\/redazione\/"}]}},"_links":{"self":[{"href":"https:\/\/www.intoscana.it\/it\/wp-json\/wp\/v2\/posts\/390759","targetHints":{"allow":["GET"]}}],"collection":[{"href":"https:\/\/www.intoscana.it\/it\/wp-json\/wp\/v2\/posts"}],"about":[{"href":"https:\/\/www.intoscana.it\/it\/wp-json\/wp\/v2\/types\/post"}],"author":[{"embeddable":true,"href":"https:\/\/www.intoscana.it\/it\/wp-json\/wp\/v2\/users\/525"}],"replies":[{"embeddable":true,"href":"https:\/\/www.intoscana.it\/it\/wp-json\/wp\/v2\/comments?post=390759"}],"version-history":[{"count":2,"href":"https:\/\/www.intoscana.it\/it\/wp-json\/wp\/v2\/posts\/390759\/revisions"}],"predecessor-version":[{"id":390772,"href":"https:\/\/www.intoscana.it\/it\/wp-json\/wp\/v2\/posts\/390759\/revisions\/390772"}],"wp:featuredmedia":[{"embeddable":true,"href":"https:\/\/www.intoscana.it\/it\/wp-json\/wp\/v2\/media\/239544"}],"wp:attachment":[{"href":"https:\/\/www.intoscana.it\/it\/wp-json\/wp\/v2\/media?parent=390759"}],"wp:term":[{"taxonomy":"category","embeddable":true,"href":"https:\/\/www.intoscana.it\/it\/wp-json\/wp\/v2\/categories?post=390759"},{"taxonomy":"post_tag","embeddable":true,"href":"https:\/\/www.intoscana.it\/it\/wp-json\/wp\/v2\/tags?post=390759"}],"curies":[{"name":"wp","href":"https:\/\/api.w.org\/{rel}","templated":true}]}}