{"id":390780,"date":"2025-06-30T09:02:50","date_gmt":"2025-06-30T07:02:50","guid":{"rendered":"https:\/\/www.intoscana.it\/it\/?p=390780"},"modified":"2025-06-30T09:23:45","modified_gmt":"2025-06-30T07:23:45","slug":"stella-rossa-festival-a-firenze-sei-giorni-di-concerti-talk-e-laboratori-allarci-sms-di-rifredi","status":"publish","type":"post","link":"https:\/\/www.intoscana.it\/it\/stella-rossa-festival-a-firenze-sei-giorni-di-concerti-talk-e-laboratori-allarci-sms-di-rifredi\/","title":{"rendered":"Stella Rossa Festival a Firenze: sei giorni di concerti, talk e laboratori all&#8217;Arci SMS di Rifredi"},"content":{"rendered":"<p><strong>Dal 1\u00b0 al 6 luglio<\/strong> torna a <strong>Firenze Stella Rossa Fest<\/strong>, il festival di Arci Firenze che anche in questa sua VII edizione si svolger\u00e0 alla<strong> SMS di Rifredi.<\/strong><\/p>\n<p><strong>La storica Casa del Popolo di Via Vittorio Emanuele II,<\/strong> a due passi da Piazza Dalmazia ospiter\u00e0 nel suo ampio ed ombreggiato spazio all&#8217;aperto la festa del comitato fiorentino di Arci, che per sei giorni vedr\u00e0 impegnati<strong> oltre 150 volontari e volontarie<\/strong> per realizzare un&#8217;edizione fatta di concerti, dj set, talk, cene, laboratori e spazi per i pi\u00f9 piccoli.<\/p>\n<h3>I concerti<\/h3>\n<p>La<strong> Stella Rossa Fest 2025<\/strong> si aprir\u00e0 il marted\u00ec sera con la finalissima della V edizione del <strong>Firenze Suona Contest<\/strong>, il prestigioso concorso nazionale di musica originale nato per promuovere giovani band, cantautrici e cantautori di tutta Italia. Sul palco i saliranno le sei band finaliste tra le ventiquattro che, selezione dopo selezione (tutte svolte al Brillante &#8211; Nuovo Teatro Lippi), hanno raggiunto la finalissima.<\/p>\n<p><strong>Mercoled\u00ec 2 luglio,<\/strong> sul palco della Stella Rossa, arriva <strong>Piotta<\/strong>. Il cantautore, rapper, produttore e scrittore romano, punto di riferimento della scena urban italiana fin dagli anni &#8217;90, arriva a Rifredi con un concerto in cui condenser\u00e0 tutta la sua incredibile carriera che, attraverso 15 album, ha mescolato popolarit\u00e0 e successi di massa ad attivit\u00e0 di impegno sociale, giornalismo, letteratura, teatro.<\/p>\n<p><strong>Gioved\u00ec 3 luglio<\/strong> sar\u00e0 la volta di <strong>Amalfitano<\/strong>, il progetto solista di <strong>Gabriele Mencacci<\/strong>. Un canto sincero urlato alla luna, tra feste mediterranee dall&#8217;anima punk, l&#8217;estate italiana che spacca i muri e le notti perdute nel piano bar, dove tutto ruota attorno all&#8217;amore: questo, nel profondo del profondo, \u00e8 Amalfitano, che arriva a Firenze dopo il successo del primo album &#8220;Il Disco di Palermo&#8221; e la conferma lo scorso anno con &#8220;Tienimi la mano, Diva&#8221; gi\u00e0 nel cuore di molti. Il live di Amalfitano sar\u00e0 aperto da Alessandro Ragazzo.<\/p>\n<p><strong>Venerd\u00ec 4 luglio<\/strong> la SMS di Rifredi si trasformer\u00e0 in una balera d&#8217;altri tempi, con il concerto de <strong>L&#8217;Orchestrina di Molto Agevole,<\/strong> una compagine composta da pregiatissimi elementi provenienti dal firmamento classico (Monteverdi Choir, Conservatorio di Milano, 19&#8217;04&#8221;) e rock underground (Calibro 35, The Winstons, Mariposa).<\/p>\n<p><strong>Sabato 5 luglio<\/strong> torna il momento della \u201c<strong>Froceria\u201d, la festa lgbtqia+ della Stella Ross<\/strong>a, organizzata in collaborazione con Azione Gay e Lesbica. Sul palco saliranno Dolce Potente, creatura magica dell\u2019underground italiano, che con i suoi set crea le perfette colonne sonore per le battaglie di rivendicazione dei diritti umani e non umani, Leblond, estroso Queer mix sardo\/ toscano di natura transfemminista e Freddy Lrg, Dj di Firenze e Resident del collettivo &#8220;LE PERRAS&#8221; e AMIKA delle PSsY.<\/p>\n<p><strong>Domenica 6 luglio<\/strong> infine, gran finale con Arci e La Chute che presentano una serata speciale dedicata alla voce, al canto e alla parola, un segno e una caduta: il racconto vocale e musicale di quell&#8217;incredibile consorzio di autoproduzioni discografiche denominato La Chute dischi. Sul palco, <strong>Magosanto, Massimiliano Larocca, Gargamella, Demon Agios e Giulia Millanta.<\/strong><\/p>\n<p><strong>Tutti i concerti saranno ad ingresso libero.<\/strong><\/p>\n<figure id=\"post-330763 media-330763\" class=\"align-none\"><img decoding=\"async\" src=\"https:\/\/www.intoscana.it\/wp-content\/uploads\/871A0338.jpeg\" alt=\"\" \/><\/figure>\n<div class=\"titleimg\">Piotta<\/div>\n<h3>Incontri e dibattiti, momenti di riflessione<\/h3>\n<p>Come sempre Stella Rossa ospiter\u00e0 all&#8217;interno del suo programma un momento di dibattito e riflessione su alcuni dei temi centrali che caratterizzano l&#8217;impegno dell&#8217;Arci. Si partir\u00e0 il <strong>marted\u00ec 1 luglio<\/strong> alle 18:30 con \u201c<strong><em>Razzismi made in Italy: idee e pratiche di superamento\u201d<\/em><\/strong>. Un incontro al quale parteciperanno Alba Marina Ospina (Consulente esperta in asilo politico e supporto psicosociale a persone straniere in Italia. Finalista del concorso DIMMI di Storie migranti 2021) Federico Oliveri (Professore di Filosofia del Diritto, Universit\u00e0 di Pisa e Camerino) e Mamadou Sal (Presidente Ass. dei Senegalesi di Firenze e Circondario). Moderer\u00e0 l&#8217;incontro Sara Gatteschi (Arci Firenze).<\/p>\n<p>Il giorno successivo, <strong>mercoled\u00ec 2 luglio,<\/strong> sempre alle 18:30 si parler\u00e0 invece dei 30 anni dalla strage di Srebrenica. <strong><em>\u201cSrebrenica. Trent&#8217;anni dopo\u201d<\/em> <\/strong>sar\u00e0 infatti il titolo del talk al quale parteciperanno Valentina Gagi\u0107 e Bekir Halilovi\u0107 (Referenti di \u2018Adopt Srebrenica\u2019), Andrea Rizza Goldstein (Referente del partenariato tra il Memorial Center Srebrenica e Arci Nazionale) e Micaela Frulli (Professoressa di Diritto Internazionale, Universit\u00e0 di Firenze). Modera l&#8217;incontro Riccardo Pinzauti (Novaradio).<\/p>\n<p><strong>Gioved\u00ec 3 luglio<\/strong> sar\u00e0 ospite di Stella Rossa Clara Mattei, Direttrice del Centro di Economia Eterodossa dell\u2019Universit\u00e0 di Tulsa, che presenter\u00e0 <strong><em>\u201cL&#8217;economia \u00e8 politica\u201d<\/em><\/strong>, un libro che ribalta il racconto consueto dell\u2019economia e rivela quanta e che politica si nasconda dietro le scelte economiche. Dialogher\u00e0 con l&#8217;autrice Daniele Bianchini, direttore di Novaradio.<\/p>\n<p><strong>Venerd\u00ec 4 luglio<\/strong> si parler\u00e0 invece di \u201c<strong><em>Etica e sostenibilit\u00e0, dentro e fuori dal piatto\u201d,<\/em><\/strong> con Eleonora Riso (Chef, Vincitrice di Masterchef Italia 2024) e Alberto Grandi (Professore di Storia del cibo all\u2019Universit\u00e0 di Pavia, Autore del bestseller, poi tramutato nel podcast D.O.I. Denominazione di Origine Inventata). Modera il dibattito Martina Agnoletti (Novaradio).<\/p>\n<p><strong>Sabato 5 luglio<\/strong> sar\u00e0 il giorno invece di \u201c<strong><em>Essere alleate \u2013 un workshop di &#8216;disempowerment&#8217; maschile\u201d<\/em><\/strong> a cura di Superterrestre APS. L&#8217;inizio del workshop \u00e8 fissato per le 16.00 e per partecipare la prenotazione \u00e8 obbligatoria scrivendo una mail a hello.maschia@gmail.com.<\/p>\n<p>La domenica come da tradizione sar\u00e0 dedicata al talk organizzato nell&#8217;ambito del <strong>Bliff Fest<\/strong>, ovvero il mini festival del fumetto della Stella Rossa. Il talk di quest&#8217;anno (alle 18:30) sar\u00e0 \u201c<strong><em>Pennino e cazzuola. Lavoro, diritti e dignit\u00e0 nel mondo del fumetto\u201d<\/em> <\/strong>e vedr\u00e0 la partecipazione di Giuseppe Ciarallo (autore di Era bello il mio ragazzo. Morti sul lavoro. Canzoniere della rabbia e del dolore), Ariel Vittori (vicepresidente di MeFu \u2013Mestieri del Fumetto, associazione per il riconoscimento, la valorizzazione e la tutela delle professioni del fumetto), JAH di Militanza Grafica (progetto artistico antifascista, autore di Torri, un fumetto ideale per chi vive la periferia e la scuola). Modera Alessio Atrei (sindacalista e vignettista satirico).<\/p>\n<p>Dopo il grande successo dell&#8217;anno scorso, confermatissimo lo spazio della Stella Rossa Fest dedicato a giovani e bambine a cura del BLIFF! Dal 2 al 6 luglio, dalle 16:00 alle 18:30, <strong>laboratori, workshops e attivit\u00e0 gratuite di ogni tipo per tutti gusti e le et\u00e0.<\/strong><\/p>\n<p><strong>Laboratorio con i fumettisti del BLIFF!<\/strong> per creare e disegnare una piccola storia a fumetti (8-12 anni), la pasta da modellare naturale a cura dell\u2019Associazione La Madreterra, un laboratorio radio per raccontare la festa dell\u2019Arci (11-14 anni) a cura di Novaradio, uno di scacchi per bambini e ragazzi a cura dell\u2019ASD Firenze 64 e DLF Firenze Scacchi (7-18 anni) oltre a sessioni di gioco da tavolo a cura delle Associazioni GO! Gioco e Opportunit\u00e0, Arcigaymerz Firenze.<\/p>\n<p>Anche quest\u2019anno, durante i 6 giorni del festival, sar\u00e0 attivo lo spazio <strong><em>A CASA DEL POPOLO<\/em><\/strong>, la Sagra dei Circoli Arci:<strong> il ristorante curato dai volontari e dalle volontarie dei Circoli Arci di Firenze<\/strong> e provincia. Ogni sera della Stella Rossa Fest sar\u00e0 infatti possibile fermarsi a mangiare, a prezzi popolari, con i men\u00f9 tradizionali del nostro territorio, orgogliosamente conservati e tramandati nei decenni dalle brigate culinarie dei Circoli Arci fiorentini.<\/p>\n<figure id=\"post-390782 media-390782\" class=\"align-none\"><img decoding=\"async\" src=\"https:\/\/www.intoscana.it\/wp-content\/uploads\/locandina-stella-rossa-2025.jpeg\" alt=\"\" \/><\/figure>\n<div class=\"titleimg\">Stella Rossa 2025<\/div>\n","protected":false},"excerpt":{"rendered":"<p>Nella storica Casa del popolo di via Vittorio Emanuele II a Firenze dal 1\u00b0 al 6 luglio concerti, dj set, talk, cene, laboratori e spazi per i pi\u00f9 piccoli<\/p>\n","protected":false},"author":525,"featured_media":390781,"comment_status":"open","ping_status":"open","sticky":false,"template":"","format":"standard","meta":{"_acf_changed":false,"footnotes":""},"categories":[493],"tags":[235,239,228,202],"class_list":["post-390780","post","type-post","status-publish","format-standard","has-post-thumbnail","hentry","category-cultura","tag-estate","tag-estate-fiorentina","tag-festival","tag-firenze"],"acf":[],"yoast_head":"<!-- This site is optimized with the Yoast SEO Premium plugin v24.2 (Yoast SEO v25.6) - https:\/\/yoast.com\/wordpress\/plugins\/seo\/ -->\n<title>Stella Rossa Festival a Firenze: sei giorni di concerti, talk e laboratori all&#039;Arci SMS di Rifredi - intoscana<\/title>\n<meta name=\"description\" content=\"Nella storica Casa del popolo di via Vittorio Emanuele II a Firenze dal 1\u00b0 al 6 luglio concerti, dj set, talk, cene, laboratori\" \/>\n<meta name=\"robots\" content=\"index, follow, max-snippet:-1, max-image-preview:large, max-video-preview:-1\" \/>\n<link rel=\"canonical\" href=\"https:\/\/www.intoscana.it\/it\/stella-rossa-festival-a-firenze-sei-giorni-di-concerti-talk-e-laboratori-allarci-sms-di-rifredi\/\" \/>\n<meta property=\"og:locale\" content=\"it_IT\" \/>\n<meta property=\"og:type\" content=\"article\" \/>\n<meta property=\"og:title\" content=\"Stella Rossa Festival a Firenze: sei giorni di concerti, talk e laboratori all&#039;Arci SMS di Rifredi\" \/>\n<meta property=\"og:description\" content=\"Nella storica Casa del popolo di via Vittorio Emanuele II a Firenze dal 1\u00b0 al 6 luglio concerti, dj set, talk, cene, laboratori\" \/>\n<meta property=\"og:url\" content=\"https:\/\/www.intoscana.it\/it\/stella-rossa-festival-a-firenze-sei-giorni-di-concerti-talk-e-laboratori-allarci-sms-di-rifredi\/\" \/>\n<meta property=\"og:site_name\" content=\"intoscana\" \/>\n<meta property=\"article:publisher\" content=\"https:\/\/www.facebook.com\/intoscana.it\" \/>\n<meta property=\"article:published_time\" content=\"2025-06-30T07:02:50+00:00\" \/>\n<meta property=\"article:modified_time\" content=\"2025-06-30T07:23:45+00:00\" \/>\n<meta property=\"og:image\" content=\"https:\/\/www.intoscana.it\/wp-content\/uploads\/foto-conferenza-e1751267627211.jpeg\" \/>\n\t<meta property=\"og:image:width\" content=\"1608\" \/>\n\t<meta property=\"og:image:height\" content=\"1010\" \/>\n\t<meta property=\"og:image:type\" content=\"image\/jpeg\" \/>\n<meta name=\"author\" content=\"Redazione\" \/>\n<meta name=\"twitter:card\" content=\"summary_large_image\" \/>\n<meta name=\"twitter:creator\" content=\"@intoscana\" \/>\n<meta name=\"twitter:site\" content=\"@intoscana\" \/>\n<meta name=\"twitter:label1\" content=\"Written by\" \/>\n\t<meta name=\"twitter:data1\" content=\"Redazione\" \/>\n\t<meta name=\"twitter:label2\" content=\"Est. reading time\" \/>\n\t<meta name=\"twitter:data2\" content=\"7 minuti\" \/>\n<script type=\"application\/ld+json\" class=\"yoast-schema-graph\">{\"@context\":\"https:\/\/schema.org\",\"@graph\":[{\"@type\":\"WebPage\",\"@id\":\"https:\/\/www.intoscana.it\/it\/stella-rossa-festival-a-firenze-sei-giorni-di-concerti-talk-e-laboratori-allarci-sms-di-rifredi\/\",\"url\":\"https:\/\/www.intoscana.it\/it\/stella-rossa-festival-a-firenze-sei-giorni-di-concerti-talk-e-laboratori-allarci-sms-di-rifredi\/\",\"name\":\"Stella Rossa Festival a Firenze: sei giorni di concerti, talk e laboratori all'Arci SMS di Rifredi - intoscana\",\"isPartOf\":{\"@id\":\"https:\/\/www.intoscana.it\/it\/#website\"},\"primaryImageOfPage\":{\"@id\":\"https:\/\/www.intoscana.it\/it\/stella-rossa-festival-a-firenze-sei-giorni-di-concerti-talk-e-laboratori-allarci-sms-di-rifredi\/#primaryimage\"},\"image\":{\"@id\":\"https:\/\/www.intoscana.it\/it\/stella-rossa-festival-a-firenze-sei-giorni-di-concerti-talk-e-laboratori-allarci-sms-di-rifredi\/#primaryimage\"},\"thumbnailUrl\":\"https:\/\/www.intoscana.it\/wp-content\/uploads\/foto-conferenza-e1751267627211.jpeg\",\"datePublished\":\"2025-06-30T07:02:50+00:00\",\"dateModified\":\"2025-06-30T07:23:45+00:00\",\"author\":{\"@id\":\"https:\/\/www.intoscana.it\/it\/#\/schema\/person\/9223810753230f20bd670fdd322661f8\"},\"description\":\"Nella storica Casa del popolo di via Vittorio Emanuele II a Firenze dal 1\u00b0 al 6 luglio concerti, dj set, talk, cene, laboratori\",\"breadcrumb\":{\"@id\":\"https:\/\/www.intoscana.it\/it\/stella-rossa-festival-a-firenze-sei-giorni-di-concerti-talk-e-laboratori-allarci-sms-di-rifredi\/#breadcrumb\"},\"inLanguage\":\"it-IT\",\"potentialAction\":[{\"@type\":\"ReadAction\",\"target\":[\"https:\/\/www.intoscana.it\/it\/stella-rossa-festival-a-firenze-sei-giorni-di-concerti-talk-e-laboratori-allarci-sms-di-rifredi\/\"]}]},{\"@type\":\"ImageObject\",\"inLanguage\":\"it-IT\",\"@id\":\"https:\/\/www.intoscana.it\/it\/stella-rossa-festival-a-firenze-sei-giorni-di-concerti-talk-e-laboratori-allarci-sms-di-rifredi\/#primaryimage\",\"url\":\"https:\/\/www.intoscana.it\/wp-content\/uploads\/foto-conferenza-e1751267627211.jpeg\",\"contentUrl\":\"https:\/\/www.intoscana.it\/wp-content\/uploads\/foto-conferenza-e1751267627211.jpeg\",\"width\":1608,\"height\":1010},{\"@type\":\"BreadcrumbList\",\"@id\":\"https:\/\/www.intoscana.it\/it\/stella-rossa-festival-a-firenze-sei-giorni-di-concerti-talk-e-laboratori-allarci-sms-di-rifredi\/#breadcrumb\",\"itemListElement\":[{\"@type\":\"ListItem\",\"position\":1,\"name\":\"Home\",\"item\":\"https:\/\/www.intoscana.it\/it\/\"},{\"@type\":\"ListItem\",\"position\":2,\"name\":\"Stella Rossa Festival a Firenze: sei giorni di concerti, talk e laboratori all&#8217;Arci SMS di Rifredi\"}]},{\"@type\":\"WebSite\",\"@id\":\"https:\/\/www.intoscana.it\/it\/#website\",\"url\":\"https:\/\/www.intoscana.it\/it\/\",\"name\":\"intoscana\",\"description\":\"\",\"potentialAction\":[{\"@type\":\"SearchAction\",\"target\":{\"@type\":\"EntryPoint\",\"urlTemplate\":\"https:\/\/www.intoscana.it\/it\/?s={search_term_string}\"},\"query-input\":{\"@type\":\"PropertyValueSpecification\",\"valueRequired\":true,\"valueName\":\"search_term_string\"}}],\"inLanguage\":\"it-IT\"},{\"@type\":\"Person\",\"@id\":\"https:\/\/www.intoscana.it\/it\/#\/schema\/person\/9223810753230f20bd670fdd322661f8\",\"name\":\"Redazione\",\"url\":\"https:\/\/www.intoscana.it\/it\/author\/redazione\/\"}]}<\/script>\n<!-- \/ Yoast SEO Premium plugin. -->","yoast_head_json":{"title":"Stella Rossa Festival a Firenze: sei giorni di concerti, talk e laboratori all'Arci SMS di Rifredi - intoscana","description":"Nella storica Casa del popolo di via Vittorio Emanuele II a Firenze dal 1\u00b0 al 6 luglio concerti, dj set, talk, cene, laboratori","robots":{"index":"index","follow":"follow","max-snippet":"max-snippet:-1","max-image-preview":"max-image-preview:large","max-video-preview":"max-video-preview:-1"},"canonical":"https:\/\/www.intoscana.it\/it\/stella-rossa-festival-a-firenze-sei-giorni-di-concerti-talk-e-laboratori-allarci-sms-di-rifredi\/","og_locale":"it_IT","og_type":"article","og_title":"Stella Rossa Festival a Firenze: sei giorni di concerti, talk e laboratori all'Arci SMS di Rifredi","og_description":"Nella storica Casa del popolo di via Vittorio Emanuele II a Firenze dal 1\u00b0 al 6 luglio concerti, dj set, talk, cene, laboratori","og_url":"https:\/\/www.intoscana.it\/it\/stella-rossa-festival-a-firenze-sei-giorni-di-concerti-talk-e-laboratori-allarci-sms-di-rifredi\/","og_site_name":"intoscana","article_publisher":"https:\/\/www.facebook.com\/intoscana.it","article_published_time":"2025-06-30T07:02:50+00:00","article_modified_time":"2025-06-30T07:23:45+00:00","og_image":[{"width":1608,"height":1010,"url":"https:\/\/www.intoscana.it\/wp-content\/uploads\/foto-conferenza-e1751267627211.jpeg","type":"image\/jpeg"}],"author":"Redazione","twitter_card":"summary_large_image","twitter_creator":"@intoscana","twitter_site":"@intoscana","twitter_misc":{"Written by":"Redazione","Est. reading time":"7 minuti"},"schema":{"@context":"https:\/\/schema.org","@graph":[{"@type":"WebPage","@id":"https:\/\/www.intoscana.it\/it\/stella-rossa-festival-a-firenze-sei-giorni-di-concerti-talk-e-laboratori-allarci-sms-di-rifredi\/","url":"https:\/\/www.intoscana.it\/it\/stella-rossa-festival-a-firenze-sei-giorni-di-concerti-talk-e-laboratori-allarci-sms-di-rifredi\/","name":"Stella Rossa Festival a Firenze: sei giorni di concerti, talk e laboratori all'Arci SMS di Rifredi - intoscana","isPartOf":{"@id":"https:\/\/www.intoscana.it\/it\/#website"},"primaryImageOfPage":{"@id":"https:\/\/www.intoscana.it\/it\/stella-rossa-festival-a-firenze-sei-giorni-di-concerti-talk-e-laboratori-allarci-sms-di-rifredi\/#primaryimage"},"image":{"@id":"https:\/\/www.intoscana.it\/it\/stella-rossa-festival-a-firenze-sei-giorni-di-concerti-talk-e-laboratori-allarci-sms-di-rifredi\/#primaryimage"},"thumbnailUrl":"https:\/\/www.intoscana.it\/wp-content\/uploads\/foto-conferenza-e1751267627211.jpeg","datePublished":"2025-06-30T07:02:50+00:00","dateModified":"2025-06-30T07:23:45+00:00","author":{"@id":"https:\/\/www.intoscana.it\/it\/#\/schema\/person\/9223810753230f20bd670fdd322661f8"},"description":"Nella storica Casa del popolo di via Vittorio Emanuele II a Firenze dal 1\u00b0 al 6 luglio concerti, dj set, talk, cene, laboratori","breadcrumb":{"@id":"https:\/\/www.intoscana.it\/it\/stella-rossa-festival-a-firenze-sei-giorni-di-concerti-talk-e-laboratori-allarci-sms-di-rifredi\/#breadcrumb"},"inLanguage":"it-IT","potentialAction":[{"@type":"ReadAction","target":["https:\/\/www.intoscana.it\/it\/stella-rossa-festival-a-firenze-sei-giorni-di-concerti-talk-e-laboratori-allarci-sms-di-rifredi\/"]}]},{"@type":"ImageObject","inLanguage":"it-IT","@id":"https:\/\/www.intoscana.it\/it\/stella-rossa-festival-a-firenze-sei-giorni-di-concerti-talk-e-laboratori-allarci-sms-di-rifredi\/#primaryimage","url":"https:\/\/www.intoscana.it\/wp-content\/uploads\/foto-conferenza-e1751267627211.jpeg","contentUrl":"https:\/\/www.intoscana.it\/wp-content\/uploads\/foto-conferenza-e1751267627211.jpeg","width":1608,"height":1010},{"@type":"BreadcrumbList","@id":"https:\/\/www.intoscana.it\/it\/stella-rossa-festival-a-firenze-sei-giorni-di-concerti-talk-e-laboratori-allarci-sms-di-rifredi\/#breadcrumb","itemListElement":[{"@type":"ListItem","position":1,"name":"Home","item":"https:\/\/www.intoscana.it\/it\/"},{"@type":"ListItem","position":2,"name":"Stella Rossa Festival a Firenze: sei giorni di concerti, talk e laboratori all&#8217;Arci SMS di Rifredi"}]},{"@type":"WebSite","@id":"https:\/\/www.intoscana.it\/it\/#website","url":"https:\/\/www.intoscana.it\/it\/","name":"intoscana","description":"","potentialAction":[{"@type":"SearchAction","target":{"@type":"EntryPoint","urlTemplate":"https:\/\/www.intoscana.it\/it\/?s={search_term_string}"},"query-input":{"@type":"PropertyValueSpecification","valueRequired":true,"valueName":"search_term_string"}}],"inLanguage":"it-IT"},{"@type":"Person","@id":"https:\/\/www.intoscana.it\/it\/#\/schema\/person\/9223810753230f20bd670fdd322661f8","name":"Redazione","url":"https:\/\/www.intoscana.it\/it\/author\/redazione\/"}]}},"_links":{"self":[{"href":"https:\/\/www.intoscana.it\/it\/wp-json\/wp\/v2\/posts\/390780","targetHints":{"allow":["GET"]}}],"collection":[{"href":"https:\/\/www.intoscana.it\/it\/wp-json\/wp\/v2\/posts"}],"about":[{"href":"https:\/\/www.intoscana.it\/it\/wp-json\/wp\/v2\/types\/post"}],"author":[{"embeddable":true,"href":"https:\/\/www.intoscana.it\/it\/wp-json\/wp\/v2\/users\/525"}],"replies":[{"embeddable":true,"href":"https:\/\/www.intoscana.it\/it\/wp-json\/wp\/v2\/comments?post=390780"}],"version-history":[{"count":3,"href":"https:\/\/www.intoscana.it\/it\/wp-json\/wp\/v2\/posts\/390780\/revisions"}],"predecessor-version":[{"id":390794,"href":"https:\/\/www.intoscana.it\/it\/wp-json\/wp\/v2\/posts\/390780\/revisions\/390794"}],"wp:featuredmedia":[{"embeddable":true,"href":"https:\/\/www.intoscana.it\/it\/wp-json\/wp\/v2\/media\/390781"}],"wp:attachment":[{"href":"https:\/\/www.intoscana.it\/it\/wp-json\/wp\/v2\/media?parent=390780"}],"wp:term":[{"taxonomy":"category","embeddable":true,"href":"https:\/\/www.intoscana.it\/it\/wp-json\/wp\/v2\/categories?post=390780"},{"taxonomy":"post_tag","embeddable":true,"href":"https:\/\/www.intoscana.it\/it\/wp-json\/wp\/v2\/tags?post=390780"}],"curies":[{"name":"wp","href":"https:\/\/api.w.org\/{rel}","templated":true}]}}