{"id":390975,"date":"2025-07-01T15:09:30","date_gmt":"2025-07-01T13:09:30","guid":{"rendered":"https:\/\/www.intoscana.it\/it\/?p=390975"},"modified":"2025-07-01T15:09:30","modified_gmt":"2025-07-01T13:09:30","slug":"linvincibile-estate-del-kilowatt-festival-2025-a-sansepolcro-nove-giorni-di-teatro-danza-performance-e-musica","status":"publish","type":"post","link":"https:\/\/www.intoscana.it\/it\/linvincibile-estate-del-kilowatt-festival-2025-a-sansepolcro-nove-giorni-di-teatro-danza-performance-e-musica\/","title":{"rendered":"L&#8217;invincibile estate del Kilowatt Festival 2025: a Sansepolcro nove giorni di teatro, danza, performance e musica"},"content":{"rendered":"<p>Torna<strong> dall\u201911 al 19 luglio a Sansepolcro<\/strong> il <strong>Kilowatt Festival,<\/strong> giunto alla 23\u00aa edizione. Diretta da <strong>Lucia Franchi e Luca Ricci<\/strong> e promossa dall\u2019associazione CapoTrave\/Kilowatt con il contributo della Fondazione CR Firenze,<strong> la rassegna si conferma una delle principali piattaforme italiane per le arti performative<\/strong> contemporanee.<\/p>\n<p>Il programma 2025 \u00e8 ricchissimo: <strong>45 spettacoli, di cui 24 tra anteprime, prime assolute e nazionali, 54 repliche, 9 concerti, 9 dj-set<\/strong>, laboratori, incontri pubblici e una <strong>Summer School gratuita su performing arts e digitale.<\/strong><\/p>\n<p>La danzatrice e coreografa<strong> Raffaella Giordano madrina del festival<\/strong> sar\u00e0 protagonista <strong>dall\u201911 al 13 luglio<\/strong> con una serie di appuntamenti che esplorano la sua poetica. Tra questi,<strong><em> \u201cTu non mi perderai mai\u201d,<\/em><\/strong> solo interpretato da Stefania Tansini (Premio Ubu 2022).<\/p>\n<p>Prosegue <strong>l\u2019innovativa selezione curata da 46 cittadini della Valtiberina<\/strong> e dai<strong> VisioYoung<\/strong> (18-25 anni), che hanno scelto 9 spettacoli tra oltre 440 candidature. Un esempio virtuoso di partecipazione culturale attiva.<\/p>\n<p>Quest&#8217;anno il <strong>Kilowatt Festival<\/strong> si espande in <strong>19 luoghi di Sansepolcro,<\/strong> con centro nevralgico nei <strong>Giardini di Piero,<\/strong> sede di concerti, dj-set, area gastronomica \u201cIl Bengodi\u201d e aperitivi culturali. Gli spazi pubblici diventano palcoscenici inediti, come<strong> Piazza Torre di Berta<\/strong> per la danza urbana.<\/p>\n<p>Conclude l\u2019offerta culturale la <strong>Summer School 2025<\/strong>, dedicata a <strong>performing arts e digitale<\/strong>, nell\u2019ambito del progetto europeo <strong>Digital On Stage<\/strong>, che conferma la vocazione formativa e sperimentale del festival.<\/p>\n<p>Il claim dell\u2019edizione \u00e8 tratto da <strong>Albert Camus<\/strong> e celebra la resilienza creativa, facendo da filo conduttore alle proposte artistiche.<\/p>\n<p><strong>Lucia Franchi e Luca Ricci<\/strong> a cui fa capo direzione generale e artistica di<strong> Kilowatt Festival<\/strong> hanno dichiarato:<em> \u201cAbbiamo la sensazione, spesso, di trovarci dentro un interminabile inverno: nelle parole che vengono usate, violente, rabbiose, nella sofferenza antica e senza fine di interi popoli, nelle difficolt\u00e0 quotidiane di sempre pi\u00f9 persone, in una societ\u00e0 che si sta impoverendo di tutto, di beni materiali cos\u00ec come spirituali. Eppure noi ci ostiniamo a credere che in ognuno di noi ci sia un\u2019invincibile estate, una forza luminosa a cui appigliarsi per trasformare la sopravvivenza in esistenza. L\u2019arte cerca di tenere in vita e nutrire questa luce: non ci cambia la vita, non risolve i problemi, per\u00f2 ci porta in contatto con ci\u00f2 che in noi \u00e8 pi\u00f9 vivo, profondo e fertile. Che la vostra estate sia invincibile, sempre\u201d.<\/em><\/p>\n<p><em>&#8220;L\u2019edizione che presentiamo \u00e8 la pi\u00f9 ricca di sempre, per numero di artisti in scena, numero di spettacoli, numero di prime nazionali e anche per la corposa presenza di artisti stranieri, che \u00e8 pi\u00f9 ampia che mai. Tutto questo non \u00e8 per nulla scontato, in un momento di contrazione generale delle risorse destinate alla cultura. Se accade, \u00e8 perch\u00e9 la nostra forza \u00e8 sempre stata quella delle formiche, che non sembrano mai fare grandi opere perch\u00e9 tracciano piano piano il loro cammino, ma lo fanno con caparbiet\u00e0 e senza arrendersi. Il nostro progetto, nato nel 2003, non \u00e8 partito con i botti, n\u00e9 \u00e8 stato voluto e benedetto dall\u2019alto, ma \u00e8 cresciuto dal basso, con pazienza e insistenza, stringendo alleanze con artisti, spettatori e istituzioni su una sola base: quella della qualit\u00e0 della nostra proposta. Favorendo la crescita umana delle persone e dei luoghi, investendo sul pensiero, sul confronto tra diversi e sulla comunit\u00e0, abbiamo provato a diventare ogni giorno quello che sognavamo di essere e di fare. La ventitreesima edizione \u00e8 l\u2019ulteriore tappa di un cammino artistico e culturale di cui siamo fieri, per la nostra comunit\u00e0, per Sansepolcro, per la Toscana, per gli artisti e gli appassionati di teatro e danza di tutta l\u2019Italia e l\u2019Europa.&#8221;<\/em> concludono <strong>Lucia Franchi e Luca Ricci.<\/strong><\/p>\n<div class=\"titleimg\">\n<figure id=\"post-391001 media-391001\" class=\"align-none\"><img decoding=\"async\" src=\"https:\/\/www.intoscana.it\/wp-content\/uploads\/718e8ab7ffe3545126641d9d737e73dca6c3d6be_full.jpeg\" alt=\"\" \/><\/figure>\n<div class=\"titleimg\">Lucia Franchi e Luca Ricci dell\u2019Associazione CapoTrave\/Kilowatt<\/div>\n<\/div>\n<h3>Teatro e danza: prime assolute e grandi nomi<\/h3>\n<p>Al <strong>Kilowatt Festival 2025<\/strong> debuttano in <strong>prima nazionale<\/strong> i nuovi lavori di: <strong>Licia Lanera, quotidianacom, Menoventi e Teatri di Vita<\/strong> con <strong><em>Sette bambine ebree. Un\u2019opera per Gaza<\/em> <\/strong>di Caryl Churchill; <strong>Stefano Cordella<\/strong>, con una rilettura di <em><strong>Madame Bovary<\/strong><\/em>; <strong>Andrea Cosentino,<\/strong> con una performance sull\u2019intelligenza artificiale.<\/p>\n<p>Tra i nomi di spicco: <strong>Federica Rosellini<\/strong> in<strong><em> Ivan e i cani;<\/em><\/strong> <strong>Pietro Giannini<\/strong> con un monologo sul crollo del <strong>Ponte Morandi;<\/strong> <strong>Luisa Borini, Elvira Buonocore, Compagnia archiviozeta.<\/strong><\/p>\n<p>Per la danza un focus internazionale e di sperimentazione con<strong> 23 spettacoli<\/strong> che propongono un panorama variegato tra Italia e scena internazionale.<\/p>\n<p>Tra le anteprime: <strong><em>Le Palestriti<\/em><\/strong> di <strong>Simona Bertozzi,<\/strong> ispirato ai mosaici siciliani del IV sec.; <strong><em>Le Tir Sacr\u00e9<\/em><\/strong> della francese <strong>Marine Colard<\/strong> sul gesto sportivo e la narrazione.<\/p>\n<p>Tra le prime nazionali: <strong><em>Skin<\/em> <\/strong>dell\u2019australiana <strong>Renae Shadler<\/strong> con<strong> Roland Walter,<\/strong> danzatore con paralisi spastica; <strong><em>Unarmoured<\/em> <\/strong>della canadese <strong>Clara Furey,<\/strong> danza &#8220;disarmante&#8221; sul corpo e l\u2019erotismo; <strong><em>Asteroide<\/em><\/strong> di <strong>Marco D\u2019Agostin<\/strong>, musical pop e paleontologia.<\/p>\n<figure id=\"post-391000 media-391000\" class=\"align-none\"><img decoding=\"async\" src=\"https:\/\/www.intoscana.it\/wp-content\/uploads\/kilowatt.webp\" alt=\"\" \/><\/figure>\n<div class=\"titleimg\">Kilowatt Festival<\/div>\n<p>&nbsp;<\/p>\n<p>&nbsp;<\/p>\n<p>&nbsp;<\/p>\n","protected":false},"excerpt":{"rendered":"<p>Dall&#8217;11 al 19 luglio a Sansepolcro un laboratorio vivo e partecipato di creazione, formazione e comunit\u00e0, capace di unire visione artistica, coinvolgimento del territorio e innovazione<\/p>\n","protected":false},"author":525,"featured_media":390976,"comment_status":"open","ping_status":"open","sticky":false,"template":"","format":"standard","meta":{"_acf_changed":false,"footnotes":""},"categories":[493],"tags":[5564,235,4474,228,236],"class_list":["post-390975","post","type-post","status-publish","format-standard","has-post-thumbnail","hentry","category-cultura","tag-danza","tag-estate","tag-eventi","tag-festival","tag-teatro"],"acf":[],"yoast_head":"<!-- This site is optimized with the Yoast SEO Premium plugin v24.2 (Yoast SEO v25.6) - https:\/\/yoast.com\/wordpress\/plugins\/seo\/ -->\n<title>L&#039;invincibile estate del Kilowatt Festival 2025: a Sansepolcro nove giorni di teatro, danza, performance e musica - intoscana<\/title>\n<meta name=\"description\" content=\"Dall&#039;11 al 19 luglio a Sansepolcro un laboratorio vivo e partecipato di creazione, formazione e comunit\u00e0, territorio e innovazione\" \/>\n<meta name=\"robots\" content=\"index, follow, max-snippet:-1, max-image-preview:large, max-video-preview:-1\" \/>\n<link rel=\"canonical\" href=\"https:\/\/www.intoscana.it\/it\/linvincibile-estate-del-kilowatt-festival-2025-a-sansepolcro-nove-giorni-di-teatro-danza-performance-e-musica\/\" \/>\n<meta property=\"og:locale\" content=\"it_IT\" \/>\n<meta property=\"og:type\" content=\"article\" \/>\n<meta property=\"og:title\" content=\"L&#039;invincibile estate del Kilowatt Festival 2025: a Sansepolcro nove giorni di teatro, danza, performance e musica\" \/>\n<meta property=\"og:description\" content=\"Dall&#039;11 al 19 luglio a Sansepolcro un laboratorio vivo e partecipato di creazione, formazione e comunit\u00e0, territorio e innovazione\" \/>\n<meta property=\"og:url\" content=\"https:\/\/www.intoscana.it\/it\/linvincibile-estate-del-kilowatt-festival-2025-a-sansepolcro-nove-giorni-di-teatro-danza-performance-e-musica\/\" \/>\n<meta property=\"og:site_name\" content=\"intoscana\" \/>\n<meta property=\"article:publisher\" content=\"https:\/\/www.facebook.com\/intoscana.it\" \/>\n<meta property=\"article:published_time\" content=\"2025-07-01T13:09:30+00:00\" \/>\n<meta property=\"og:image\" content=\"https:\/\/www.intoscana.it\/wp-content\/uploads\/kilowatt-festival-2025-xxiii-edizione_it-en.webp\" \/>\n\t<meta property=\"og:image:width\" content=\"1920\" \/>\n\t<meta property=\"og:image:height\" content=\"1080\" \/>\n\t<meta property=\"og:image:type\" content=\"image\/webp\" \/>\n<meta name=\"author\" content=\"Redazione\" \/>\n<meta name=\"twitter:card\" content=\"summary_large_image\" \/>\n<meta name=\"twitter:creator\" content=\"@intoscana\" \/>\n<meta name=\"twitter:site\" content=\"@intoscana\" \/>\n<meta name=\"twitter:label1\" content=\"Written by\" \/>\n\t<meta name=\"twitter:data1\" content=\"Redazione\" \/>\n\t<meta name=\"twitter:label2\" content=\"Est. reading time\" \/>\n\t<meta name=\"twitter:data2\" content=\"5 minuti\" \/>\n<script type=\"application\/ld+json\" class=\"yoast-schema-graph\">{\"@context\":\"https:\/\/schema.org\",\"@graph\":[{\"@type\":\"WebPage\",\"@id\":\"https:\/\/www.intoscana.it\/it\/linvincibile-estate-del-kilowatt-festival-2025-a-sansepolcro-nove-giorni-di-teatro-danza-performance-e-musica\/\",\"url\":\"https:\/\/www.intoscana.it\/it\/linvincibile-estate-del-kilowatt-festival-2025-a-sansepolcro-nove-giorni-di-teatro-danza-performance-e-musica\/\",\"name\":\"L'invincibile estate del Kilowatt Festival 2025: a Sansepolcro nove giorni di teatro, danza, performance e musica - intoscana\",\"isPartOf\":{\"@id\":\"https:\/\/www.intoscana.it\/it\/#website\"},\"primaryImageOfPage\":{\"@id\":\"https:\/\/www.intoscana.it\/it\/linvincibile-estate-del-kilowatt-festival-2025-a-sansepolcro-nove-giorni-di-teatro-danza-performance-e-musica\/#primaryimage\"},\"image\":{\"@id\":\"https:\/\/www.intoscana.it\/it\/linvincibile-estate-del-kilowatt-festival-2025-a-sansepolcro-nove-giorni-di-teatro-danza-performance-e-musica\/#primaryimage\"},\"thumbnailUrl\":\"https:\/\/www.intoscana.it\/wp-content\/uploads\/kilowatt-festival-2025-xxiii-edizione_it-en.webp\",\"datePublished\":\"2025-07-01T13:09:30+00:00\",\"author\":{\"@id\":\"https:\/\/www.intoscana.it\/it\/#\/schema\/person\/9223810753230f20bd670fdd322661f8\"},\"description\":\"Dall'11 al 19 luglio a Sansepolcro un laboratorio vivo e partecipato di creazione, formazione e comunit\u00e0, territorio e innovazione\",\"breadcrumb\":{\"@id\":\"https:\/\/www.intoscana.it\/it\/linvincibile-estate-del-kilowatt-festival-2025-a-sansepolcro-nove-giorni-di-teatro-danza-performance-e-musica\/#breadcrumb\"},\"inLanguage\":\"it-IT\",\"potentialAction\":[{\"@type\":\"ReadAction\",\"target\":[\"https:\/\/www.intoscana.it\/it\/linvincibile-estate-del-kilowatt-festival-2025-a-sansepolcro-nove-giorni-di-teatro-danza-performance-e-musica\/\"]}]},{\"@type\":\"ImageObject\",\"inLanguage\":\"it-IT\",\"@id\":\"https:\/\/www.intoscana.it\/it\/linvincibile-estate-del-kilowatt-festival-2025-a-sansepolcro-nove-giorni-di-teatro-danza-performance-e-musica\/#primaryimage\",\"url\":\"https:\/\/www.intoscana.it\/wp-content\/uploads\/kilowatt-festival-2025-xxiii-edizione_it-en.webp\",\"contentUrl\":\"https:\/\/www.intoscana.it\/wp-content\/uploads\/kilowatt-festival-2025-xxiii-edizione_it-en.webp\",\"width\":1920,\"height\":1080,\"caption\":\"Kilowatt Festival 2025\"},{\"@type\":\"BreadcrumbList\",\"@id\":\"https:\/\/www.intoscana.it\/it\/linvincibile-estate-del-kilowatt-festival-2025-a-sansepolcro-nove-giorni-di-teatro-danza-performance-e-musica\/#breadcrumb\",\"itemListElement\":[{\"@type\":\"ListItem\",\"position\":1,\"name\":\"Home\",\"item\":\"https:\/\/www.intoscana.it\/it\/\"},{\"@type\":\"ListItem\",\"position\":2,\"name\":\"L&#8217;invincibile estate del Kilowatt Festival 2025: a Sansepolcro nove giorni di teatro, danza, performance e musica\"}]},{\"@type\":\"WebSite\",\"@id\":\"https:\/\/www.intoscana.it\/it\/#website\",\"url\":\"https:\/\/www.intoscana.it\/it\/\",\"name\":\"intoscana\",\"description\":\"\",\"potentialAction\":[{\"@type\":\"SearchAction\",\"target\":{\"@type\":\"EntryPoint\",\"urlTemplate\":\"https:\/\/www.intoscana.it\/it\/?s={search_term_string}\"},\"query-input\":{\"@type\":\"PropertyValueSpecification\",\"valueRequired\":true,\"valueName\":\"search_term_string\"}}],\"inLanguage\":\"it-IT\"},{\"@type\":\"Person\",\"@id\":\"https:\/\/www.intoscana.it\/it\/#\/schema\/person\/9223810753230f20bd670fdd322661f8\",\"name\":\"Redazione\",\"url\":\"https:\/\/www.intoscana.it\/it\/author\/redazione\/\"}]}<\/script>\n<!-- \/ Yoast SEO Premium plugin. -->","yoast_head_json":{"title":"L'invincibile estate del Kilowatt Festival 2025: a Sansepolcro nove giorni di teatro, danza, performance e musica - intoscana","description":"Dall'11 al 19 luglio a Sansepolcro un laboratorio vivo e partecipato di creazione, formazione e comunit\u00e0, territorio e innovazione","robots":{"index":"index","follow":"follow","max-snippet":"max-snippet:-1","max-image-preview":"max-image-preview:large","max-video-preview":"max-video-preview:-1"},"canonical":"https:\/\/www.intoscana.it\/it\/linvincibile-estate-del-kilowatt-festival-2025-a-sansepolcro-nove-giorni-di-teatro-danza-performance-e-musica\/","og_locale":"it_IT","og_type":"article","og_title":"L'invincibile estate del Kilowatt Festival 2025: a Sansepolcro nove giorni di teatro, danza, performance e musica","og_description":"Dall'11 al 19 luglio a Sansepolcro un laboratorio vivo e partecipato di creazione, formazione e comunit\u00e0, territorio e innovazione","og_url":"https:\/\/www.intoscana.it\/it\/linvincibile-estate-del-kilowatt-festival-2025-a-sansepolcro-nove-giorni-di-teatro-danza-performance-e-musica\/","og_site_name":"intoscana","article_publisher":"https:\/\/www.facebook.com\/intoscana.it","article_published_time":"2025-07-01T13:09:30+00:00","og_image":[{"width":1920,"height":1080,"url":"https:\/\/www.intoscana.it\/wp-content\/uploads\/kilowatt-festival-2025-xxiii-edizione_it-en.webp","type":"image\/webp"}],"author":"Redazione","twitter_card":"summary_large_image","twitter_creator":"@intoscana","twitter_site":"@intoscana","twitter_misc":{"Written by":"Redazione","Est. reading time":"5 minuti"},"schema":{"@context":"https:\/\/schema.org","@graph":[{"@type":"WebPage","@id":"https:\/\/www.intoscana.it\/it\/linvincibile-estate-del-kilowatt-festival-2025-a-sansepolcro-nove-giorni-di-teatro-danza-performance-e-musica\/","url":"https:\/\/www.intoscana.it\/it\/linvincibile-estate-del-kilowatt-festival-2025-a-sansepolcro-nove-giorni-di-teatro-danza-performance-e-musica\/","name":"L'invincibile estate del Kilowatt Festival 2025: a Sansepolcro nove giorni di teatro, danza, performance e musica - intoscana","isPartOf":{"@id":"https:\/\/www.intoscana.it\/it\/#website"},"primaryImageOfPage":{"@id":"https:\/\/www.intoscana.it\/it\/linvincibile-estate-del-kilowatt-festival-2025-a-sansepolcro-nove-giorni-di-teatro-danza-performance-e-musica\/#primaryimage"},"image":{"@id":"https:\/\/www.intoscana.it\/it\/linvincibile-estate-del-kilowatt-festival-2025-a-sansepolcro-nove-giorni-di-teatro-danza-performance-e-musica\/#primaryimage"},"thumbnailUrl":"https:\/\/www.intoscana.it\/wp-content\/uploads\/kilowatt-festival-2025-xxiii-edizione_it-en.webp","datePublished":"2025-07-01T13:09:30+00:00","author":{"@id":"https:\/\/www.intoscana.it\/it\/#\/schema\/person\/9223810753230f20bd670fdd322661f8"},"description":"Dall'11 al 19 luglio a Sansepolcro un laboratorio vivo e partecipato di creazione, formazione e comunit\u00e0, territorio e innovazione","breadcrumb":{"@id":"https:\/\/www.intoscana.it\/it\/linvincibile-estate-del-kilowatt-festival-2025-a-sansepolcro-nove-giorni-di-teatro-danza-performance-e-musica\/#breadcrumb"},"inLanguage":"it-IT","potentialAction":[{"@type":"ReadAction","target":["https:\/\/www.intoscana.it\/it\/linvincibile-estate-del-kilowatt-festival-2025-a-sansepolcro-nove-giorni-di-teatro-danza-performance-e-musica\/"]}]},{"@type":"ImageObject","inLanguage":"it-IT","@id":"https:\/\/www.intoscana.it\/it\/linvincibile-estate-del-kilowatt-festival-2025-a-sansepolcro-nove-giorni-di-teatro-danza-performance-e-musica\/#primaryimage","url":"https:\/\/www.intoscana.it\/wp-content\/uploads\/kilowatt-festival-2025-xxiii-edizione_it-en.webp","contentUrl":"https:\/\/www.intoscana.it\/wp-content\/uploads\/kilowatt-festival-2025-xxiii-edizione_it-en.webp","width":1920,"height":1080,"caption":"Kilowatt Festival 2025"},{"@type":"BreadcrumbList","@id":"https:\/\/www.intoscana.it\/it\/linvincibile-estate-del-kilowatt-festival-2025-a-sansepolcro-nove-giorni-di-teatro-danza-performance-e-musica\/#breadcrumb","itemListElement":[{"@type":"ListItem","position":1,"name":"Home","item":"https:\/\/www.intoscana.it\/it\/"},{"@type":"ListItem","position":2,"name":"L&#8217;invincibile estate del Kilowatt Festival 2025: a Sansepolcro nove giorni di teatro, danza, performance e musica"}]},{"@type":"WebSite","@id":"https:\/\/www.intoscana.it\/it\/#website","url":"https:\/\/www.intoscana.it\/it\/","name":"intoscana","description":"","potentialAction":[{"@type":"SearchAction","target":{"@type":"EntryPoint","urlTemplate":"https:\/\/www.intoscana.it\/it\/?s={search_term_string}"},"query-input":{"@type":"PropertyValueSpecification","valueRequired":true,"valueName":"search_term_string"}}],"inLanguage":"it-IT"},{"@type":"Person","@id":"https:\/\/www.intoscana.it\/it\/#\/schema\/person\/9223810753230f20bd670fdd322661f8","name":"Redazione","url":"https:\/\/www.intoscana.it\/it\/author\/redazione\/"}]}},"_links":{"self":[{"href":"https:\/\/www.intoscana.it\/it\/wp-json\/wp\/v2\/posts\/390975","targetHints":{"allow":["GET"]}}],"collection":[{"href":"https:\/\/www.intoscana.it\/it\/wp-json\/wp\/v2\/posts"}],"about":[{"href":"https:\/\/www.intoscana.it\/it\/wp-json\/wp\/v2\/types\/post"}],"author":[{"embeddable":true,"href":"https:\/\/www.intoscana.it\/it\/wp-json\/wp\/v2\/users\/525"}],"replies":[{"embeddable":true,"href":"https:\/\/www.intoscana.it\/it\/wp-json\/wp\/v2\/comments?post=390975"}],"version-history":[{"count":5,"href":"https:\/\/www.intoscana.it\/it\/wp-json\/wp\/v2\/posts\/390975\/revisions"}],"predecessor-version":[{"id":391004,"href":"https:\/\/www.intoscana.it\/it\/wp-json\/wp\/v2\/posts\/390975\/revisions\/391004"}],"wp:featuredmedia":[{"embeddable":true,"href":"https:\/\/www.intoscana.it\/it\/wp-json\/wp\/v2\/media\/390976"}],"wp:attachment":[{"href":"https:\/\/www.intoscana.it\/it\/wp-json\/wp\/v2\/media?parent=390975"}],"wp:term":[{"taxonomy":"category","embeddable":true,"href":"https:\/\/www.intoscana.it\/it\/wp-json\/wp\/v2\/categories?post=390975"},{"taxonomy":"post_tag","embeddable":true,"href":"https:\/\/www.intoscana.it\/it\/wp-json\/wp\/v2\/tags?post=390975"}],"curies":[{"name":"wp","href":"https:\/\/api.w.org\/{rel}","templated":true}]}}