{"id":391274,"date":"2025-07-03T14:46:38","date_gmt":"2025-07-03T12:46:38","guid":{"rendered":"https:\/\/www.intoscana.it\/it\/?p=391274"},"modified":"2025-07-03T14:46:38","modified_gmt":"2025-07-03T12:46:38","slug":"marino-marini-in-dialogo-con-luomo-arezzo-celebra-lartista-toscano-con-una-grande-mostra","status":"publish","type":"post","link":"https:\/\/www.intoscana.it\/it\/marino-marini-in-dialogo-con-luomo-arezzo-celebra-lartista-toscano-con-una-grande-mostra\/","title":{"rendered":"Marino Marini &#8220;In dialogo con l\u2019uomo&#8221;: Arezzo celebra l&#8217;artista toscano con una grande mostra"},"content":{"rendered":"<p><strong>Arezzo dal 4 luglio al 2 novembre<\/strong> ospiter\u00e0\u00a0la mostra <strong><em>&#8220;Marino Marini. In dialogo con l\u2019uomo&#8221;<\/em><\/strong>, un\u2019importante retrospettiva dedicata a <strong>uno dei protagonisti dell\u2019arte italiana del Novecento.<\/strong><\/p>\n<p>L&#8217;esposizione, <strong>curata da Alberto Fiz e Moira Chiavarini<\/strong> con il coordinamento scientifico di Alessandro Sarteanesi, presenta <strong>oltre 100 opere tra dipinti e sculture del grande artista toscano.\u00a0<\/strong><\/p>\n<p>La mostra \u00e8 suddivisa in<strong> due percorsi espositivi<\/strong> complementari: alla <strong>Galleria Comunale d\u2019Arte Moderna e Contemporanea<\/strong>, con dipinti, gessi e bronzi, e alla <strong>Fortezza Medicea,<\/strong> con le grandi sculture monumentali.<\/p>\n<p>Grazie ai prestiti del <strong>Museo Marino Marini di Firenze<\/strong> e della <strong>Fondazione Marino Marini di Pistoia,<\/strong> la mostra ripercorre l&#8217;intera parabola artistica di Marini, dalle origini agli anni Sessanta, evidenziando <strong>il legame tra la sua opera e il mondo classico,<\/strong> ma anche la sua <strong>progressiva tensione espressiva e l\u2019innovazione formal<\/strong>e.<\/p>\n<p>Particolare rilievo \u00e8 dato al dialogo tra le opere di Marini e l&#8217;arte antica e rinascimentale, come nel caso delle suggestive affinit\u00e0 con <strong>Piero della Francesca. <\/strong><\/p>\n<p>Tra i capolavori in mostra, <strong><em>Le vergini<\/em><\/strong> (1916), <strong><em>La Zuffa di Cavalieri<\/em><\/strong> (1927 ca.) dagli Uffizi, e sculture esposte accanto a reperti archeologici aretini mai visti prima.<\/p>\n<figure id=\"post-391280 media-391280\" class=\"align-none\"><img decoding=\"async\" src=\"https:\/\/www.intoscana.it\/wp-content\/uploads\/Marino-Marini_Courtesy-Fondazione-Marino-Marini-Pistoia-scaled.jpg\" alt=\"\" \/><\/figure>\n<div class=\"titleimg\"><em>Marino Marini, Courtesy Fondazione Marino Marini, Pistoia<\/em><\/div>\n<h3>Il percorso museale nelle due sedi<\/h3>\n<p>Alla <strong>Galleria Comunale<\/strong> la mostra si articola in sezioni tematiche che accostano pittura e scultura in un continuo confronto, come avviene nei <strong><em>\u201cGridi\u201d<\/em><\/strong> o nelle <strong><em>\u201cPomone\u201d<\/em><\/strong>, quest\u2019ultime definite dall\u2019artista \u201cla prima vera forma mia\u201d.<\/p>\n<p>Una sezione \u00e8 dedicata ai <strong>ritratti (quasi 150 in carriera<\/strong>) che raccontano l\u2019indagine sull\u2019uomo e i suoi legami, tra cui figurano<strong> Carlo Carr\u00e0, Chagall, Stravinskij e la moglie Marina.<\/strong><\/p>\n<p>Nella cornice suggestiva della <strong>Fortezza Medicea<\/strong> si ammirano le opere monumentali: <strong>Pomone, Giocolieri, Danzatrici,<\/strong> e soprattutto i celebri <strong>Cavalieri,<\/strong> tra cui il monumentale <strong>Cavaliere del 1949-50<\/strong>, simbolo del conflitto e dell\u2019unit\u00e0 tra forze opposte.<\/p>\n<p>Spicca inoltre il<strong> Miracolo del 1952,<\/strong> scultura che rappresenta <strong>l\u2019aspirazione verso l\u2019infinito<\/strong> e la rottura della forma.<\/p>\n<p>La mostra sottolinea<strong> la modernit\u00e0 del linguaggio di Marini e la sua capacit\u00e0 di cogliere la complessit\u00e0 dell\u2019uomo<\/strong> attraverso un&#8217;espressivit\u00e0 formale in continua evoluzione. Il percorso si conclude con opere che abbandonano la geometria per dar vita a <strong>forme libere e radicalmente contemporanee.<\/strong><\/p>\n<p>Accompagna l&#8217;esposizione un catalogo bilingue con saggi di Alberto Fiz, Moira Chiavarini, Luca Pietro Nicoletti e Giovanni Curatola. Sono previsti anche<strong> laboratori per il pubblico pi\u00f9 giovane.<\/strong><\/p>\n<figure id=\"post-391282 media-391282\" class=\"align-none\"><img decoding=\"async\" src=\"https:\/\/www.intoscana.it\/wp-content\/uploads\/Piccolo-Cavaliere_1944_terracotta_30x265x13-cm_Courtesy-Fondazione-Marino-Marini-Pistoia-scaled.jpeg\" alt=\"\" \/><\/figure>\n<div class=\"titleimg\"><em>Piccolo Cavaliere, 1944, terracotta, Courtesy Fondazione Marino Marini, Pistoia<\/em><\/div>\n","protected":false},"excerpt":{"rendered":"<p>Dal 4 luglio al 2 novembre due percorsi espositivi complementari: alla Galleria Comunale d\u2019Arte Moderna e Contemporanea dipinti, gessi e bronzi, e alla Fortezza Medicea le grandi sculture monumentali dell&#8217;artista toscano<\/p>\n","protected":false},"author":518,"featured_media":391283,"comment_status":"open","ping_status":"open","sticky":false,"template":"","format":"standard","meta":{"_acf_changed":false,"footnotes":""},"categories":[493],"tags":[222],"class_list":["post-391274","post","type-post","status-publish","format-standard","has-post-thumbnail","hentry","category-cultura","tag-mostre"],"acf":[],"yoast_head":"<!-- This site is optimized with the Yoast SEO Premium plugin v24.2 (Yoast SEO v25.6) - https:\/\/yoast.com\/wordpress\/plugins\/seo\/ -->\n<title>Marino Marini &quot;In dialogo con l\u2019uomo&quot;: Arezzo celebra l&#039;artista toscano con una grande mostra - intoscana<\/title>\n<meta name=\"description\" content=\"Dal 4 luglio al 2 novembre due percorsi espositivi complementari: dipinti, gessi e bronzi e le grandi sculture monumentali\" \/>\n<meta name=\"robots\" content=\"index, follow, max-snippet:-1, max-image-preview:large, max-video-preview:-1\" \/>\n<link rel=\"canonical\" href=\"https:\/\/www.intoscana.it\/it\/marino-marini-in-dialogo-con-luomo-arezzo-celebra-lartista-toscano-con-una-grande-mostra\/\" \/>\n<meta property=\"og:locale\" content=\"it_IT\" \/>\n<meta property=\"og:type\" content=\"article\" \/>\n<meta property=\"og:title\" content=\"Marino Marini &quot;In dialogo con l\u2019uomo&quot;: Arezzo celebra l&#039;artista toscano con una grande mostra\" \/>\n<meta property=\"og:description\" content=\"Dal 4 luglio al 2 novembre due percorsi espositivi complementari: dipinti, gessi e bronzi e le grandi sculture monumentali\" \/>\n<meta property=\"og:url\" content=\"https:\/\/www.intoscana.it\/it\/marino-marini-in-dialogo-con-luomo-arezzo-celebra-lartista-toscano-con-una-grande-mostra\/\" \/>\n<meta property=\"og:site_name\" content=\"intoscana\" \/>\n<meta property=\"article:publisher\" content=\"https:\/\/www.facebook.com\/intoscana.it\" \/>\n<meta property=\"article:published_time\" content=\"2025-07-03T12:46:38+00:00\" \/>\n<meta property=\"og:image\" content=\"https:\/\/www.intoscana.it\/wp-content\/uploads\/Pomona-sdraiata_1935_bronzo_73x159x38-cm_Courtesy-Museo-Marino-Marini-Firenze-e1751533003846.jpeg\" \/>\n\t<meta property=\"og:image:width\" content=\"1478\" \/>\n\t<meta property=\"og:image:height\" content=\"887\" \/>\n\t<meta property=\"og:image:type\" content=\"image\/jpeg\" \/>\n<meta name=\"author\" content=\"Costanza Baldini\" \/>\n<meta name=\"twitter:card\" content=\"summary_large_image\" \/>\n<meta name=\"twitter:creator\" content=\"@intoscana\" \/>\n<meta name=\"twitter:site\" content=\"@intoscana\" \/>\n<meta name=\"twitter:label1\" content=\"Written by\" \/>\n\t<meta name=\"twitter:data1\" content=\"Costanza Baldini\" \/>\n\t<meta name=\"twitter:label2\" content=\"Est. reading time\" \/>\n\t<meta name=\"twitter:data2\" content=\"3 minuti\" \/>\n<script type=\"application\/ld+json\" class=\"yoast-schema-graph\">{\"@context\":\"https:\/\/schema.org\",\"@graph\":[{\"@type\":\"WebPage\",\"@id\":\"https:\/\/www.intoscana.it\/it\/marino-marini-in-dialogo-con-luomo-arezzo-celebra-lartista-toscano-con-una-grande-mostra\/\",\"url\":\"https:\/\/www.intoscana.it\/it\/marino-marini-in-dialogo-con-luomo-arezzo-celebra-lartista-toscano-con-una-grande-mostra\/\",\"name\":\"Marino Marini \\\"In dialogo con l\u2019uomo\\\": Arezzo celebra l'artista toscano con una grande mostra - intoscana\",\"isPartOf\":{\"@id\":\"https:\/\/www.intoscana.it\/it\/#website\"},\"primaryImageOfPage\":{\"@id\":\"https:\/\/www.intoscana.it\/it\/marino-marini-in-dialogo-con-luomo-arezzo-celebra-lartista-toscano-con-una-grande-mostra\/#primaryimage\"},\"image\":{\"@id\":\"https:\/\/www.intoscana.it\/it\/marino-marini-in-dialogo-con-luomo-arezzo-celebra-lartista-toscano-con-una-grande-mostra\/#primaryimage\"},\"thumbnailUrl\":\"https:\/\/www.intoscana.it\/wp-content\/uploads\/Pomona-sdraiata_1935_bronzo_73x159x38-cm_Courtesy-Museo-Marino-Marini-Firenze-e1751533003846.jpeg\",\"datePublished\":\"2025-07-03T12:46:38+00:00\",\"author\":{\"@id\":\"https:\/\/www.intoscana.it\/it\/#\/schema\/person\/d469f35f09739bdf00bf5dd3f0647a82\"},\"description\":\"Dal 4 luglio al 2 novembre due percorsi espositivi complementari: dipinti, gessi e bronzi e le grandi sculture monumentali\",\"breadcrumb\":{\"@id\":\"https:\/\/www.intoscana.it\/it\/marino-marini-in-dialogo-con-luomo-arezzo-celebra-lartista-toscano-con-una-grande-mostra\/#breadcrumb\"},\"inLanguage\":\"it-IT\",\"potentialAction\":[{\"@type\":\"ReadAction\",\"target\":[\"https:\/\/www.intoscana.it\/it\/marino-marini-in-dialogo-con-luomo-arezzo-celebra-lartista-toscano-con-una-grande-mostra\/\"]}]},{\"@type\":\"ImageObject\",\"inLanguage\":\"it-IT\",\"@id\":\"https:\/\/www.intoscana.it\/it\/marino-marini-in-dialogo-con-luomo-arezzo-celebra-lartista-toscano-con-una-grande-mostra\/#primaryimage\",\"url\":\"https:\/\/www.intoscana.it\/wp-content\/uploads\/Pomona-sdraiata_1935_bronzo_73x159x38-cm_Courtesy-Museo-Marino-Marini-Firenze-e1751533003846.jpeg\",\"contentUrl\":\"https:\/\/www.intoscana.it\/wp-content\/uploads\/Pomona-sdraiata_1935_bronzo_73x159x38-cm_Courtesy-Museo-Marino-Marini-Firenze-e1751533003846.jpeg\",\"width\":1478,\"height\":887},{\"@type\":\"BreadcrumbList\",\"@id\":\"https:\/\/www.intoscana.it\/it\/marino-marini-in-dialogo-con-luomo-arezzo-celebra-lartista-toscano-con-una-grande-mostra\/#breadcrumb\",\"itemListElement\":[{\"@type\":\"ListItem\",\"position\":1,\"name\":\"Home\",\"item\":\"https:\/\/www.intoscana.it\/it\/\"},{\"@type\":\"ListItem\",\"position\":2,\"name\":\"Marino Marini &#8220;In dialogo con l\u2019uomo&#8221;: Arezzo celebra l&#8217;artista toscano con una grande mostra\"}]},{\"@type\":\"WebSite\",\"@id\":\"https:\/\/www.intoscana.it\/it\/#website\",\"url\":\"https:\/\/www.intoscana.it\/it\/\",\"name\":\"intoscana\",\"description\":\"\",\"potentialAction\":[{\"@type\":\"SearchAction\",\"target\":{\"@type\":\"EntryPoint\",\"urlTemplate\":\"https:\/\/www.intoscana.it\/it\/?s={search_term_string}\"},\"query-input\":{\"@type\":\"PropertyValueSpecification\",\"valueRequired\":true,\"valueName\":\"search_term_string\"}}],\"inLanguage\":\"it-IT\"},{\"@type\":\"Person\",\"@id\":\"https:\/\/www.intoscana.it\/it\/#\/schema\/person\/d469f35f09739bdf00bf5dd3f0647a82\",\"name\":\"Costanza Baldini\",\"url\":\"https:\/\/www.intoscana.it\/it\/author\/costanza-baldini\/\"}]}<\/script>\n<!-- \/ Yoast SEO Premium plugin. -->","yoast_head_json":{"title":"Marino Marini \"In dialogo con l\u2019uomo\": Arezzo celebra l'artista toscano con una grande mostra - intoscana","description":"Dal 4 luglio al 2 novembre due percorsi espositivi complementari: dipinti, gessi e bronzi e le grandi sculture monumentali","robots":{"index":"index","follow":"follow","max-snippet":"max-snippet:-1","max-image-preview":"max-image-preview:large","max-video-preview":"max-video-preview:-1"},"canonical":"https:\/\/www.intoscana.it\/it\/marino-marini-in-dialogo-con-luomo-arezzo-celebra-lartista-toscano-con-una-grande-mostra\/","og_locale":"it_IT","og_type":"article","og_title":"Marino Marini \"In dialogo con l\u2019uomo\": Arezzo celebra l'artista toscano con una grande mostra","og_description":"Dal 4 luglio al 2 novembre due percorsi espositivi complementari: dipinti, gessi e bronzi e le grandi sculture monumentali","og_url":"https:\/\/www.intoscana.it\/it\/marino-marini-in-dialogo-con-luomo-arezzo-celebra-lartista-toscano-con-una-grande-mostra\/","og_site_name":"intoscana","article_publisher":"https:\/\/www.facebook.com\/intoscana.it","article_published_time":"2025-07-03T12:46:38+00:00","og_image":[{"width":1478,"height":887,"url":"https:\/\/www.intoscana.it\/wp-content\/uploads\/Pomona-sdraiata_1935_bronzo_73x159x38-cm_Courtesy-Museo-Marino-Marini-Firenze-e1751533003846.jpeg","type":"image\/jpeg"}],"author":"Costanza Baldini","twitter_card":"summary_large_image","twitter_creator":"@intoscana","twitter_site":"@intoscana","twitter_misc":{"Written by":"Costanza Baldini","Est. reading time":"3 minuti"},"schema":{"@context":"https:\/\/schema.org","@graph":[{"@type":"WebPage","@id":"https:\/\/www.intoscana.it\/it\/marino-marini-in-dialogo-con-luomo-arezzo-celebra-lartista-toscano-con-una-grande-mostra\/","url":"https:\/\/www.intoscana.it\/it\/marino-marini-in-dialogo-con-luomo-arezzo-celebra-lartista-toscano-con-una-grande-mostra\/","name":"Marino Marini \"In dialogo con l\u2019uomo\": Arezzo celebra l'artista toscano con una grande mostra - intoscana","isPartOf":{"@id":"https:\/\/www.intoscana.it\/it\/#website"},"primaryImageOfPage":{"@id":"https:\/\/www.intoscana.it\/it\/marino-marini-in-dialogo-con-luomo-arezzo-celebra-lartista-toscano-con-una-grande-mostra\/#primaryimage"},"image":{"@id":"https:\/\/www.intoscana.it\/it\/marino-marini-in-dialogo-con-luomo-arezzo-celebra-lartista-toscano-con-una-grande-mostra\/#primaryimage"},"thumbnailUrl":"https:\/\/www.intoscana.it\/wp-content\/uploads\/Pomona-sdraiata_1935_bronzo_73x159x38-cm_Courtesy-Museo-Marino-Marini-Firenze-e1751533003846.jpeg","datePublished":"2025-07-03T12:46:38+00:00","author":{"@id":"https:\/\/www.intoscana.it\/it\/#\/schema\/person\/d469f35f09739bdf00bf5dd3f0647a82"},"description":"Dal 4 luglio al 2 novembre due percorsi espositivi complementari: dipinti, gessi e bronzi e le grandi sculture monumentali","breadcrumb":{"@id":"https:\/\/www.intoscana.it\/it\/marino-marini-in-dialogo-con-luomo-arezzo-celebra-lartista-toscano-con-una-grande-mostra\/#breadcrumb"},"inLanguage":"it-IT","potentialAction":[{"@type":"ReadAction","target":["https:\/\/www.intoscana.it\/it\/marino-marini-in-dialogo-con-luomo-arezzo-celebra-lartista-toscano-con-una-grande-mostra\/"]}]},{"@type":"ImageObject","inLanguage":"it-IT","@id":"https:\/\/www.intoscana.it\/it\/marino-marini-in-dialogo-con-luomo-arezzo-celebra-lartista-toscano-con-una-grande-mostra\/#primaryimage","url":"https:\/\/www.intoscana.it\/wp-content\/uploads\/Pomona-sdraiata_1935_bronzo_73x159x38-cm_Courtesy-Museo-Marino-Marini-Firenze-e1751533003846.jpeg","contentUrl":"https:\/\/www.intoscana.it\/wp-content\/uploads\/Pomona-sdraiata_1935_bronzo_73x159x38-cm_Courtesy-Museo-Marino-Marini-Firenze-e1751533003846.jpeg","width":1478,"height":887},{"@type":"BreadcrumbList","@id":"https:\/\/www.intoscana.it\/it\/marino-marini-in-dialogo-con-luomo-arezzo-celebra-lartista-toscano-con-una-grande-mostra\/#breadcrumb","itemListElement":[{"@type":"ListItem","position":1,"name":"Home","item":"https:\/\/www.intoscana.it\/it\/"},{"@type":"ListItem","position":2,"name":"Marino Marini &#8220;In dialogo con l\u2019uomo&#8221;: Arezzo celebra l&#8217;artista toscano con una grande mostra"}]},{"@type":"WebSite","@id":"https:\/\/www.intoscana.it\/it\/#website","url":"https:\/\/www.intoscana.it\/it\/","name":"intoscana","description":"","potentialAction":[{"@type":"SearchAction","target":{"@type":"EntryPoint","urlTemplate":"https:\/\/www.intoscana.it\/it\/?s={search_term_string}"},"query-input":{"@type":"PropertyValueSpecification","valueRequired":true,"valueName":"search_term_string"}}],"inLanguage":"it-IT"},{"@type":"Person","@id":"https:\/\/www.intoscana.it\/it\/#\/schema\/person\/d469f35f09739bdf00bf5dd3f0647a82","name":"Costanza Baldini","url":"https:\/\/www.intoscana.it\/it\/author\/costanza-baldini\/"}]}},"_links":{"self":[{"href":"https:\/\/www.intoscana.it\/it\/wp-json\/wp\/v2\/posts\/391274","targetHints":{"allow":["GET"]}}],"collection":[{"href":"https:\/\/www.intoscana.it\/it\/wp-json\/wp\/v2\/posts"}],"about":[{"href":"https:\/\/www.intoscana.it\/it\/wp-json\/wp\/v2\/types\/post"}],"author":[{"embeddable":true,"href":"https:\/\/www.intoscana.it\/it\/wp-json\/wp\/v2\/users\/518"}],"replies":[{"embeddable":true,"href":"https:\/\/www.intoscana.it\/it\/wp-json\/wp\/v2\/comments?post=391274"}],"version-history":[{"count":5,"href":"https:\/\/www.intoscana.it\/it\/wp-json\/wp\/v2\/posts\/391274\/revisions"}],"predecessor-version":[{"id":391330,"href":"https:\/\/www.intoscana.it\/it\/wp-json\/wp\/v2\/posts\/391274\/revisions\/391330"}],"wp:featuredmedia":[{"embeddable":true,"href":"https:\/\/www.intoscana.it\/it\/wp-json\/wp\/v2\/media\/391283"}],"wp:attachment":[{"href":"https:\/\/www.intoscana.it\/it\/wp-json\/wp\/v2\/media?parent=391274"}],"wp:term":[{"taxonomy":"category","embeddable":true,"href":"https:\/\/www.intoscana.it\/it\/wp-json\/wp\/v2\/categories?post=391274"},{"taxonomy":"post_tag","embeddable":true,"href":"https:\/\/www.intoscana.it\/it\/wp-json\/wp\/v2\/tags?post=391274"}],"curies":[{"name":"wp","href":"https:\/\/api.w.org\/{rel}","templated":true}]}}