{"id":391508,"date":"2025-07-04T12:01:28","date_gmt":"2025-07-04T10:01:28","guid":{"rendered":"https:\/\/www.intoscana.it\/it\/?p=391508"},"modified":"2025-07-04T12:04:15","modified_gmt":"2025-07-04T10:04:15","slug":"la-toscana-del-nuoto-vola-ai-mondiali","status":"publish","type":"post","link":"https:\/\/www.intoscana.it\/it\/la-toscana-del-nuoto-vola-ai-mondiali\/","title":{"rendered":"La Toscana del nuoto vola ai Mondiali: da Bianca Nannucci a Zazzeri, nove atleti e tre coach azzurri"},"content":{"rendered":"<p>La Toscana si conferma <strong>terra di nuoto d\u2019eccellenza<\/strong>. Saranno nove gli atleti toscani convocati per la <strong>22esima edizione dei Campionati Mondiali di Nuoto<\/strong>, in programma a <strong>Singapore dal 27 luglio al 3 agosto<\/strong>, con tre allenatori della nostra regione inseriti nello staff tecnico della Nazionale. Una spedizione azzurra di <strong>34 elementi \u2014 16 donne e 18 uomini<\/strong> \u2014 in cui il contributo toscano si fa sentire forte, tra talenti emergenti e nomi affermati del panorama internazionale.<\/p>\n<p>In testa al gruppo, alla prima convocazione nella nazionale maggiore, la giovanissima <strong>Bianca Nannucci<\/strong>, classe 2008 della Rari Nantes Florentia, la pi\u00f9 giovane di tutta la delegazione azzurra, fresca <strong>campionessa europea giovanile nei 200 stile libero<\/strong>. Accanto a lei, tra i fiorentini in vasca, spiccano anche <strong>Matilde Biagiotti, Filippo Megli e Lorenzo Zazzeri,<\/strong> atleti ormai nel pieno della maturit\u00e0 sportiva, gi\u00e0 protagonisti in appuntamenti olimpici e mondiali. Completano la rosa toscana <strong>Lisa Angiolini, Leonardo Deplano, Francesca Fangio, Sara Franceschi e Anna Chiara Mascolo<\/strong>, volti noti del nuoto azzurro e protagonisti di un movimento regionale sempre pi\u00f9 solido.<\/p>\n<p>A rendere ancora pi\u00f9 consistente la presenza toscana nella Nazionale anche tre figure tecniche di assoluto rilievo: <strong>Sandra Michelini<\/strong> (allenatrice di Deplano), Stefano Franceschi (tecnico di Sara Franceschi a Livorno ma anche solo per citarne uno Alberto Razzetti) e<strong> Paolo Palchetti<\/strong>, quest\u2019ultimo tecnico della Florentia e punto di riferimento per molti dei convocati.<\/p>\n<p>Proprio la <strong>Rari Nantes Florentia<\/strong> firma un altro risultato storico. Dopo il record di presenze alle Olimpiadi di Parigi, il <strong>club fiorentino sar\u00e0 la seconda societ\u00e0 pi\u00f9 rappresentata d\u2019Italia<\/strong> anche a Singapore, con quattro atleti convocati e un tecnico nello staff federale. Oltre a Nannucci, Biagiotti, Megli e Zazzeri, va segnalata anche la presenza \u201cindiretta\u201d di <strong>Costanza Cocconcelli<\/strong>, tesserata per le Fiamme Gialle ma allenata proprio da Palchetti a Firenze.<\/p>\n<p>\u201c<em>La direzione tecnica ha voluto dare spazio al <strong>ricambio generazionale<\/strong><\/em> \u2013 ha dichiarato il DT Cesare Butini \u2013 <em>e questi Mondiali saranno fondamentali per far crescere i giovani accanto agli atleti pi\u00f9 esperti<\/em>\u201d. L\u2019appuntamento a Singapore rappresenta infatti l\u2019inizio del nuovo quadriennio verso le Olimpiadi di Los Angeles 2028, con un mix di atleti di esperienza e nuove promesse pronte a raccoglierne l\u2019eredit\u00e0.<\/p>\n<p>&nbsp;<\/p>\n","protected":false},"excerpt":{"rendered":"<p>Partito il conto alla rovescia per i Mondiali di nuoto in programma a Singapore dal 27 luglio al 3 agosto<\/p>\n","protected":false},"author":507,"featured_media":367987,"comment_status":"open","ping_status":"open","sticky":false,"template":"","format":"standard","meta":{"_acf_changed":false,"footnotes":""},"categories":[494],"tags":[6505,159],"class_list":["post-391508","post","type-post","status-publish","format-standard","has-post-thumbnail","hentry","category-attualita","tag-nuoto","tag-sport"],"acf":[],"yoast_head":"<!-- This site is optimized with the Yoast SEO Premium plugin v24.2 (Yoast SEO v25.6) - https:\/\/yoast.com\/wordpress\/plugins\/seo\/ -->\n<title>La Toscana del nuoto vola ai Mondiali: da Bianca Nannucci a Zazzeri, nove atleti e tre coach azzurri - intoscana<\/title>\n<meta name=\"robots\" content=\"index, follow, max-snippet:-1, max-image-preview:large, max-video-preview:-1\" \/>\n<link rel=\"canonical\" href=\"https:\/\/www.intoscana.it\/it\/la-toscana-del-nuoto-vola-ai-mondiali\/\" \/>\n<meta property=\"og:locale\" content=\"it_IT\" \/>\n<meta property=\"og:type\" content=\"article\" \/>\n<meta property=\"og:title\" content=\"La Toscana del nuoto vola ai Mondiali: da Bianca Nannucci a Zazzeri, nove atleti e tre coach azzurri\" \/>\n<meta property=\"og:description\" content=\"Partito il conto alla rovescia per i Mondiali di nuoto in programma a Singapore dal 27 luglio al 3 agosto\" \/>\n<meta property=\"og:url\" content=\"https:\/\/www.intoscana.it\/it\/la-toscana-del-nuoto-vola-ai-mondiali\/\" \/>\n<meta property=\"og:site_name\" content=\"intoscana\" \/>\n<meta property=\"article:publisher\" content=\"https:\/\/www.facebook.com\/intoscana.it\" \/>\n<meta property=\"article:published_time\" content=\"2025-07-04T10:01:28+00:00\" \/>\n<meta property=\"article:modified_time\" content=\"2025-07-04T10:04:15+00:00\" \/>\n<meta property=\"og:image\" content=\"https:\/\/www.intoscana.it\/wp-content\/uploads\/20241210_ma73966_20241210_1427424937.jpg\" \/>\n\t<meta property=\"og:image:width\" content=\"1400\" \/>\n\t<meta property=\"og:image:height\" content=\"932\" \/>\n\t<meta property=\"og:image:type\" content=\"image\/jpeg\" \/>\n<meta name=\"author\" content=\"Chiara Bianchini\" \/>\n<meta name=\"twitter:card\" content=\"summary_large_image\" \/>\n<meta name=\"twitter:creator\" content=\"@intoscana\" \/>\n<meta name=\"twitter:site\" content=\"@intoscana\" \/>\n<meta name=\"twitter:label1\" content=\"Written by\" \/>\n\t<meta name=\"twitter:data1\" content=\"Chiara Bianchini\" \/>\n\t<meta name=\"twitter:label2\" content=\"Est. reading time\" \/>\n\t<meta name=\"twitter:data2\" content=\"3 minuti\" \/>\n<script type=\"application\/ld+json\" class=\"yoast-schema-graph\">{\"@context\":\"https:\/\/schema.org\",\"@graph\":[{\"@type\":\"WebPage\",\"@id\":\"https:\/\/www.intoscana.it\/it\/la-toscana-del-nuoto-vola-ai-mondiali\/\",\"url\":\"https:\/\/www.intoscana.it\/it\/la-toscana-del-nuoto-vola-ai-mondiali\/\",\"name\":\"La Toscana del nuoto vola ai Mondiali: da Bianca Nannucci a Zazzeri, nove atleti e tre coach azzurri - intoscana\",\"isPartOf\":{\"@id\":\"https:\/\/www.intoscana.it\/it\/#website\"},\"primaryImageOfPage\":{\"@id\":\"https:\/\/www.intoscana.it\/it\/la-toscana-del-nuoto-vola-ai-mondiali\/#primaryimage\"},\"image\":{\"@id\":\"https:\/\/www.intoscana.it\/it\/la-toscana-del-nuoto-vola-ai-mondiali\/#primaryimage\"},\"thumbnailUrl\":\"https:\/\/www.intoscana.it\/wp-content\/uploads\/20241210_ma73966_20241210_1427424937.jpg\",\"datePublished\":\"2025-07-04T10:01:28+00:00\",\"dateModified\":\"2025-07-04T10:04:15+00:00\",\"author\":{\"@id\":\"https:\/\/www.intoscana.it\/it\/#\/schema\/person\/010af92117f50561886339ad5b873a41\"},\"breadcrumb\":{\"@id\":\"https:\/\/www.intoscana.it\/it\/la-toscana-del-nuoto-vola-ai-mondiali\/#breadcrumb\"},\"inLanguage\":\"it-IT\",\"potentialAction\":[{\"@type\":\"ReadAction\",\"target\":[\"https:\/\/www.intoscana.it\/it\/la-toscana-del-nuoto-vola-ai-mondiali\/\"]}]},{\"@type\":\"ImageObject\",\"inLanguage\":\"it-IT\",\"@id\":\"https:\/\/www.intoscana.it\/it\/la-toscana-del-nuoto-vola-ai-mondiali\/#primaryimage\",\"url\":\"https:\/\/www.intoscana.it\/wp-content\/uploads\/20241210_ma73966_20241210_1427424937.jpg\",\"contentUrl\":\"https:\/\/www.intoscana.it\/wp-content\/uploads\/20241210_ma73966_20241210_1427424937.jpg\",\"width\":1400,\"height\":932,\"caption\":\"Lorenzo Zazzeri of Italy competes in the Men's 4x100m Freestyle Final during the short course World Aquatics Swimming Championships 2024 at the Duna Arena in Budapest (Hungary), December 10, 2024. Team Italy placed second winning the silver medal.\"},{\"@type\":\"BreadcrumbList\",\"@id\":\"https:\/\/www.intoscana.it\/it\/la-toscana-del-nuoto-vola-ai-mondiali\/#breadcrumb\",\"itemListElement\":[{\"@type\":\"ListItem\",\"position\":1,\"name\":\"Home\",\"item\":\"https:\/\/www.intoscana.it\/it\/\"},{\"@type\":\"ListItem\",\"position\":2,\"name\":\"La Toscana del nuoto vola ai Mondiali: da Bianca Nannucci a Zazzeri, nove atleti e tre coach azzurri\"}]},{\"@type\":\"WebSite\",\"@id\":\"https:\/\/www.intoscana.it\/it\/#website\",\"url\":\"https:\/\/www.intoscana.it\/it\/\",\"name\":\"intoscana\",\"description\":\"\",\"potentialAction\":[{\"@type\":\"SearchAction\",\"target\":{\"@type\":\"EntryPoint\",\"urlTemplate\":\"https:\/\/www.intoscana.it\/it\/?s={search_term_string}\"},\"query-input\":{\"@type\":\"PropertyValueSpecification\",\"valueRequired\":true,\"valueName\":\"search_term_string\"}}],\"inLanguage\":\"it-IT\"},{\"@type\":\"Person\",\"@id\":\"https:\/\/www.intoscana.it\/it\/#\/schema\/person\/010af92117f50561886339ad5b873a41\",\"name\":\"Chiara Bianchini\",\"sameAs\":[\"c.bianchini@fst.it\"],\"url\":\"https:\/\/www.intoscana.it\/it\/author\/chiara-bianchini\/\"}]}<\/script>\n<!-- \/ Yoast SEO Premium plugin. -->","yoast_head_json":{"title":"La Toscana del nuoto vola ai Mondiali: da Bianca Nannucci a Zazzeri, nove atleti e tre coach azzurri - intoscana","robots":{"index":"index","follow":"follow","max-snippet":"max-snippet:-1","max-image-preview":"max-image-preview:large","max-video-preview":"max-video-preview:-1"},"canonical":"https:\/\/www.intoscana.it\/it\/la-toscana-del-nuoto-vola-ai-mondiali\/","og_locale":"it_IT","og_type":"article","og_title":"La Toscana del nuoto vola ai Mondiali: da Bianca Nannucci a Zazzeri, nove atleti e tre coach azzurri","og_description":"Partito il conto alla rovescia per i Mondiali di nuoto in programma a Singapore dal 27 luglio al 3 agosto","og_url":"https:\/\/www.intoscana.it\/it\/la-toscana-del-nuoto-vola-ai-mondiali\/","og_site_name":"intoscana","article_publisher":"https:\/\/www.facebook.com\/intoscana.it","article_published_time":"2025-07-04T10:01:28+00:00","article_modified_time":"2025-07-04T10:04:15+00:00","og_image":[{"width":1400,"height":932,"url":"https:\/\/www.intoscana.it\/wp-content\/uploads\/20241210_ma73966_20241210_1427424937.jpg","type":"image\/jpeg"}],"author":"Chiara Bianchini","twitter_card":"summary_large_image","twitter_creator":"@intoscana","twitter_site":"@intoscana","twitter_misc":{"Written by":"Chiara Bianchini","Est. reading time":"3 minuti"},"schema":{"@context":"https:\/\/schema.org","@graph":[{"@type":"WebPage","@id":"https:\/\/www.intoscana.it\/it\/la-toscana-del-nuoto-vola-ai-mondiali\/","url":"https:\/\/www.intoscana.it\/it\/la-toscana-del-nuoto-vola-ai-mondiali\/","name":"La Toscana del nuoto vola ai Mondiali: da Bianca Nannucci a Zazzeri, nove atleti e tre coach azzurri - intoscana","isPartOf":{"@id":"https:\/\/www.intoscana.it\/it\/#website"},"primaryImageOfPage":{"@id":"https:\/\/www.intoscana.it\/it\/la-toscana-del-nuoto-vola-ai-mondiali\/#primaryimage"},"image":{"@id":"https:\/\/www.intoscana.it\/it\/la-toscana-del-nuoto-vola-ai-mondiali\/#primaryimage"},"thumbnailUrl":"https:\/\/www.intoscana.it\/wp-content\/uploads\/20241210_ma73966_20241210_1427424937.jpg","datePublished":"2025-07-04T10:01:28+00:00","dateModified":"2025-07-04T10:04:15+00:00","author":{"@id":"https:\/\/www.intoscana.it\/it\/#\/schema\/person\/010af92117f50561886339ad5b873a41"},"breadcrumb":{"@id":"https:\/\/www.intoscana.it\/it\/la-toscana-del-nuoto-vola-ai-mondiali\/#breadcrumb"},"inLanguage":"it-IT","potentialAction":[{"@type":"ReadAction","target":["https:\/\/www.intoscana.it\/it\/la-toscana-del-nuoto-vola-ai-mondiali\/"]}]},{"@type":"ImageObject","inLanguage":"it-IT","@id":"https:\/\/www.intoscana.it\/it\/la-toscana-del-nuoto-vola-ai-mondiali\/#primaryimage","url":"https:\/\/www.intoscana.it\/wp-content\/uploads\/20241210_ma73966_20241210_1427424937.jpg","contentUrl":"https:\/\/www.intoscana.it\/wp-content\/uploads\/20241210_ma73966_20241210_1427424937.jpg","width":1400,"height":932,"caption":"Lorenzo Zazzeri of Italy competes in the Men's 4x100m Freestyle Final during the short course World Aquatics Swimming Championships 2024 at the Duna Arena in Budapest (Hungary), December 10, 2024. Team Italy placed second winning the silver medal."},{"@type":"BreadcrumbList","@id":"https:\/\/www.intoscana.it\/it\/la-toscana-del-nuoto-vola-ai-mondiali\/#breadcrumb","itemListElement":[{"@type":"ListItem","position":1,"name":"Home","item":"https:\/\/www.intoscana.it\/it\/"},{"@type":"ListItem","position":2,"name":"La Toscana del nuoto vola ai Mondiali: da Bianca Nannucci a Zazzeri, nove atleti e tre coach azzurri"}]},{"@type":"WebSite","@id":"https:\/\/www.intoscana.it\/it\/#website","url":"https:\/\/www.intoscana.it\/it\/","name":"intoscana","description":"","potentialAction":[{"@type":"SearchAction","target":{"@type":"EntryPoint","urlTemplate":"https:\/\/www.intoscana.it\/it\/?s={search_term_string}"},"query-input":{"@type":"PropertyValueSpecification","valueRequired":true,"valueName":"search_term_string"}}],"inLanguage":"it-IT"},{"@type":"Person","@id":"https:\/\/www.intoscana.it\/it\/#\/schema\/person\/010af92117f50561886339ad5b873a41","name":"Chiara Bianchini","sameAs":["c.bianchini@fst.it"],"url":"https:\/\/www.intoscana.it\/it\/author\/chiara-bianchini\/"}]}},"_links":{"self":[{"href":"https:\/\/www.intoscana.it\/it\/wp-json\/wp\/v2\/posts\/391508","targetHints":{"allow":["GET"]}}],"collection":[{"href":"https:\/\/www.intoscana.it\/it\/wp-json\/wp\/v2\/posts"}],"about":[{"href":"https:\/\/www.intoscana.it\/it\/wp-json\/wp\/v2\/types\/post"}],"author":[{"embeddable":true,"href":"https:\/\/www.intoscana.it\/it\/wp-json\/wp\/v2\/users\/507"}],"replies":[{"embeddable":true,"href":"https:\/\/www.intoscana.it\/it\/wp-json\/wp\/v2\/comments?post=391508"}],"version-history":[{"count":2,"href":"https:\/\/www.intoscana.it\/it\/wp-json\/wp\/v2\/posts\/391508\/revisions"}],"predecessor-version":[{"id":391517,"href":"https:\/\/www.intoscana.it\/it\/wp-json\/wp\/v2\/posts\/391508\/revisions\/391517"}],"wp:featuredmedia":[{"embeddable":true,"href":"https:\/\/www.intoscana.it\/it\/wp-json\/wp\/v2\/media\/367987"}],"wp:attachment":[{"href":"https:\/\/www.intoscana.it\/it\/wp-json\/wp\/v2\/media?parent=391508"}],"wp:term":[{"taxonomy":"category","embeddable":true,"href":"https:\/\/www.intoscana.it\/it\/wp-json\/wp\/v2\/categories?post=391508"},{"taxonomy":"post_tag","embeddable":true,"href":"https:\/\/www.intoscana.it\/it\/wp-json\/wp\/v2\/tags?post=391508"}],"curies":[{"name":"wp","href":"https:\/\/api.w.org\/{rel}","templated":true}]}}