{"id":391659,"date":"2025-07-05T14:13:07","date_gmt":"2025-07-05T12:13:07","guid":{"rendered":"https:\/\/www.intoscana.it\/it\/?p=391659"},"modified":"2025-07-07T16:35:26","modified_gmt":"2025-07-07T14:35:26","slug":"oltre-120-volontari-hanno-partecipato-a-puliamo-il-mondo-monni-questa-e-cittadinanza-attiva","status":"publish","type":"post","link":"https:\/\/www.intoscana.it\/it\/oltre-120-volontari-hanno-partecipato-a-puliamo-il-mondo-monni-questa-e-cittadinanza-attiva\/","title":{"rendered":"Oltre 120 volontari hanno partecipato a &#8220;Puliamo il mondo&#8221;, Monni: &#8220;Questa \u00e8 cittadinanza attiva&#8221;"},"content":{"rendered":"<p><strong>Sabato 5 luglio oltre 120 volontari,<\/strong> divisi in sei squadre, hanno partecipato all\u2019edizione speciale di <strong><em>Puliamo il mondo<\/em><\/strong> sulle rive dei fiumi <strong>Rovigo e Santerno<\/strong>.<\/p>\n<p>Donne e uomini che <strong>dalle 9 di mattina \u00a0fino alle 17.30 del pomeriggio<\/strong>, sono stati impegnati nell\u2019attivit\u00e0 di <strong>pulizia e raccolta di rifiuti.<\/strong><\/p>\n<p>L\u2019iniziativa \u00e8 stata organizzata da <strong>Legambiente<\/strong>, in collaborazione con la <strong>Regione Toscana<\/strong> e i <strong>Comuni di Palazzuolo sul Senio e Firenzuola,<\/strong> con l\u2019obiettivo di contribuire a <strong>ripulire le sponde dei due corsi d\u2019acqua dopo che movimenti franosi<\/strong> provocati dal maltempo dello scorso mese di marzo hanno riportato alla luce <strong>una ex discarica degli anni \u201870.\u00a0<\/strong><\/p>\n<p><em>\u201cQuesta edizione straordinaria di Puliamo il Mondo \u2013 <\/em><strong>sottolinea l\u2019assessora Monia Monni &#8211;<\/strong><em> \u00e8 un segnale importante di come le comunit\u00e0 sappiano unirsi per prendersi cura del proprio territorio. Dopo gli eventi che hanno colpito questi fiumi, abbiamo registrato un grande desiderio di partecipazione. Lo avevamo detto: avremmo raccolto questo entusiasmo nel momento in cui potevamo garantire la sicurezza di tutti. Grazie al lavoro di mappatura e pianificazione fatto in queste settimane dal Consorzio di bonifica \u2013 <\/em><strong>prosegue Monni <\/strong><em>&#8211; possiamo agire in modo efficace e sicuro. L\u2019intervento riguarda sette lotti lungo i corsi d\u2019acqua: siamo gi\u00e0 operativi sui primi e stiamo studiando soluzioni anche per i tratti pi\u00f9 complessi e impervi. L\u2019obiettivo \u00e8 uno solo: restituire questi luoghi alla comunit\u00e0, pi\u00f9 puliti e sicuri. Ringrazio Legambiente \u2013 conclude l\u2019assessora &#8211; per l\u2019importante lavoro di coordinamento dell\u2019iniziativa e tutte le realt\u00e0 che stanno lavorando insieme: Protezione civile, Consorzio di bonifica, associazioni e volontari. Un esempio concreto di cittadinanza attiva e di collaborazione tra istituzioni e comunit\u00e0\u201d.<\/em><\/p>\n<p>Grande soddisfazione da parte del <strong>presidente regionale di Legambiente, Fausto Ferruzza:<\/strong> &#8220;<em>Questa edizione speciale di &#8216;Puliamo il mondo&#8217; \u00e8 una giornata che fa bene al cuore. Oltre 120 volontari e volontarie hanno sfidato il caldo per contribuire alle pulizie straordinarie dei fiumi Rovigo e Santerno e sono gi\u00e0 stati raccolti diversi quintali di plastica. Sono orgoglioso della mia rete associativa, che ha offerto con generosit\u00e0 le sue competenze e la sua campagna regina Puliamo il Mondo, per accogliere tutte le persone innamorate di questi luoghi&#8221;.<\/em><\/p>\n","protected":false},"excerpt":{"rendered":"<p>Oltre 120 volontari e volontarie hanno sfidato il caldo per contribuire alle pulizie straordinarie delle sponde dei fiumi Rovigo e Santerno ridotte male dopo l&#8217;alluvione dello scorso marzo<\/p>\n","protected":false},"author":525,"featured_media":391660,"comment_status":"open","ping_status":"open","sticky":false,"template":"","format":"standard","meta":{"_acf_changed":false,"footnotes":""},"categories":[494],"tags":[177,354,5232,151],"class_list":["post-391659","post","type-post","status-publish","format-standard","has-post-thumbnail","hentry","category-attualita","tag-ambiente","tag-legambiente","tag-monia-monni","tag-regione-toscana"],"acf":[],"yoast_head":"<!-- This site is optimized with the Yoast SEO Premium plugin v24.2 (Yoast SEO v25.6) - https:\/\/yoast.com\/wordpress\/plugins\/seo\/ -->\n<title>Oltre 120 volontari hanno partecipato a &quot;Puliamo il mondo&quot;, Monni: &quot;Questa \u00e8 cittadinanza attiva&quot; - intoscana<\/title>\n<meta name=\"description\" content=\"Oltre 120 volontari e volontarie hanno sfidato il caldo per contribuire alle pulizie straordinarie delle sponde dei fiumi Rovigo e Santerno\" \/>\n<meta name=\"robots\" content=\"index, follow, max-snippet:-1, max-image-preview:large, max-video-preview:-1\" \/>\n<link rel=\"canonical\" href=\"https:\/\/www.intoscana.it\/it\/oltre-120-volontari-hanno-partecipato-a-puliamo-il-mondo-monni-questa-e-cittadinanza-attiva\/\" \/>\n<meta property=\"og:locale\" content=\"it_IT\" \/>\n<meta property=\"og:type\" content=\"article\" \/>\n<meta property=\"og:title\" content=\"Oltre 120 volontari hanno partecipato a &quot;Puliamo il mondo&quot;, Monni: &quot;Questa \u00e8 cittadinanza attiva&quot;\" \/>\n<meta property=\"og:description\" content=\"Oltre 120 volontari e volontarie hanno sfidato il caldo per contribuire alle pulizie straordinarie delle sponde dei fiumi Rovigo e Santerno\" \/>\n<meta property=\"og:url\" content=\"https:\/\/www.intoscana.it\/it\/oltre-120-volontari-hanno-partecipato-a-puliamo-il-mondo-monni-questa-e-cittadinanza-attiva\/\" \/>\n<meta property=\"og:site_name\" content=\"intoscana\" \/>\n<meta property=\"article:publisher\" content=\"https:\/\/www.facebook.com\/intoscana.it\" \/>\n<meta property=\"article:published_time\" content=\"2025-07-05T12:13:07+00:00\" \/>\n<meta property=\"article:modified_time\" content=\"2025-07-07T14:35:26+00:00\" \/>\n<meta property=\"og:image\" content=\"https:\/\/www.intoscana.it\/wp-content\/uploads\/volontari-4.jpg\" \/>\n\t<meta property=\"og:image:width\" content=\"2048\" \/>\n\t<meta property=\"og:image:height\" content=\"1536\" \/>\n\t<meta property=\"og:image:type\" content=\"image\/jpeg\" \/>\n<meta name=\"author\" content=\"Redazione\" \/>\n<meta name=\"twitter:card\" content=\"summary_large_image\" \/>\n<meta name=\"twitter:creator\" content=\"@intoscana\" \/>\n<meta name=\"twitter:site\" content=\"@intoscana\" \/>\n<meta name=\"twitter:label1\" content=\"Written by\" \/>\n\t<meta name=\"twitter:data1\" content=\"Redazione\" \/>\n\t<meta name=\"twitter:label2\" content=\"Est. reading time\" \/>\n\t<meta name=\"twitter:data2\" content=\"3 minuti\" \/>\n<script type=\"application\/ld+json\" class=\"yoast-schema-graph\">{\"@context\":\"https:\/\/schema.org\",\"@graph\":[{\"@type\":\"WebPage\",\"@id\":\"https:\/\/www.intoscana.it\/it\/oltre-120-volontari-hanno-partecipato-a-puliamo-il-mondo-monni-questa-e-cittadinanza-attiva\/\",\"url\":\"https:\/\/www.intoscana.it\/it\/oltre-120-volontari-hanno-partecipato-a-puliamo-il-mondo-monni-questa-e-cittadinanza-attiva\/\",\"name\":\"Oltre 120 volontari hanno partecipato a \\\"Puliamo il mondo\\\", Monni: \\\"Questa \u00e8 cittadinanza attiva\\\" - intoscana\",\"isPartOf\":{\"@id\":\"https:\/\/www.intoscana.it\/it\/#website\"},\"primaryImageOfPage\":{\"@id\":\"https:\/\/www.intoscana.it\/it\/oltre-120-volontari-hanno-partecipato-a-puliamo-il-mondo-monni-questa-e-cittadinanza-attiva\/#primaryimage\"},\"image\":{\"@id\":\"https:\/\/www.intoscana.it\/it\/oltre-120-volontari-hanno-partecipato-a-puliamo-il-mondo-monni-questa-e-cittadinanza-attiva\/#primaryimage\"},\"thumbnailUrl\":\"https:\/\/www.intoscana.it\/wp-content\/uploads\/volontari-4.jpg\",\"datePublished\":\"2025-07-05T12:13:07+00:00\",\"dateModified\":\"2025-07-07T14:35:26+00:00\",\"author\":{\"@id\":\"https:\/\/www.intoscana.it\/it\/#\/schema\/person\/9223810753230f20bd670fdd322661f8\"},\"description\":\"Oltre 120 volontari e volontarie hanno sfidato il caldo per contribuire alle pulizie straordinarie delle sponde dei fiumi Rovigo e Santerno\",\"breadcrumb\":{\"@id\":\"https:\/\/www.intoscana.it\/it\/oltre-120-volontari-hanno-partecipato-a-puliamo-il-mondo-monni-questa-e-cittadinanza-attiva\/#breadcrumb\"},\"inLanguage\":\"it-IT\",\"potentialAction\":[{\"@type\":\"ReadAction\",\"target\":[\"https:\/\/www.intoscana.it\/it\/oltre-120-volontari-hanno-partecipato-a-puliamo-il-mondo-monni-questa-e-cittadinanza-attiva\/\"]}]},{\"@type\":\"ImageObject\",\"inLanguage\":\"it-IT\",\"@id\":\"https:\/\/www.intoscana.it\/it\/oltre-120-volontari-hanno-partecipato-a-puliamo-il-mondo-monni-questa-e-cittadinanza-attiva\/#primaryimage\",\"url\":\"https:\/\/www.intoscana.it\/wp-content\/uploads\/volontari-4.jpg\",\"contentUrl\":\"https:\/\/www.intoscana.it\/wp-content\/uploads\/volontari-4.jpg\",\"width\":2048,\"height\":1536},{\"@type\":\"BreadcrumbList\",\"@id\":\"https:\/\/www.intoscana.it\/it\/oltre-120-volontari-hanno-partecipato-a-puliamo-il-mondo-monni-questa-e-cittadinanza-attiva\/#breadcrumb\",\"itemListElement\":[{\"@type\":\"ListItem\",\"position\":1,\"name\":\"Home\",\"item\":\"https:\/\/www.intoscana.it\/it\/\"},{\"@type\":\"ListItem\",\"position\":2,\"name\":\"Oltre 120 volontari hanno partecipato a &#8220;Puliamo il mondo&#8221;, Monni: &#8220;Questa \u00e8 cittadinanza attiva&#8221;\"}]},{\"@type\":\"WebSite\",\"@id\":\"https:\/\/www.intoscana.it\/it\/#website\",\"url\":\"https:\/\/www.intoscana.it\/it\/\",\"name\":\"intoscana\",\"description\":\"\",\"potentialAction\":[{\"@type\":\"SearchAction\",\"target\":{\"@type\":\"EntryPoint\",\"urlTemplate\":\"https:\/\/www.intoscana.it\/it\/?s={search_term_string}\"},\"query-input\":{\"@type\":\"PropertyValueSpecification\",\"valueRequired\":true,\"valueName\":\"search_term_string\"}}],\"inLanguage\":\"it-IT\"},{\"@type\":\"Person\",\"@id\":\"https:\/\/www.intoscana.it\/it\/#\/schema\/person\/9223810753230f20bd670fdd322661f8\",\"name\":\"Redazione\",\"url\":\"https:\/\/www.intoscana.it\/it\/author\/redazione\/\"}]}<\/script>\n<!-- \/ Yoast SEO Premium plugin. -->","yoast_head_json":{"title":"Oltre 120 volontari hanno partecipato a \"Puliamo il mondo\", Monni: \"Questa \u00e8 cittadinanza attiva\" - intoscana","description":"Oltre 120 volontari e volontarie hanno sfidato il caldo per contribuire alle pulizie straordinarie delle sponde dei fiumi Rovigo e Santerno","robots":{"index":"index","follow":"follow","max-snippet":"max-snippet:-1","max-image-preview":"max-image-preview:large","max-video-preview":"max-video-preview:-1"},"canonical":"https:\/\/www.intoscana.it\/it\/oltre-120-volontari-hanno-partecipato-a-puliamo-il-mondo-monni-questa-e-cittadinanza-attiva\/","og_locale":"it_IT","og_type":"article","og_title":"Oltre 120 volontari hanno partecipato a \"Puliamo il mondo\", Monni: \"Questa \u00e8 cittadinanza attiva\"","og_description":"Oltre 120 volontari e volontarie hanno sfidato il caldo per contribuire alle pulizie straordinarie delle sponde dei fiumi Rovigo e Santerno","og_url":"https:\/\/www.intoscana.it\/it\/oltre-120-volontari-hanno-partecipato-a-puliamo-il-mondo-monni-questa-e-cittadinanza-attiva\/","og_site_name":"intoscana","article_publisher":"https:\/\/www.facebook.com\/intoscana.it","article_published_time":"2025-07-05T12:13:07+00:00","article_modified_time":"2025-07-07T14:35:26+00:00","og_image":[{"width":2048,"height":1536,"url":"https:\/\/www.intoscana.it\/wp-content\/uploads\/volontari-4.jpg","type":"image\/jpeg"}],"author":"Redazione","twitter_card":"summary_large_image","twitter_creator":"@intoscana","twitter_site":"@intoscana","twitter_misc":{"Written by":"Redazione","Est. reading time":"3 minuti"},"schema":{"@context":"https:\/\/schema.org","@graph":[{"@type":"WebPage","@id":"https:\/\/www.intoscana.it\/it\/oltre-120-volontari-hanno-partecipato-a-puliamo-il-mondo-monni-questa-e-cittadinanza-attiva\/","url":"https:\/\/www.intoscana.it\/it\/oltre-120-volontari-hanno-partecipato-a-puliamo-il-mondo-monni-questa-e-cittadinanza-attiva\/","name":"Oltre 120 volontari hanno partecipato a \"Puliamo il mondo\", Monni: \"Questa \u00e8 cittadinanza attiva\" - intoscana","isPartOf":{"@id":"https:\/\/www.intoscana.it\/it\/#website"},"primaryImageOfPage":{"@id":"https:\/\/www.intoscana.it\/it\/oltre-120-volontari-hanno-partecipato-a-puliamo-il-mondo-monni-questa-e-cittadinanza-attiva\/#primaryimage"},"image":{"@id":"https:\/\/www.intoscana.it\/it\/oltre-120-volontari-hanno-partecipato-a-puliamo-il-mondo-monni-questa-e-cittadinanza-attiva\/#primaryimage"},"thumbnailUrl":"https:\/\/www.intoscana.it\/wp-content\/uploads\/volontari-4.jpg","datePublished":"2025-07-05T12:13:07+00:00","dateModified":"2025-07-07T14:35:26+00:00","author":{"@id":"https:\/\/www.intoscana.it\/it\/#\/schema\/person\/9223810753230f20bd670fdd322661f8"},"description":"Oltre 120 volontari e volontarie hanno sfidato il caldo per contribuire alle pulizie straordinarie delle sponde dei fiumi Rovigo e Santerno","breadcrumb":{"@id":"https:\/\/www.intoscana.it\/it\/oltre-120-volontari-hanno-partecipato-a-puliamo-il-mondo-monni-questa-e-cittadinanza-attiva\/#breadcrumb"},"inLanguage":"it-IT","potentialAction":[{"@type":"ReadAction","target":["https:\/\/www.intoscana.it\/it\/oltre-120-volontari-hanno-partecipato-a-puliamo-il-mondo-monni-questa-e-cittadinanza-attiva\/"]}]},{"@type":"ImageObject","inLanguage":"it-IT","@id":"https:\/\/www.intoscana.it\/it\/oltre-120-volontari-hanno-partecipato-a-puliamo-il-mondo-monni-questa-e-cittadinanza-attiva\/#primaryimage","url":"https:\/\/www.intoscana.it\/wp-content\/uploads\/volontari-4.jpg","contentUrl":"https:\/\/www.intoscana.it\/wp-content\/uploads\/volontari-4.jpg","width":2048,"height":1536},{"@type":"BreadcrumbList","@id":"https:\/\/www.intoscana.it\/it\/oltre-120-volontari-hanno-partecipato-a-puliamo-il-mondo-monni-questa-e-cittadinanza-attiva\/#breadcrumb","itemListElement":[{"@type":"ListItem","position":1,"name":"Home","item":"https:\/\/www.intoscana.it\/it\/"},{"@type":"ListItem","position":2,"name":"Oltre 120 volontari hanno partecipato a &#8220;Puliamo il mondo&#8221;, Monni: &#8220;Questa \u00e8 cittadinanza attiva&#8221;"}]},{"@type":"WebSite","@id":"https:\/\/www.intoscana.it\/it\/#website","url":"https:\/\/www.intoscana.it\/it\/","name":"intoscana","description":"","potentialAction":[{"@type":"SearchAction","target":{"@type":"EntryPoint","urlTemplate":"https:\/\/www.intoscana.it\/it\/?s={search_term_string}"},"query-input":{"@type":"PropertyValueSpecification","valueRequired":true,"valueName":"search_term_string"}}],"inLanguage":"it-IT"},{"@type":"Person","@id":"https:\/\/www.intoscana.it\/it\/#\/schema\/person\/9223810753230f20bd670fdd322661f8","name":"Redazione","url":"https:\/\/www.intoscana.it\/it\/author\/redazione\/"}]}},"_links":{"self":[{"href":"https:\/\/www.intoscana.it\/it\/wp-json\/wp\/v2\/posts\/391659","targetHints":{"allow":["GET"]}}],"collection":[{"href":"https:\/\/www.intoscana.it\/it\/wp-json\/wp\/v2\/posts"}],"about":[{"href":"https:\/\/www.intoscana.it\/it\/wp-json\/wp\/v2\/types\/post"}],"author":[{"embeddable":true,"href":"https:\/\/www.intoscana.it\/it\/wp-json\/wp\/v2\/users\/525"}],"replies":[{"embeddable":true,"href":"https:\/\/www.intoscana.it\/it\/wp-json\/wp\/v2\/comments?post=391659"}],"version-history":[{"count":4,"href":"https:\/\/www.intoscana.it\/it\/wp-json\/wp\/v2\/posts\/391659\/revisions"}],"predecessor-version":[{"id":391852,"href":"https:\/\/www.intoscana.it\/it\/wp-json\/wp\/v2\/posts\/391659\/revisions\/391852"}],"wp:featuredmedia":[{"embeddable":true,"href":"https:\/\/www.intoscana.it\/it\/wp-json\/wp\/v2\/media\/391660"}],"wp:attachment":[{"href":"https:\/\/www.intoscana.it\/it\/wp-json\/wp\/v2\/media?parent=391659"}],"wp:term":[{"taxonomy":"category","embeddable":true,"href":"https:\/\/www.intoscana.it\/it\/wp-json\/wp\/v2\/categories?post=391659"},{"taxonomy":"post_tag","embeddable":true,"href":"https:\/\/www.intoscana.it\/it\/wp-json\/wp\/v2\/tags?post=391659"}],"curies":[{"name":"wp","href":"https:\/\/api.w.org\/{rel}","templated":true}]}}