{"id":391715,"date":"2025-07-07T10:34:16","date_gmt":"2025-07-07T08:34:16","guid":{"rendered":"https:\/\/www.intoscana.it\/it\/?p=391715"},"modified":"2025-07-07T10:35:04","modified_gmt":"2025-07-07T08:35:04","slug":"a-tavarnelle-val-di-pesa-ha-aperto-il-museo-della-radio-con-centinaia-di-radio-depoca","status":"publish","type":"post","link":"https:\/\/www.intoscana.it\/it\/a-tavarnelle-val-di-pesa-ha-aperto-il-museo-della-radio-con-centinaia-di-radio-depoca\/","title":{"rendered":"A Tavarnelle Val di Pesa ha aperto il Museo della Radio con centinaia di oggetti d\u2019epoca"},"content":{"rendered":"<p>Ha aperto i battenti il <strong>Museo della Radio di Barberino Tavarnelle <\/strong>,nato da un progetto condiviso dal <strong>collezionista Daniele Camiciottoli<\/strong> e dall\u2019amministrazione comunale che ha finanziato e realizzato la riqualificazione di <strong>uno spazio pubblico, adiacente al Cinema Olimpia<\/strong>, destinato ad offrire una sede permanente alla collezione messa a disposizione dal<strong> concittadino originario di Tavarnelle<\/strong>.<\/p>\n<p><strong>Daniele Camiciottoli era un ragazzo curioso e profondo<\/strong>, pieno di perch\u00e9 da porre a se stesso e agli altri.<\/p>\n<p><strong>Il desiderio di scoprire cosa facesse \u2018parlare\u2019 la radio di famiglia,<\/strong> tenuta come una reliquia nel salotto di casa, scatola sonora dalla quale uscivano voci, canzoni e cronache,<strong> \u00e8 esploso all\u2019et\u00e0 di dodici anni.<\/strong><\/p>\n<p>Sin dall\u2019adolescenza <strong>Daniele Camiciottoli ha nutrito il proprio sogno<\/strong>, girovagando anno dopo anno tra le piazze e i banchi dei mercati vintage e collezionismo alla ricerca dell\u2019esemplare da salvare dall\u2019obl\u00eco, dall\u2019apparecchio che racchiudeva un percorso di vita, un ricordo, una data di nascita, un\u2019identit\u00e0 geografica.<\/p>\n<p>La missione, riuscita, \u00e8 stata quella di <strong>mettere insieme centinaia di radio d\u2019epoca, pezzi di storia restaurati e tornati a splendere<\/strong> e \u2018cantare\u2019 grazie all\u2019intervento tecnico del collezionista.<\/p>\n<p><strong>All\u2019et\u00e0 di 78 anni<\/strong> la passione \u00e8 diventata il<strong> fulcro di un patrimonio pubblico che racconta e testimonia un secolo di storia, invenzioni e trasformazioni epocali,<\/strong> dalla nascita della radio fino alla modernit\u00e0.<\/p>\n<p><strong>Dai primi del Novecento allo sbarco in Normandia<\/strong>, dal boom degli anni Sessanta fino alle <strong>radioline portatili per ascoltare le partite di calcio<\/strong> durante le scampagnate con la famiglia.<\/p>\n<div class=\"titleimg\">\n<figure id=\"post-391756 media-391756\" class=\"align-none\"><img decoding=\"async\" src=\"https:\/\/www.intoscana.it\/wp-content\/uploads\/Daniele-Camiciottoli.jpg\" alt=\"\" \/><\/figure>\n<div class=\"titleimg\">Daniele Camiciottoli<\/div>\n<\/div>\n<p>Delle <strong>700 radio complessive<\/strong>, raccolte dal tavarnellino nel corso del tempo, che narrano l\u2019evoluzione della comunicazione a livello internazionale <strong>270 sono quelle donate al Comune<\/strong>.<\/p>\n<p>Un progetto culturale che permette di dotare il territorio del Chianti del <strong>primo Museo dedicato alla magia della radio,<\/strong> a pi\u00f9 di cento anni dalla nascita dell&#8217;<strong>Unione radiofonica Italiana,<\/strong> in uno spazio comunale che espone una collezione di <strong>apparecchiature di alto valore storico e culturale,<\/strong> alcune delle quali <strong>rare e pezzi unici<\/strong> provenienti da varie aree geografiche e periodi storici differenti.<\/p>\n<p><strong>Per il sindaco Baroncelli<\/strong> \u201c<em>si tratta di un gesto d\u2019amore che si compie in un dialogo senza fine, un ponte che collega passato e presente, un atto foriero di gentilezza e poesia che Daniele ha voluto esprimere alla sua comunit\u00e0 e alle nuove generazioni\u201d.<\/em><\/p>\n<p><em>\u201cDa fotografo ho imparato ad amare la radio e il respiro che riuscivano a darmi \u2013<\/em><strong> ha dichiarato Daniele Camiciottoli &#8211;<\/strong><em> mettendomi in connessione con il mondo, con le storie, le persone che non ho mai conosciuto e che ho solo incontrato con la forza dell\u2019immaginazione. Ho deciso di condividere questa passione, che \u00e8 un\u2019importante parte di me, con la comunit\u00e0 perch\u00e9 solo cos\u00ec posso amplificare le potenzialit\u00e0 di quel mondo che credo abbia ancora molto da dire e possa cercare nuove vie di interazione con le nuove generazioni, le mie radio sono oggetti che ho riportato in vita dalle pagine del passato, nascono da un\u2019attivit\u00e0 di ricerca, anni di studio, oggi continuano a vivere grazie a questo progetto e all\u2019opera pubblica per la quale devo dire grazie al Comune di Barberino Tavarnelle ed in particolare al sindaco David Baroncelli\u201d.<\/em><\/p>\n<p><strong>Il Museo della Radio si trova in via Roma 75<\/strong>, accanto al Cinema Olimpia di Tavarnelle Val di Pesa. Apertura: sabato dalle ore 16 alle ore 19.<\/p>\n<p><strong>Su prenotazione \u00e8 possibile effettuare delle visite<\/strong> nei giorni negli orari da concordare.<\/p>\n<figure id=\"post-391717 media-391717\" class=\"align-none\"><img decoding=\"async\" src=\"https:\/\/www.intoscana.it\/wp-content\/uploads\/Museo-Radio-1.jpg\" alt=\"\" \/><\/figure>\n<div class=\"titleimg\">Museo Radio<\/div>\n","protected":false},"excerpt":{"rendered":"<p>Inaugurato il nuovo spazio pubblico che nasce da un\u2019opera di riqualificazione progetta e attuata dal Comune dove hanno trovato casa 270 apparecchi storici donati dal collezionista Daniele Camiciottoli, piccoli grandi oggetti che ripercorrono e ricostruiscono un secolo di storia, dai primi del Novecento ai giorni nostri, passando attraverso le due guerre mondiali<\/p>\n","protected":false},"author":525,"featured_media":391718,"comment_status":"open","ping_status":"open","sticky":false,"template":"","format":"standard","meta":{"_acf_changed":false,"footnotes":""},"categories":[493],"tags":[6572,226],"class_list":["post-391715","post","type-post","status-publish","format-standard","has-post-thumbnail","hentry","category-cultura","tag-barberino-tavarnelle","tag-musei"],"acf":[],"yoast_head":"<!-- This site is optimized with the Yoast SEO Premium plugin v24.2 (Yoast SEO v25.6) - https:\/\/yoast.com\/wordpress\/plugins\/seo\/ -->\n<title>A Tavarnelle Val di Pesa ha aperto il Museo della Radio con centinaia di oggetti d\u2019epoca - intoscana<\/title>\n<meta name=\"description\" content=\"Inaugurato il nuovo spazio pubblico che nasce da un\u2019opera di riqualificazione attuata dal Comune grazie a Camiciottoli\" \/>\n<meta name=\"robots\" content=\"index, follow, max-snippet:-1, max-image-preview:large, max-video-preview:-1\" \/>\n<link rel=\"canonical\" href=\"https:\/\/www.intoscana.it\/it\/a-tavarnelle-val-di-pesa-ha-aperto-il-museo-della-radio-con-centinaia-di-radio-depoca\/\" \/>\n<meta property=\"og:locale\" content=\"it_IT\" \/>\n<meta property=\"og:type\" content=\"article\" \/>\n<meta property=\"og:title\" content=\"A Tavarnelle Val di Pesa ha aperto il Museo della Radio con centinaia di oggetti d\u2019epoca\" \/>\n<meta property=\"og:description\" content=\"Inaugurato il nuovo spazio pubblico che nasce da un\u2019opera di riqualificazione attuata dal Comune grazie a Camiciottoli\" \/>\n<meta property=\"og:url\" content=\"https:\/\/www.intoscana.it\/it\/a-tavarnelle-val-di-pesa-ha-aperto-il-museo-della-radio-con-centinaia-di-radio-depoca\/\" \/>\n<meta property=\"og:site_name\" content=\"intoscana\" \/>\n<meta property=\"article:publisher\" content=\"https:\/\/www.facebook.com\/intoscana.it\" \/>\n<meta property=\"article:published_time\" content=\"2025-07-07T08:34:16+00:00\" \/>\n<meta property=\"article:modified_time\" content=\"2025-07-07T08:35:04+00:00\" \/>\n<meta property=\"og:image\" content=\"https:\/\/www.intoscana.it\/wp-content\/uploads\/Museo-Radio-Barberino-Tavarnelle-e1751871992266.jpg\" \/>\n\t<meta property=\"og:image:width\" content=\"1536\" \/>\n\t<meta property=\"og:image:height\" content=\"1080\" \/>\n\t<meta property=\"og:image:type\" content=\"image\/jpeg\" \/>\n<meta name=\"author\" content=\"Redazione\" \/>\n<meta name=\"twitter:card\" content=\"summary_large_image\" \/>\n<meta name=\"twitter:creator\" content=\"@intoscana\" \/>\n<meta name=\"twitter:site\" content=\"@intoscana\" \/>\n<meta name=\"twitter:label1\" content=\"Written by\" \/>\n\t<meta name=\"twitter:data1\" content=\"Redazione\" \/>\n\t<meta name=\"twitter:label2\" content=\"Est. reading time\" \/>\n\t<meta name=\"twitter:data2\" content=\"4 minuti\" \/>\n<script type=\"application\/ld+json\" class=\"yoast-schema-graph\">{\"@context\":\"https:\/\/schema.org\",\"@graph\":[{\"@type\":\"WebPage\",\"@id\":\"https:\/\/www.intoscana.it\/it\/a-tavarnelle-val-di-pesa-ha-aperto-il-museo-della-radio-con-centinaia-di-radio-depoca\/\",\"url\":\"https:\/\/www.intoscana.it\/it\/a-tavarnelle-val-di-pesa-ha-aperto-il-museo-della-radio-con-centinaia-di-radio-depoca\/\",\"name\":\"A Tavarnelle Val di Pesa ha aperto il Museo della Radio con centinaia di oggetti d\u2019epoca - intoscana\",\"isPartOf\":{\"@id\":\"https:\/\/www.intoscana.it\/it\/#website\"},\"primaryImageOfPage\":{\"@id\":\"https:\/\/www.intoscana.it\/it\/a-tavarnelle-val-di-pesa-ha-aperto-il-museo-della-radio-con-centinaia-di-radio-depoca\/#primaryimage\"},\"image\":{\"@id\":\"https:\/\/www.intoscana.it\/it\/a-tavarnelle-val-di-pesa-ha-aperto-il-museo-della-radio-con-centinaia-di-radio-depoca\/#primaryimage\"},\"thumbnailUrl\":\"https:\/\/www.intoscana.it\/wp-content\/uploads\/Museo-Radio-Barberino-Tavarnelle-e1751871992266.jpg\",\"datePublished\":\"2025-07-07T08:34:16+00:00\",\"dateModified\":\"2025-07-07T08:35:04+00:00\",\"author\":{\"@id\":\"https:\/\/www.intoscana.it\/it\/#\/schema\/person\/9223810753230f20bd670fdd322661f8\"},\"description\":\"Inaugurato il nuovo spazio pubblico che nasce da un\u2019opera di riqualificazione attuata dal Comune grazie a Camiciottoli\",\"breadcrumb\":{\"@id\":\"https:\/\/www.intoscana.it\/it\/a-tavarnelle-val-di-pesa-ha-aperto-il-museo-della-radio-con-centinaia-di-radio-depoca\/#breadcrumb\"},\"inLanguage\":\"it-IT\",\"potentialAction\":[{\"@type\":\"ReadAction\",\"target\":[\"https:\/\/www.intoscana.it\/it\/a-tavarnelle-val-di-pesa-ha-aperto-il-museo-della-radio-con-centinaia-di-radio-depoca\/\"]}]},{\"@type\":\"ImageObject\",\"inLanguage\":\"it-IT\",\"@id\":\"https:\/\/www.intoscana.it\/it\/a-tavarnelle-val-di-pesa-ha-aperto-il-museo-della-radio-con-centinaia-di-radio-depoca\/#primaryimage\",\"url\":\"https:\/\/www.intoscana.it\/wp-content\/uploads\/Museo-Radio-Barberino-Tavarnelle-e1751871992266.jpg\",\"contentUrl\":\"https:\/\/www.intoscana.it\/wp-content\/uploads\/Museo-Radio-Barberino-Tavarnelle-e1751871992266.jpg\",\"width\":1536,\"height\":1080},{\"@type\":\"BreadcrumbList\",\"@id\":\"https:\/\/www.intoscana.it\/it\/a-tavarnelle-val-di-pesa-ha-aperto-il-museo-della-radio-con-centinaia-di-radio-depoca\/#breadcrumb\",\"itemListElement\":[{\"@type\":\"ListItem\",\"position\":1,\"name\":\"Home\",\"item\":\"https:\/\/www.intoscana.it\/it\/\"},{\"@type\":\"ListItem\",\"position\":2,\"name\":\"A Tavarnelle Val di Pesa ha aperto il Museo della Radio con centinaia di oggetti d\u2019epoca\"}]},{\"@type\":\"WebSite\",\"@id\":\"https:\/\/www.intoscana.it\/it\/#website\",\"url\":\"https:\/\/www.intoscana.it\/it\/\",\"name\":\"intoscana\",\"description\":\"\",\"potentialAction\":[{\"@type\":\"SearchAction\",\"target\":{\"@type\":\"EntryPoint\",\"urlTemplate\":\"https:\/\/www.intoscana.it\/it\/?s={search_term_string}\"},\"query-input\":{\"@type\":\"PropertyValueSpecification\",\"valueRequired\":true,\"valueName\":\"search_term_string\"}}],\"inLanguage\":\"it-IT\"},{\"@type\":\"Person\",\"@id\":\"https:\/\/www.intoscana.it\/it\/#\/schema\/person\/9223810753230f20bd670fdd322661f8\",\"name\":\"Redazione\",\"url\":\"https:\/\/www.intoscana.it\/it\/author\/redazione\/\"}]}<\/script>\n<!-- \/ Yoast SEO Premium plugin. -->","yoast_head_json":{"title":"A Tavarnelle Val di Pesa ha aperto il Museo della Radio con centinaia di oggetti d\u2019epoca - intoscana","description":"Inaugurato il nuovo spazio pubblico che nasce da un\u2019opera di riqualificazione attuata dal Comune grazie a Camiciottoli","robots":{"index":"index","follow":"follow","max-snippet":"max-snippet:-1","max-image-preview":"max-image-preview:large","max-video-preview":"max-video-preview:-1"},"canonical":"https:\/\/www.intoscana.it\/it\/a-tavarnelle-val-di-pesa-ha-aperto-il-museo-della-radio-con-centinaia-di-radio-depoca\/","og_locale":"it_IT","og_type":"article","og_title":"A Tavarnelle Val di Pesa ha aperto il Museo della Radio con centinaia di oggetti d\u2019epoca","og_description":"Inaugurato il nuovo spazio pubblico che nasce da un\u2019opera di riqualificazione attuata dal Comune grazie a Camiciottoli","og_url":"https:\/\/www.intoscana.it\/it\/a-tavarnelle-val-di-pesa-ha-aperto-il-museo-della-radio-con-centinaia-di-radio-depoca\/","og_site_name":"intoscana","article_publisher":"https:\/\/www.facebook.com\/intoscana.it","article_published_time":"2025-07-07T08:34:16+00:00","article_modified_time":"2025-07-07T08:35:04+00:00","og_image":[{"width":1536,"height":1080,"url":"https:\/\/www.intoscana.it\/wp-content\/uploads\/Museo-Radio-Barberino-Tavarnelle-e1751871992266.jpg","type":"image\/jpeg"}],"author":"Redazione","twitter_card":"summary_large_image","twitter_creator":"@intoscana","twitter_site":"@intoscana","twitter_misc":{"Written by":"Redazione","Est. reading time":"4 minuti"},"schema":{"@context":"https:\/\/schema.org","@graph":[{"@type":"WebPage","@id":"https:\/\/www.intoscana.it\/it\/a-tavarnelle-val-di-pesa-ha-aperto-il-museo-della-radio-con-centinaia-di-radio-depoca\/","url":"https:\/\/www.intoscana.it\/it\/a-tavarnelle-val-di-pesa-ha-aperto-il-museo-della-radio-con-centinaia-di-radio-depoca\/","name":"A Tavarnelle Val di Pesa ha aperto il Museo della Radio con centinaia di oggetti d\u2019epoca - intoscana","isPartOf":{"@id":"https:\/\/www.intoscana.it\/it\/#website"},"primaryImageOfPage":{"@id":"https:\/\/www.intoscana.it\/it\/a-tavarnelle-val-di-pesa-ha-aperto-il-museo-della-radio-con-centinaia-di-radio-depoca\/#primaryimage"},"image":{"@id":"https:\/\/www.intoscana.it\/it\/a-tavarnelle-val-di-pesa-ha-aperto-il-museo-della-radio-con-centinaia-di-radio-depoca\/#primaryimage"},"thumbnailUrl":"https:\/\/www.intoscana.it\/wp-content\/uploads\/Museo-Radio-Barberino-Tavarnelle-e1751871992266.jpg","datePublished":"2025-07-07T08:34:16+00:00","dateModified":"2025-07-07T08:35:04+00:00","author":{"@id":"https:\/\/www.intoscana.it\/it\/#\/schema\/person\/9223810753230f20bd670fdd322661f8"},"description":"Inaugurato il nuovo spazio pubblico che nasce da un\u2019opera di riqualificazione attuata dal Comune grazie a Camiciottoli","breadcrumb":{"@id":"https:\/\/www.intoscana.it\/it\/a-tavarnelle-val-di-pesa-ha-aperto-il-museo-della-radio-con-centinaia-di-radio-depoca\/#breadcrumb"},"inLanguage":"it-IT","potentialAction":[{"@type":"ReadAction","target":["https:\/\/www.intoscana.it\/it\/a-tavarnelle-val-di-pesa-ha-aperto-il-museo-della-radio-con-centinaia-di-radio-depoca\/"]}]},{"@type":"ImageObject","inLanguage":"it-IT","@id":"https:\/\/www.intoscana.it\/it\/a-tavarnelle-val-di-pesa-ha-aperto-il-museo-della-radio-con-centinaia-di-radio-depoca\/#primaryimage","url":"https:\/\/www.intoscana.it\/wp-content\/uploads\/Museo-Radio-Barberino-Tavarnelle-e1751871992266.jpg","contentUrl":"https:\/\/www.intoscana.it\/wp-content\/uploads\/Museo-Radio-Barberino-Tavarnelle-e1751871992266.jpg","width":1536,"height":1080},{"@type":"BreadcrumbList","@id":"https:\/\/www.intoscana.it\/it\/a-tavarnelle-val-di-pesa-ha-aperto-il-museo-della-radio-con-centinaia-di-radio-depoca\/#breadcrumb","itemListElement":[{"@type":"ListItem","position":1,"name":"Home","item":"https:\/\/www.intoscana.it\/it\/"},{"@type":"ListItem","position":2,"name":"A Tavarnelle Val di Pesa ha aperto il Museo della Radio con centinaia di oggetti d\u2019epoca"}]},{"@type":"WebSite","@id":"https:\/\/www.intoscana.it\/it\/#website","url":"https:\/\/www.intoscana.it\/it\/","name":"intoscana","description":"","potentialAction":[{"@type":"SearchAction","target":{"@type":"EntryPoint","urlTemplate":"https:\/\/www.intoscana.it\/it\/?s={search_term_string}"},"query-input":{"@type":"PropertyValueSpecification","valueRequired":true,"valueName":"search_term_string"}}],"inLanguage":"it-IT"},{"@type":"Person","@id":"https:\/\/www.intoscana.it\/it\/#\/schema\/person\/9223810753230f20bd670fdd322661f8","name":"Redazione","url":"https:\/\/www.intoscana.it\/it\/author\/redazione\/"}]}},"_links":{"self":[{"href":"https:\/\/www.intoscana.it\/it\/wp-json\/wp\/v2\/posts\/391715","targetHints":{"allow":["GET"]}}],"collection":[{"href":"https:\/\/www.intoscana.it\/it\/wp-json\/wp\/v2\/posts"}],"about":[{"href":"https:\/\/www.intoscana.it\/it\/wp-json\/wp\/v2\/types\/post"}],"author":[{"embeddable":true,"href":"https:\/\/www.intoscana.it\/it\/wp-json\/wp\/v2\/users\/525"}],"replies":[{"embeddable":true,"href":"https:\/\/www.intoscana.it\/it\/wp-json\/wp\/v2\/comments?post=391715"}],"version-history":[{"count":5,"href":"https:\/\/www.intoscana.it\/it\/wp-json\/wp\/v2\/posts\/391715\/revisions"}],"predecessor-version":[{"id":391758,"href":"https:\/\/www.intoscana.it\/it\/wp-json\/wp\/v2\/posts\/391715\/revisions\/391758"}],"wp:featuredmedia":[{"embeddable":true,"href":"https:\/\/www.intoscana.it\/it\/wp-json\/wp\/v2\/media\/391718"}],"wp:attachment":[{"href":"https:\/\/www.intoscana.it\/it\/wp-json\/wp\/v2\/media?parent=391715"}],"wp:term":[{"taxonomy":"category","embeddable":true,"href":"https:\/\/www.intoscana.it\/it\/wp-json\/wp\/v2\/categories?post=391715"},{"taxonomy":"post_tag","embeddable":true,"href":"https:\/\/www.intoscana.it\/it\/wp-json\/wp\/v2\/tags?post=391715"}],"curies":[{"name":"wp","href":"https:\/\/api.w.org\/{rel}","templated":true}]}}