{"id":391731,"date":"2025-07-07T09:28:47","date_gmt":"2025-07-07T07:28:47","guid":{"rendered":"https:\/\/www.intoscana.it\/it\/?p=391731"},"modified":"2025-07-07T14:28:08","modified_gmt":"2025-07-07T12:28:08","slug":"maltempo-27mila-fulmini-caduti-in-toscana-nubifragio-a-san-gimignano-codice-giallo-esteso-al-7-luglio","status":"publish","type":"post","link":"https:\/\/www.intoscana.it\/it\/maltempo-27mila-fulmini-caduti-in-toscana-nubifragio-a-san-gimignano-codice-giallo-esteso-al-7-luglio\/","title":{"rendered":"Maltempo: 27mila fulmini caduti in Toscana, nubifragio a San Gimignano. Codice giallo esteso all&#8217;8 luglio"},"content":{"rendered":"<p>Una forte <strong>ondata di maltempo<\/strong> si \u00e8 abbattuta durante tutta la giornata di ieri, domenica 6 luglio, sulla Toscana: in dodici ore ci sono stati <strong>27mila fulmini<\/strong> scaricati dai temporali nelle varie zone della regione.<\/p>\n<h3>Alberi caduti anche a Firenze<\/h3>\n<p>Tra le zone pi\u00f9 colpite c&#8217;\u00e8 stata <mark>San Gimignano dove si \u00e8 abbattuto un nubifragio con oltre 60 millimetri di pioggia caduti in un&#8217;ora<\/mark> e sono caduti alcuni alberi ma anche <strong>Montespertoli,<\/strong> dove si sono registrati sempre 60 millimetri di pioggia in un&#8217;ora e un fulmine ha colpito un cipresso e l&#8217;ha spezzato in due.<\/p>\n<p><strong>A Firenze un forte acquazzone<\/strong> a met\u00e0 giornata ha smorzato la cappa di caldo torrido che da giorni gravava sul capoluogo toscano. Venti di aria fresca hanno in parte rimpiazzato la canicola. Ci sono state <strong>cadute di alberi in strada<\/strong>. I vigili del fuoco hanno segnalato in particolare una pianta caduta nel viale Fanti, zona stadio, su due vetture in sosta. Alla stazione di Firenze-Orto botanico si sono registrati 18,6 mm caduti in un&#8217;ora, a quella di Firenze-Giardino di Boboli 17,2 mm.<\/p>\n<p>Quanto al vento l&#8217;anemometro di Tavarnelle Val di Pesa ha registrato<strong> raffiche fino a quasi 43 km all&#8217;ora,<\/strong> quello di Firenze-Boboli fino a oltre 23 km all&#8217;ora, quello di Firenze-Universit\u00e0 oltre 18 km all&#8217;ora. Sono stati cumulati fino a 20-30 mm di pioggia nel Chianti fiorentino e a <strong>Certaldo<\/strong>, dove il forte nubifragio ha allagato anche alcuni sottopassaggi.<\/p>\n<h3>Frane e alberi caduti su strade Empolese Valdelsa<\/h3>\n<p>Il maltempo ha creato problemi anche nella zona di Empoli e della Valdelsa per la <strong>caduta di piante sulle strade provinciali e per l&#8217;innesco di frane e smottamenti.<\/strong> Ci sono state raffiche di vento e grandine.<br \/>\nA <strong>Vico d&#8217;Elsa<\/strong> la strada comunale delle Stallacce \u00e8 stata chiusa per la caduta di un enorme cipresso e di un albero a fusto medio in due punti diversi. Nell&#8217;Empolese Valdelsa ci sono state anche alcune<strong> brevi interruzioni di energia elettrica<\/strong> nelle frazioni di San Quirico, Anselmo, Montagnana e Aliano. A causa del maltempo sono state annullate alcune manifestazioni all&#8217;aperto.<\/p>\n<h3>Codice giallo esteso fino all&#8217;8 luglio<\/h3>\n<p>Il maltempo non \u00e8 finito. Una veloce perturbazione interesser\u00e0 anche il nord della Toscana fino alla mattina di domani, <strong>marted\u00ec 8 luglio.<\/strong> Per queste zone la Sala operativa regionale della protezione civile ha emesso un<strong> codice giallo per \u00a0rischio idrogeologico-idraulico del reticolo minore e temporali forti dalle 22 di oggi fino alle 8 di domani<\/strong>. Esteso fino a domani mattina alle 8 anche il <strong>codice giallo per vento forte<\/strong> su costa centro-nord e arcipelago e sui crinali appenninici e versanti emiliano-romagnoli e quello per mareggiate su costa centro-nord e arcipelago.<\/p>\n","protected":false},"excerpt":{"rendered":"<p>A Firenze sono caduti alcuni alberi, frane e alberi caduti nell&#8217;Empolese Valdelsa. Per oggi previsti ancora temporali e forte vento di libeccio<\/p>\n","protected":false},"author":525,"featured_media":391738,"comment_status":"open","ping_status":"open","sticky":false,"template":"","format":"standard","meta":{"_acf_changed":false,"footnotes":""},"categories":[494],"tags":[4387,4858],"class_list":["post-391731","post","type-post","status-publish","format-standard","has-post-thumbnail","hentry","category-attualita","tag-allerta-meteo","tag-meteo"],"acf":[],"yoast_head":"<!-- This site is optimized with the Yoast SEO Premium plugin v24.2 (Yoast SEO v25.6) - https:\/\/yoast.com\/wordpress\/plugins\/seo\/ -->\n<title>Maltempo: 27mila fulmini caduti in Toscana, nubifragio a San Gimignano. Codice giallo esteso all&#039;8 luglio - intoscana<\/title>\n<meta name=\"robots\" content=\"index, follow, max-snippet:-1, max-image-preview:large, max-video-preview:-1\" \/>\n<link rel=\"canonical\" href=\"https:\/\/www.intoscana.it\/it\/maltempo-27mila-fulmini-caduti-in-toscana-nubifragio-a-san-gimignano-codice-giallo-esteso-al-7-luglio\/\" \/>\n<meta property=\"og:locale\" content=\"it_IT\" \/>\n<meta property=\"og:type\" content=\"article\" \/>\n<meta property=\"og:title\" content=\"Maltempo: 27mila fulmini caduti in Toscana, nubifragio a San Gimignano. Codice giallo esteso all&#039;8 luglio\" \/>\n<meta property=\"og:description\" content=\"A Firenze sono caduti alcuni alberi, frane e alberi caduti nell&#039;Empolese Valdelsa. Per oggi previsti ancora temporali e forte vento di libeccio\" \/>\n<meta property=\"og:url\" content=\"https:\/\/www.intoscana.it\/it\/maltempo-27mila-fulmini-caduti-in-toscana-nubifragio-a-san-gimignano-codice-giallo-esteso-al-7-luglio\/\" \/>\n<meta property=\"og:site_name\" content=\"intoscana\" \/>\n<meta property=\"article:publisher\" content=\"https:\/\/www.facebook.com\/intoscana.it\" \/>\n<meta property=\"article:published_time\" content=\"2025-07-07T07:28:47+00:00\" \/>\n<meta property=\"article:modified_time\" content=\"2025-07-07T12:28:08+00:00\" \/>\n<meta property=\"og:image\" content=\"https:\/\/www.intoscana.it\/wp-content\/uploads\/516384876_1281032516722777_9114873209272729210_n.jpg\" \/>\n\t<meta property=\"og:image:width\" content=\"1200\" \/>\n\t<meta property=\"og:image:height\" content=\"1500\" \/>\n\t<meta property=\"og:image:type\" content=\"image\/jpeg\" \/>\n<meta name=\"author\" content=\"Redazione\" \/>\n<meta name=\"twitter:card\" content=\"summary_large_image\" \/>\n<meta name=\"twitter:creator\" content=\"@intoscana\" \/>\n<meta name=\"twitter:site\" content=\"@intoscana\" \/>\n<meta name=\"twitter:label1\" content=\"Written by\" \/>\n\t<meta name=\"twitter:data1\" content=\"Redazione\" \/>\n\t<meta name=\"twitter:label2\" content=\"Est. reading time\" \/>\n\t<meta name=\"twitter:data2\" content=\"3 minuti\" \/>\n<script type=\"application\/ld+json\" class=\"yoast-schema-graph\">{\"@context\":\"https:\/\/schema.org\",\"@graph\":[{\"@type\":\"WebPage\",\"@id\":\"https:\/\/www.intoscana.it\/it\/maltempo-27mila-fulmini-caduti-in-toscana-nubifragio-a-san-gimignano-codice-giallo-esteso-al-7-luglio\/\",\"url\":\"https:\/\/www.intoscana.it\/it\/maltempo-27mila-fulmini-caduti-in-toscana-nubifragio-a-san-gimignano-codice-giallo-esteso-al-7-luglio\/\",\"name\":\"Maltempo: 27mila fulmini caduti in Toscana, nubifragio a San Gimignano. Codice giallo esteso all'8 luglio - intoscana\",\"isPartOf\":{\"@id\":\"https:\/\/www.intoscana.it\/it\/#website\"},\"primaryImageOfPage\":{\"@id\":\"https:\/\/www.intoscana.it\/it\/maltempo-27mila-fulmini-caduti-in-toscana-nubifragio-a-san-gimignano-codice-giallo-esteso-al-7-luglio\/#primaryimage\"},\"image\":{\"@id\":\"https:\/\/www.intoscana.it\/it\/maltempo-27mila-fulmini-caduti-in-toscana-nubifragio-a-san-gimignano-codice-giallo-esteso-al-7-luglio\/#primaryimage\"},\"thumbnailUrl\":\"https:\/\/www.intoscana.it\/wp-content\/uploads\/516384876_1281032516722777_9114873209272729210_n.jpg\",\"datePublished\":\"2025-07-07T07:28:47+00:00\",\"dateModified\":\"2025-07-07T12:28:08+00:00\",\"author\":{\"@id\":\"https:\/\/www.intoscana.it\/it\/#\/schema\/person\/9223810753230f20bd670fdd322661f8\"},\"breadcrumb\":{\"@id\":\"https:\/\/www.intoscana.it\/it\/maltempo-27mila-fulmini-caduti-in-toscana-nubifragio-a-san-gimignano-codice-giallo-esteso-al-7-luglio\/#breadcrumb\"},\"inLanguage\":\"it-IT\",\"potentialAction\":[{\"@type\":\"ReadAction\",\"target\":[\"https:\/\/www.intoscana.it\/it\/maltempo-27mila-fulmini-caduti-in-toscana-nubifragio-a-san-gimignano-codice-giallo-esteso-al-7-luglio\/\"]}]},{\"@type\":\"ImageObject\",\"inLanguage\":\"it-IT\",\"@id\":\"https:\/\/www.intoscana.it\/it\/maltempo-27mila-fulmini-caduti-in-toscana-nubifragio-a-san-gimignano-codice-giallo-esteso-al-7-luglio\/#primaryimage\",\"url\":\"https:\/\/www.intoscana.it\/wp-content\/uploads\/516384876_1281032516722777_9114873209272729210_n.jpg\",\"contentUrl\":\"https:\/\/www.intoscana.it\/wp-content\/uploads\/516384876_1281032516722777_9114873209272729210_n.jpg\",\"width\":1200,\"height\":1500},{\"@type\":\"BreadcrumbList\",\"@id\":\"https:\/\/www.intoscana.it\/it\/maltempo-27mila-fulmini-caduti-in-toscana-nubifragio-a-san-gimignano-codice-giallo-esteso-al-7-luglio\/#breadcrumb\",\"itemListElement\":[{\"@type\":\"ListItem\",\"position\":1,\"name\":\"Home\",\"item\":\"https:\/\/www.intoscana.it\/it\/\"},{\"@type\":\"ListItem\",\"position\":2,\"name\":\"Maltempo: 27mila fulmini caduti in Toscana, nubifragio a San Gimignano. Codice giallo esteso all&#8217;8 luglio\"}]},{\"@type\":\"WebSite\",\"@id\":\"https:\/\/www.intoscana.it\/it\/#website\",\"url\":\"https:\/\/www.intoscana.it\/it\/\",\"name\":\"intoscana\",\"description\":\"\",\"potentialAction\":[{\"@type\":\"SearchAction\",\"target\":{\"@type\":\"EntryPoint\",\"urlTemplate\":\"https:\/\/www.intoscana.it\/it\/?s={search_term_string}\"},\"query-input\":{\"@type\":\"PropertyValueSpecification\",\"valueRequired\":true,\"valueName\":\"search_term_string\"}}],\"inLanguage\":\"it-IT\"},{\"@type\":\"Person\",\"@id\":\"https:\/\/www.intoscana.it\/it\/#\/schema\/person\/9223810753230f20bd670fdd322661f8\",\"name\":\"Redazione\",\"url\":\"https:\/\/www.intoscana.it\/it\/author\/redazione\/\"}]}<\/script>\n<!-- \/ Yoast SEO Premium plugin. -->","yoast_head_json":{"title":"Maltempo: 27mila fulmini caduti in Toscana, nubifragio a San Gimignano. Codice giallo esteso all'8 luglio - intoscana","robots":{"index":"index","follow":"follow","max-snippet":"max-snippet:-1","max-image-preview":"max-image-preview:large","max-video-preview":"max-video-preview:-1"},"canonical":"https:\/\/www.intoscana.it\/it\/maltempo-27mila-fulmini-caduti-in-toscana-nubifragio-a-san-gimignano-codice-giallo-esteso-al-7-luglio\/","og_locale":"it_IT","og_type":"article","og_title":"Maltempo: 27mila fulmini caduti in Toscana, nubifragio a San Gimignano. Codice giallo esteso all'8 luglio","og_description":"A Firenze sono caduti alcuni alberi, frane e alberi caduti nell'Empolese Valdelsa. Per oggi previsti ancora temporali e forte vento di libeccio","og_url":"https:\/\/www.intoscana.it\/it\/maltempo-27mila-fulmini-caduti-in-toscana-nubifragio-a-san-gimignano-codice-giallo-esteso-al-7-luglio\/","og_site_name":"intoscana","article_publisher":"https:\/\/www.facebook.com\/intoscana.it","article_published_time":"2025-07-07T07:28:47+00:00","article_modified_time":"2025-07-07T12:28:08+00:00","og_image":[{"width":1200,"height":1500,"url":"https:\/\/www.intoscana.it\/wp-content\/uploads\/516384876_1281032516722777_9114873209272729210_n.jpg","type":"image\/jpeg"}],"author":"Redazione","twitter_card":"summary_large_image","twitter_creator":"@intoscana","twitter_site":"@intoscana","twitter_misc":{"Written by":"Redazione","Est. reading time":"3 minuti"},"schema":{"@context":"https:\/\/schema.org","@graph":[{"@type":"WebPage","@id":"https:\/\/www.intoscana.it\/it\/maltempo-27mila-fulmini-caduti-in-toscana-nubifragio-a-san-gimignano-codice-giallo-esteso-al-7-luglio\/","url":"https:\/\/www.intoscana.it\/it\/maltempo-27mila-fulmini-caduti-in-toscana-nubifragio-a-san-gimignano-codice-giallo-esteso-al-7-luglio\/","name":"Maltempo: 27mila fulmini caduti in Toscana, nubifragio a San Gimignano. Codice giallo esteso all'8 luglio - intoscana","isPartOf":{"@id":"https:\/\/www.intoscana.it\/it\/#website"},"primaryImageOfPage":{"@id":"https:\/\/www.intoscana.it\/it\/maltempo-27mila-fulmini-caduti-in-toscana-nubifragio-a-san-gimignano-codice-giallo-esteso-al-7-luglio\/#primaryimage"},"image":{"@id":"https:\/\/www.intoscana.it\/it\/maltempo-27mila-fulmini-caduti-in-toscana-nubifragio-a-san-gimignano-codice-giallo-esteso-al-7-luglio\/#primaryimage"},"thumbnailUrl":"https:\/\/www.intoscana.it\/wp-content\/uploads\/516384876_1281032516722777_9114873209272729210_n.jpg","datePublished":"2025-07-07T07:28:47+00:00","dateModified":"2025-07-07T12:28:08+00:00","author":{"@id":"https:\/\/www.intoscana.it\/it\/#\/schema\/person\/9223810753230f20bd670fdd322661f8"},"breadcrumb":{"@id":"https:\/\/www.intoscana.it\/it\/maltempo-27mila-fulmini-caduti-in-toscana-nubifragio-a-san-gimignano-codice-giallo-esteso-al-7-luglio\/#breadcrumb"},"inLanguage":"it-IT","potentialAction":[{"@type":"ReadAction","target":["https:\/\/www.intoscana.it\/it\/maltempo-27mila-fulmini-caduti-in-toscana-nubifragio-a-san-gimignano-codice-giallo-esteso-al-7-luglio\/"]}]},{"@type":"ImageObject","inLanguage":"it-IT","@id":"https:\/\/www.intoscana.it\/it\/maltempo-27mila-fulmini-caduti-in-toscana-nubifragio-a-san-gimignano-codice-giallo-esteso-al-7-luglio\/#primaryimage","url":"https:\/\/www.intoscana.it\/wp-content\/uploads\/516384876_1281032516722777_9114873209272729210_n.jpg","contentUrl":"https:\/\/www.intoscana.it\/wp-content\/uploads\/516384876_1281032516722777_9114873209272729210_n.jpg","width":1200,"height":1500},{"@type":"BreadcrumbList","@id":"https:\/\/www.intoscana.it\/it\/maltempo-27mila-fulmini-caduti-in-toscana-nubifragio-a-san-gimignano-codice-giallo-esteso-al-7-luglio\/#breadcrumb","itemListElement":[{"@type":"ListItem","position":1,"name":"Home","item":"https:\/\/www.intoscana.it\/it\/"},{"@type":"ListItem","position":2,"name":"Maltempo: 27mila fulmini caduti in Toscana, nubifragio a San Gimignano. Codice giallo esteso all&#8217;8 luglio"}]},{"@type":"WebSite","@id":"https:\/\/www.intoscana.it\/it\/#website","url":"https:\/\/www.intoscana.it\/it\/","name":"intoscana","description":"","potentialAction":[{"@type":"SearchAction","target":{"@type":"EntryPoint","urlTemplate":"https:\/\/www.intoscana.it\/it\/?s={search_term_string}"},"query-input":{"@type":"PropertyValueSpecification","valueRequired":true,"valueName":"search_term_string"}}],"inLanguage":"it-IT"},{"@type":"Person","@id":"https:\/\/www.intoscana.it\/it\/#\/schema\/person\/9223810753230f20bd670fdd322661f8","name":"Redazione","url":"https:\/\/www.intoscana.it\/it\/author\/redazione\/"}]}},"_links":{"self":[{"href":"https:\/\/www.intoscana.it\/it\/wp-json\/wp\/v2\/posts\/391731","targetHints":{"allow":["GET"]}}],"collection":[{"href":"https:\/\/www.intoscana.it\/it\/wp-json\/wp\/v2\/posts"}],"about":[{"href":"https:\/\/www.intoscana.it\/it\/wp-json\/wp\/v2\/types\/post"}],"author":[{"embeddable":true,"href":"https:\/\/www.intoscana.it\/it\/wp-json\/wp\/v2\/users\/525"}],"replies":[{"embeddable":true,"href":"https:\/\/www.intoscana.it\/it\/wp-json\/wp\/v2\/comments?post=391731"}],"version-history":[{"count":5,"href":"https:\/\/www.intoscana.it\/it\/wp-json\/wp\/v2\/posts\/391731\/revisions"}],"predecessor-version":[{"id":391778,"href":"https:\/\/www.intoscana.it\/it\/wp-json\/wp\/v2\/posts\/391731\/revisions\/391778"}],"wp:featuredmedia":[{"embeddable":true,"href":"https:\/\/www.intoscana.it\/it\/wp-json\/wp\/v2\/media\/391738"}],"wp:attachment":[{"href":"https:\/\/www.intoscana.it\/it\/wp-json\/wp\/v2\/media?parent=391731"}],"wp:term":[{"taxonomy":"category","embeddable":true,"href":"https:\/\/www.intoscana.it\/it\/wp-json\/wp\/v2\/categories?post=391731"},{"taxonomy":"post_tag","embeddable":true,"href":"https:\/\/www.intoscana.it\/it\/wp-json\/wp\/v2\/tags?post=391731"}],"curies":[{"name":"wp","href":"https:\/\/api.w.org\/{rel}","templated":true}]}}