{"id":391954,"date":"2025-07-09T09:06:34","date_gmt":"2025-07-09T07:06:34","guid":{"rendered":"https:\/\/www.intoscana.it\/it\/?p=391954"},"modified":"2025-07-09T09:06:34","modified_gmt":"2025-07-09T07:06:34","slug":"le-opere-di-puccini-dialogano-con-il-jazz-nellomaggio-di-danilo-rea-e-michel-godard","status":"publish","type":"post","link":"https:\/\/www.intoscana.it\/it\/le-opere-di-puccini-dialogano-con-il-jazz-nellomaggio-di-danilo-rea-e-michel-godard\/","title":{"rendered":"Le Opere di Puccini dialogano con il jazz nell&#8217;omaggio di Danilo Rea e Michel Godard"},"content":{"rendered":"<p><strong>Due giganti del jazz europeo<\/strong> si incontrano a Firenze per rendere <strong>omaggio a Giacomo Puccini<\/strong> in un progetto che supera le barriere dei generi musicali.<\/p>\n<p><strong>Domenica 13 luglio<\/strong>, alle 21.30, il <strong>Chiostro Maggiore della chiesa di Santa Maria Novella<\/strong> ospiter\u00e0 <strong><em>La finestra di Puccini,<\/em><\/strong> concerto ideato da <strong>Toscana Produzione Musica<\/strong> con protagonisti <strong>il pianista Danilo Rea e il virtuoso francese Michel Godard.<\/strong><\/p>\n<p>Il progetto nasce dalla comune passione dei due musicisti per<strong> l\u2019opera del compositore lucchese,<\/strong> reinterpretata con originalit\u00e0 e sensibilit\u00e0 lontano dai clich\u00e9 delle riletture in chiave jazz.<\/p>\n<p>Accanto a celebri arie pucciniane, <strong>Rea e Godard prorranno composizioni inedite<\/strong> che ne evocano lo spirito lirico, in una fusione di improvvisazione, emozione e profondit\u00e0 espressiva.<\/p>\n<p><strong>Danilo Rea, tra i pi\u00f9 grandi pianisti italiani,<\/strong> ha collaborato con leggende del jazz come <strong>Chet Baker, Lee Konitz e Joe Lovano<\/strong>, oltre a essere punto di riferimento per nomi storici della canzone italiana come <strong>Mina e Gino Paoli.<\/strong><\/p>\n<p><strong>Michel Godard,<\/strong> innovatore dello storico strumento barocco chiamato <strong><em>&#8216;serpentone&#8217;<\/em> <\/strong>e <strong>raffinato interprete di tuba,<\/strong> ha all\u2019attivo oltre cinquanta dischi e ha suonato con artisti del calibro di <strong>Rabih Abou-Khalil, Enrico Rava, Louis Sclavis e Kenny Wheeler.<\/strong><\/p>\n<p><strong><em>La finestra di Puccini<\/em> <\/strong>si presenta come un\u2019esperienza musicale senza tempo, capace di unire <strong>lirismo, improvvisazione e grande tecnica<\/strong> in <strong>un dialogo profondo tra jazz e tradizione operistica.<\/strong><\/p>\n<figure id=\"post-391953 media-391953\" class=\"align-none\"><img decoding=\"async\" src=\"https:\/\/www.intoscana.it\/wp-content\/uploads\/Michel-Godard-1.jpg\" alt=\"\" \/><\/figure>\n<div class=\"titleimg\"><em>Michel Godard e il &#8220;serpentone&#8221;<\/em><\/div>\n<p>&#8220;Il mio amore per Puccini nasce tanto tempo fa &#8211;<strong> ci ha raccontato Danilo Rea<\/strong> &#8211; con un cd dal titolo <a href=\"https:\/\/www.egearecords.it\/product\/lirico\/\" target=\"_blank\" rel=\"noopener\"><strong>&#8220;Lirico&#8221;,<\/strong><\/a> nel quale improvvisavo su le arie liriche dei grandi compositori, Mascagni, Verdi ma soprattutto Puccini. Trovavo in Puccini quello pi\u00f9 congeniale,<strong> il perfetto trait d&#8217;union tra la musica classica, l&#8217;Opera e quindi anche la musica da film dei musical americani per poi arrivare al jazz.<\/strong> Quindi da un certo punto di vista sia meravigliosamente melodico, quasi pop, che dal punto di vista armonico ci sono cose di Puccini che sono molto vicine al musical e quindi anche al jazz , ai grandi compositori come<strong> lo stesso <\/strong><strong>Gershwin.<\/strong> Feci questo <strong>Piano solo<\/strong> che poi mi port\u00f2 a fare tantissimi concerti in giro per il mondo per gli enti lirici&#8221;<i>.<\/i><p><span class=\"citazione\">da un certo punto di vista sia meravigliosamente melodico, quasi pop, che dal punto di vista armonico ci sono cose di Puccini che sono molto vicine al musical e quindi anche al jazz<\/span><\/p><\/p>\n<p><strong>Questa nuova, ultima produzione com&#8217;\u00e8 nata?<\/strong><\/p>\n<p>\u00c8 arrivata la proposta di fare un duo con <strong>Michel Godard questo artista incredibile, probabilmente il pi\u00f9 grande solista di tuba e serpentone al mondo<\/strong>, che anche lui \u00e8 appassionato di Puccini e l&#8217;ho accettata subito. Lo stimavo tantissimo non avevo mai suonato con lui, quindi<strong> sono stato felicissimo di mettere su questa produzione.<\/strong><\/p>\n<p><strong>Quali brani di Puccini avete scelto?<\/strong><\/p>\n<p>Abbiamo scelto alcune delle arie pi\u00f9 importanti come <strong><em>&#8220;E lucean le stelle&#8221;, &#8220;O mio bambino caro&#8221;.<\/em><\/strong>Oltre a queste melodie abbiamo mischiato anche dei <strong>brani nostri dedicati a Puccini,<\/strong> composti pensando a questo grande musicista. E&#8217; uno spettacolo particolare perch\u00e9 passa dalle arie pi\u00f9 famose a composizioni originali nostre.<\/p>\n<p><strong>C&#8217;\u00e8 un&#8217;opera di Puccini che preferisci tra le altre?<\/strong><\/p>\n<p>Mi piacciono tutte perch\u00e9<strong> in ogni opera trovi una melodia pazzesca,<\/strong> mi piace molto <strong><em>La rondine<\/em> <\/strong>perch\u00e9 l&#8217;ho incisa ed \u00e8 stato una delle opere che mi hanno emozionato di pi\u00f9. <strong>L&#8217;ho suonata anche al Guggenheim di New York.\u00a0<\/strong><\/p>\n<p>Maggiori informazioni e biglietti su <a href=\"http:\/\/www.toscanaproduzionemusica.it\" target=\"_blank\" rel=\"noopener\"><strong>www.toscanaproduzionemusica.it<\/strong><\/a>.<\/p>\n<figure id=\"post-391952 media-391952\" class=\"align-none\"><img decoding=\"async\" src=\"https:\/\/www.intoscana.it\/wp-content\/uploads\/Danilo-Rea-pic-1.jpg\" alt=\"\" \/><\/figure>\n<div class=\"titleimg\">Danilo Rea<\/div>\n","protected":false},"excerpt":{"rendered":"<p>Domenica 13 luglio in concerto a Firenze due dei nomi pi\u00f9 importanti della scena del jazz europeo in un originale tributo al grande compositore toscano, un progetto firmato Toscana Produzione Musica<\/p>\n","protected":false},"author":518,"featured_media":391933,"comment_status":"open","ping_status":"open","sticky":false,"template":"","format":"standard","meta":{"_acf_changed":false,"footnotes":""},"categories":[14],"tags":[216,239,202,3138,151],"class_list":["post-391954","post","type-post","status-publish","format-standard","has-post-thumbnail","hentry","category-musica","tag-concerti","tag-estate-fiorentina","tag-firenze","tag-interviste-agli-artisti","tag-regione-toscana"],"acf":[],"yoast_head":"<!-- This site is optimized with the Yoast SEO Premium plugin v24.2 (Yoast SEO v25.6) - https:\/\/yoast.com\/wordpress\/plugins\/seo\/ -->\n<title>Le Opere di Puccini dialogano con il jazz nell&#039;omaggio di Danilo Rea e Michel Godard - intoscana<\/title>\n<meta name=\"description\" content=\"Domenica 13 luglio a Firenze due dei nomi pi\u00f9 importanti della scena del jazz europeo in un originale tributo al grande compositore\" \/>\n<meta name=\"robots\" content=\"index, follow, max-snippet:-1, max-image-preview:large, max-video-preview:-1\" \/>\n<link rel=\"canonical\" href=\"https:\/\/www.intoscana.it\/it\/le-opere-di-puccini-dialogano-con-il-jazz-nellomaggio-di-danilo-rea-e-michel-godard\/\" \/>\n<meta property=\"og:locale\" content=\"it_IT\" \/>\n<meta property=\"og:type\" content=\"article\" \/>\n<meta property=\"og:title\" content=\"Le Opere di Puccini dialogano con il jazz nell&#039;omaggio di Danilo Rea e Michel Godard\" \/>\n<meta property=\"og:description\" content=\"Domenica 13 luglio a Firenze due dei nomi pi\u00f9 importanti della scena del jazz europeo in un originale tributo al grande compositore\" \/>\n<meta property=\"og:url\" content=\"https:\/\/www.intoscana.it\/it\/le-opere-di-puccini-dialogano-con-il-jazz-nellomaggio-di-danilo-rea-e-michel-godard\/\" \/>\n<meta property=\"og:site_name\" content=\"intoscana\" \/>\n<meta property=\"article:publisher\" content=\"https:\/\/www.facebook.com\/intoscana.it\" \/>\n<meta property=\"article:published_time\" content=\"2025-07-09T07:06:34+00:00\" \/>\n<meta property=\"og:image\" content=\"https:\/\/www.intoscana.it\/wp-content\/uploads\/Foto-Copertina-Toscana-Produzione-Musica-FDF-2025-scaled.jpg\" \/>\n\t<meta property=\"og:image:width\" content=\"2048\" \/>\n\t<meta property=\"og:image:height\" content=\"1366\" \/>\n\t<meta property=\"og:image:type\" content=\"image\/jpeg\" \/>\n<meta name=\"author\" content=\"Costanza Baldini\" \/>\n<meta name=\"twitter:card\" content=\"summary_large_image\" \/>\n<meta name=\"twitter:creator\" content=\"@intoscana\" \/>\n<meta name=\"twitter:site\" content=\"@intoscana\" \/>\n<meta name=\"twitter:label1\" content=\"Written by\" \/>\n\t<meta name=\"twitter:data1\" content=\"Costanza Baldini\" \/>\n\t<meta name=\"twitter:label2\" content=\"Est. reading time\" \/>\n\t<meta name=\"twitter:data2\" content=\"4 minuti\" \/>\n<script type=\"application\/ld+json\" class=\"yoast-schema-graph\">{\"@context\":\"https:\/\/schema.org\",\"@graph\":[{\"@type\":\"WebPage\",\"@id\":\"https:\/\/www.intoscana.it\/it\/le-opere-di-puccini-dialogano-con-il-jazz-nellomaggio-di-danilo-rea-e-michel-godard\/\",\"url\":\"https:\/\/www.intoscana.it\/it\/le-opere-di-puccini-dialogano-con-il-jazz-nellomaggio-di-danilo-rea-e-michel-godard\/\",\"name\":\"Le Opere di Puccini dialogano con il jazz nell'omaggio di Danilo Rea e Michel Godard - intoscana\",\"isPartOf\":{\"@id\":\"https:\/\/www.intoscana.it\/it\/#website\"},\"primaryImageOfPage\":{\"@id\":\"https:\/\/www.intoscana.it\/it\/le-opere-di-puccini-dialogano-con-il-jazz-nellomaggio-di-danilo-rea-e-michel-godard\/#primaryimage\"},\"image\":{\"@id\":\"https:\/\/www.intoscana.it\/it\/le-opere-di-puccini-dialogano-con-il-jazz-nellomaggio-di-danilo-rea-e-michel-godard\/#primaryimage\"},\"thumbnailUrl\":\"https:\/\/www.intoscana.it\/wp-content\/uploads\/Foto-Copertina-Toscana-Produzione-Musica-FDF-2025-scaled.jpg\",\"datePublished\":\"2025-07-09T07:06:34+00:00\",\"author\":{\"@id\":\"https:\/\/www.intoscana.it\/it\/#\/schema\/person\/d469f35f09739bdf00bf5dd3f0647a82\"},\"description\":\"Domenica 13 luglio a Firenze due dei nomi pi\u00f9 importanti della scena del jazz europeo in un originale tributo al grande compositore\",\"breadcrumb\":{\"@id\":\"https:\/\/www.intoscana.it\/it\/le-opere-di-puccini-dialogano-con-il-jazz-nellomaggio-di-danilo-rea-e-michel-godard\/#breadcrumb\"},\"inLanguage\":\"it-IT\",\"potentialAction\":[{\"@type\":\"ReadAction\",\"target\":[\"https:\/\/www.intoscana.it\/it\/le-opere-di-puccini-dialogano-con-il-jazz-nellomaggio-di-danilo-rea-e-michel-godard\/\"]}]},{\"@type\":\"ImageObject\",\"inLanguage\":\"it-IT\",\"@id\":\"https:\/\/www.intoscana.it\/it\/le-opere-di-puccini-dialogano-con-il-jazz-nellomaggio-di-danilo-rea-e-michel-godard\/#primaryimage\",\"url\":\"https:\/\/www.intoscana.it\/wp-content\/uploads\/Foto-Copertina-Toscana-Produzione-Musica-FDF-2025-scaled.jpg\",\"contentUrl\":\"https:\/\/www.intoscana.it\/wp-content\/uploads\/Foto-Copertina-Toscana-Produzione-Musica-FDF-2025-scaled.jpg\",\"width\":2048,\"height\":1366,\"caption\":\"Danilo Rea e Michel Godard\"},{\"@type\":\"BreadcrumbList\",\"@id\":\"https:\/\/www.intoscana.it\/it\/le-opere-di-puccini-dialogano-con-il-jazz-nellomaggio-di-danilo-rea-e-michel-godard\/#breadcrumb\",\"itemListElement\":[{\"@type\":\"ListItem\",\"position\":1,\"name\":\"Home\",\"item\":\"https:\/\/www.intoscana.it\/it\/\"},{\"@type\":\"ListItem\",\"position\":2,\"name\":\"Le Opere di Puccini dialogano con il jazz nell&#8217;omaggio di Danilo Rea e Michel Godard\"}]},{\"@type\":\"WebSite\",\"@id\":\"https:\/\/www.intoscana.it\/it\/#website\",\"url\":\"https:\/\/www.intoscana.it\/it\/\",\"name\":\"intoscana\",\"description\":\"\",\"potentialAction\":[{\"@type\":\"SearchAction\",\"target\":{\"@type\":\"EntryPoint\",\"urlTemplate\":\"https:\/\/www.intoscana.it\/it\/?s={search_term_string}\"},\"query-input\":{\"@type\":\"PropertyValueSpecification\",\"valueRequired\":true,\"valueName\":\"search_term_string\"}}],\"inLanguage\":\"it-IT\"},{\"@type\":\"Person\",\"@id\":\"https:\/\/www.intoscana.it\/it\/#\/schema\/person\/d469f35f09739bdf00bf5dd3f0647a82\",\"name\":\"Costanza Baldini\",\"url\":\"https:\/\/www.intoscana.it\/it\/author\/costanza-baldini\/\"}]}<\/script>\n<!-- \/ Yoast SEO Premium plugin. -->","yoast_head_json":{"title":"Le Opere di Puccini dialogano con il jazz nell'omaggio di Danilo Rea e Michel Godard - intoscana","description":"Domenica 13 luglio a Firenze due dei nomi pi\u00f9 importanti della scena del jazz europeo in un originale tributo al grande compositore","robots":{"index":"index","follow":"follow","max-snippet":"max-snippet:-1","max-image-preview":"max-image-preview:large","max-video-preview":"max-video-preview:-1"},"canonical":"https:\/\/www.intoscana.it\/it\/le-opere-di-puccini-dialogano-con-il-jazz-nellomaggio-di-danilo-rea-e-michel-godard\/","og_locale":"it_IT","og_type":"article","og_title":"Le Opere di Puccini dialogano con il jazz nell'omaggio di Danilo Rea e Michel Godard","og_description":"Domenica 13 luglio a Firenze due dei nomi pi\u00f9 importanti della scena del jazz europeo in un originale tributo al grande compositore","og_url":"https:\/\/www.intoscana.it\/it\/le-opere-di-puccini-dialogano-con-il-jazz-nellomaggio-di-danilo-rea-e-michel-godard\/","og_site_name":"intoscana","article_publisher":"https:\/\/www.facebook.com\/intoscana.it","article_published_time":"2025-07-09T07:06:34+00:00","og_image":[{"width":2048,"height":1366,"url":"https:\/\/www.intoscana.it\/wp-content\/uploads\/Foto-Copertina-Toscana-Produzione-Musica-FDF-2025-scaled.jpg","type":"image\/jpeg"}],"author":"Costanza Baldini","twitter_card":"summary_large_image","twitter_creator":"@intoscana","twitter_site":"@intoscana","twitter_misc":{"Written by":"Costanza Baldini","Est. reading time":"4 minuti"},"schema":{"@context":"https:\/\/schema.org","@graph":[{"@type":"WebPage","@id":"https:\/\/www.intoscana.it\/it\/le-opere-di-puccini-dialogano-con-il-jazz-nellomaggio-di-danilo-rea-e-michel-godard\/","url":"https:\/\/www.intoscana.it\/it\/le-opere-di-puccini-dialogano-con-il-jazz-nellomaggio-di-danilo-rea-e-michel-godard\/","name":"Le Opere di Puccini dialogano con il jazz nell'omaggio di Danilo Rea e Michel Godard - intoscana","isPartOf":{"@id":"https:\/\/www.intoscana.it\/it\/#website"},"primaryImageOfPage":{"@id":"https:\/\/www.intoscana.it\/it\/le-opere-di-puccini-dialogano-con-il-jazz-nellomaggio-di-danilo-rea-e-michel-godard\/#primaryimage"},"image":{"@id":"https:\/\/www.intoscana.it\/it\/le-opere-di-puccini-dialogano-con-il-jazz-nellomaggio-di-danilo-rea-e-michel-godard\/#primaryimage"},"thumbnailUrl":"https:\/\/www.intoscana.it\/wp-content\/uploads\/Foto-Copertina-Toscana-Produzione-Musica-FDF-2025-scaled.jpg","datePublished":"2025-07-09T07:06:34+00:00","author":{"@id":"https:\/\/www.intoscana.it\/it\/#\/schema\/person\/d469f35f09739bdf00bf5dd3f0647a82"},"description":"Domenica 13 luglio a Firenze due dei nomi pi\u00f9 importanti della scena del jazz europeo in un originale tributo al grande compositore","breadcrumb":{"@id":"https:\/\/www.intoscana.it\/it\/le-opere-di-puccini-dialogano-con-il-jazz-nellomaggio-di-danilo-rea-e-michel-godard\/#breadcrumb"},"inLanguage":"it-IT","potentialAction":[{"@type":"ReadAction","target":["https:\/\/www.intoscana.it\/it\/le-opere-di-puccini-dialogano-con-il-jazz-nellomaggio-di-danilo-rea-e-michel-godard\/"]}]},{"@type":"ImageObject","inLanguage":"it-IT","@id":"https:\/\/www.intoscana.it\/it\/le-opere-di-puccini-dialogano-con-il-jazz-nellomaggio-di-danilo-rea-e-michel-godard\/#primaryimage","url":"https:\/\/www.intoscana.it\/wp-content\/uploads\/Foto-Copertina-Toscana-Produzione-Musica-FDF-2025-scaled.jpg","contentUrl":"https:\/\/www.intoscana.it\/wp-content\/uploads\/Foto-Copertina-Toscana-Produzione-Musica-FDF-2025-scaled.jpg","width":2048,"height":1366,"caption":"Danilo Rea e Michel Godard"},{"@type":"BreadcrumbList","@id":"https:\/\/www.intoscana.it\/it\/le-opere-di-puccini-dialogano-con-il-jazz-nellomaggio-di-danilo-rea-e-michel-godard\/#breadcrumb","itemListElement":[{"@type":"ListItem","position":1,"name":"Home","item":"https:\/\/www.intoscana.it\/it\/"},{"@type":"ListItem","position":2,"name":"Le Opere di Puccini dialogano con il jazz nell&#8217;omaggio di Danilo Rea e Michel Godard"}]},{"@type":"WebSite","@id":"https:\/\/www.intoscana.it\/it\/#website","url":"https:\/\/www.intoscana.it\/it\/","name":"intoscana","description":"","potentialAction":[{"@type":"SearchAction","target":{"@type":"EntryPoint","urlTemplate":"https:\/\/www.intoscana.it\/it\/?s={search_term_string}"},"query-input":{"@type":"PropertyValueSpecification","valueRequired":true,"valueName":"search_term_string"}}],"inLanguage":"it-IT"},{"@type":"Person","@id":"https:\/\/www.intoscana.it\/it\/#\/schema\/person\/d469f35f09739bdf00bf5dd3f0647a82","name":"Costanza Baldini","url":"https:\/\/www.intoscana.it\/it\/author\/costanza-baldini\/"}]}},"_links":{"self":[{"href":"https:\/\/www.intoscana.it\/it\/wp-json\/wp\/v2\/posts\/391954","targetHints":{"allow":["GET"]}}],"collection":[{"href":"https:\/\/www.intoscana.it\/it\/wp-json\/wp\/v2\/posts"}],"about":[{"href":"https:\/\/www.intoscana.it\/it\/wp-json\/wp\/v2\/types\/post"}],"author":[{"embeddable":true,"href":"https:\/\/www.intoscana.it\/it\/wp-json\/wp\/v2\/users\/518"}],"replies":[{"embeddable":true,"href":"https:\/\/www.intoscana.it\/it\/wp-json\/wp\/v2\/comments?post=391954"}],"version-history":[{"count":5,"href":"https:\/\/www.intoscana.it\/it\/wp-json\/wp\/v2\/posts\/391954\/revisions"}],"predecessor-version":[{"id":391974,"href":"https:\/\/www.intoscana.it\/it\/wp-json\/wp\/v2\/posts\/391954\/revisions\/391974"}],"wp:featuredmedia":[{"embeddable":true,"href":"https:\/\/www.intoscana.it\/it\/wp-json\/wp\/v2\/media\/391933"}],"wp:attachment":[{"href":"https:\/\/www.intoscana.it\/it\/wp-json\/wp\/v2\/media?parent=391954"}],"wp:term":[{"taxonomy":"category","embeddable":true,"href":"https:\/\/www.intoscana.it\/it\/wp-json\/wp\/v2\/categories?post=391954"},{"taxonomy":"post_tag","embeddable":true,"href":"https:\/\/www.intoscana.it\/it\/wp-json\/wp\/v2\/tags?post=391954"}],"curies":[{"name":"wp","href":"https:\/\/api.w.org\/{rel}","templated":true}]}}